{"id":2512,"date":"2024-08-30T18:06:42","date_gmt":"2024-08-30T18:06:42","guid":{"rendered":"https:\/\/lafuente.mx\/?p=2512"},"modified":"2024-09-09T18:05:55","modified_gmt":"2024-09-09T18:05:55","slug":"mentalizarte-9-sobre-prevencion-del-suicidio","status":"publish","type":"post","link":"https:\/\/lafuente.mx\/?p=2512","title":{"rendered":"MENTALIZARTE"},"content":{"rendered":"\n<hr class=\"wp-block-separator has-text-color has-vivid-purple-color has-alpha-channel-opacity has-vivid-purple-background-color has-background is-style-wide\"\/>\n\n\n\n<p>Durante septiembre hablaremos de <\/p>\n\n\n\n<p class=\"has-text-align-center has-text-color has-larger-font-size\" style=\"color:#d37e06\"><strong>Sobre prevenci\u00f3n del suicidio<\/strong><\/p>\n\n\n\n<figure class=\"wp-block-image size-large\"><img decoding=\"async\" loading=\"lazy\" width=\"640\" height=\"369\" src=\"https:\/\/i0.wp.com\/lafuente.mx\/wp-content\/uploads\/2024\/08\/WhatsApp-Image-2024-08-30-at-10.28.56-AM-1024x591.jpeg?resize=640%2C369&#038;ssl=1\" alt=\"\" class=\"wp-image-2514\" srcset=\"https:\/\/i0.wp.com\/lafuente.mx\/wp-content\/uploads\/2024\/08\/WhatsApp-Image-2024-08-30-at-10.28.56-AM.jpeg?resize=1024%2C591&amp;ssl=1 1024w, https:\/\/i0.wp.com\/lafuente.mx\/wp-content\/uploads\/2024\/08\/WhatsApp-Image-2024-08-30-at-10.28.56-AM.jpeg?resize=300%2C173&amp;ssl=1 300w, https:\/\/i0.wp.com\/lafuente.mx\/wp-content\/uploads\/2024\/08\/WhatsApp-Image-2024-08-30-at-10.28.56-AM.jpeg?resize=768%2C443&amp;ssl=1 768w, https:\/\/i0.wp.com\/lafuente.mx\/wp-content\/uploads\/2024\/08\/WhatsApp-Image-2024-08-30-at-10.28.56-AM.jpeg?w=1364&amp;ssl=1 1364w, https:\/\/i0.wp.com\/lafuente.mx\/wp-content\/uploads\/2024\/08\/WhatsApp-Image-2024-08-30-at-10.28.56-AM.jpeg?w=1280 1280w\" sizes=\"(max-width: 640px) 100vw, 640px\" data-recalc-dims=\"1\" \/><\/figure>\n\n\n\n<p><strong>Mentalizarte<\/strong> es un proyecto de difusi\u00f3n en problemas de salud mental del Instituto Nacional de Psiquiatr\u00eda INPRFM. Su objetivo es informar sobre los s\u00edntomas de los diferentes trastornos mentales<\/p>\n\n\n\n<div class=\"wp-block-buttons is-layout-flex wp-block-buttons-is-layout-flex\">\n<div class=\"wp-block-button\"><a class=\"wp-block-button__link has-background wp-element-button\" href=\"http:\/\/mentalizarte.com\" style=\"background-color:#eaa511\">M\u00e1s informaci\u00f3n<\/a><\/div>\n<\/div>\n","protected":false},"excerpt":{"rendered":"<p>Durante septiembre hablaremos de Sobre prevenci\u00f3n del suicidio Mentalizarte es un proyecto de difusi\u00f3n en problemas de salud mental del Instituto Nacional de Psiquiatr\u00eda INPRFM.<\/p>\n","protected":false},"author":3,"featured_media":2514,"comment_status":"closed","ping_status":"closed","sticky":false,"template":"","format":"standard","meta":{"footnotes":"","jetpack_publicize_message":"","jetpack_is_tweetstorm":false,"jetpack_publicize_feature_enabled":true},"categories":[14],"tags":[21,75,32,353],"jetpack_publicize_connections":[],"yoast_head":"<!-- This site is optimized with the Yoast SEO plugin v19.4 - https:\/\/yoast.com\/wordpress\/plugins\/seo\/ -->\n<title>MENTALIZARTE -<\/title>\n<meta name=\"description\" content=\"Mentalizarte es un proyecto de difusi\u00f3n en problemas de salud mental del Instituto Nacional de Psiquiatr\u00eda INPRFM. Su objetivo es informar sobre los s\u00edntomas de los diferentes trastornos mentales\" \/>\n<meta name=\"robots\" content=\"index, follow, max-snippet:-1, max-image-preview:large, max-video-preview:-1\" \/>\n<link rel=\"canonical\" href=\"https:\/\/lafuente.mx\/?p=2512\" \/>\n<meta property=\"og:locale\" content=\"es_MX\" \/>\n<meta property=\"og:type\" content=\"article\" \/>\n<meta property=\"og:title\" content=\"Sobre prevenci\u00f3n del suicidio\" \/>\n<meta property=\"og:description\" content=\"Mentalizarte es un proyecto de difusi\u00f3n en problemas de salud mental del Instituto Nacional de Psiquiatr\u00eda INPRFM. Su objetivo es informar sobre los s\u00edntomas de los diferentes trastornos mentales\" \/>\n<meta property=\"og:url\" content=\"https:\/\/lafuente.mx\/?p=2512\" \/>\n<meta property=\"article:published_time\" content=\"2024-08-30T18:06:42+00:00\" \/>\n<meta property=\"article:modified_time\" content=\"2024-09-09T18:05:55+00:00\" \/>\n<meta property=\"og:image\" content=\"http:\/\/lafuente.mx\/wp-content\/uploads\/2024\/08\/WhatsApp-Image-2024-08-30-at-10.28.56-AM.jpeg\" \/>\n\t<meta property=\"og:image:width\" content=\"1364\" \/>\n\t<meta property=\"og:image:height\" content=\"787\" \/>\n\t<meta property=\"og:image:type\" content=\"image\/jpeg\" \/>\n<meta name=\"author\" content=\"Claudia Gallardo\" \/>\n<meta name=\"twitter:card\" content=\"summary_large_image\" \/>\n<meta name=\"twitter:title\" content=\"Sobre prevenci\u00f3n del suicidio\" \/>\n<meta name=\"twitter:description\" content=\"Mentalizarte es un proyecto de difusi\u00f3n en problemas de salud mental del Instituto Nacional de Psiquiatr\u00eda INPRFM. Su objetivo es informar sobre los s\u00edntomas de los diferentes trastornos mentales\" \/>\n<meta name=\"twitter:image\" content=\"https:\/\/i0.wp.com\/lafuente.mx\/wp-content\/uploads\/2024\/08\/WhatsApp-Image-2024-08-30-at-10.28.56-AM.jpeg?fit=1364%2C787&ssl=1\" \/>\n<meta name=\"twitter:label1\" content=\"Escrito por\" \/>\n\t<meta name=\"twitter:data1\" content=\"Claudia Gallardo\" \/>\n<script type=\"application\/ld+json\" class=\"yoast-schema-graph\">{\"@context\":\"https:\/\/schema.org\",\"@graph\":[{\"@type\":\"WebSite\",\"@id\":\"https:\/\/lafuente.mx\/#website\",\"url\":\"https:\/\/lafuente.mx\/\",\"name\":\"\",\"description\":\"Informaci\u00f3n confiable sobre salud mental\",\"potentialAction\":[{\"@type\":\"SearchAction\",\"target\":{\"@type\":\"EntryPoint\",\"urlTemplate\":\"https:\/\/lafuente.mx\/?s={search_term_string}\"},\"query-input\":\"required name=search_term_string\"}],\"inLanguage\":\"es-MX\"},{\"@type\":\"WebPage\",\"@id\":\"https:\/\/lafuente.mx\/?p=2512\",\"url\":\"https:\/\/lafuente.mx\/?p=2512\",\"name\":\"MENTALIZARTE -\",\"isPartOf\":{\"@id\":\"https:\/\/lafuente.mx\/#website\"},\"datePublished\":\"2024-08-30T18:06:42+00:00\",\"dateModified\":\"2024-09-09T18:05:55+00:00\",\"author\":{\"@id\":\"https:\/\/lafuente.mx\/#\/schema\/person\/603f3aa8e2f6f7879021ab722d39d6b0\"},\"description\":\"Mentalizarte es un proyecto de difusi\u00f3n en problemas de salud mental del Instituto Nacional de Psiquiatr\u00eda INPRFM. Su objetivo es informar sobre los s\u00edntomas de los diferentes trastornos mentales\",\"breadcrumb\":{\"@id\":\"https:\/\/lafuente.mx\/?p=2512#breadcrumb\"},\"inLanguage\":\"es-MX\",\"potentialAction\":[{\"@type\":\"ReadAction\",\"target\":[\"https:\/\/lafuente.mx\/?p=2512\"]}]},{\"@type\":\"BreadcrumbList\",\"@id\":\"https:\/\/lafuente.mx\/?p=2512#breadcrumb\",\"itemListElement\":[{\"@type\":\"ListItem\",\"position\":1,\"name\":\"Inicio\",\"item\":\"https:\/\/lafuente.mx\/\"},{\"@type\":\"ListItem\",\"position\":2,\"name\":\"MENTALIZARTE\"}]},{\"@type\":\"Person\",\"@id\":\"https:\/\/lafuente.mx\/#\/schema\/person\/603f3aa8e2f6f7879021ab722d39d6b0\",\"name\":\"Claudia Gallardo\",\"image\":{\"@type\":\"ImageObject\",\"inLanguage\":\"es-MX\",\"@id\":\"https:\/\/lafuente.mx\/#\/schema\/person\/image\/\",\"url\":\"https:\/\/secure.gravatar.com\/avatar\/bfe9c966af1ccfb9d17bcdb9d04e8815?s=96&d=mm&r=g\",\"contentUrl\":\"https:\/\/secure.gravatar.com\/avatar\/bfe9c966af1ccfb9d17bcdb9d04e8815?s=96&d=mm&r=g\",\"caption\":\"Claudia Gallardo\"},\"url\":\"https:\/\/lafuente.mx\/?author=3\"}]}<\/script>\n<!-- \/ Yoast SEO plugin. -->","yoast_head_json":{"title":"MENTALIZARTE -","description":"Mentalizarte es un proyecto de difusi\u00f3n en problemas de salud mental del Instituto Nacional de Psiquiatr\u00eda INPRFM. Su objetivo es informar sobre los s\u00edntomas de los diferentes trastornos mentales","robots":{"index":"index","follow":"follow","max-snippet":"max-snippet:-1","max-image-preview":"max-image-preview:large","max-video-preview":"max-video-preview:-1"},"canonical":"https:\/\/lafuente.mx\/?p=2512","og_locale":"es_MX","og_type":"article","og_title":"Sobre prevenci\u00f3n del suicidio","og_description":"Mentalizarte es un proyecto de difusi\u00f3n en problemas de salud mental del Instituto Nacional de Psiquiatr\u00eda INPRFM. Su objetivo es informar sobre los s\u00edntomas de los diferentes trastornos mentales","og_url":"https:\/\/lafuente.mx\/?p=2512","article_published_time":"2024-08-30T18:06:42+00:00","article_modified_time":"2024-09-09T18:05:55+00:00","og_image":[{"width":1364,"height":787,"url":"http:\/\/lafuente.mx\/wp-content\/uploads\/2024\/08\/WhatsApp-Image-2024-08-30-at-10.28.56-AM.jpeg","type":"image\/jpeg"}],"author":"Claudia Gallardo","twitter_card":"summary_large_image","twitter_title":"Sobre prevenci\u00f3n del suicidio","twitter_description":"Mentalizarte es un proyecto de difusi\u00f3n en problemas de salud mental del Instituto Nacional de Psiquiatr\u00eda INPRFM. Su objetivo es informar sobre los s\u00edntomas de los diferentes trastornos mentales","twitter_image":"https:\/\/i0.wp.com\/lafuente.mx\/wp-content\/uploads\/2024\/08\/WhatsApp-Image-2024-08-30-at-10.28.56-AM.jpeg?fit=1364%2C787&ssl=1","twitter_misc":{"Escrito por":"Claudia Gallardo"},"schema":{"@context":"https:\/\/schema.org","@graph":[{"@type":"WebSite","@id":"https:\/\/lafuente.mx\/#website","url":"https:\/\/lafuente.mx\/","name":"","description":"Informaci\u00f3n confiable sobre salud mental","potentialAction":[{"@type":"SearchAction","target":{"@type":"EntryPoint","urlTemplate":"https:\/\/lafuente.mx\/?s={search_term_string}"},"query-input":"required name=search_term_string"}],"inLanguage":"es-MX"},{"@type":"WebPage","@id":"https:\/\/lafuente.mx\/?p=2512","url":"https:\/\/lafuente.mx\/?p=2512","name":"MENTALIZARTE -","isPartOf":{"@id":"https:\/\/lafuente.mx\/#website"},"datePublished":"2024-08-30T18:06:42+00:00","dateModified":"2024-09-09T18:05:55+00:00","author":{"@id":"https:\/\/lafuente.mx\/#\/schema\/person\/603f3aa8e2f6f7879021ab722d39d6b0"},"description":"Mentalizarte es un proyecto de difusi\u00f3n en problemas de salud mental del Instituto Nacional de Psiquiatr\u00eda INPRFM. Su objetivo es informar sobre los s\u00edntomas de los diferentes trastornos mentales","breadcrumb":{"@id":"https:\/\/lafuente.mx\/?p=2512#breadcrumb"},"inLanguage":"es-MX","potentialAction":[{"@type":"ReadAction","target":["https:\/\/lafuente.mx\/?p=2512"]}]},{"@type":"BreadcrumbList","@id":"https:\/\/lafuente.mx\/?p=2512#breadcrumb","itemListElement":[{"@type":"ListItem","position":1,"name":"Inicio","item":"https:\/\/lafuente.mx\/"},{"@type":"ListItem","position":2,"name":"MENTALIZARTE"}]},{"@type":"Person","@id":"https:\/\/lafuente.mx\/#\/schema\/person\/603f3aa8e2f6f7879021ab722d39d6b0","name":"Claudia Gallardo","image":{"@type":"ImageObject","inLanguage":"es-MX","@id":"https:\/\/lafuente.mx\/#\/schema\/person\/image\/","url":"https:\/\/secure.gravatar.com\/avatar\/bfe9c966af1ccfb9d17bcdb9d04e8815?s=96&d=mm&r=g","contentUrl":"https:\/\/secure.gravatar.com\/avatar\/bfe9c966af1ccfb9d17bcdb9d04e8815?s=96&d=mm&r=g","caption":"Claudia Gallardo"},"url":"https:\/\/lafuente.mx\/?author=3"}]}},"jetpack_featured_media_url":"https:\/\/i0.wp.com\/lafuente.mx\/wp-content\/uploads\/2024\/08\/WhatsApp-Image-2024-08-30-at-10.28.56-AM.jpeg?fit=1364%2C787&ssl=1","jetpack-related-posts":[{"id":3225,"url":"https:\/\/lafuente.mx\/?p=3225","url_meta":{"origin":2512,"position":0},"title":"Mentalizarte","date":"septiembre 1, 2025","format":false,"excerpt":"Durante septiembre en Mentalizarte hablaremos sobre Prevenci\u00f3n del suicidio MENTALIZARTE es el proyecto de difusi\u00f3n en temas de salud mental del Instituto Nacional de Psiquiatr\u00eda Ram\u00f3n de la Fuente Mu\u00f1iz (INPRFM). Tiene el objetivo de informar sobre los s\u00edntomas de los diferentes trastornos mentales, difundir que pedir ayuda no es\u2026","rel":"","context":"En &quot;Informaci\u00f3n de inter\u00e9s&quot;","img":{"alt_text":"","src":"https:\/\/i0.wp.com\/lafuente.mx\/wp-content\/uploads\/2025\/09\/WhatsApp-Image-2025-09-01-at-11.08.40-AM.jpeg?fit=655%2C379&ssl=1&resize=350%2C200","width":350,"height":200},"classes":[]},{"id":3241,"url":"https:\/\/lafuente.mx\/?p=3241","url_meta":{"origin":2512,"position":1},"title":"&#8220;Cuidarnos despu\u00e9s: la Importancia de la postvenci\u00f3n en el suicidio&#8221;","date":"septiembre 5, 2025","format":false,"excerpt":"CONVERSATORIO Hablemos de salud mental 10 de septiembre a las 12:00 horas, M\u00e9xico PonentesGabriela Cort\u00e9s MedaYunuen Aguilar Rangel La posvenci\u00f3n se refiere a\u00a0brindar apoyo inmediato y continuo a quienes han sufrido una p\u00e9rdida por suicidio. La posvenci\u00f3n es fundamental para promover la sanaci\u00f3n tras el suicidio y reducir el riesgo\u2026","rel":"","context":"En &quot;Eventos Acad\u00e9micos del INPRFM&quot;","img":{"alt_text":"","src":"https:\/\/i0.wp.com\/lafuente.mx\/wp-content\/uploads\/2025\/09\/WhatsApp-Image-2025-09-05-at-11.22.43-AM.jpeg?fit=1200%2C900&ssl=1&resize=350%2C200","width":350,"height":200},"classes":[]},{"id":1666,"url":"https:\/\/lafuente.mx\/?p=1666","url_meta":{"origin":2512,"position":2},"title":"Mentalizarte","date":"septiembre 5, 2023","format":false,"excerpt":"En septiembre hablaremos de Prevenci\u00f3n del suicidio","rel":"","context":"En &quot;Informaci\u00f3n de inter\u00e9s&quot;","img":{"alt_text":"","src":"https:\/\/i0.wp.com\/lafuente.mx\/wp-content\/uploads\/2023\/09\/septiembre.png?fit=1094%2C875&ssl=1&resize=350%2C200","width":350,"height":200},"classes":[]},{"id":2518,"url":"https:\/\/lafuente.mx\/?p=2518","url_meta":{"origin":2512,"position":3},"title":"Prevenci\u00f3n de suicidio en poblaci\u00f3n LGBTI+","date":"septiembre 2, 2024","format":false,"excerpt":"CONFERENCIA 10 de cada mes Septiembre 12:00 horas Hablemos de Salud Mental PonentesEmmanuel Sarmiento Hern\u00e1ndezHamid Vega Ram\u00edrez MENTALIZARTE es el proyecto de difusi\u00f3n en temas de salud mental del Instituto Nacional de Psiquiatr\u00eda Ram\u00f3n de la Fuente Mu\u00f1iz (INPRFM). Por Facebook","rel":"","context":"En &quot;Eventos Acad\u00e9micos del INPRFM&quot;","img":{"alt_text":"","src":"https:\/\/i0.wp.com\/lafuente.mx\/wp-content\/uploads\/2024\/09\/WhatsApp-Image-2024-09-02-at-11.48.42-AM.jpeg?fit=1200%2C900&ssl=1&resize=350%2C200","width":350,"height":200},"classes":[]},{"id":2473,"url":"https:\/\/lafuente.mx\/?p=2473","url_meta":{"origin":2512,"position":4},"title":"Mentalizarte","date":"julio 31, 2024","format":false,"excerpt":"Durante agosto en Mentalizarte hablaremos sobre Adicciones Mentalizarte es un proyecto de difusi\u00f3n en problemas de salud mental del Instituto Nacional de Psiquiatr\u00eda INPRFM. Su objetivo es informar sobre los s\u00edntomas de los diferentes trastornos mentales Mentalizarte","rel":"","context":"En &quot;Informaci\u00f3n de inter\u00e9s&quot;","img":{"alt_text":"","src":"https:\/\/i0.wp.com\/lafuente.mx\/wp-content\/uploads\/2024\/07\/WhatsApp-Image-2024-07-31-at-11.40.35-AM.jpeg?fit=1200%2C692&ssl=1&resize=350%2C200","width":350,"height":200},"classes":[]},{"id":3291,"url":"https:\/\/lafuente.mx\/?p=3291","url_meta":{"origin":2512,"position":5},"title":"Mentalizarte","date":"octubre 6, 2025","format":false,"excerpt":"Durante octubre en mentalizarte hablaremos sobre Sexualidad y salud mental MENTALIZARTE es el proyecto de difusi\u00f3n en temas de salud mental del Instituto Nacional de Psiquiatr\u00eda Ram\u00f3n de la Fuente Mu\u00f1iz (INPRFM). Tiene el objetivo de informar sobre los s\u00edntomas de los diferentes trastornos mentales, difundir que pedir ayuda no\u2026","rel":"","context":"En &quot;Informaci\u00f3n de inter\u00e9s&quot;","img":{"alt_text":"","src":"https:\/\/i0.wp.com\/lafuente.mx\/wp-content\/uploads\/2025\/10\/WhatsApp-Image-2025-10-06-at-10.19.26-AM.jpeg?fit=655%2C379&ssl=1&resize=350%2C200","width":350,"height":200},"classes":[]}],"jetpack_sharing_enabled":true,"jetpack_shortlink":"https:\/\/wp.me\/pe9WUx-Ew","_links":{"self":[{"href":"https:\/\/lafuente.mx\/index.php?rest_route=\/wp\/v2\/posts\/2512"}],"collection":[{"href":"https:\/\/lafuente.mx\/index.php?rest_route=\/wp\/v2\/posts"}],"about":[{"href":"https:\/\/lafuente.mx\/index.php?rest_route=\/wp\/v2\/types\/post"}],"author":[{"embeddable":true,"href":"https:\/\/lafuente.mx\/index.php?rest_route=\/wp\/v2\/users\/3"}],"replies":[{"embeddable":true,"href":"https:\/\/lafuente.mx\/index.php?rest_route=%2Fwp%2Fv2%2Fcomments&post=2512"}],"version-history":[{"count":2,"href":"https:\/\/lafuente.mx\/index.php?rest_route=\/wp\/v2\/posts\/2512\/revisions"}],"predecessor-version":[{"id":2515,"href":"https:\/\/lafuente.mx\/index.php?rest_route=\/wp\/v2\/posts\/2512\/revisions\/2515"}],"wp:featuredmedia":[{"embeddable":true,"href":"https:\/\/lafuente.mx\/index.php?rest_route=\/wp\/v2\/media\/2514"}],"wp:attachment":[{"href":"https:\/\/lafuente.mx\/index.php?rest_route=%2Fwp%2Fv2%2Fmedia&parent=2512"}],"wp:term":[{"taxonomy":"category","embeddable":true,"href":"https:\/\/lafuente.mx\/index.php?rest_route=%2Fwp%2Fv2%2Fcategories&post=2512"},{"taxonomy":"post_tag","embeddable":true,"href":"https:\/\/lafuente.mx\/index.php?rest_route=%2Fwp%2Fv2%2Ftags&post=2512"}],"curies":[{"name":"wp","href":"https:\/\/api.w.org\/{rel}","templated":true}]}}