{"id":2443,"date":"2024-07-12T20:42:00","date_gmt":"2024-07-12T20:42:00","guid":{"rendered":"https:\/\/lafuente.mx\/?p=2443"},"modified":"2024-07-14T19:53:39","modified_gmt":"2024-07-14T19:53:39","slug":"borrador-automatico-abordaje-en-deterioro-cognitivo-leve-desde-la-clinica-hacia-la-neuromodulacion","status":"publish","type":"post","link":"https:\/\/lafuente.mx\/?p=2443","title":{"rendered":"Abordaje en Deterioro Cognitivo Leve: desde la cl\u00ednica hacia la neuromodulaci\u00f3n"},"content":{"rendered":"\n<hr class=\"wp-block-separator has-text-color has-vivid-cyan-blue-color has-alpha-channel-opacity has-vivid-cyan-blue-background-color has-background is-style-wide\"\/>\n\n\n\n<p class=\"has-text-align-center has-vivid-purple-color has-text-color has-large-font-size\"><strong>Del 22 de julio al 02 de agosto, 2024<br>Curso sin costo (Cupo limitado)<\/strong><\/p>\n\n\n\n<hr class=\"wp-block-separator has-text-color has-vivid-cyan-blue-color has-alpha-channel-opacity has-vivid-cyan-blue-background-color has-background is-style-wide\"\/>\n\n\n\n<p class=\"has-text-color has-large-font-size\" style=\"color:#0e8891\"><strong>Coordinadora titular: <br><\/strong>Dra. Ruth Alcal\u00e1 Lozano<\/p>\n\n\n\n<p class=\"has-text-color has-large-font-size\" style=\"color:#0e8891\"><strong>Coordinadora adjunta:<br><\/strong>Mtra. Roc\u00edo Carmona Hern\u00e1ndez<\/p>\n\n\n\n<hr class=\"wp-block-separator has-text-color has-vivid-cyan-blue-color has-alpha-channel-opacity has-vivid-cyan-blue-background-color has-background\"\/>\n\n\n\n<figure class=\"wp-block-image size-large\"><img decoding=\"async\" loading=\"lazy\" width=\"640\" height=\"447\" src=\"https:\/\/i0.wp.com\/lafuente.mx\/wp-content\/uploads\/2024\/07\/cerebroCartel-1024x715.jpg?resize=640%2C447&#038;ssl=1\" alt=\"\" class=\"wp-image-2444\" srcset=\"https:\/\/i0.wp.com\/lafuente.mx\/wp-content\/uploads\/2024\/07\/cerebroCartel.jpg?resize=1024%2C715&amp;ssl=1 1024w, https:\/\/i0.wp.com\/lafuente.mx\/wp-content\/uploads\/2024\/07\/cerebroCartel.jpg?resize=300%2C210&amp;ssl=1 300w, https:\/\/i0.wp.com\/lafuente.mx\/wp-content\/uploads\/2024\/07\/cerebroCartel.jpg?resize=768%2C536&amp;ssl=1 768w, https:\/\/i0.wp.com\/lafuente.mx\/wp-content\/uploads\/2024\/07\/cerebroCartel.jpg?resize=1536%2C1073&amp;ssl=1 1536w, https:\/\/i0.wp.com\/lafuente.mx\/wp-content\/uploads\/2024\/07\/cerebroCartel.jpg?w=1572&amp;ssl=1 1572w, https:\/\/i0.wp.com\/lafuente.mx\/wp-content\/uploads\/2024\/07\/cerebroCartel.jpg?w=1280 1280w\" sizes=\"(max-width: 640px) 100vw, 640px\" data-recalc-dims=\"1\" \/><\/figure>\n\n\n\n<p class=\"has-medium-font-size\"><strong>Dirigido a:<\/strong><\/p>\n\n\n\n<p class=\"has-medium-font-size\">Personal m\u00e9dico general y en formaci\u00f3n, residentes y especialistas en geriatr\u00eda, neurolog\u00eda, psiquiatr\u00eda, psicogeriatr\u00eda y otros profesionales de la salud: psicolog\u00eda, neuropsicolog\u00eda, gerontolog\u00eda y personal de centros de atenci\u00f3n especializada a adultos mayores<\/p>\n\n\n\n<p class=\"has-medium-font-size\"><strong>Objetivo general:<\/strong><\/p>\n\n\n\n<p class=\"has-medium-font-size\">Revisar el estado actual del conocimiento sobre el deterioro cognitivo leve para la elaboraci\u00f3n de una propuesta de intervenci\u00f3n multimodal<\/p>\n\n\n\n<p class=\"has-medium-font-size\"><strong>Tem\u00e1tica:<\/strong><\/p>\n\n\n\n<p class=\"has-medium-font-size\">\u2022 Constructo de Deterioro Cognitivo Leve (DCL)<br>\u2022 Manifestaciones cl\u00ednicas y neuropsiqui\u00e1tricas del DCL<br>\u2022 Instrumentos de evaluaci\u00f3n neuropsicol\u00f3gica<br>\u2022 Estrategias de intervenci\u00f3n cognitiva<br>y de neuromodulaci\u00f3n<\/p>\n\n\n\n<div class=\"wp-block-buttons is-layout-flex wp-block-buttons-is-layout-flex\">\n<div class=\"wp-block-button has-custom-font-size has-small-font-size\"><a class=\"wp-block-button__link wp-element-button\" href=\"https:\/\/docs.google.com\/forms\/d\/e\/1FAIpQLSekEJn5MzQmTmRbwG2xbimi_GcBM_ajaFqUU1k4EwGCVVdrFg\/closedform\">Registro el 15 de julio a las 9:00 a.m.<\/a><\/div>\n<\/div>\n\n\n\n<p><\/p>\n\n\n\n<p><strong>Curso sin costo\u00a0<\/strong>\u00a0<\/p>\n\n\n\n<p>Los invitamos a estar atentos a la inscripci\u00f3n de nuestros cursos que&nbsp;se abrir\u00e1 una semana previa de su inicio a las&nbsp;9:00 horas en nuestras redes sociales @INPRFM;&nbsp;es importante mencionarles que tiene cupo limitado, por lo que llega a cubrirse en cuesti\u00f3n de minutos despu\u00e9s de su publicaci\u00f3n, por lo que les recomendamos tener a la mano su t\u00edtulo y\/o c\u00e9dula porque se lo solicitar\u00e1n en el registro.&nbsp;&nbsp; &nbsp;&nbsp;&nbsp;<\/p>\n\n\n\n<div class=\"wp-block-buttons has-custom-font-size has-medium-font-size is-layout-flex wp-block-buttons-is-layout-flex\">\n<div class=\"wp-block-button\"><a class=\"wp-block-button__link wp-element-button\" href=\"https:\/\/inprf.gob.mx\/ensenanzanew\/educont_calen.html\"><kbd>Pr\u00f3ximos cursos<\/kbd><\/a><\/div>\n<\/div>\n\n\n\n<p><\/p>\n","protected":false},"excerpt":{"rendered":"<p>Del 22 de julio al 02 de agosto, 2024Curso sin costo (Cupo limitado) Coordinadora titular: Dra. Ruth Alcal\u00e1 Lozano Coordinadora adjunta:Mtra. Roc\u00edo Carmona Hern\u00e1ndez Dirigido<\/p>\n","protected":false},"author":3,"featured_media":2444,"comment_status":"closed","ping_status":"closed","sticky":false,"template":"","format":"standard","meta":{"footnotes":"","jetpack_publicize_message":"","jetpack_is_tweetstorm":false,"jetpack_publicize_feature_enabled":true},"categories":[4,6],"tags":[143,53,21,741,340,32],"jetpack_publicize_connections":[],"yoast_head":"<!-- This site is optimized with the Yoast SEO plugin v19.4 - https:\/\/yoast.com\/wordpress\/plugins\/seo\/ -->\n<title>Abordaje en Deterioro Cognitivo Leve: desde la cl\u00ednica hacia la neuromodulaci\u00f3n -<\/title>\n<meta name=\"description\" content=\"Revisar el estado actual del conocimiento sobre el deterioro cognitivo leve para la elaboraci\u00f3n de una propuesta de intervenci\u00f3n multimodal\" \/>\n<meta name=\"robots\" content=\"index, follow, max-snippet:-1, max-image-preview:large, max-video-preview:-1\" \/>\n<link rel=\"canonical\" href=\"https:\/\/lafuente.mx\/?p=2443\" \/>\n<meta property=\"og:locale\" content=\"es_MX\" \/>\n<meta property=\"og:type\" content=\"article\" \/>\n<meta property=\"og:title\" content=\"Abordaje en Deterioro Cognitivo Leve: desde la cl\u00ednica hacia la neuromodulaci\u00f3n\" \/>\n<meta property=\"og:description\" content=\"Revisar el estado actual del conocimiento sobre el deterioro cognitivo leve para la elaboraci\u00f3n de una propuesta de intervenci\u00f3n multimodal\" \/>\n<meta property=\"og:url\" content=\"https:\/\/lafuente.mx\/?p=2443\" \/>\n<meta property=\"article:published_time\" content=\"2024-07-12T20:42:00+00:00\" \/>\n<meta property=\"article:modified_time\" content=\"2024-07-14T19:53:39+00:00\" \/>\n<meta property=\"og:image\" content=\"http:\/\/lafuente.mx\/wp-content\/uploads\/2024\/07\/cerebroCartel.jpg\" \/>\n\t<meta property=\"og:image:width\" content=\"1572\" \/>\n\t<meta property=\"og:image:height\" content=\"1098\" \/>\n\t<meta property=\"og:image:type\" content=\"image\/jpeg\" \/>\n<meta name=\"author\" content=\"Claudia Gallardo\" \/>\n<meta name=\"twitter:card\" content=\"summary_large_image\" \/>\n<meta name=\"twitter:title\" content=\"Abordaje en Deterioro Cognitivo Leve: desde la cl\u00ednica hacia la neuromodulaci\u00f3n\" \/>\n<meta name=\"twitter:description\" content=\"Revisar el estado actual del conocimiento sobre el deterioro cognitivo leve para la elaboraci\u00f3n de una propuesta de intervenci\u00f3n multimodal\" \/>\n<meta name=\"twitter:image\" content=\"https:\/\/i0.wp.com\/lafuente.mx\/wp-content\/uploads\/2024\/07\/cerebroCartel.jpg?fit=1572%2C1098&ssl=1\" \/>\n<meta name=\"twitter:label1\" content=\"Escrito por\" \/>\n\t<meta name=\"twitter:data1\" content=\"Claudia Gallardo\" \/>\n\t<meta name=\"twitter:label2\" content=\"Tiempo de lectura\" \/>\n\t<meta name=\"twitter:data2\" content=\"1 minuto\" \/>\n<script type=\"application\/ld+json\" class=\"yoast-schema-graph\">{\"@context\":\"https:\/\/schema.org\",\"@graph\":[{\"@type\":\"WebSite\",\"@id\":\"https:\/\/lafuente.mx\/#website\",\"url\":\"https:\/\/lafuente.mx\/\",\"name\":\"\",\"description\":\"Informaci\u00f3n confiable sobre salud mental\",\"potentialAction\":[{\"@type\":\"SearchAction\",\"target\":{\"@type\":\"EntryPoint\",\"urlTemplate\":\"https:\/\/lafuente.mx\/?s={search_term_string}\"},\"query-input\":\"required name=search_term_string\"}],\"inLanguage\":\"es-MX\"},{\"@type\":\"WebPage\",\"@id\":\"https:\/\/lafuente.mx\/?p=2443\",\"url\":\"https:\/\/lafuente.mx\/?p=2443\",\"name\":\"Abordaje en Deterioro Cognitivo Leve: desde la cl\u00ednica hacia la neuromodulaci\u00f3n -\",\"isPartOf\":{\"@id\":\"https:\/\/lafuente.mx\/#website\"},\"datePublished\":\"2024-07-12T20:42:00+00:00\",\"dateModified\":\"2024-07-14T19:53:39+00:00\",\"author\":{\"@id\":\"https:\/\/lafuente.mx\/#\/schema\/person\/603f3aa8e2f6f7879021ab722d39d6b0\"},\"description\":\"Revisar el estado actual del conocimiento sobre el deterioro cognitivo leve para la elaboraci\u00f3n de una propuesta de intervenci\u00f3n multimodal\",\"breadcrumb\":{\"@id\":\"https:\/\/lafuente.mx\/?p=2443#breadcrumb\"},\"inLanguage\":\"es-MX\",\"potentialAction\":[{\"@type\":\"ReadAction\",\"target\":[\"https:\/\/lafuente.mx\/?p=2443\"]}]},{\"@type\":\"BreadcrumbList\",\"@id\":\"https:\/\/lafuente.mx\/?p=2443#breadcrumb\",\"itemListElement\":[{\"@type\":\"ListItem\",\"position\":1,\"name\":\"Inicio\",\"item\":\"https:\/\/lafuente.mx\/\"},{\"@type\":\"ListItem\",\"position\":2,\"name\":\"Abordaje en Deterioro Cognitivo Leve: desde la cl\u00ednica hacia la neuromodulaci\u00f3n\"}]},{\"@type\":\"Person\",\"@id\":\"https:\/\/lafuente.mx\/#\/schema\/person\/603f3aa8e2f6f7879021ab722d39d6b0\",\"name\":\"Claudia Gallardo\",\"image\":{\"@type\":\"ImageObject\",\"inLanguage\":\"es-MX\",\"@id\":\"https:\/\/lafuente.mx\/#\/schema\/person\/image\/\",\"url\":\"https:\/\/secure.gravatar.com\/avatar\/bfe9c966af1ccfb9d17bcdb9d04e8815?s=96&d=mm&r=g\",\"contentUrl\":\"https:\/\/secure.gravatar.com\/avatar\/bfe9c966af1ccfb9d17bcdb9d04e8815?s=96&d=mm&r=g\",\"caption\":\"Claudia Gallardo\"},\"url\":\"https:\/\/lafuente.mx\/?author=3\"}]}<\/script>\n<!-- \/ Yoast SEO plugin. -->","yoast_head_json":{"title":"Abordaje en Deterioro Cognitivo Leve: desde la cl\u00ednica hacia la neuromodulaci\u00f3n -","description":"Revisar el estado actual del conocimiento sobre el deterioro cognitivo leve para la elaboraci\u00f3n de una propuesta de intervenci\u00f3n multimodal","robots":{"index":"index","follow":"follow","max-snippet":"max-snippet:-1","max-image-preview":"max-image-preview:large","max-video-preview":"max-video-preview:-1"},"canonical":"https:\/\/lafuente.mx\/?p=2443","og_locale":"es_MX","og_type":"article","og_title":"Abordaje en Deterioro Cognitivo Leve: desde la cl\u00ednica hacia la neuromodulaci\u00f3n","og_description":"Revisar el estado actual del conocimiento sobre el deterioro cognitivo leve para la elaboraci\u00f3n de una propuesta de intervenci\u00f3n multimodal","og_url":"https:\/\/lafuente.mx\/?p=2443","article_published_time":"2024-07-12T20:42:00+00:00","article_modified_time":"2024-07-14T19:53:39+00:00","og_image":[{"width":1572,"height":1098,"url":"http:\/\/lafuente.mx\/wp-content\/uploads\/2024\/07\/cerebroCartel.jpg","type":"image\/jpeg"}],"author":"Claudia Gallardo","twitter_card":"summary_large_image","twitter_title":"Abordaje en Deterioro Cognitivo Leve: desde la cl\u00ednica hacia la neuromodulaci\u00f3n","twitter_description":"Revisar el estado actual del conocimiento sobre el deterioro cognitivo leve para la elaboraci\u00f3n de una propuesta de intervenci\u00f3n multimodal","twitter_image":"https:\/\/i0.wp.com\/lafuente.mx\/wp-content\/uploads\/2024\/07\/cerebroCartel.jpg?fit=1572%2C1098&ssl=1","twitter_misc":{"Escrito por":"Claudia Gallardo","Tiempo de lectura":"1 minuto"},"schema":{"@context":"https:\/\/schema.org","@graph":[{"@type":"WebSite","@id":"https:\/\/lafuente.mx\/#website","url":"https:\/\/lafuente.mx\/","name":"","description":"Informaci\u00f3n confiable sobre salud mental","potentialAction":[{"@type":"SearchAction","target":{"@type":"EntryPoint","urlTemplate":"https:\/\/lafuente.mx\/?s={search_term_string}"},"query-input":"required name=search_term_string"}],"inLanguage":"es-MX"},{"@type":"WebPage","@id":"https:\/\/lafuente.mx\/?p=2443","url":"https:\/\/lafuente.mx\/?p=2443","name":"Abordaje en Deterioro Cognitivo Leve: desde la cl\u00ednica hacia la neuromodulaci\u00f3n -","isPartOf":{"@id":"https:\/\/lafuente.mx\/#website"},"datePublished":"2024-07-12T20:42:00+00:00","dateModified":"2024-07-14T19:53:39+00:00","author":{"@id":"https:\/\/lafuente.mx\/#\/schema\/person\/603f3aa8e2f6f7879021ab722d39d6b0"},"description":"Revisar el estado actual del conocimiento sobre el deterioro cognitivo leve para la elaboraci\u00f3n de una propuesta de intervenci\u00f3n multimodal","breadcrumb":{"@id":"https:\/\/lafuente.mx\/?p=2443#breadcrumb"},"inLanguage":"es-MX","potentialAction":[{"@type":"ReadAction","target":["https:\/\/lafuente.mx\/?p=2443"]}]},{"@type":"BreadcrumbList","@id":"https:\/\/lafuente.mx\/?p=2443#breadcrumb","itemListElement":[{"@type":"ListItem","position":1,"name":"Inicio","item":"https:\/\/lafuente.mx\/"},{"@type":"ListItem","position":2,"name":"Abordaje en Deterioro Cognitivo Leve: desde la cl\u00ednica hacia la neuromodulaci\u00f3n"}]},{"@type":"Person","@id":"https:\/\/lafuente.mx\/#\/schema\/person\/603f3aa8e2f6f7879021ab722d39d6b0","name":"Claudia Gallardo","image":{"@type":"ImageObject","inLanguage":"es-MX","@id":"https:\/\/lafuente.mx\/#\/schema\/person\/image\/","url":"https:\/\/secure.gravatar.com\/avatar\/bfe9c966af1ccfb9d17bcdb9d04e8815?s=96&d=mm&r=g","contentUrl":"https:\/\/secure.gravatar.com\/avatar\/bfe9c966af1ccfb9d17bcdb9d04e8815?s=96&d=mm&r=g","caption":"Claudia Gallardo"},"url":"https:\/\/lafuente.mx\/?author=3"}]}},"jetpack_featured_media_url":"https:\/\/i0.wp.com\/lafuente.mx\/wp-content\/uploads\/2024\/07\/cerebroCartel.jpg?fit=1572%2C1098&ssl=1","jetpack-related-posts":[{"id":3667,"url":"https:\/\/lafuente.mx\/?p=3667","url_meta":{"origin":2443,"position":0},"title":"Relevancia de la respuesta inflamatoria en los trastornos psiqui\u00e1tricos\u00a0\u00a0\u00a0","date":"abril 16, 2026","format":false,"excerpt":"REQUISITOS PARA LA INSCRIPCI\u00d3N A CURSOS DEL PROGRAMA ANUAL DE EDUCACI\u00d3N CONTINUA Curso en l\u00ednea\u00a0\u00a0 Del 27 de abril al 8 de mayo de 2026\u00a0 Cuarta emisi\u00f3n Dr. Lenin Pav\u00f3n Romero\u00a0\u00a0 Coordinador titular\u00a0 Dr. Gilberto P\u00e9rez S\u00e1nchez\u00a0\u00a0 Coordinador adjunto\u00a0 Dirigido a Profesionales en salud mental y especialidades m\u00e9dicas.\u00a0\u00a0 Objetivo general\u2026","rel":"","context":"En &quot;Cursos&quot;","img":{"alt_text":"","src":"https:\/\/i0.wp.com\/lafuente.mx\/wp-content\/uploads\/2026\/04\/imagen-cartel-Rinflamatoria-2026.jpeg?fit=1200%2C668&ssl=1&resize=350%2C200","width":350,"height":200},"classes":[]},{"id":2301,"url":"https:\/\/lafuente.mx\/?p=2301","url_meta":{"origin":2443,"position":1},"title":"Temas selectos de MEDICINA INTERNA para psiquiatras","date":"mayo 17, 2024","format":false,"excerpt":"Del 27 de mayo al 7 de junio de 2024 Curso en l\u00ednea. CUPO limitado TEM\u00c1TICA: Cardiopat\u00edas S\u00edndrome metab\u00f3lico Distiroidismo Enfermedad cerebrovascular Dirigido a: Personal del \u00e1rea de la salud: especialistas en psiquiatr\u00eda y residentes en formaci\u00f3n Objetivo general Analizar los avances en el diagn\u00f3stico y tratamiento de los problemas\u2026","rel":"","context":"En &quot;Cursos&quot;","img":{"alt_text":"","src":"https:\/\/i0.wp.com\/lafuente.mx\/wp-content\/uploads\/2024\/05\/basculaElectro.png?fit=1200%2C744&ssl=1&resize=350%2C200","width":350,"height":200},"classes":[]},{"id":1824,"url":"https:\/\/lafuente.mx\/?p=1824","url_meta":{"origin":2443,"position":2},"title":"Curso en l\u00ednea. Fentanilo y otros opioides: Desde el receptor hasta el abordaje cl\u00ednico \u00a0","date":"octubre 27, 2023","format":false,"excerpt":"Del 6 al 17 de noviembre de 2023\u00a0 Coordinan:\u00a0 Dra. Sara Infante Murillo\u00a0 Dra. Natalia Morales Carrasco\u00a0 Acceso ilimitado 24 horas en Google Classroom + sesiones interactivas en tiempo real Inscripci\u00f3n\u00a0 Dirigido a:\u00a0 Personal de salud del \u00e1rea m\u00e9dica, psicolog\u00eda, psiquiatr\u00eda y enfermer\u00eda\u00a0 Objetivo general:\u00a0 Reconocer el contexto social del\u2026","rel":"","context":"En &quot;Cursos&quot;","img":{"alt_text":"","src":"https:\/\/i0.wp.com\/lafuente.mx\/wp-content\/uploads\/2023\/10\/examen-medico-scaled.jpg?fit=1200%2C801&ssl=1&resize=350%2C200","width":350,"height":200},"classes":[]},{"id":2374,"url":"https:\/\/lafuente.mx\/?p=2374","url_meta":{"origin":2443,"position":3},"title":"Prevenci\u00f3n de la depresi\u00f3n en mujeres\u00a0","date":"junio 21, 2024","format":false,"excerpt":"CURSO EN L\u00cdNEA Del 5 de agosto al 6 de octubre, 2024\u00a0 Coordinadora acad\u00e9mica: Dra. Ma. Asunci\u00f3n Lara Cant\u00fa\u00a0\u00a0\u00a0 Profesora: Mtra. en Psic. Maricarmen Acevedo Corona\u00a0\u00a0\u00a0 Dirigido a: Profesionales de la salud y afines. Preferentemente con experiencia en el manejo de grupos y conocimientos de psicopatolog\u00eda, estudios sobre la mujer\u2026","rel":"","context":"En &quot;Cursos&quot;","img":{"alt_text":"digital drawing, woman, sadness-4302943.jpg","src":"https:\/\/i0.wp.com\/lafuente.mx\/wp-content\/uploads\/2024\/06\/digital-drawing-woman-sadness-4302943.jpg?fit=1200%2C796&ssl=1&resize=350%2C200","width":350,"height":200},"classes":[]},{"id":1515,"url":"https:\/\/lafuente.mx\/?p=1515","url_meta":{"origin":2443,"position":4},"title":"Gen-ambiente y su relevancia en la psiquiatr\u00eda actual\u00a0","date":"julio 26, 2023","format":false,"excerpt":"Imagen INPRFM Cursos en l\u00ednea\u00a0 Del 14 al 25 de agosto de 2023\u00a0\u00a0 Coordinan:\u00a0 Dr. Juan Jorge Palacios Casados\u00a0 Dra. Luc\u00eda M\u00fcnch Anguiano\u00a0 Dirigido a: Profesionales de la salud y personal m\u00e9dico en formaci\u00f3n pertenecientes a las siguientes disciplinas y especialidades: medicina, psiquiatr\u00eda, biolog\u00eda con especialidad en biolog\u00eda molecular y\u2026","rel":"","context":"En &quot;Cursos en l\u00ednea&quot;","img":{"alt_text":"","src":"https:\/\/i0.wp.com\/lafuente.mx\/wp-content\/uploads\/2023\/07\/INPRFM-Celada-2.jpg?fit=1181%2C784&ssl=1&resize=350%2C200","width":350,"height":200},"classes":[]},{"id":2068,"url":"https:\/\/lafuente.mx\/?p=2068","url_meta":{"origin":2443,"position":5},"title":"Educaci\u00f3n Continua","date":"febrero 9, 2024","format":false,"excerpt":"Las actividades de Educaci\u00f3n Continua de la Direcci\u00f3n de Ense\u00f1anza son parte de la estrategia integral del Instituto Nacional de Psiquiatr\u00eda Ram\u00f3n de la Fuente Mu\u00f1iz (INPRFM) para mejorar la formaci\u00f3n y profesionalizaci\u00f3n del personal de salud en psiquiatr\u00eda y salud mental. Acceso ilimitado 24 horas en Google Classroom. Sesiones\u2026","rel":"","context":"En &quot;Cursos&quot;","img":{"alt_text":"","src":"https:\/\/i0.wp.com\/lafuente.mx\/wp-content\/uploads\/2024\/02\/ropa-casual-joven-empresaria-independiente-usando-computadora-portatil-que-trabaja-sala-estar-casa-scaled.jpg?fit=1200%2C480&ssl=1&resize=350%2C200","width":350,"height":200},"classes":[]}],"jetpack_sharing_enabled":true,"jetpack_shortlink":"https:\/\/wp.me\/pe9WUx-Dp","_links":{"self":[{"href":"https:\/\/lafuente.mx\/index.php?rest_route=\/wp\/v2\/posts\/2443"}],"collection":[{"href":"https:\/\/lafuente.mx\/index.php?rest_route=\/wp\/v2\/posts"}],"about":[{"href":"https:\/\/lafuente.mx\/index.php?rest_route=\/wp\/v2\/types\/post"}],"author":[{"embeddable":true,"href":"https:\/\/lafuente.mx\/index.php?rest_route=\/wp\/v2\/users\/3"}],"replies":[{"embeddable":true,"href":"https:\/\/lafuente.mx\/index.php?rest_route=%2Fwp%2Fv2%2Fcomments&post=2443"}],"version-history":[{"count":4,"href":"https:\/\/lafuente.mx\/index.php?rest_route=\/wp\/v2\/posts\/2443\/revisions"}],"predecessor-version":[{"id":2451,"href":"https:\/\/lafuente.mx\/index.php?rest_route=\/wp\/v2\/posts\/2443\/revisions\/2451"}],"wp:featuredmedia":[{"embeddable":true,"href":"https:\/\/lafuente.mx\/index.php?rest_route=\/wp\/v2\/media\/2444"}],"wp:attachment":[{"href":"https:\/\/lafuente.mx\/index.php?rest_route=%2Fwp%2Fv2%2Fmedia&parent=2443"}],"wp:term":[{"taxonomy":"category","embeddable":true,"href":"https:\/\/lafuente.mx\/index.php?rest_route=%2Fwp%2Fv2%2Fcategories&post=2443"},{"taxonomy":"post_tag","embeddable":true,"href":"https:\/\/lafuente.mx\/index.php?rest_route=%2Fwp%2Fv2%2Ftags&post=2443"}],"curies":[{"name":"wp","href":"https:\/\/api.w.org\/{rel}","templated":true}]}}