{"id":2419,"date":"2024-07-09T16:15:26","date_gmt":"2024-07-09T16:15:26","guid":{"rendered":"https:\/\/lafuente.mx\/?p=2419"},"modified":"2024-09-02T18:03:04","modified_gmt":"2024-09-02T18:03:04","slug":"tratamientos-de-apoyo-en-trastornos-del-neurodesarrollo","status":"publish","type":"post","link":"https:\/\/lafuente.mx\/?p=2419","title":{"rendered":"Tratamientos de apoyo en trastornos del neurodesarrollo"},"content":{"rendered":"\n<hr class=\"wp-block-separator has-text-color has-vivid-cyan-blue-color has-alpha-channel-opacity has-vivid-cyan-blue-background-color has-background is-style-wide\"\/>\n\n\n\n<p class=\"has-text-align-center has-text-color has-larger-font-size\" style=\"color:#029691\"><strong>CONFERENCIA<\/strong><\/p>\n\n\n\n<p class=\"has-text-align-center has-text-color has-large-font-size\" style=\"color:#0745e3\"><strong>10 de cada mes<\/strong><\/p>\n\n\n\n<p class=\"has-text-align-center has-medium-font-size\">10 de julio<\/p>\n\n\n\n<p class=\"has-text-align-center has-text-color has-large-font-size\" style=\"color:#384550\">Hablemos de salud mental<\/p>\n\n\n\n<hr class=\"wp-block-separator has-text-color has-vivid-cyan-blue-color has-alpha-channel-opacity has-vivid-cyan-blue-background-color has-background\"\/>\n\n\n\n<figure class=\"wp-block-image size-large\"><img decoding=\"async\" loading=\"lazy\" width=\"640\" height=\"480\" src=\"https:\/\/i0.wp.com\/lafuente.mx\/wp-content\/uploads\/2024\/07\/WhatsApp-Image-2024-07-03-at-10.12.00-AM-1024x768.jpeg?resize=640%2C480&#038;ssl=1\" alt=\"\" class=\"wp-image-2421\" srcset=\"https:\/\/i0.wp.com\/lafuente.mx\/wp-content\/uploads\/2024\/07\/WhatsApp-Image-2024-07-03-at-10.12.00-AM.jpeg?resize=1024%2C768&amp;ssl=1 1024w, https:\/\/i0.wp.com\/lafuente.mx\/wp-content\/uploads\/2024\/07\/WhatsApp-Image-2024-07-03-at-10.12.00-AM.jpeg?resize=300%2C225&amp;ssl=1 300w, https:\/\/i0.wp.com\/lafuente.mx\/wp-content\/uploads\/2024\/07\/WhatsApp-Image-2024-07-03-at-10.12.00-AM.jpeg?resize=768%2C576&amp;ssl=1 768w, https:\/\/i0.wp.com\/lafuente.mx\/wp-content\/uploads\/2024\/07\/WhatsApp-Image-2024-07-03-at-10.12.00-AM.jpeg?resize=1536%2C1152&amp;ssl=1 1536w, https:\/\/i0.wp.com\/lafuente.mx\/wp-content\/uploads\/2024\/07\/WhatsApp-Image-2024-07-03-at-10.12.00-AM.jpeg?resize=800%2C600&amp;ssl=1 800w, https:\/\/i0.wp.com\/lafuente.mx\/wp-content\/uploads\/2024\/07\/WhatsApp-Image-2024-07-03-at-10.12.00-AM.jpeg?w=1600&amp;ssl=1 1600w, https:\/\/i0.wp.com\/lafuente.mx\/wp-content\/uploads\/2024\/07\/WhatsApp-Image-2024-07-03-at-10.12.00-AM.jpeg?w=1280 1280w\" sizes=\"(max-width: 640px) 100vw, 640px\" data-recalc-dims=\"1\" \/><\/figure>\n\n\n\n<p class=\"has-large-font-size\"><strong>Ponentes:<\/strong><\/p>\n\n\n\n<p class=\"has-large-font-size\">Emmanuel Sarmiento Hern\u00e1ndez<br>Francisco de la Pe\u00f1a Olvera<\/p>\n\n\n\n<p>Hablamos de todos los tratamientos coadyuvantes que tienen evidencia en los trastornos del neurodesarrollo (TEA, TDAH, Discapacidad Intelectual, etc.).<\/p>\n\n\n\n<p>&#8211; Actividad F\u00edsica<br>&#8211; Biorretroalimentaci\u00f3n<br>&#8211; Dieta<br>&#8211; Estimulaci\u00f3n Magn\u00e9tica Transcraneal<br>&#8211; Equinoterapia<\/p>\n\n\n\n<div class=\"wp-block-buttons is-layout-flex wp-block-buttons-is-layout-flex\">\n<div class=\"wp-block-button\"><a class=\"wp-block-button__link has-background wp-element-button\" href=\"https:\/\/www.facebook.com\/INPRFM\/videos\/1027689272261712\" style=\"background-color:#08cbcb\"><strong>Por Facebook<\/strong><\/a><\/div>\n<\/div>\n","protected":false},"excerpt":{"rendered":"<p>CONFERENCIA 10 de cada mes 10 de julio Hablemos de salud mental Ponentes: Emmanuel Sarmiento Hern\u00e1ndezFrancisco de la Pe\u00f1a Olvera Hablamos de todos los tratamientos<\/p>\n","protected":false},"author":3,"featured_media":2421,"comment_status":"closed","ping_status":"closed","sticky":false,"template":"","format":"standard","meta":{"footnotes":"","jetpack_publicize_message":"","jetpack_is_tweetstorm":false,"jetpack_publicize_feature_enabled":true},"categories":[8],"tags":[732,422,21,75,154,32,42],"jetpack_publicize_connections":[],"yoast_head":"<!-- This site is optimized with the Yoast SEO plugin v19.4 - https:\/\/yoast.com\/wordpress\/plugins\/seo\/ -->\n<title>Tratamientos de apoyo en trastornos del neurodesarrollo -<\/title>\n<meta name=\"description\" content=\"Conferencia Hablemos de salud mental, 10 de cada mes\" \/>\n<meta name=\"robots\" content=\"index, follow, max-snippet:-1, max-image-preview:large, max-video-preview:-1\" \/>\n<link rel=\"canonical\" href=\"https:\/\/lafuente.mx\/?p=2419\" \/>\n<meta property=\"og:locale\" content=\"es_MX\" \/>\n<meta property=\"og:type\" content=\"article\" \/>\n<meta property=\"og:title\" content=\"Tratamientos de apoyo en trastornos del neurodesarrollo\" \/>\n<meta property=\"og:description\" content=\"Conferencia Hablemos de salud mental, 10 de cada mes\" \/>\n<meta property=\"og:url\" content=\"https:\/\/lafuente.mx\/?p=2419\" \/>\n<meta property=\"article:published_time\" content=\"2024-07-09T16:15:26+00:00\" \/>\n<meta property=\"article:modified_time\" content=\"2024-09-02T18:03:04+00:00\" \/>\n<meta property=\"og:image\" content=\"http:\/\/lafuente.mx\/wp-content\/uploads\/2024\/07\/WhatsApp-Image-2024-07-03-at-10.12.00-AM.jpeg\" \/>\n\t<meta property=\"og:image:width\" content=\"1600\" \/>\n\t<meta property=\"og:image:height\" content=\"1200\" \/>\n\t<meta property=\"og:image:type\" content=\"image\/jpeg\" \/>\n<meta name=\"author\" content=\"Claudia Gallardo\" \/>\n<meta name=\"twitter:card\" content=\"summary_large_image\" \/>\n<meta name=\"twitter:title\" content=\"Tratamientos de apoyo en trastornos del neurodesarrollo\" \/>\n<meta name=\"twitter:description\" content=\"Conferencia Hablemos de salud mental, 10 de cada mes\" \/>\n<meta name=\"twitter:image\" content=\"https:\/\/i0.wp.com\/lafuente.mx\/wp-content\/uploads\/2024\/07\/WhatsApp-Image-2024-07-03-at-10.12.00-AM.jpeg?fit=1600%2C1200&ssl=1\" \/>\n<meta name=\"twitter:label1\" content=\"Escrito por\" \/>\n\t<meta name=\"twitter:data1\" content=\"Claudia Gallardo\" \/>\n<script type=\"application\/ld+json\" class=\"yoast-schema-graph\">{\"@context\":\"https:\/\/schema.org\",\"@graph\":[{\"@type\":\"WebSite\",\"@id\":\"https:\/\/lafuente.mx\/#website\",\"url\":\"https:\/\/lafuente.mx\/\",\"name\":\"\",\"description\":\"Informaci\u00f3n confiable sobre salud mental\",\"potentialAction\":[{\"@type\":\"SearchAction\",\"target\":{\"@type\":\"EntryPoint\",\"urlTemplate\":\"https:\/\/lafuente.mx\/?s={search_term_string}\"},\"query-input\":\"required name=search_term_string\"}],\"inLanguage\":\"es-MX\"},{\"@type\":\"WebPage\",\"@id\":\"https:\/\/lafuente.mx\/?p=2419\",\"url\":\"https:\/\/lafuente.mx\/?p=2419\",\"name\":\"Tratamientos de apoyo en trastornos del neurodesarrollo -\",\"isPartOf\":{\"@id\":\"https:\/\/lafuente.mx\/#website\"},\"datePublished\":\"2024-07-09T16:15:26+00:00\",\"dateModified\":\"2024-09-02T18:03:04+00:00\",\"author\":{\"@id\":\"https:\/\/lafuente.mx\/#\/schema\/person\/603f3aa8e2f6f7879021ab722d39d6b0\"},\"description\":\"Conferencia Hablemos de salud mental, 10 de cada mes\",\"breadcrumb\":{\"@id\":\"https:\/\/lafuente.mx\/?p=2419#breadcrumb\"},\"inLanguage\":\"es-MX\",\"potentialAction\":[{\"@type\":\"ReadAction\",\"target\":[\"https:\/\/lafuente.mx\/?p=2419\"]}]},{\"@type\":\"BreadcrumbList\",\"@id\":\"https:\/\/lafuente.mx\/?p=2419#breadcrumb\",\"itemListElement\":[{\"@type\":\"ListItem\",\"position\":1,\"name\":\"Inicio\",\"item\":\"https:\/\/lafuente.mx\/\"},{\"@type\":\"ListItem\",\"position\":2,\"name\":\"Tratamientos de apoyo en trastornos del neurodesarrollo\"}]},{\"@type\":\"Person\",\"@id\":\"https:\/\/lafuente.mx\/#\/schema\/person\/603f3aa8e2f6f7879021ab722d39d6b0\",\"name\":\"Claudia Gallardo\",\"image\":{\"@type\":\"ImageObject\",\"inLanguage\":\"es-MX\",\"@id\":\"https:\/\/lafuente.mx\/#\/schema\/person\/image\/\",\"url\":\"https:\/\/secure.gravatar.com\/avatar\/bfe9c966af1ccfb9d17bcdb9d04e8815?s=96&d=mm&r=g\",\"contentUrl\":\"https:\/\/secure.gravatar.com\/avatar\/bfe9c966af1ccfb9d17bcdb9d04e8815?s=96&d=mm&r=g\",\"caption\":\"Claudia Gallardo\"},\"url\":\"https:\/\/lafuente.mx\/?author=3\"}]}<\/script>\n<!-- \/ Yoast SEO plugin. -->","yoast_head_json":{"title":"Tratamientos de apoyo en trastornos del neurodesarrollo -","description":"Conferencia Hablemos de salud mental, 10 de cada mes","robots":{"index":"index","follow":"follow","max-snippet":"max-snippet:-1","max-image-preview":"max-image-preview:large","max-video-preview":"max-video-preview:-1"},"canonical":"https:\/\/lafuente.mx\/?p=2419","og_locale":"es_MX","og_type":"article","og_title":"Tratamientos de apoyo en trastornos del neurodesarrollo","og_description":"Conferencia Hablemos de salud mental, 10 de cada mes","og_url":"https:\/\/lafuente.mx\/?p=2419","article_published_time":"2024-07-09T16:15:26+00:00","article_modified_time":"2024-09-02T18:03:04+00:00","og_image":[{"width":1600,"height":1200,"url":"http:\/\/lafuente.mx\/wp-content\/uploads\/2024\/07\/WhatsApp-Image-2024-07-03-at-10.12.00-AM.jpeg","type":"image\/jpeg"}],"author":"Claudia Gallardo","twitter_card":"summary_large_image","twitter_title":"Tratamientos de apoyo en trastornos del neurodesarrollo","twitter_description":"Conferencia Hablemos de salud mental, 10 de cada mes","twitter_image":"https:\/\/i0.wp.com\/lafuente.mx\/wp-content\/uploads\/2024\/07\/WhatsApp-Image-2024-07-03-at-10.12.00-AM.jpeg?fit=1600%2C1200&ssl=1","twitter_misc":{"Escrito por":"Claudia Gallardo"},"schema":{"@context":"https:\/\/schema.org","@graph":[{"@type":"WebSite","@id":"https:\/\/lafuente.mx\/#website","url":"https:\/\/lafuente.mx\/","name":"","description":"Informaci\u00f3n confiable sobre salud mental","potentialAction":[{"@type":"SearchAction","target":{"@type":"EntryPoint","urlTemplate":"https:\/\/lafuente.mx\/?s={search_term_string}"},"query-input":"required name=search_term_string"}],"inLanguage":"es-MX"},{"@type":"WebPage","@id":"https:\/\/lafuente.mx\/?p=2419","url":"https:\/\/lafuente.mx\/?p=2419","name":"Tratamientos de apoyo en trastornos del neurodesarrollo -","isPartOf":{"@id":"https:\/\/lafuente.mx\/#website"},"datePublished":"2024-07-09T16:15:26+00:00","dateModified":"2024-09-02T18:03:04+00:00","author":{"@id":"https:\/\/lafuente.mx\/#\/schema\/person\/603f3aa8e2f6f7879021ab722d39d6b0"},"description":"Conferencia Hablemos de salud mental, 10 de cada mes","breadcrumb":{"@id":"https:\/\/lafuente.mx\/?p=2419#breadcrumb"},"inLanguage":"es-MX","potentialAction":[{"@type":"ReadAction","target":["https:\/\/lafuente.mx\/?p=2419"]}]},{"@type":"BreadcrumbList","@id":"https:\/\/lafuente.mx\/?p=2419#breadcrumb","itemListElement":[{"@type":"ListItem","position":1,"name":"Inicio","item":"https:\/\/lafuente.mx\/"},{"@type":"ListItem","position":2,"name":"Tratamientos de apoyo en trastornos del neurodesarrollo"}]},{"@type":"Person","@id":"https:\/\/lafuente.mx\/#\/schema\/person\/603f3aa8e2f6f7879021ab722d39d6b0","name":"Claudia Gallardo","image":{"@type":"ImageObject","inLanguage":"es-MX","@id":"https:\/\/lafuente.mx\/#\/schema\/person\/image\/","url":"https:\/\/secure.gravatar.com\/avatar\/bfe9c966af1ccfb9d17bcdb9d04e8815?s=96&d=mm&r=g","contentUrl":"https:\/\/secure.gravatar.com\/avatar\/bfe9c966af1ccfb9d17bcdb9d04e8815?s=96&d=mm&r=g","caption":"Claudia Gallardo"},"url":"https:\/\/lafuente.mx\/?author=3"}]}},"jetpack_featured_media_url":"https:\/\/i0.wp.com\/lafuente.mx\/wp-content\/uploads\/2024\/07\/WhatsApp-Image-2024-07-03-at-10.12.00-AM.jpeg?fit=1600%2C1200&ssl=1","jetpack-related-posts":[{"id":708,"url":"https:\/\/lafuente.mx\/?p=708","url_meta":{"origin":2419,"position":0},"title":"La relaci\u00f3n del Neurodesarrollo con la Salud Mental","date":"febrero 1, 2023","format":false,"excerpt":"Imagen INPRFM CONFERENCIA 10 de enero12:00 horas Hablemos de salud mental10 DE CADA MES Ponentes: Dra. Mar\u00eda Josefa Cavazos OlivoDr. V\u00edctor Manuel \u00c1vila Rodr\u00edguez @inprfm @ampi_ac FB live Mentalizarte","rel":"","context":"En &quot;Eventos Acad\u00e9micos del INPRFM&quot;","img":{"alt_text":"","src":"https:\/\/i0.wp.com\/lafuente.mx\/wp-content\/uploads\/2023\/02\/WhatsApp-Image-2023-01-27-at-9.07.30-AM.jpeg?fit=1108%2C940&ssl=1&resize=350%2C200","width":350,"height":200},"classes":[]},{"id":1338,"url":"https:\/\/lafuente.mx\/?p=1338","url_meta":{"origin":2419,"position":1},"title":"Datos de alarma en trastornos del neurodesarrollo: tips para pap\u00e1s","date":"julio 3, 2023","format":false,"excerpt":"Imagen INPRFM, Mentalizarte CONFERENCIA 10 de julio 12:00 horas Hablemos de salud mental 10 DE CADA MES Ponentes: Enrique Navarro LunaMauricio Leija Esparza M\u00e1s informaci\u00f3n","rel":"","context":"En &quot;Eventos Acad\u00e9micos del INPRFM&quot;","img":{"alt_text":"","src":"https:\/\/i0.wp.com\/lafuente.mx\/wp-content\/uploads\/2023\/06\/WhatsApp-Image-2023-06-26-at-1.14.35-PM.jpeg?fit=1108%2C940&ssl=1&resize=350%2C200","width":350,"height":200},"classes":[]},{"id":2413,"url":"https:\/\/lafuente.mx\/?p=2413","url_meta":{"origin":2419,"position":2},"title":"MENTALIZARTE","date":"julio 2, 2024","format":false,"excerpt":"En julio hablaremos sobreTratamientos coadyuvantes en los trastornos del neurodesarrollo MENTALIZARTE es el proyecto de difusi\u00f3n en temas de salud mental del Instituto Nacional de Psiquiatr\u00eda Ram\u00f3n de la Fuente Mu\u00f1iz (INPRFM). M\u00e1s informaci\u00f3n","rel":"","context":"En &quot;Informaci\u00f3n de inter\u00e9s&quot;","img":{"alt_text":"","src":"https:\/\/i0.wp.com\/lafuente.mx\/wp-content\/uploads\/2024\/07\/WhatsApp-Image-2024-07-01-at-10.51.52-AM.jpeg?fit=1200%2C692&ssl=1&resize=350%2C200","width":350,"height":200},"classes":[]},{"id":2252,"url":"https:\/\/lafuente.mx\/?p=2252","url_meta":{"origin":2419,"position":3},"title":"Descripciones cl\u00ednicas y requisitos de diagn\u00f3stico para los trastornos mentales, del comportamiento y del neurodesarrollo (CDDR) de la CIE-11\u00a0","date":"abril 30, 2024","format":false,"excerpt":"National InsCr\u00e9ditos de colaboraci\u00f3n en M\u00e9xico\u00a0 Sites: National Institute of Psychiatry Ram\u00f3n de la Fuente Mu\u00f1iz, WHO Collaborating Centre on Mental Health and Addictions; Child Psychiatric Hospital Juan N Navarro; National Institute of Neurology and Neurosurgery Manuel Velasco Su\u00e1rez Site directors: Mar\u00eda Elena MedinaMora, Eduardo Arroyo Garc\u00eda, Miguel \u00c1ngel Celis\u2026","rel":"","context":"En &quot;Revista Salud Mental&quot;","img":{"alt_text":"","src":"https:\/\/i0.wp.com\/lafuente.mx\/wp-content\/uploads\/2024\/04\/OMS-700x467-1.jpg?fit=700%2C467&ssl=1&resize=350%2C200","width":350,"height":200},"classes":[]},{"id":770,"url":"https:\/\/lafuente.mx\/?p=770","url_meta":{"origin":2419,"position":4},"title":"Tratamientos coadyuvantes para los trastornos del Neurodesarrollo","date":"febrero 10, 2023","format":false,"excerpt":"Francisco R. de la Pe\u00f1a Olvera Rese\u00f1a. En la actualidad existen diversas opciones de tratamiento e intervenciones para los trastornos\u00a0 del neurodesarrollo (TND), grupo de condiciones cl\u00ednicas y casualmente distintas con d\u00e9ficits y\/o\u00a0 alteraciones en el desarrollo y en el funcionamiento, si bien, en el caso de los trastornos del\u2026","rel":"","context":"En &quot;Publicaciones&quot;","img":{"alt_text":"","src":"https:\/\/i0.wp.com\/lafuente.mx\/wp-content\/uploads\/2023\/02\/Sin-titulo-1_Mesa-de-trabajo-1.png?fit=1200%2C777&ssl=1&resize=350%2C200","width":350,"height":200},"classes":[]},{"id":2711,"url":"https:\/\/lafuente.mx\/?p=2711","url_meta":{"origin":2419,"position":5},"title":"Salud Mental de las Ni\u00f1as, Ni\u00f1os y Adolescentes en el contexto familiar\u00a0","date":"diciembre 16, 2024","format":false,"excerpt":"DIPLOMADO EN L\u00cdNEA COORDINADORA ACAD\u00c9MICA\u00a0 Dra. Diana Patricia Gu\u00edzar S\u00e1nchez \u00a0 Dirigido a: personal de medicina general, medicina especializada, psicolog\u00eda y terapia del \u00e1rea de la salud mental\u00a0 Objetivo general: Evaluar las \u00e1reas de oportunidad en las ni\u00f1as, ni\u00f1os y adolescentes dentro del contexto familiar e implementar modelos de intervenci\u00f3n\u2026","rel":"","context":"En &quot;Cursos en l\u00ednea&quot;","img":{"alt_text":"","src":"https:\/\/i0.wp.com\/lafuente.mx\/wp-content\/uploads\/2024\/12\/Captura-de-pantalla-2024-12-16-a-las-10.53.16.png?fit=1200%2C636&ssl=1&resize=350%2C200","width":350,"height":200},"classes":[]}],"jetpack_sharing_enabled":true,"jetpack_shortlink":"https:\/\/wp.me\/pe9WUx-D1","_links":{"self":[{"href":"https:\/\/lafuente.mx\/index.php?rest_route=\/wp\/v2\/posts\/2419"}],"collection":[{"href":"https:\/\/lafuente.mx\/index.php?rest_route=\/wp\/v2\/posts"}],"about":[{"href":"https:\/\/lafuente.mx\/index.php?rest_route=\/wp\/v2\/types\/post"}],"author":[{"embeddable":true,"href":"https:\/\/lafuente.mx\/index.php?rest_route=\/wp\/v2\/users\/3"}],"replies":[{"embeddable":true,"href":"https:\/\/lafuente.mx\/index.php?rest_route=%2Fwp%2Fv2%2Fcomments&post=2419"}],"version-history":[{"count":6,"href":"https:\/\/lafuente.mx\/index.php?rest_route=\/wp\/v2\/posts\/2419\/revisions"}],"predecessor-version":[{"id":2521,"href":"https:\/\/lafuente.mx\/index.php?rest_route=\/wp\/v2\/posts\/2419\/revisions\/2521"}],"wp:featuredmedia":[{"embeddable":true,"href":"https:\/\/lafuente.mx\/index.php?rest_route=\/wp\/v2\/media\/2421"}],"wp:attachment":[{"href":"https:\/\/lafuente.mx\/index.php?rest_route=%2Fwp%2Fv2%2Fmedia&parent=2419"}],"wp:term":[{"taxonomy":"category","embeddable":true,"href":"https:\/\/lafuente.mx\/index.php?rest_route=%2Fwp%2Fv2%2Fcategories&post=2419"},{"taxonomy":"post_tag","embeddable":true,"href":"https:\/\/lafuente.mx\/index.php?rest_route=%2Fwp%2Fv2%2Ftags&post=2419"}],"curies":[{"name":"wp","href":"https:\/\/api.w.org\/{rel}","templated":true}]}}