{"id":2392,"date":"2024-07-03T16:02:44","date_gmt":"2024-07-03T16:02:44","guid":{"rendered":"https:\/\/lafuente.mx\/?p=2392"},"modified":"2024-07-01T16:34:30","modified_gmt":"2024-07-01T16:34:30","slug":"prevencion-de-la-depresion-posparto-2","status":"publish","type":"post","link":"https:\/\/lafuente.mx\/?p=2392","title":{"rendered":"Prevenci\u00f3n de la depresi\u00f3n posparto\u00a0\u00a0"},"content":{"rendered":"\n<hr class=\"wp-block-separator has-text-color has-luminous-vivid-orange-color has-alpha-channel-opacity has-luminous-vivid-orange-background-color has-background is-style-wide\"\/>\n\n\n\n<p class=\"has-text-align-center has-larger-font-size\"><strong>CURSO EN L\u00cdNEA<\/strong><\/p>\n\n\n\n<p class=\"has-text-align-center has-large-font-size\"><strong>Del 23 de septiembre al 24 de noviembre, 2023&nbsp;&nbsp;<\/strong><\/p>\n\n\n\n<hr class=\"wp-block-separator has-text-color has-luminous-vivid-orange-color has-alpha-channel-opacity has-luminous-vivid-orange-background-color has-background is-style-wide\"\/>\n\n\n\n<p class=\"has-luminous-vivid-orange-color has-text-color has-large-font-size\"><strong>Coordinadora Acad\u00e9mica:&nbsp;<\/strong><br>Dra. Ma. Asunci\u00f3n Lara Cant\u00fa&nbsp;<\/p>\n\n\n\n<p class=\"has-luminous-vivid-orange-color has-text-color has-large-font-size\"><strong>Tutora:&nbsp;<\/strong><br>Mtra. en Psic. Erica Medina Serd\u00e1n&nbsp;&nbsp;<\/p>\n\n\n\n<hr class=\"wp-block-separator has-text-color has-luminous-vivid-orange-color has-alpha-channel-opacity has-luminous-vivid-orange-background-color has-background\"\/>\n\n\n\n<p class=\"has-medium-font-size\"><strong>Dirigido a:&nbsp;<\/strong><br>Profesionales de la salud y afines. Preferentemente con experiencia en el manejo de grupos y conocimientos de psicopatolog\u00eda, estudios sobre la mujer y de g\u00e9nero&nbsp;&nbsp;<\/p>\n\n\n\n<p class=\"has-medium-font-size\"><strong>Objetivo general:&nbsp;<\/strong><br>Facilitar la adquisici\u00f3n de conocimientos y desarrollo de habilidades profesionales para implementar una intervenci\u00f3n psicoeducativa para prevenir la depresi\u00f3n posparto&nbsp;&nbsp;<\/p>\n\n\n\n<p class=\"has-medium-font-size\"><strong>Tem\u00e1tica:&nbsp;<\/strong><br>\u2022 Depresi\u00f3n en el embarazo y el posparto&nbsp;<br>\u2022 Caracter\u00edsticas y condiciones para la aplicaci\u00f3n del programa de prevenci\u00f3n&nbsp;<br>\u2022 Lectura del libro \u201cDespertando tu amor para recibir a tu beb\u00e9\u201d&nbsp;<br>\u2022 Orientaci\u00f3n individual&nbsp;<br>\u2022 Detecci\u00f3n de la depresi\u00f3n pre y posparto&nbsp;&nbsp;<\/p>\n\n\n<div class=\"wp-block-image\">\n<figure class=\"aligncenter size-large is-resized\"><img decoding=\"async\" loading=\"lazy\" width=\"640\" height=\"857\" src=\"https:\/\/i0.wp.com\/lafuente.mx\/wp-content\/uploads\/2024\/06\/Captura-de-pantalla-2024-06-21-a-las-10.01.19-765x1024.png?resize=640%2C857&#038;ssl=1\" alt=\"\" class=\"wp-image-2394\" style=\"aspect-ratio:0.7470703125;width:650px;height:auto\" srcset=\"https:\/\/i0.wp.com\/lafuente.mx\/wp-content\/uploads\/2024\/06\/Captura-de-pantalla-2024-06-21-a-las-10.01.19.png?resize=765%2C1024&amp;ssl=1 765w, https:\/\/i0.wp.com\/lafuente.mx\/wp-content\/uploads\/2024\/06\/Captura-de-pantalla-2024-06-21-a-las-10.01.19.png?resize=224%2C300&amp;ssl=1 224w, https:\/\/i0.wp.com\/lafuente.mx\/wp-content\/uploads\/2024\/06\/Captura-de-pantalla-2024-06-21-a-las-10.01.19.png?resize=768%2C1027&amp;ssl=1 768w, https:\/\/i0.wp.com\/lafuente.mx\/wp-content\/uploads\/2024\/06\/Captura-de-pantalla-2024-06-21-a-las-10.01.19.png?w=912&amp;ssl=1 912w\" sizes=\"(max-width: 640px) 100vw, 640px\" data-recalc-dims=\"1\" \/><\/figure><\/div>\n\n\n<p class=\"has-medium-font-size\"><strong>Modalidad:&nbsp;<\/strong><br>En l\u00ednea, participaci\u00f3n y supervisi\u00f3n a trav\u00e9s de foros y zoom, lectura de materiales y pr\u00e1cticas Horas cr\u00e9dito: 40 Requisito: Llenar formato de registro m\u00ednimo 15 d\u00edas antes de iniciar el curso para poder entregar el material a tiempo&nbsp;&nbsp;<\/p>\n\n\n\n<p class=\"has-text-align-center has-white-color has-luminous-vivid-orange-background-color has-text-color has-background has-medium-font-size\"><strong>Registro: <a href=\"http:\/\/bit.ly\/3HYi5K2\" target=\"_blank\" rel=\"noreferrer noopener\">http:\/\/bit.ly\/3HYi5K2<\/a>&nbsp;&nbsp;&nbsp;<\/strong><\/p>\n\n\n\n<p class=\"has-medium-font-size\"><strong>Costo: $5,000.00 (precio regular)&nbsp;&nbsp;&nbsp;<\/strong><\/p>\n\n\n\n<p class=\"has-medium-font-size\">Se podr\u00e1n otorgar becas parciales con base en las circunstancias que lo justifiquen presentadas en la carta de motivos que puede incluir en el formato de registro&nbsp;&nbsp;<\/p>\n\n\n\n<hr class=\"wp-block-separator has-text-color has-luminous-vivid-orange-color has-alpha-channel-opacity has-luminous-vivid-orange-background-color has-background\"\/>\n\n\n\n<p class=\"has-medium-font-size\">M\u00e1s informaci\u00f3n:&nbsp;&nbsp;<\/p>\n\n\n\n<p class=\"has-medium-font-size\">cursos.diep@gmail.com y cursosdiep@imp.edu.mx&nbsp;<\/p>\n\n\n\n<div class=\"wp-block-buttons is-layout-flex wp-block-buttons-is-layout-flex\">\n<div class=\"wp-block-button\"><a class=\"wp-block-button__link has-luminous-vivid-orange-background-color has-background wp-element-button\" href=\"https:\/\/bit.ly\/4c5I27D\"><strong>INFORMES<\/strong><\/a><\/div>\n<\/div>\n","protected":false},"excerpt":{"rendered":"<p>CURSO EN L\u00cdNEA Del 23 de septiembre al 24 de noviembre, 2023&nbsp;&nbsp; Coordinadora Acad\u00e9mica:&nbsp;Dra. Ma. Asunci\u00f3n Lara Cant\u00fa&nbsp; Tutora:&nbsp;Mtra. en Psic. Erica Medina Serd\u00e1n&nbsp;&nbsp; Dirigido<\/p>\n","protected":false},"author":3,"featured_media":2394,"comment_status":"closed","ping_status":"closed","sticky":false,"template":"","format":"standard","meta":{"footnotes":"","jetpack_publicize_message":"","jetpack_is_tweetstorm":false,"jetpack_publicize_feature_enabled":true},"categories":[4,6],"tags":[119,87,728,248,21,621,727,63,729,32],"jetpack_publicize_connections":[],"yoast_head":"<!-- This site is optimized with the Yoast SEO plugin v19.4 - https:\/\/yoast.com\/wordpress\/plugins\/seo\/ -->\n<title>Prevenci\u00f3n de la depresi\u00f3n posparto\u00a0\u00a0 -<\/title>\n<meta name=\"description\" content=\"Facilitar la adquisici\u00f3n de conocimientos y desarrollo de habilidades profesionales para implementar una intervenci\u00f3n psicoeducativa para prevenir la depresi\u00f3n posparto\u00a0\u00a0\" \/>\n<meta name=\"robots\" content=\"index, follow, max-snippet:-1, max-image-preview:large, max-video-preview:-1\" \/>\n<link rel=\"canonical\" href=\"https:\/\/lafuente.mx\/?p=2392\" \/>\n<meta property=\"og:locale\" content=\"es_MX\" \/>\n<meta property=\"og:type\" content=\"article\" \/>\n<meta property=\"og:title\" content=\"Prevenci\u00f3n de la depresi\u00f3n posparto\" \/>\n<meta property=\"og:description\" content=\"Facilitar la adquisici\u00f3n de conocimientos y desarrollo de habilidades profesionales para implementar una intervenci\u00f3n psicoeducativa para prevenir la depresi\u00f3n posparto\u00a0\u00a0\" \/>\n<meta property=\"og:url\" content=\"https:\/\/lafuente.mx\/?p=2392\" \/>\n<meta property=\"article:published_time\" content=\"2024-07-03T16:02:44+00:00\" \/>\n<meta property=\"article:modified_time\" content=\"2024-07-01T16:34:30+00:00\" \/>\n<meta property=\"og:image\" content=\"https:\/\/i0.wp.com\/lafuente.mx\/wp-content\/uploads\/2024\/06\/Captura-de-pantalla-2024-06-21-a-las-10.01.19.png?fit=912%2C1220&ssl=1\" \/>\n\t<meta property=\"og:image:width\" content=\"912\" \/>\n\t<meta property=\"og:image:height\" content=\"1220\" \/>\n\t<meta property=\"og:image:type\" content=\"image\/png\" \/>\n<meta name=\"author\" content=\"Claudia Gallardo\" \/>\n<meta name=\"twitter:card\" content=\"summary_large_image\" \/>\n<meta name=\"twitter:title\" content=\"Prevenci\u00f3n de la depresi\u00f3n posparto\" \/>\n<meta name=\"twitter:description\" content=\"Facilitar la adquisici\u00f3n de conocimientos y desarrollo de habilidades profesionales para implementar una intervenci\u00f3n psicoeducativa para prevenir la depresi\u00f3n posparto\u00a0\u00a0\" \/>\n<meta name=\"twitter:image\" content=\"https:\/\/i0.wp.com\/lafuente.mx\/wp-content\/uploads\/2024\/06\/Captura-de-pantalla-2024-06-21-a-las-10.01.19.png?fit=912%2C1220&ssl=1\" \/>\n<meta name=\"twitter:label1\" content=\"Escrito por\" \/>\n\t<meta name=\"twitter:data1\" content=\"Claudia Gallardo\" \/>\n\t<meta name=\"twitter:label2\" content=\"Tiempo de lectura\" \/>\n\t<meta name=\"twitter:data2\" content=\"1 minuto\" \/>\n<script type=\"application\/ld+json\" class=\"yoast-schema-graph\">{\"@context\":\"https:\/\/schema.org\",\"@graph\":[{\"@type\":\"WebSite\",\"@id\":\"https:\/\/lafuente.mx\/#website\",\"url\":\"https:\/\/lafuente.mx\/\",\"name\":\"\",\"description\":\"Informaci\u00f3n confiable sobre salud mental\",\"potentialAction\":[{\"@type\":\"SearchAction\",\"target\":{\"@type\":\"EntryPoint\",\"urlTemplate\":\"https:\/\/lafuente.mx\/?s={search_term_string}\"},\"query-input\":\"required name=search_term_string\"}],\"inLanguage\":\"es-MX\"},{\"@type\":\"WebPage\",\"@id\":\"https:\/\/lafuente.mx\/?p=2392\",\"url\":\"https:\/\/lafuente.mx\/?p=2392\",\"name\":\"Prevenci\u00f3n de la depresi\u00f3n posparto\u00a0\u00a0 -\",\"isPartOf\":{\"@id\":\"https:\/\/lafuente.mx\/#website\"},\"datePublished\":\"2024-07-03T16:02:44+00:00\",\"dateModified\":\"2024-07-01T16:34:30+00:00\",\"author\":{\"@id\":\"https:\/\/lafuente.mx\/#\/schema\/person\/603f3aa8e2f6f7879021ab722d39d6b0\"},\"description\":\"Facilitar la adquisici\u00f3n de conocimientos y desarrollo de habilidades profesionales para implementar una intervenci\u00f3n psicoeducativa para prevenir la depresi\u00f3n posparto\u00a0\u00a0\",\"breadcrumb\":{\"@id\":\"https:\/\/lafuente.mx\/?p=2392#breadcrumb\"},\"inLanguage\":\"es-MX\",\"potentialAction\":[{\"@type\":\"ReadAction\",\"target\":[\"https:\/\/lafuente.mx\/?p=2392\"]}]},{\"@type\":\"BreadcrumbList\",\"@id\":\"https:\/\/lafuente.mx\/?p=2392#breadcrumb\",\"itemListElement\":[{\"@type\":\"ListItem\",\"position\":1,\"name\":\"Inicio\",\"item\":\"https:\/\/lafuente.mx\/\"},{\"@type\":\"ListItem\",\"position\":2,\"name\":\"Prevenci\u00f3n de la depresi\u00f3n posparto\u00a0\u00a0\"}]},{\"@type\":\"Person\",\"@id\":\"https:\/\/lafuente.mx\/#\/schema\/person\/603f3aa8e2f6f7879021ab722d39d6b0\",\"name\":\"Claudia Gallardo\",\"image\":{\"@type\":\"ImageObject\",\"inLanguage\":\"es-MX\",\"@id\":\"https:\/\/lafuente.mx\/#\/schema\/person\/image\/\",\"url\":\"https:\/\/secure.gravatar.com\/avatar\/bfe9c966af1ccfb9d17bcdb9d04e8815?s=96&d=mm&r=g\",\"contentUrl\":\"https:\/\/secure.gravatar.com\/avatar\/bfe9c966af1ccfb9d17bcdb9d04e8815?s=96&d=mm&r=g\",\"caption\":\"Claudia Gallardo\"},\"url\":\"https:\/\/lafuente.mx\/?author=3\"}]}<\/script>\n<!-- \/ Yoast SEO plugin. -->","yoast_head_json":{"title":"Prevenci\u00f3n de la depresi\u00f3n posparto\u00a0\u00a0 -","description":"Facilitar la adquisici\u00f3n de conocimientos y desarrollo de habilidades profesionales para implementar una intervenci\u00f3n psicoeducativa para prevenir la depresi\u00f3n posparto\u00a0\u00a0","robots":{"index":"index","follow":"follow","max-snippet":"max-snippet:-1","max-image-preview":"max-image-preview:large","max-video-preview":"max-video-preview:-1"},"canonical":"https:\/\/lafuente.mx\/?p=2392","og_locale":"es_MX","og_type":"article","og_title":"Prevenci\u00f3n de la depresi\u00f3n posparto","og_description":"Facilitar la adquisici\u00f3n de conocimientos y desarrollo de habilidades profesionales para implementar una intervenci\u00f3n psicoeducativa para prevenir la depresi\u00f3n posparto\u00a0\u00a0","og_url":"https:\/\/lafuente.mx\/?p=2392","article_published_time":"2024-07-03T16:02:44+00:00","article_modified_time":"2024-07-01T16:34:30+00:00","og_image":[{"width":912,"height":1220,"url":"https:\/\/i0.wp.com\/lafuente.mx\/wp-content\/uploads\/2024\/06\/Captura-de-pantalla-2024-06-21-a-las-10.01.19.png?fit=912%2C1220&ssl=1","type":"image\/png"}],"author":"Claudia Gallardo","twitter_card":"summary_large_image","twitter_title":"Prevenci\u00f3n de la depresi\u00f3n posparto","twitter_description":"Facilitar la adquisici\u00f3n de conocimientos y desarrollo de habilidades profesionales para implementar una intervenci\u00f3n psicoeducativa para prevenir la depresi\u00f3n posparto\u00a0\u00a0","twitter_image":"https:\/\/i0.wp.com\/lafuente.mx\/wp-content\/uploads\/2024\/06\/Captura-de-pantalla-2024-06-21-a-las-10.01.19.png?fit=912%2C1220&ssl=1","twitter_misc":{"Escrito por":"Claudia Gallardo","Tiempo de lectura":"1 minuto"},"schema":{"@context":"https:\/\/schema.org","@graph":[{"@type":"WebSite","@id":"https:\/\/lafuente.mx\/#website","url":"https:\/\/lafuente.mx\/","name":"","description":"Informaci\u00f3n confiable sobre salud mental","potentialAction":[{"@type":"SearchAction","target":{"@type":"EntryPoint","urlTemplate":"https:\/\/lafuente.mx\/?s={search_term_string}"},"query-input":"required name=search_term_string"}],"inLanguage":"es-MX"},{"@type":"WebPage","@id":"https:\/\/lafuente.mx\/?p=2392","url":"https:\/\/lafuente.mx\/?p=2392","name":"Prevenci\u00f3n de la depresi\u00f3n posparto\u00a0\u00a0 -","isPartOf":{"@id":"https:\/\/lafuente.mx\/#website"},"datePublished":"2024-07-03T16:02:44+00:00","dateModified":"2024-07-01T16:34:30+00:00","author":{"@id":"https:\/\/lafuente.mx\/#\/schema\/person\/603f3aa8e2f6f7879021ab722d39d6b0"},"description":"Facilitar la adquisici\u00f3n de conocimientos y desarrollo de habilidades profesionales para implementar una intervenci\u00f3n psicoeducativa para prevenir la depresi\u00f3n posparto\u00a0\u00a0","breadcrumb":{"@id":"https:\/\/lafuente.mx\/?p=2392#breadcrumb"},"inLanguage":"es-MX","potentialAction":[{"@type":"ReadAction","target":["https:\/\/lafuente.mx\/?p=2392"]}]},{"@type":"BreadcrumbList","@id":"https:\/\/lafuente.mx\/?p=2392#breadcrumb","itemListElement":[{"@type":"ListItem","position":1,"name":"Inicio","item":"https:\/\/lafuente.mx\/"},{"@type":"ListItem","position":2,"name":"Prevenci\u00f3n de la depresi\u00f3n posparto\u00a0\u00a0"}]},{"@type":"Person","@id":"https:\/\/lafuente.mx\/#\/schema\/person\/603f3aa8e2f6f7879021ab722d39d6b0","name":"Claudia Gallardo","image":{"@type":"ImageObject","inLanguage":"es-MX","@id":"https:\/\/lafuente.mx\/#\/schema\/person\/image\/","url":"https:\/\/secure.gravatar.com\/avatar\/bfe9c966af1ccfb9d17bcdb9d04e8815?s=96&d=mm&r=g","contentUrl":"https:\/\/secure.gravatar.com\/avatar\/bfe9c966af1ccfb9d17bcdb9d04e8815?s=96&d=mm&r=g","caption":"Claudia Gallardo"},"url":"https:\/\/lafuente.mx\/?author=3"}]}},"jetpack_featured_media_url":"https:\/\/i0.wp.com\/lafuente.mx\/wp-content\/uploads\/2024\/06\/Captura-de-pantalla-2024-06-21-a-las-10.01.19.png?fit=912%2C1220&ssl=1","jetpack-related-posts":[{"id":1741,"url":"https:\/\/lafuente.mx\/?p=1741","url_meta":{"origin":2392,"position":0},"title":"Prevenci\u00f3n de la depresi\u00f3n posparto\u00a0","date":"septiembre 29, 2023","format":false,"excerpt":"Curso en l\u00ednea\u00a0 Del 9 de octubre al 8 de diciembre, 2023\u00a0 Coordinadora Acad\u00e9mica: Dra. Ma. Asunci\u00f3n Lara Cant\u00fa Tutora: Mtra. en Psic. Erica Medina Serd\u00e1n\u00a0 Dirigido a: Profesionales de la salud y afines. Preferentemente con experiencia en el manejo de grupos y conocimientos de psicopatolog\u00eda, estudios sobre la mujer\u2026","rel":"","context":"En &quot;Cursos&quot;","img":{"alt_text":"","src":"https:\/\/i0.wp.com\/lafuente.mx\/wp-content\/uploads\/2023\/09\/depre-Postparto.webp?fit=840%2C560&ssl=1&resize=350%2C200","width":350,"height":200},"classes":[]},{"id":972,"url":"https:\/\/lafuente.mx\/?p=972","url_meta":{"origin":2392,"position":1},"title":"Prevenci\u00f3n de la depresi\u00f3n posparto\u00a0","date":"marzo 28, 2023","format":false,"excerpt":"Del 15 de mayo al 10 de julio, 2023\u00a0 \u00bfEres profesional de la salud o ciencias sociales y atiendes a mujeres embarazadas o que han dado a luz recientemente? \u00bfNecesitas herramientas pr\u00e1cticas y efectivas para ense\u00f1arles a manejar sus s\u00edntomas emocionales perinatales y situaciones de estr\u00e9s?\u00a0 Coordinadora Acad\u00e9mica: Dra. Ma.\u2026","rel":"","context":"En &quot;Cursos en l\u00ednea&quot;","img":{"alt_text":"","src":"https:\/\/i0.wp.com\/lafuente.mx\/wp-content\/uploads\/2023\/03\/mama-bb.jpeg?fit=1200%2C628&ssl=1&resize=350%2C200","width":350,"height":200},"classes":[]},{"id":3150,"url":"https:\/\/lafuente.mx\/?p=3150","url_meta":{"origin":2392,"position":2},"title":"Prevenci\u00f3n de la depresi\u00f3n posparto","date":"agosto 14, 2025","format":false,"excerpt":"Del 22 de septiembre al 23 de noviembre de 2025 Coordinan: Dra. Ma. Asunci\u00f3n Lara Cant\u00faMtra. en Psic. Erica Medina Serd\u00e1n Dirigido a: Profesionales de la salud y disciplinas psicosociales. Preferentemente con experiencia en el manejo de grupos y conocimientos de psicopatolog\u00eda, estudios sobre la mujer y de g\u00e9nero. Objetivo:\u2026","rel":"","context":"En &quot;Cursos&quot;","img":{"alt_text":"","src":"https:\/\/i0.wp.com\/lafuente.mx\/wp-content\/uploads\/2025\/08\/Depresion-postparto.jpg?fit=759%2C573&ssl=1&resize=350%2C200","width":350,"height":200},"classes":[]},{"id":2374,"url":"https:\/\/lafuente.mx\/?p=2374","url_meta":{"origin":2392,"position":3},"title":"Prevenci\u00f3n de la depresi\u00f3n en mujeres\u00a0","date":"junio 21, 2024","format":false,"excerpt":"CURSO EN L\u00cdNEA Del 5 de agosto al 6 de octubre, 2024\u00a0 Coordinadora acad\u00e9mica: Dra. Ma. Asunci\u00f3n Lara Cant\u00fa\u00a0\u00a0\u00a0 Profesora: Mtra. en Psic. Maricarmen Acevedo Corona\u00a0\u00a0\u00a0 Dirigido a: Profesionales de la salud y afines. Preferentemente con experiencia en el manejo de grupos y conocimientos de psicopatolog\u00eda, estudios sobre la mujer\u2026","rel":"","context":"En &quot;Cursos&quot;","img":{"alt_text":"digital drawing, woman, sadness-4302943.jpg","src":"https:\/\/i0.wp.com\/lafuente.mx\/wp-content\/uploads\/2024\/06\/digital-drawing-woman-sadness-4302943.jpg?fit=1200%2C796&ssl=1&resize=350%2C200","width":350,"height":200},"classes":[]},{"id":970,"url":"https:\/\/lafuente.mx\/?p=970","url_meta":{"origin":2392,"position":4},"title":"Prevenci\u00f3n de la depresi\u00f3n en mujeres \u00a0","date":"marzo 27, 2023","format":false,"excerpt":"Del 17 de abril al 12 de junio, 2023\u00a0 Coordinadora acad\u00e9mica: Dra. Ma. Asunci\u00f3n Lara Cant\u00fa \u00a0 Profesora: Mtra. en Psic. Maricarmen Acevedo Corona \u00a0 Dirigido a: Profesionales de la salud y afines. Preferentemente con experiencia en el manejo de grupos y conocimientos de psicopatolog\u00eda, estudios sobre la mujer y\u2026","rel":"","context":"En &quot;Cursos en l\u00ednea&quot;","img":{"alt_text":"","src":"https:\/\/i0.wp.com\/lafuente.mx\/wp-content\/uploads\/2023\/03\/mujerColumpio.jpeg?fit=639%2C587&ssl=1&resize=350%2C200","width":350,"height":200},"classes":[]},{"id":3022,"url":"https:\/\/lafuente.mx\/?p=3022","url_meta":{"origin":2392,"position":5},"title":"Prevenci\u00f3n de la depresi\u00f3n en mujeres","date":"julio 8, 2025","format":false,"excerpt":"Curso h\u00edbrido Del 4 de agosto al 5 de octubre de 2025 Coordinadora acad\u00e9mica:Dra. Ma. Asunci\u00f3n Lara Cant\u00fa TutoraMtra. en Psic. Maricarmen Acevedo Corona Dirigido a Profesionales de la salud y disciplinas psicosociales. Preferentemente con experiencia en el manejo de grupos y conocimientos de psicopatolog\u00eda, estudios sobre la mujer y\u2026","rel":"","context":"En &quot;Cursos&quot;","img":{"alt_text":"","src":"https:\/\/i0.wp.com\/lafuente.mx\/wp-content\/uploads\/2025\/07\/Depresion-mujer.jpg?fit=759%2C573&ssl=1&resize=350%2C200","width":350,"height":200},"classes":[]}],"jetpack_sharing_enabled":true,"jetpack_shortlink":"https:\/\/wp.me\/pe9WUx-CA","_links":{"self":[{"href":"https:\/\/lafuente.mx\/index.php?rest_route=\/wp\/v2\/posts\/2392"}],"collection":[{"href":"https:\/\/lafuente.mx\/index.php?rest_route=\/wp\/v2\/posts"}],"about":[{"href":"https:\/\/lafuente.mx\/index.php?rest_route=\/wp\/v2\/types\/post"}],"author":[{"embeddable":true,"href":"https:\/\/lafuente.mx\/index.php?rest_route=\/wp\/v2\/users\/3"}],"replies":[{"embeddable":true,"href":"https:\/\/lafuente.mx\/index.php?rest_route=%2Fwp%2Fv2%2Fcomments&post=2392"}],"version-history":[{"count":4,"href":"https:\/\/lafuente.mx\/index.php?rest_route=\/wp\/v2\/posts\/2392\/revisions"}],"predecessor-version":[{"id":2398,"href":"https:\/\/lafuente.mx\/index.php?rest_route=\/wp\/v2\/posts\/2392\/revisions\/2398"}],"wp:featuredmedia":[{"embeddable":true,"href":"https:\/\/lafuente.mx\/index.php?rest_route=\/wp\/v2\/media\/2394"}],"wp:attachment":[{"href":"https:\/\/lafuente.mx\/index.php?rest_route=%2Fwp%2Fv2%2Fmedia&parent=2392"}],"wp:term":[{"taxonomy":"category","embeddable":true,"href":"https:\/\/lafuente.mx\/index.php?rest_route=%2Fwp%2Fv2%2Fcategories&post=2392"},{"taxonomy":"post_tag","embeddable":true,"href":"https:\/\/lafuente.mx\/index.php?rest_route=%2Fwp%2Fv2%2Ftags&post=2392"}],"curies":[{"name":"wp","href":"https:\/\/api.w.org\/{rel}","templated":true}]}}