{"id":2385,"date":"2024-06-26T07:28:00","date_gmt":"2024-06-26T07:28:00","guid":{"rendered":"https:\/\/lafuente.mx\/?p=2385"},"modified":"2024-07-02T15:32:54","modified_gmt":"2024-07-02T15:32:54","slug":"borrador-automatico-dia-internacional-de-la-lucha-contra-el-uso-indebido-y-el-trafico-ilicito-de-drogas","status":"publish","type":"post","link":"https:\/\/lafuente.mx\/?p=2385","title":{"rendered":"D\u00eda Internacional de la Lucha contra el Uso Indebido y el Tr\u00e1fico Il\u00edcito de Drogas"},"content":{"rendered":"\n<hr class=\"wp-block-separator has-text-color has-vivid-cyan-blue-color has-alpha-channel-opacity has-vivid-cyan-blue-background-color has-background\"\/>\n\n\n\n<p class=\"has-text-align-center has-large-font-size\"><strong>26 de junio<\/strong><\/p>\n\n\n\n<p class=\"has-medium-font-size\">En su resoluci\u00f3n 42\/112, el 7 de diciembre de 1987, la Asamblea General decidi\u00f3 celebrar el 26 de junio el D\u00eda Internacional de la Lucha contra el Uso Indebido y el Tr\u00e1fico Il\u00edcito de Drogas para mostrar su determinaci\u00f3n en reforzar la actuaci\u00f3n y la cooperaci\u00f3n para alcanzar el objetivo de una sociedad internacional libre del consumo de drogas.&nbsp;<\/p>\n\n\n\n<p class=\"has-medium-font-size\">Con el apoyo cada a\u00f1o de particulares, comunidades y diversas organizaciones de todo el mundo, esta celebraci\u00f3n mundial tiene como objetivo concienciar sobre el grave problema que representan las drogas il\u00edcitas para la sociedad.&nbsp;<\/p>\n\n\n\n<p class=\"has-medium-font-size\"><strong>La evidencia es clara: debemos invertir en prevenci\u00f3n&nbsp;<\/strong><\/p>\n\n\n\n<p class=\"has-medium-font-size\">El problema mundial de las drogas plantea un reto de m\u00faltiples facetas que afecta a la vida de millones de personas en todo el mundo. Desde las personas que sufren trastornos por consumo de sustancias hasta las comunidades que se enfrentan a las consecuencias del narcotr\u00e1fico y la delincuencia organizada; el impacto de las drogas es complejo y de gran alcance. Para hacer frente a este problema es imprescindible adoptar un enfoque basado en pruebas cient\u00edficas que d\u00e9 prioridad a la prevenci\u00f3n y el tratamiento.&nbsp;<\/p>\n\n\n<div class=\"wp-block-image\">\n<figure class=\"aligncenter size-large\"><img decoding=\"async\" loading=\"lazy\" width=\"640\" height=\"699\" src=\"https:\/\/i0.wp.com\/lafuente.mx\/wp-content\/uploads\/2024\/06\/drugs-smoking-skull-7065395-edited.jpg?resize=640%2C699&#038;ssl=1\" alt=\"drugs, smoking, skull-7065395.jpg\" class=\"wp-image-2387\" srcset=\"https:\/\/i0.wp.com\/lafuente.mx\/wp-content\/uploads\/2024\/06\/drugs-smoking-skull-7065395-edited.jpg?w=753&amp;ssl=1 753w, https:\/\/i0.wp.com\/lafuente.mx\/wp-content\/uploads\/2024\/06\/drugs-smoking-skull-7065395-edited.jpg?resize=275%2C300&amp;ssl=1 275w\" sizes=\"(max-width: 640px) 100vw, 640px\" data-recalc-dims=\"1\" \/><\/figure><\/div>\n\n\n<p class=\"has-medium-font-size\">Este D\u00eda se celebra el 26 de junio de cada a\u00f1o con el fin de reforzar la actuaci\u00f3n y la cooperaci\u00f3n para lograr un mundo libre del uso indebido de drogas. La campa\u00f1a del D\u00eda Mundial de la Droga de este a\u00f1o pone de manifiesto que las pol\u00edticas eficaces en materia de drogas deben basarse en la ciencia, la investigaci\u00f3n, el pleno respeto de los derechos humanos, la compasi\u00f3n y una profunda comprensi\u00f3n de las implicaciones sociales, econ\u00f3micas y sanitarias del consumo de drogas.&nbsp;<\/p>\n\n\n\n<p class=\"has-medium-font-size\">Juntos, redoblemos nuestros esfuerzos para combatir el problema mundial de las drogas, y gui\u00e9monos por los principios de la ciencia, la compasi\u00f3n y la solidaridad. Mediante la acci\u00f3n colectiva y el compromiso con soluciones basadas en pruebas, podemos crear un mundo en el que las personas puedan llevar una vida vida saludable y plena.&nbsp;<\/p>\n\n\n\n<p><\/p>\n\n\n\n<p class=\"has-text-align-center has-white-color has-vivid-cyan-blue-background-color has-text-color has-background\"><strong>#D\u00edaMundialContraLasDrogas#InvertirEnPrevenci\u00f3n&nbsp;<\/strong><\/p>\n\n\n\n<div class=\"wp-block-buttons is-layout-flex wp-block-buttons-is-layout-flex\">\n<div class=\"wp-block-button\"><a class=\"wp-block-button__link has-vivid-cyan-blue-background-color has-background wp-element-button\" href=\"https:\/\/www.un.org\/es\/observances\/end-drug-abuse-day\">M\u00e1s informaci\u00f3n<\/a><\/div>\n<\/div>\n","protected":false},"excerpt":{"rendered":"<p>26 de junio En su resoluci\u00f3n 42\/112, el 7 de diciembre de 1987, la Asamblea General decidi\u00f3 celebrar el 26 de junio el D\u00eda Internacional<\/p>\n","protected":false},"author":3,"featured_media":2387,"comment_status":"closed","ping_status":"closed","sticky":false,"template":"","format":"standard","meta":{"footnotes":"","jetpack_publicize_message":"","jetpack_is_tweetstorm":false,"jetpack_publicize_feature_enabled":true},"categories":[13],"tags":[726,296,127,21,724,63,32],"jetpack_publicize_connections":[],"yoast_head":"<!-- This site is optimized with the Yoast SEO plugin v19.4 - https:\/\/yoast.com\/wordpress\/plugins\/seo\/ -->\n<title>D\u00eda Internacional de la Lucha contra el Uso Indebido y el Tr\u00e1fico Il\u00edcito de Drogas -<\/title>\n<meta name=\"description\" content=\"Con el apoyo cada a\u00f1o de particulares, comunidades y diversas organizaciones de todo el mundo, esta celebraci\u00f3n mundial tiene como objetivo concienciar sobre el grave problema que representan las drogas il\u00edcitas para la sociedad.\u00a0\" \/>\n<meta name=\"robots\" content=\"index, follow, max-snippet:-1, max-image-preview:large, max-video-preview:-1\" \/>\n<link rel=\"canonical\" href=\"https:\/\/lafuente.mx\/?p=2385\" \/>\n<meta property=\"og:locale\" content=\"es_MX\" \/>\n<meta property=\"og:type\" content=\"article\" \/>\n<meta property=\"og:title\" content=\"D\u00eda Internacional de la Lucha contra el Uso Indebido y el Tr\u00e1fico Il\u00edcito de Drogas\" \/>\n<meta property=\"og:description\" content=\"Con el apoyo cada a\u00f1o de particulares, comunidades y diversas organizaciones de todo el mundo, esta celebraci\u00f3n mundial tiene como objetivo concienciar sobre el grave problema que representan las drogas il\u00edcitas para la sociedad.\u00a0\" \/>\n<meta property=\"og:url\" content=\"https:\/\/lafuente.mx\/?p=2385\" \/>\n<meta property=\"article:published_time\" content=\"2024-06-26T07:28:00+00:00\" \/>\n<meta property=\"article:modified_time\" content=\"2024-07-02T15:32:54+00:00\" \/>\n<meta property=\"og:image\" content=\"http:\/\/lafuente.mx\/wp-content\/uploads\/2024\/06\/drugs-smoking-skull-7065395-edited.jpg\" \/>\n\t<meta property=\"og:image:width\" content=\"753\" \/>\n\t<meta property=\"og:image:height\" content=\"822\" \/>\n\t<meta property=\"og:image:type\" content=\"image\/jpeg\" \/>\n<meta name=\"author\" content=\"Claudia Gallardo\" \/>\n<meta name=\"twitter:card\" content=\"summary_large_image\" \/>\n<meta name=\"twitter:title\" content=\"D\u00eda Internacional de la Lucha contra el Uso Indebido y el Tr\u00e1fico Il\u00edcito de Drogas\" \/>\n<meta name=\"twitter:description\" content=\"Con el apoyo cada a\u00f1o de particulares, comunidades y diversas organizaciones de todo el mundo, esta celebraci\u00f3n mundial tiene como objetivo concienciar sobre el grave problema que representan las drogas il\u00edcitas para la sociedad.\u00a0\" \/>\n<meta name=\"twitter:image\" content=\"https:\/\/i0.wp.com\/lafuente.mx\/wp-content\/uploads\/2024\/06\/drugs-smoking-skull-7065395-edited.jpg?fit=753%2C822&ssl=1\" \/>\n<meta name=\"twitter:label1\" content=\"Escrito por\" \/>\n\t<meta name=\"twitter:data1\" content=\"Claudia Gallardo\" \/>\n\t<meta name=\"twitter:label2\" content=\"Tiempo de lectura\" \/>\n\t<meta name=\"twitter:data2\" content=\"2 minutos\" \/>\n<script type=\"application\/ld+json\" class=\"yoast-schema-graph\">{\"@context\":\"https:\/\/schema.org\",\"@graph\":[{\"@type\":\"WebSite\",\"@id\":\"https:\/\/lafuente.mx\/#website\",\"url\":\"https:\/\/lafuente.mx\/\",\"name\":\"\",\"description\":\"Informaci\u00f3n confiable sobre salud mental\",\"potentialAction\":[{\"@type\":\"SearchAction\",\"target\":{\"@type\":\"EntryPoint\",\"urlTemplate\":\"https:\/\/lafuente.mx\/?s={search_term_string}\"},\"query-input\":\"required name=search_term_string\"}],\"inLanguage\":\"es-MX\"},{\"@type\":\"WebPage\",\"@id\":\"https:\/\/lafuente.mx\/?p=2385\",\"url\":\"https:\/\/lafuente.mx\/?p=2385\",\"name\":\"D\u00eda Internacional de la Lucha contra el Uso Indebido y el Tr\u00e1fico Il\u00edcito de Drogas -\",\"isPartOf\":{\"@id\":\"https:\/\/lafuente.mx\/#website\"},\"datePublished\":\"2024-06-26T07:28:00+00:00\",\"dateModified\":\"2024-07-02T15:32:54+00:00\",\"author\":{\"@id\":\"https:\/\/lafuente.mx\/#\/schema\/person\/603f3aa8e2f6f7879021ab722d39d6b0\"},\"description\":\"Con el apoyo cada a\u00f1o de particulares, comunidades y diversas organizaciones de todo el mundo, esta celebraci\u00f3n mundial tiene como objetivo concienciar sobre el grave problema que representan las drogas il\u00edcitas para la sociedad.\u00a0\",\"breadcrumb\":{\"@id\":\"https:\/\/lafuente.mx\/?p=2385#breadcrumb\"},\"inLanguage\":\"es-MX\",\"potentialAction\":[{\"@type\":\"ReadAction\",\"target\":[\"https:\/\/lafuente.mx\/?p=2385\"]}]},{\"@type\":\"BreadcrumbList\",\"@id\":\"https:\/\/lafuente.mx\/?p=2385#breadcrumb\",\"itemListElement\":[{\"@type\":\"ListItem\",\"position\":1,\"name\":\"Inicio\",\"item\":\"https:\/\/lafuente.mx\/\"},{\"@type\":\"ListItem\",\"position\":2,\"name\":\"D\u00eda Internacional de la Lucha contra el Uso Indebido y el Tr\u00e1fico Il\u00edcito de Drogas\"}]},{\"@type\":\"Person\",\"@id\":\"https:\/\/lafuente.mx\/#\/schema\/person\/603f3aa8e2f6f7879021ab722d39d6b0\",\"name\":\"Claudia Gallardo\",\"image\":{\"@type\":\"ImageObject\",\"inLanguage\":\"es-MX\",\"@id\":\"https:\/\/lafuente.mx\/#\/schema\/person\/image\/\",\"url\":\"https:\/\/secure.gravatar.com\/avatar\/bfe9c966af1ccfb9d17bcdb9d04e8815?s=96&d=mm&r=g\",\"contentUrl\":\"https:\/\/secure.gravatar.com\/avatar\/bfe9c966af1ccfb9d17bcdb9d04e8815?s=96&d=mm&r=g\",\"caption\":\"Claudia Gallardo\"},\"url\":\"https:\/\/lafuente.mx\/?author=3\"}]}<\/script>\n<!-- \/ Yoast SEO plugin. -->","yoast_head_json":{"title":"D\u00eda Internacional de la Lucha contra el Uso Indebido y el Tr\u00e1fico Il\u00edcito de Drogas -","description":"Con el apoyo cada a\u00f1o de particulares, comunidades y diversas organizaciones de todo el mundo, esta celebraci\u00f3n mundial tiene como objetivo concienciar sobre el grave problema que representan las drogas il\u00edcitas para la sociedad.\u00a0","robots":{"index":"index","follow":"follow","max-snippet":"max-snippet:-1","max-image-preview":"max-image-preview:large","max-video-preview":"max-video-preview:-1"},"canonical":"https:\/\/lafuente.mx\/?p=2385","og_locale":"es_MX","og_type":"article","og_title":"D\u00eda Internacional de la Lucha contra el Uso Indebido y el Tr\u00e1fico Il\u00edcito de Drogas","og_description":"Con el apoyo cada a\u00f1o de particulares, comunidades y diversas organizaciones de todo el mundo, esta celebraci\u00f3n mundial tiene como objetivo concienciar sobre el grave problema que representan las drogas il\u00edcitas para la sociedad.\u00a0","og_url":"https:\/\/lafuente.mx\/?p=2385","article_published_time":"2024-06-26T07:28:00+00:00","article_modified_time":"2024-07-02T15:32:54+00:00","og_image":[{"width":753,"height":822,"url":"http:\/\/lafuente.mx\/wp-content\/uploads\/2024\/06\/drugs-smoking-skull-7065395-edited.jpg","type":"image\/jpeg"}],"author":"Claudia Gallardo","twitter_card":"summary_large_image","twitter_title":"D\u00eda Internacional de la Lucha contra el Uso Indebido y el Tr\u00e1fico Il\u00edcito de Drogas","twitter_description":"Con el apoyo cada a\u00f1o de particulares, comunidades y diversas organizaciones de todo el mundo, esta celebraci\u00f3n mundial tiene como objetivo concienciar sobre el grave problema que representan las drogas il\u00edcitas para la sociedad.\u00a0","twitter_image":"https:\/\/i0.wp.com\/lafuente.mx\/wp-content\/uploads\/2024\/06\/drugs-smoking-skull-7065395-edited.jpg?fit=753%2C822&ssl=1","twitter_misc":{"Escrito por":"Claudia Gallardo","Tiempo de lectura":"2 minutos"},"schema":{"@context":"https:\/\/schema.org","@graph":[{"@type":"WebSite","@id":"https:\/\/lafuente.mx\/#website","url":"https:\/\/lafuente.mx\/","name":"","description":"Informaci\u00f3n confiable sobre salud mental","potentialAction":[{"@type":"SearchAction","target":{"@type":"EntryPoint","urlTemplate":"https:\/\/lafuente.mx\/?s={search_term_string}"},"query-input":"required name=search_term_string"}],"inLanguage":"es-MX"},{"@type":"WebPage","@id":"https:\/\/lafuente.mx\/?p=2385","url":"https:\/\/lafuente.mx\/?p=2385","name":"D\u00eda Internacional de la Lucha contra el Uso Indebido y el Tr\u00e1fico Il\u00edcito de Drogas -","isPartOf":{"@id":"https:\/\/lafuente.mx\/#website"},"datePublished":"2024-06-26T07:28:00+00:00","dateModified":"2024-07-02T15:32:54+00:00","author":{"@id":"https:\/\/lafuente.mx\/#\/schema\/person\/603f3aa8e2f6f7879021ab722d39d6b0"},"description":"Con el apoyo cada a\u00f1o de particulares, comunidades y diversas organizaciones de todo el mundo, esta celebraci\u00f3n mundial tiene como objetivo concienciar sobre el grave problema que representan las drogas il\u00edcitas para la sociedad.\u00a0","breadcrumb":{"@id":"https:\/\/lafuente.mx\/?p=2385#breadcrumb"},"inLanguage":"es-MX","potentialAction":[{"@type":"ReadAction","target":["https:\/\/lafuente.mx\/?p=2385"]}]},{"@type":"BreadcrumbList","@id":"https:\/\/lafuente.mx\/?p=2385#breadcrumb","itemListElement":[{"@type":"ListItem","position":1,"name":"Inicio","item":"https:\/\/lafuente.mx\/"},{"@type":"ListItem","position":2,"name":"D\u00eda Internacional de la Lucha contra el Uso Indebido y el Tr\u00e1fico Il\u00edcito de Drogas"}]},{"@type":"Person","@id":"https:\/\/lafuente.mx\/#\/schema\/person\/603f3aa8e2f6f7879021ab722d39d6b0","name":"Claudia Gallardo","image":{"@type":"ImageObject","inLanguage":"es-MX","@id":"https:\/\/lafuente.mx\/#\/schema\/person\/image\/","url":"https:\/\/secure.gravatar.com\/avatar\/bfe9c966af1ccfb9d17bcdb9d04e8815?s=96&d=mm&r=g","contentUrl":"https:\/\/secure.gravatar.com\/avatar\/bfe9c966af1ccfb9d17bcdb9d04e8815?s=96&d=mm&r=g","caption":"Claudia Gallardo"},"url":"https:\/\/lafuente.mx\/?author=3"}]}},"jetpack_featured_media_url":"https:\/\/i0.wp.com\/lafuente.mx\/wp-content\/uploads\/2024\/06\/drugs-smoking-skull-7065395-edited.jpg?fit=753%2C822&ssl=1","jetpack-related-posts":[{"id":2470,"url":"https:\/\/lafuente.mx\/?p=2470","url_meta":{"origin":2385,"position":0},"title":"D\u00eda Mundial contra la Trata\u00a0","date":"julio 30, 2024","format":false,"excerpt":"30 de julio No podemos dejar a ning\u00fan ni\u00f1o o ni\u00f1a atr\u00e1s en la lucha contra la trata\u00a0 En todo el mundo, una de cada tres v\u00edctimas de trata de seres humanos es un ni\u00f1o, en su mayor\u00eda, ni\u00f1as.\u00a0 Seg\u00fan el Informe Mundial sobre la Trata de Personas de la\u2026","rel":"","context":"En &quot;Efem\u00e9rides de Salud Mental&quot;","img":{"alt_text":"children, infant, girl-306607.jpg","src":"https:\/\/i0.wp.com\/lafuente.mx\/wp-content\/uploads\/2024\/07\/children-infant-girl-306607.jpg?fit=1200%2C800&ssl=1&resize=350%2C200","width":350,"height":200},"classes":[]},{"id":1217,"url":"https:\/\/lafuente.mx\/?p=1217","url_meta":{"origin":2385,"position":1},"title":"Familia y adicciones\u00a0","date":"mayo 16, 2023","format":false,"excerpt":"Del 5 de junio al 31 de julio, 2023\u00a0 Curso en l\u00ednea\u00a0 Coordinadora acad\u00e9mica:\u00a0Dra. Guillermina Natera Rey\u00a0 Dirigido a:\u00a0 Profesionales de la salud y afines\u00a0 Objetivo general:\u00a0 Formar orientadores para intervenir y apoyar a las familias a enfrentar la problem\u00e1tica de consumo de alcohol o drogas de alguno de sus\u2026","rel":"","context":"En &quot;Cursos&quot;","img":{"alt_text":"","src":"https:\/\/i0.wp.com\/lafuente.mx\/wp-content\/uploads\/2023\/05\/Captura-de-Pantalla-2023-05-15-a-las-10.26.24.png?fit=1200%2C765&ssl=1&resize=350%2C200","width":350,"height":200},"classes":[]},{"id":974,"url":"https:\/\/lafuente.mx\/?p=974","url_meta":{"origin":2385,"position":2},"title":"\u00bfQU\u00c9 PASA SI TE PASAS?","date":"marzo 27, 2023","format":false,"excerpt":"Aumenta la percepci\u00f3n de riesgo por usar alcohol, tabaco o drogas.\u00a0 Red Internacional de Salud Mental y Apoyo Psicosocial. La pandemia de COVID-19, a pesar de ser una crisis de salud f\u00edsica, tambi\u00e9n est\u00e1 impactando en la salud mental de las personas. Es innegable el esfuerzo que se vienen realizando\u2026","rel":"","context":"En &quot;Informaci\u00f3n de inter\u00e9s&quot;","img":{"alt_text":"","src":"https:\/\/i0.wp.com\/lafuente.mx\/wp-content\/uploads\/2023\/03\/Captura-de-Pantalla-2023-03-23-a-las-11.40.21.png?fit=932%2C670&ssl=1&resize=350%2C200","width":350,"height":200},"classes":[]},{"id":3194,"url":"https:\/\/lafuente.mx\/?p=3194","url_meta":{"origin":2385,"position":3},"title":"\u00bfQu\u00e9 pasa si te pasas? \u00a0","date":"agosto 11, 2025","format":false,"excerpt":"Conoce las consecuencias del consumo de sustancias que alteran tu percepci\u00f3n o estado de \u00e1nimo. Identifica estrategias para solucionar problemas y evitar situaciones de consumo.\u00a0 Explora los c\u00f3mics interactivos para:\u00a0 Identificar efectos inmediatos y riesgos del uso de drogas.\u00a0 Distinguir situaciones que pueden vivir adolescentes asociadas al consumo de drogas.\u00a0\u2026","rel":"","context":"En &quot;Informaci\u00f3n de inter\u00e9s&quot;","img":{"alt_text":"","src":"https:\/\/i0.wp.com\/lafuente.mx\/wp-content\/uploads\/2025\/08\/Blog_Mesa-de-trabajo-1.png?fit=1200%2C622&ssl=1&resize=350%2C200","width":350,"height":200},"classes":[]},{"id":89,"url":"https:\/\/lafuente.mx\/?p=89","url_meta":{"origin":2385,"position":4},"title":"\u00bfQu\u00e9 dice el Informe Mundial sobre las drogas 2022 de las tendencias de Am\u00e9rica Latina y el Caribe?\u00a0","date":"julio 29, 2022","format":false,"excerpt":"Como todos los a\u00f1os, la Oficina de las Naciones Unidas contra la Droga y el Delito (UNODC, por sus siglas en ingl\u00e9s) public\u00f3 el Informe Mundial de las Drogas 2022. El Centro de Excelencia para Informaci\u00f3n Estad\u00edstica de Gobierno, Seguridad P\u00fablica, Victimizaci\u00f3n y Justicia-UNODC-INEGI organiz\u00f3 un webinario para presentar el\u2026","rel":"","context":"En &quot;Noticias&quot;","img":{"alt_text":"","src":"https:\/\/i0.wp.com\/lafuente.mx\/wp-content\/uploads\/2022\/07\/Szymon-Shields-Pexels-1.jpeg?fit=1200%2C800&ssl=1&resize=350%2C200","width":350,"height":200},"classes":[]},{"id":1357,"url":"https:\/\/lafuente.mx\/?p=1357","url_meta":{"origin":2385,"position":5},"title":"Implicaciones del Informe Mundial de Drogas 2023: RETOS Y DESAF\u00cdOS PARA NUESTRO CONTINENTE\u00a0","date":"junio 28, 2023","format":false,"excerpt":"Grupo de Trabajo de Opioides del Seminario de Estudios sobre la Globalidad de la UNAM invita:\u00a0 Implicaciones del Informe Mundial de Drogas 2023: RETOS Y DESAF\u00cdOS PARA NUESTRO CONTINENTE\u00a0 29 de junio, 2023\u00a0 9:00 a 11:00 horas Transmisi\u00f3n en vivo @INPRFM\u00a0 Palabras de bienvenida\u00a0 Mar\u00eda Elena Medina Mora\u00a0 Presentaci\u00f3n de\u2026","rel":"","context":"En &quot;Eventos Acad\u00e9micos del INPRFM&quot;","img":{"alt_text":"","src":"https:\/\/i0.wp.com\/lafuente.mx\/wp-content\/uploads\/2023\/06\/Captura-de-Pantalla-2023-06-27-a-las-10.41.11-1.png?fit=420%2C420&ssl=1&resize=350%2C200","width":350,"height":200},"classes":[]}],"jetpack_sharing_enabled":true,"jetpack_shortlink":"https:\/\/wp.me\/pe9WUx-Ct","_links":{"self":[{"href":"https:\/\/lafuente.mx\/index.php?rest_route=\/wp\/v2\/posts\/2385"}],"collection":[{"href":"https:\/\/lafuente.mx\/index.php?rest_route=\/wp\/v2\/posts"}],"about":[{"href":"https:\/\/lafuente.mx\/index.php?rest_route=\/wp\/v2\/types\/post"}],"author":[{"embeddable":true,"href":"https:\/\/lafuente.mx\/index.php?rest_route=\/wp\/v2\/users\/3"}],"replies":[{"embeddable":true,"href":"https:\/\/lafuente.mx\/index.php?rest_route=%2Fwp%2Fv2%2Fcomments&post=2385"}],"version-history":[{"count":2,"href":"https:\/\/lafuente.mx\/index.php?rest_route=\/wp\/v2\/posts\/2385\/revisions"}],"predecessor-version":[{"id":2389,"href":"https:\/\/lafuente.mx\/index.php?rest_route=\/wp\/v2\/posts\/2385\/revisions\/2389"}],"wp:featuredmedia":[{"embeddable":true,"href":"https:\/\/lafuente.mx\/index.php?rest_route=\/wp\/v2\/media\/2387"}],"wp:attachment":[{"href":"https:\/\/lafuente.mx\/index.php?rest_route=%2Fwp%2Fv2%2Fmedia&parent=2385"}],"wp:term":[{"taxonomy":"category","embeddable":true,"href":"https:\/\/lafuente.mx\/index.php?rest_route=%2Fwp%2Fv2%2Fcategories&post=2385"},{"taxonomy":"post_tag","embeddable":true,"href":"https:\/\/lafuente.mx\/index.php?rest_route=%2Fwp%2Fv2%2Ftags&post=2385"}],"curies":[{"name":"wp","href":"https:\/\/api.w.org\/{rel}","templated":true}]}}