{"id":2374,"date":"2024-06-21T14:41:43","date_gmt":"2024-06-21T14:41:43","guid":{"rendered":"https:\/\/lafuente.mx\/?p=2374"},"modified":"2024-08-09T16:31:51","modified_gmt":"2024-08-09T16:31:51","slug":"borrador-automatico-prevencion-de-la-depresion-en-mujeres-2","status":"publish","type":"post","link":"https:\/\/lafuente.mx\/?p=2374","title":{"rendered":"Prevenci\u00f3n de la depresi\u00f3n en mujeres\u00a0"},"content":{"rendered":"\n<hr class=\"wp-block-separator has-text-color has-pale-pink-color has-alpha-channel-opacity has-pale-pink-background-color has-background is-style-wide\"\/>\n\n\n\n<p class=\"has-text-align-center has-text-color has-large-font-size\" style=\"color:#7a647a\"><strong>CURSO EN L\u00cdNEA<\/strong><\/p>\n\n\n\n<p class=\"has-text-align-center has-text-color has-large-font-size\" style=\"color:#ea3db3\"><strong>Del 5 de agosto al 6 de octubre, 2024&nbsp;<\/strong><\/p>\n\n\n\n<hr class=\"wp-block-separator has-text-color has-pale-pink-color has-alpha-channel-opacity has-pale-pink-background-color has-background is-style-wide\"\/>\n\n\n\n<p class=\"has-text-color has-large-font-size\" style=\"color:#e426bb\"><strong>Coordinadora acad\u00e9mica:<\/strong> <br>Dra. Ma. Asunci\u00f3n Lara Cant\u00fa&nbsp;&nbsp;&nbsp;<\/p>\n\n\n\n<p class=\"has-text-color has-large-font-size\" style=\"color:#e426bb\"><strong>Profesora:<\/strong> <br>Mtra. en Psic. Maricarmen Acevedo Corona&nbsp;&nbsp;&nbsp;<\/p>\n\n\n\n<hr class=\"wp-block-separator has-text-color has-pale-pink-color has-alpha-channel-opacity has-pale-pink-background-color has-background\"\/>\n\n\n\n<p class=\"has-medium-font-size\"><strong>Dirigido a:<\/strong> <\/p>\n\n\n\n<p class=\"has-medium-font-size\">Profesionales de la salud y afines. Preferentemente con experiencia en el manejo de grupos y conocimientos de psicopatolog\u00eda, estudios sobre la mujer y de g\u00e9nero&nbsp;&nbsp;&nbsp;<\/p>\n\n\n\n<p class=\"has-medium-font-size\"><strong>Objetivo:<\/strong> <\/p>\n\n\n\n<p class=\"has-medium-font-size\">\u2022 Capacitar a profesionales que trabajan con mujeres para aplicar una intervenci\u00f3n psicoeducativa para atender los s\u00edntomas de depresi\u00f3n&nbsp;<\/p>\n\n\n\n<p class=\"has-medium-font-size\"><strong>Tem\u00e1tica:<\/strong> <\/p>\n\n\n\n<p class=\"has-medium-font-size\">\u2022 Antecedentes y marco conceptual del Programa de Intervenci\u00f3n Psicoeducativa <\/p>\n\n\n\n<p class=\"has-medium-font-size\">\u2022 Revisi\u00f3n del libro base: \u00bfEs dif\u00edcil ser mujer? Una gu\u00eda sobre depresi\u00f3n <\/p>\n\n\n\n<p class=\"has-medium-font-size\">\u2022 Caracter\u00edsticas y condiciones para la aplicaci\u00f3n del programa&nbsp;&nbsp;<\/p>\n\n\n\n<figure class=\"wp-block-image size-large\"><img decoding=\"async\" loading=\"lazy\" width=\"640\" height=\"424\" src=\"https:\/\/i0.wp.com\/lafuente.mx\/wp-content\/uploads\/2024\/06\/digital-drawing-woman-sadness-4302943.jpg?resize=640%2C424\" alt=\"digital drawing, woman, sadness-4302943.jpg\" class=\"wp-image-2375\" srcset=\"https:\/\/i0.wp.com\/lafuente.mx\/wp-content\/uploads\/2024\/06\/digital-drawing-woman-sadness-4302943.jpg?resize=1024%2C679&amp;ssl=1 1024w, https:\/\/i0.wp.com\/lafuente.mx\/wp-content\/uploads\/2024\/06\/digital-drawing-woman-sadness-4302943.jpg?resize=300%2C199&amp;ssl=1 300w, https:\/\/i0.wp.com\/lafuente.mx\/wp-content\/uploads\/2024\/06\/digital-drawing-woman-sadness-4302943.jpg?resize=768%2C509&amp;ssl=1 768w, https:\/\/i0.wp.com\/lafuente.mx\/wp-content\/uploads\/2024\/06\/digital-drawing-woman-sadness-4302943.jpg?w=1280&amp;ssl=1 1280w\" sizes=\"(max-width: 640px) 100vw, 640px\" data-recalc-dims=\"1\" \/><\/figure>\n\n\n\n<p class=\"has-medium-font-size\"><strong>Modalidad: <\/strong><\/p>\n\n\n\n<p class=\"has-medium-font-size\">En l\u00ednea, participaci\u00f3n y supervisi\u00f3n a trav\u00e9s de foros y zoom, lectura de materiales y pr\u00e1ctica&nbsp;&nbsp;&nbsp;<\/p>\n\n\n\n<p class=\"has-medium-font-size\"><strong>Horas cr\u00e9dito: <\/strong><\/p>\n\n\n\n<p class=\"has-medium-font-size\">40 horas <strong>Requisito:<\/strong> Llenar formato de registro m\u00ednimo 15 d\u00edas antes de iniciar el curso para poder entregar el material a tiempo&nbsp;&nbsp;&nbsp;<\/p>\n\n\n\n<p class=\"has-medium-font-size\"><strong>Costo:<\/strong> $5,000.00 (precio regular)&nbsp;&nbsp;<\/p>\n\n\n\n<p class=\"has-medium-font-size\">Se podr\u00e1n otorgar becas parciales con base en las circunstancias que lo justifiquen presentadas en la carta de motivos que puede incluir en el formato de registro&nbsp;&nbsp;<\/p>\n\n\n\n<hr class=\"wp-block-separator has-text-color has-pale-pink-color has-alpha-channel-opacity has-pale-pink-background-color has-background\"\/>\n\n\n\n<p class=\"has-text-align-center has-white-color has-pale-pink-background-color has-text-color has-background has-large-font-size\"><strong>Informes y registro: <a href=\"https:\/\/bit.ly\/3x2L5yy\" target=\"_blank\" rel=\"noreferrer noopener\">https:\/\/bit.ly\/3x2L5yy<\/a>&nbsp;&nbsp;<\/strong><\/p>\n\n\n\n<p class=\"has-medium-font-size\">&nbsp;<a href=\"mailto:mujeresydepresion@gmail.com\" target=\"_blank\" rel=\"noreferrer noopener\">mujeresydepresion@gmail.com<\/a>&nbsp;&nbsp;&nbsp;<\/p>\n\n\n\n<div class=\"wp-block-buttons is-layout-flex wp-block-buttons-is-layout-flex\">\n<div class=\"wp-block-button\"><a class=\"wp-block-button__link has-pale-pink-background-color has-background wp-element-button\" href=\"http:\/\/bit.ly\/3xgEQUo\"><strong>REGISTRO<\/strong><\/a><\/div>\n<\/div>\n","protected":false},"excerpt":{"rendered":"<p>CURSO EN L\u00cdNEA Del 5 de agosto al 6 de octubre, 2024&nbsp; Coordinadora acad\u00e9mica: Dra. Ma. Asunci\u00f3n Lara Cant\u00fa&nbsp;&nbsp;&nbsp; Profesora: Mtra. en Psic. Maricarmen Acevedo<\/p>\n","protected":false},"author":3,"featured_media":2375,"comment_status":"closed","ping_status":"closed","sticky":false,"template":"","format":"standard","meta":{"footnotes":"","jetpack_publicize_message":"","jetpack_is_tweetstorm":false,"jetpack_publicize_feature_enabled":true},"categories":[4,6],"tags":[53,333,87,248,374,21,45,204,264,63,723,32],"jetpack_publicize_connections":[],"yoast_head":"<!-- This site is optimized with the Yoast SEO plugin v19.4 - https:\/\/yoast.com\/wordpress\/plugins\/seo\/ -->\n<title>Prevenci\u00f3n de la depresi\u00f3n en mujeres\u00a0 -<\/title>\n<meta name=\"description\" content=\"Curso en l\u00ednea. Capacitar a profesionales que trabajan con mujeres para aplicar una intervenci\u00f3n psicoeducativa para atender los s\u00edntomas de depresi\u00f3n\u00a0\" \/>\n<meta name=\"robots\" content=\"index, follow, max-snippet:-1, max-image-preview:large, max-video-preview:-1\" \/>\n<link rel=\"canonical\" href=\"https:\/\/lafuente.mx\/?p=2374\" \/>\n<meta property=\"og:locale\" content=\"es_MX\" \/>\n<meta property=\"og:type\" content=\"article\" \/>\n<meta property=\"og:title\" content=\"Prevenci\u00f3n de la depresi\u00f3n en mujeres\u00a0\" \/>\n<meta property=\"og:description\" content=\"Capacitar a profesionales que trabajan con mujeres para aplicar una intervenci\u00f3n psicoeducativa para atender los s\u00edntomas de depresi\u00f3n\u00a0\" \/>\n<meta property=\"og:url\" content=\"https:\/\/lafuente.mx\/?p=2374\" \/>\n<meta property=\"article:published_time\" content=\"2024-06-21T14:41:43+00:00\" \/>\n<meta property=\"article:modified_time\" content=\"2024-08-09T16:31:51+00:00\" \/>\n<meta property=\"og:image\" content=\"http:\/\/lafuente.mx\/wp-content\/uploads\/2024\/06\/digital-drawing-woman-sadness-4302943.jpg\" \/>\n\t<meta property=\"og:image:width\" content=\"1280\" \/>\n\t<meta property=\"og:image:height\" content=\"849\" \/>\n\t<meta property=\"og:image:type\" content=\"image\/jpeg\" \/>\n<meta name=\"author\" content=\"Claudia Gallardo\" \/>\n<meta name=\"twitter:card\" content=\"summary_large_image\" \/>\n<meta name=\"twitter:title\" content=\"Prevenci\u00f3n de la depresi\u00f3n en mujeres\u00a0\" \/>\n<meta name=\"twitter:description\" content=\"Capacitar a profesionales que trabajan con mujeres para aplicar una intervenci\u00f3n psicoeducativa para atender los s\u00edntomas de depresi\u00f3n\u00a0\" \/>\n<meta name=\"twitter:image\" content=\"https:\/\/i0.wp.com\/lafuente.mx\/wp-content\/uploads\/2024\/06\/digital-drawing-woman-sadness-4302943.jpg?fit=1280%2C849&ssl=1\" \/>\n<meta name=\"twitter:label1\" content=\"Escrito por\" \/>\n\t<meta name=\"twitter:data1\" content=\"Claudia Gallardo\" \/>\n\t<meta name=\"twitter:label2\" content=\"Tiempo de lectura\" \/>\n\t<meta name=\"twitter:data2\" content=\"1 minuto\" \/>\n<script type=\"application\/ld+json\" class=\"yoast-schema-graph\">{\"@context\":\"https:\/\/schema.org\",\"@graph\":[{\"@type\":\"WebSite\",\"@id\":\"https:\/\/lafuente.mx\/#website\",\"url\":\"https:\/\/lafuente.mx\/\",\"name\":\"\",\"description\":\"Informaci\u00f3n confiable sobre salud mental\",\"potentialAction\":[{\"@type\":\"SearchAction\",\"target\":{\"@type\":\"EntryPoint\",\"urlTemplate\":\"https:\/\/lafuente.mx\/?s={search_term_string}\"},\"query-input\":\"required name=search_term_string\"}],\"inLanguage\":\"es-MX\"},{\"@type\":\"WebPage\",\"@id\":\"https:\/\/lafuente.mx\/?p=2374\",\"url\":\"https:\/\/lafuente.mx\/?p=2374\",\"name\":\"Prevenci\u00f3n de la depresi\u00f3n en mujeres\u00a0 -\",\"isPartOf\":{\"@id\":\"https:\/\/lafuente.mx\/#website\"},\"datePublished\":\"2024-06-21T14:41:43+00:00\",\"dateModified\":\"2024-08-09T16:31:51+00:00\",\"author\":{\"@id\":\"https:\/\/lafuente.mx\/#\/schema\/person\/603f3aa8e2f6f7879021ab722d39d6b0\"},\"description\":\"Curso en l\u00ednea. Capacitar a profesionales que trabajan con mujeres para aplicar una intervenci\u00f3n psicoeducativa para atender los s\u00edntomas de depresi\u00f3n\u00a0\",\"breadcrumb\":{\"@id\":\"https:\/\/lafuente.mx\/?p=2374#breadcrumb\"},\"inLanguage\":\"es-MX\",\"potentialAction\":[{\"@type\":\"ReadAction\",\"target\":[\"https:\/\/lafuente.mx\/?p=2374\"]}]},{\"@type\":\"BreadcrumbList\",\"@id\":\"https:\/\/lafuente.mx\/?p=2374#breadcrumb\",\"itemListElement\":[{\"@type\":\"ListItem\",\"position\":1,\"name\":\"Inicio\",\"item\":\"https:\/\/lafuente.mx\/\"},{\"@type\":\"ListItem\",\"position\":2,\"name\":\"Prevenci\u00f3n de la depresi\u00f3n en mujeres\u00a0\"}]},{\"@type\":\"Person\",\"@id\":\"https:\/\/lafuente.mx\/#\/schema\/person\/603f3aa8e2f6f7879021ab722d39d6b0\",\"name\":\"Claudia Gallardo\",\"image\":{\"@type\":\"ImageObject\",\"inLanguage\":\"es-MX\",\"@id\":\"https:\/\/lafuente.mx\/#\/schema\/person\/image\/\",\"url\":\"https:\/\/secure.gravatar.com\/avatar\/bfe9c966af1ccfb9d17bcdb9d04e8815?s=96&d=mm&r=g\",\"contentUrl\":\"https:\/\/secure.gravatar.com\/avatar\/bfe9c966af1ccfb9d17bcdb9d04e8815?s=96&d=mm&r=g\",\"caption\":\"Claudia Gallardo\"},\"url\":\"https:\/\/lafuente.mx\/?author=3\"}]}<\/script>\n<!-- \/ Yoast SEO plugin. -->","yoast_head_json":{"title":"Prevenci\u00f3n de la depresi\u00f3n en mujeres\u00a0 -","description":"Curso en l\u00ednea. Capacitar a profesionales que trabajan con mujeres para aplicar una intervenci\u00f3n psicoeducativa para atender los s\u00edntomas de depresi\u00f3n\u00a0","robots":{"index":"index","follow":"follow","max-snippet":"max-snippet:-1","max-image-preview":"max-image-preview:large","max-video-preview":"max-video-preview:-1"},"canonical":"https:\/\/lafuente.mx\/?p=2374","og_locale":"es_MX","og_type":"article","og_title":"Prevenci\u00f3n de la depresi\u00f3n en mujeres\u00a0","og_description":"Capacitar a profesionales que trabajan con mujeres para aplicar una intervenci\u00f3n psicoeducativa para atender los s\u00edntomas de depresi\u00f3n\u00a0","og_url":"https:\/\/lafuente.mx\/?p=2374","article_published_time":"2024-06-21T14:41:43+00:00","article_modified_time":"2024-08-09T16:31:51+00:00","og_image":[{"width":1280,"height":849,"url":"http:\/\/lafuente.mx\/wp-content\/uploads\/2024\/06\/digital-drawing-woman-sadness-4302943.jpg","type":"image\/jpeg"}],"author":"Claudia Gallardo","twitter_card":"summary_large_image","twitter_title":"Prevenci\u00f3n de la depresi\u00f3n en mujeres\u00a0","twitter_description":"Capacitar a profesionales que trabajan con mujeres para aplicar una intervenci\u00f3n psicoeducativa para atender los s\u00edntomas de depresi\u00f3n\u00a0","twitter_image":"https:\/\/i0.wp.com\/lafuente.mx\/wp-content\/uploads\/2024\/06\/digital-drawing-woman-sadness-4302943.jpg?fit=1280%2C849&ssl=1","twitter_misc":{"Escrito por":"Claudia Gallardo","Tiempo de lectura":"1 minuto"},"schema":{"@context":"https:\/\/schema.org","@graph":[{"@type":"WebSite","@id":"https:\/\/lafuente.mx\/#website","url":"https:\/\/lafuente.mx\/","name":"","description":"Informaci\u00f3n confiable sobre salud mental","potentialAction":[{"@type":"SearchAction","target":{"@type":"EntryPoint","urlTemplate":"https:\/\/lafuente.mx\/?s={search_term_string}"},"query-input":"required name=search_term_string"}],"inLanguage":"es-MX"},{"@type":"WebPage","@id":"https:\/\/lafuente.mx\/?p=2374","url":"https:\/\/lafuente.mx\/?p=2374","name":"Prevenci\u00f3n de la depresi\u00f3n en mujeres\u00a0 -","isPartOf":{"@id":"https:\/\/lafuente.mx\/#website"},"datePublished":"2024-06-21T14:41:43+00:00","dateModified":"2024-08-09T16:31:51+00:00","author":{"@id":"https:\/\/lafuente.mx\/#\/schema\/person\/603f3aa8e2f6f7879021ab722d39d6b0"},"description":"Curso en l\u00ednea. Capacitar a profesionales que trabajan con mujeres para aplicar una intervenci\u00f3n psicoeducativa para atender los s\u00edntomas de depresi\u00f3n\u00a0","breadcrumb":{"@id":"https:\/\/lafuente.mx\/?p=2374#breadcrumb"},"inLanguage":"es-MX","potentialAction":[{"@type":"ReadAction","target":["https:\/\/lafuente.mx\/?p=2374"]}]},{"@type":"BreadcrumbList","@id":"https:\/\/lafuente.mx\/?p=2374#breadcrumb","itemListElement":[{"@type":"ListItem","position":1,"name":"Inicio","item":"https:\/\/lafuente.mx\/"},{"@type":"ListItem","position":2,"name":"Prevenci\u00f3n de la depresi\u00f3n en mujeres\u00a0"}]},{"@type":"Person","@id":"https:\/\/lafuente.mx\/#\/schema\/person\/603f3aa8e2f6f7879021ab722d39d6b0","name":"Claudia Gallardo","image":{"@type":"ImageObject","inLanguage":"es-MX","@id":"https:\/\/lafuente.mx\/#\/schema\/person\/image\/","url":"https:\/\/secure.gravatar.com\/avatar\/bfe9c966af1ccfb9d17bcdb9d04e8815?s=96&d=mm&r=g","contentUrl":"https:\/\/secure.gravatar.com\/avatar\/bfe9c966af1ccfb9d17bcdb9d04e8815?s=96&d=mm&r=g","caption":"Claudia Gallardo"},"url":"https:\/\/lafuente.mx\/?author=3"}]}},"jetpack_featured_media_url":"https:\/\/i0.wp.com\/lafuente.mx\/wp-content\/uploads\/2024\/06\/digital-drawing-woman-sadness-4302943.jpg?fit=1280%2C849&ssl=1","jetpack-related-posts":[{"id":970,"url":"https:\/\/lafuente.mx\/?p=970","url_meta":{"origin":2374,"position":0},"title":"Prevenci\u00f3n de la depresi\u00f3n en mujeres \u00a0","date":"marzo 27, 2023","format":false,"excerpt":"Del 17 de abril al 12 de junio, 2023\u00a0 Coordinadora acad\u00e9mica: Dra. Ma. Asunci\u00f3n Lara Cant\u00fa \u00a0 Profesora: Mtra. en Psic. Maricarmen Acevedo Corona \u00a0 Dirigido a: Profesionales de la salud y afines. Preferentemente con experiencia en el manejo de grupos y conocimientos de psicopatolog\u00eda, estudios sobre la mujer y\u2026","rel":"","context":"En &quot;Cursos en l\u00ednea&quot;","img":{"alt_text":"","src":"https:\/\/i0.wp.com\/lafuente.mx\/wp-content\/uploads\/2023\/03\/mujerColumpio.jpeg?fit=639%2C587&ssl=1&resize=350%2C200","width":350,"height":200},"classes":[]},{"id":972,"url":"https:\/\/lafuente.mx\/?p=972","url_meta":{"origin":2374,"position":1},"title":"Prevenci\u00f3n de la depresi\u00f3n posparto\u00a0","date":"marzo 28, 2023","format":false,"excerpt":"Del 15 de mayo al 10 de julio, 2023\u00a0 \u00bfEres profesional de la salud o ciencias sociales y atiendes a mujeres embarazadas o que han dado a luz recientemente? \u00bfNecesitas herramientas pr\u00e1cticas y efectivas para ense\u00f1arles a manejar sus s\u00edntomas emocionales perinatales y situaciones de estr\u00e9s?\u00a0 Coordinadora Acad\u00e9mica: Dra. Ma.\u2026","rel":"","context":"En &quot;Cursos en l\u00ednea&quot;","img":{"alt_text":"","src":"https:\/\/i0.wp.com\/lafuente.mx\/wp-content\/uploads\/2023\/03\/mama-bb.jpeg?fit=1200%2C628&ssl=1&resize=350%2C200","width":350,"height":200},"classes":[]},{"id":3022,"url":"https:\/\/lafuente.mx\/?p=3022","url_meta":{"origin":2374,"position":2},"title":"Prevenci\u00f3n de la depresi\u00f3n en mujeres","date":"julio 8, 2025","format":false,"excerpt":"Curso h\u00edbrido Del 4 de agosto al 5 de octubre de 2025 Coordinadora acad\u00e9mica:Dra. Ma. Asunci\u00f3n Lara Cant\u00fa TutoraMtra. en Psic. Maricarmen Acevedo Corona Dirigido a Profesionales de la salud y disciplinas psicosociales. Preferentemente con experiencia en el manejo de grupos y conocimientos de psicopatolog\u00eda, estudios sobre la mujer y\u2026","rel":"","context":"En &quot;Cursos&quot;","img":{"alt_text":"","src":"https:\/\/i0.wp.com\/lafuente.mx\/wp-content\/uploads\/2025\/07\/Depresion-mujer.jpg?fit=759%2C573&ssl=1&resize=350%2C200","width":350,"height":200},"classes":[]},{"id":2204,"url":"https:\/\/lafuente.mx\/?p=2204","url_meta":{"origin":2374,"position":3},"title":"Prevenci\u00f3n de la depresi\u00f3n en mujeres\u00a0","date":"abril 9, 2024","format":false,"excerpt":"Del 15 de abril al 16 de junio, 2024\u00a0 Coordinadora acad\u00e9mica:\u00a0Dra. Ma. Asunci\u00f3n Lara Cant\u00fa \u00a0\u00a0 Profesora:\u00a0Mtra. en Psic. Maricarmen Acevedo Corona \u00a0\u00a0 Dirigido a:\u00a0Profesionales de la salud y afines. Preferentemente con experiencia en el manejo de grupos y conocimientos de psicopatolog\u00eda, estudios sobre la mujer y de g\u00e9nero \u00a0\u2026","rel":"","context":"En &quot;Cursos en l\u00ednea&quot;","img":{"alt_text":"","src":"https:\/\/i0.wp.com\/lafuente.mx\/wp-content\/uploads\/2024\/04\/libros_0002_DSC_0146.jpg?fit=865%2C1181&ssl=1&resize=350%2C200","width":350,"height":200},"classes":[]},{"id":2392,"url":"https:\/\/lafuente.mx\/?p=2392","url_meta":{"origin":2374,"position":4},"title":"Prevenci\u00f3n de la depresi\u00f3n posparto\u00a0\u00a0","date":"julio 3, 2024","format":false,"excerpt":"CURSO EN L\u00cdNEA Del 23 de septiembre al 24 de noviembre, 2023\u00a0\u00a0 Coordinadora Acad\u00e9mica:\u00a0Dra. Ma. Asunci\u00f3n Lara Cant\u00fa\u00a0 Tutora:\u00a0Mtra. en Psic. Erica Medina Serd\u00e1n\u00a0\u00a0 Dirigido a:\u00a0Profesionales de la salud y afines. Preferentemente con experiencia en el manejo de grupos y conocimientos de psicopatolog\u00eda, estudios sobre la mujer y de g\u00e9nero\u00a0\u00a0\u2026","rel":"","context":"En &quot;Cursos&quot;","img":{"alt_text":"","src":"https:\/\/i0.wp.com\/lafuente.mx\/wp-content\/uploads\/2024\/06\/Captura-de-pantalla-2024-06-21-a-las-10.01.19.png?fit=897%2C1200&ssl=1&resize=350%2C200","width":350,"height":200},"classes":[]},{"id":1741,"url":"https:\/\/lafuente.mx\/?p=1741","url_meta":{"origin":2374,"position":5},"title":"Prevenci\u00f3n de la depresi\u00f3n posparto\u00a0","date":"septiembre 29, 2023","format":false,"excerpt":"Curso en l\u00ednea\u00a0 Del 9 de octubre al 8 de diciembre, 2023\u00a0 Coordinadora Acad\u00e9mica: Dra. Ma. Asunci\u00f3n Lara Cant\u00fa Tutora: Mtra. en Psic. Erica Medina Serd\u00e1n\u00a0 Dirigido a: Profesionales de la salud y afines. Preferentemente con experiencia en el manejo de grupos y conocimientos de psicopatolog\u00eda, estudios sobre la mujer\u2026","rel":"","context":"En &quot;Cursos&quot;","img":{"alt_text":"","src":"https:\/\/i0.wp.com\/lafuente.mx\/wp-content\/uploads\/2023\/09\/depre-Postparto.webp?fit=840%2C560&ssl=1&resize=350%2C200","width":350,"height":200},"classes":[]}],"jetpack_sharing_enabled":true,"jetpack_shortlink":"https:\/\/wp.me\/pe9WUx-Ci","_links":{"self":[{"href":"https:\/\/lafuente.mx\/index.php?rest_route=\/wp\/v2\/posts\/2374"}],"collection":[{"href":"https:\/\/lafuente.mx\/index.php?rest_route=\/wp\/v2\/posts"}],"about":[{"href":"https:\/\/lafuente.mx\/index.php?rest_route=\/wp\/v2\/types\/post"}],"author":[{"embeddable":true,"href":"https:\/\/lafuente.mx\/index.php?rest_route=\/wp\/v2\/users\/3"}],"replies":[{"embeddable":true,"href":"https:\/\/lafuente.mx\/index.php?rest_route=%2Fwp%2Fv2%2Fcomments&post=2374"}],"version-history":[{"count":5,"href":"https:\/\/lafuente.mx\/index.php?rest_route=\/wp\/v2\/posts\/2374\/revisions"}],"predecessor-version":[{"id":2429,"href":"https:\/\/lafuente.mx\/index.php?rest_route=\/wp\/v2\/posts\/2374\/revisions\/2429"}],"wp:featuredmedia":[{"embeddable":true,"href":"https:\/\/lafuente.mx\/index.php?rest_route=\/wp\/v2\/media\/2375"}],"wp:attachment":[{"href":"https:\/\/lafuente.mx\/index.php?rest_route=%2Fwp%2Fv2%2Fmedia&parent=2374"}],"wp:term":[{"taxonomy":"category","embeddable":true,"href":"https:\/\/lafuente.mx\/index.php?rest_route=%2Fwp%2Fv2%2Fcategories&post=2374"},{"taxonomy":"post_tag","embeddable":true,"href":"https:\/\/lafuente.mx\/index.php?rest_route=%2Fwp%2Fv2%2Ftags&post=2374"}],"curies":[{"name":"wp","href":"https:\/\/api.w.org\/{rel}","templated":true}]}}