{"id":2371,"date":"2024-06-20T08:00:00","date_gmt":"2024-06-20T08:00:00","guid":{"rendered":"https:\/\/lafuente.mx\/?p=2371"},"modified":"2024-06-19T18:42:10","modified_gmt":"2024-06-19T18:42:10","slug":"trastornos-alimentarios-ponen-en-riesgo-la-vida","status":"publish","type":"post","link":"https:\/\/lafuente.mx\/?p=2371","title":{"rendered":"Trastornos alimentarios ponen en riesgo la vida\u00a0"},"content":{"rendered":"\n<p class=\"has-text-color has-large-font-size\" style=\"color:#384b5b\"><strong>Los m\u00e1s comunes son el atrac\u00f3n, la anorexia nervosa y la bulimia nervosa<\/strong><\/p>\n\n\n\n<hr class=\"wp-block-separator has-text-color has-alpha-channel-opacity has-background\" style=\"background-color:#324353;color:#324353\"\/>\n\n\n\n<p class=\"has-medium-font-size\">Secretar\u00eda de Salud | 14 de junio de 2024\u00a0| Nacional\u00a0<\/p>\n\n\n\n<hr class=\"wp-block-separator has-text-color has-alpha-channel-opacity has-background is-style-wide\" style=\"background-color:#3a4d5e;color:#3a4d5e\"\/>\n\n\n\n<p>Est\u00e1n asociados con trastornos mentales como depresi\u00f3n, ansiedad, trastorno l\u00edmite de personalidad y obsesivo-compulsivo; atenci\u00f3n oportuna permite el control total.&nbsp;<\/p>\n\n\n\n<p>El atrac\u00f3n, la anorexia y la bulimia nervosa son los principales trastornos alimentarios en M\u00e9xico y el mundo; representan un problema de salud debido a que afectan mental y f\u00edsicamente a quienes los padecen.&nbsp;<\/p>\n\n\n\n<p>El especialista de la Cl\u00ednica de la Conducta Alimentaria del Instituto Nacional de Psiquiatr\u00eda Ram\u00f3n de la Fuente Mu\u00f1iz (INPRFM), Alejandro de Jes\u00fas Caballero Romo, se\u00f1al\u00f3 que los trastornos alimentarios pueden desarrollarse desde la adolescencia, independientemente del nivel educativo. Se estima que entre uno y dos por ciento de la poblaci\u00f3n mexicana padece anorexia y bulimia nervosa, y de 2.5 a tres por ciento, trastorno por atrac\u00f3n.\u00a0<\/p>\n\n\n\n<figure class=\"wp-block-image size-large\"><img decoding=\"async\" loading=\"lazy\" width=\"640\" height=\"409\" src=\"https:\/\/i0.wp.com\/lafuente.mx\/wp-content\/uploads\/2024\/06\/vegetable-skewer-paprika-tomato-3317060.jpg?resize=640%2C409\" alt=\"vegetable skewer, paprika, tomato-3317060.jpg\" class=\"wp-image-2372\" srcset=\"https:\/\/i0.wp.com\/lafuente.mx\/wp-content\/uploads\/2024\/06\/vegetable-skewer-paprika-tomato-3317060.jpg?resize=1024%2C655&amp;ssl=1 1024w, https:\/\/i0.wp.com\/lafuente.mx\/wp-content\/uploads\/2024\/06\/vegetable-skewer-paprika-tomato-3317060.jpg?resize=300%2C192&amp;ssl=1 300w, https:\/\/i0.wp.com\/lafuente.mx\/wp-content\/uploads\/2024\/06\/vegetable-skewer-paprika-tomato-3317060.jpg?resize=768%2C491&amp;ssl=1 768w, https:\/\/i0.wp.com\/lafuente.mx\/wp-content\/uploads\/2024\/06\/vegetable-skewer-paprika-tomato-3317060.jpg?w=1280&amp;ssl=1 1280w\" sizes=\"(max-width: 640px) 100vw, 640px\" data-recalc-dims=\"1\" \/><\/figure>\n\n\n\n<p>En entrevista, precis\u00f3 que el intento suicida, suicidio, depresi\u00f3n, ansiedad, desnutrici\u00f3n, esofagitis, reflujo, gastritis, alteraciones dentales, as\u00ed como da\u00f1o renal y cardiaco, son algunos problemas de salud que pueden presentarse en quienes sufren trastornos alimentarios.&nbsp;<\/p>\n\n\n\n<p>La anorexia nervosa se caracteriza porque la persona percibe una imagen corporal distorsionada de s\u00ed misma y un miedo injustificado a subir de peso; para mantener el peso por debajo de lo normal deja de comer y se somete a ejercicio excesivo.&nbsp;<\/p>\n\n\n\n<p>En la bulimia nervosa, las personas presentan episodios regulares de ingesti\u00f3n de una gran cantidad de alimentos y posteriormente aparece un sentimiento de culpa en el que, para evitar el aumento de peso, recurren a la pr\u00e1ctica del v\u00f3mito autoinducido y\/o abuso de laxantes, diur\u00e9ticos o enemas. Ocasionalmente, compensan con ejercicio excesivo o ayunos prolongados.\u00a0<\/p>\n\n\n\n<hr class=\"wp-block-separator has-text-color has-alpha-channel-opacity has-background\" style=\"background-color:#344f67;color:#344f67\"\/>\n\n\n\n<div class=\"wp-block-buttons is-layout-flex wp-block-buttons-is-layout-flex\">\n<div class=\"wp-block-button\"><a class=\"wp-block-button__link has-background wp-element-button\" href=\"https:\/\/www.gob.mx\/salud\/prensa\/233-trastornos-alimentarios-ponen-en-riesgo-la-vida?fbclid=IwZXh0bgNhZW0CMTAAAR2mOkQ7PnGqI26kt9qN8W5p3RpyNDsbMEEYGh15ym7_WjuWzcHeTwFLmyw_aem_ZmFrZWR1bW15MTZieXRlcw\" style=\"background-color:#2c465c\">M\u00e1s informaci\u00f3n<\/a><\/div>\n<\/div>\n","protected":false},"excerpt":{"rendered":"<p>Los m\u00e1s comunes son el atrac\u00f3n, la anorexia nervosa y la bulimia nervosa Secretar\u00eda de Salud | 14 de junio de 2024\u00a0| Nacional\u00a0 Est\u00e1n asociados<\/p>\n","protected":false},"author":3,"featured_media":2372,"comment_status":"closed","ping_status":"closed","sticky":false,"template":"","format":"standard","meta":{"footnotes":"","jetpack_publicize_message":"","jetpack_is_tweetstorm":false,"jetpack_publicize_feature_enabled":true},"categories":[3],"tags":[722,88,721,720,21,63,32,679,718,78],"jetpack_publicize_connections":[],"yoast_head":"<!-- This site is optimized with the Yoast SEO plugin v19.4 - https:\/\/yoast.com\/wordpress\/plugins\/seo\/ -->\n<title>Trastornos alimentarios ponen en riesgo la vida\u00a0 -<\/title>\n<meta name=\"description\" content=\"El especialista de la Cl\u00ednica de la Conducta Alimentaria del Instituto Nacional de Psiquiatr\u00eda Ram\u00f3n de la Fuente Mu\u00f1iz (INPRFM), Alejandro de Jes\u00fas Caballero Romo, se\u00f1al\u00f3 que los trastornos alimentarios pueden desarrollarse desde la adolescencia, independientemente del nivel educativo.\" \/>\n<meta name=\"robots\" content=\"index, follow, max-snippet:-1, max-image-preview:large, max-video-preview:-1\" \/>\n<link rel=\"canonical\" href=\"https:\/\/lafuente.mx\/?p=2371\" \/>\n<meta property=\"og:locale\" content=\"es_MX\" \/>\n<meta property=\"og:type\" content=\"article\" \/>\n<meta property=\"og:title\" content=\"Trastornos alimentarios ponen en riesgo la vida\" \/>\n<meta property=\"og:description\" content=\"El especialista de la Cl\u00ednica de la Conducta Alimentaria del Instituto Nacional de Psiquiatr\u00eda Ram\u00f3n de la Fuente Mu\u00f1iz (INPRFM), Alejandro de Jes\u00fas Caballero Romo, se\u00f1al\u00f3 que los trastornos alimentarios pueden desarrollarse desde la adolescencia, independientemente del nivel educativo.\" \/>\n<meta property=\"og:url\" content=\"https:\/\/lafuente.mx\/?p=2371\" \/>\n<meta property=\"article:published_time\" content=\"2024-06-20T08:00:00+00:00\" \/>\n<meta property=\"article:modified_time\" content=\"2024-06-19T18:42:10+00:00\" \/>\n<meta property=\"og:image\" content=\"https:\/\/i0.wp.com\/lafuente.mx\/wp-content\/uploads\/2024\/06\/vegetable-skewer-paprika-tomato-3317060.jpg?fit=1280%2C819&ssl=1\" \/>\n\t<meta property=\"og:image:width\" content=\"1280\" \/>\n\t<meta property=\"og:image:height\" content=\"819\" \/>\n\t<meta property=\"og:image:type\" content=\"image\/jpeg\" \/>\n<meta name=\"author\" content=\"Claudia Gallardo\" \/>\n<meta name=\"twitter:card\" content=\"summary_large_image\" \/>\n<meta name=\"twitter:title\" content=\"Trastornos alimentarios ponen en riesgo la vida\" \/>\n<meta name=\"twitter:description\" content=\"El especialista de la Cl\u00ednica de la Conducta Alimentaria del Instituto Nacional de Psiquiatr\u00eda Ram\u00f3n de la Fuente Mu\u00f1iz (INPRFM), Alejandro de Jes\u00fas Caballero Romo, se\u00f1al\u00f3 que los trastornos alimentarios pueden desarrollarse desde la adolescencia, independientemente del nivel educativo.\" \/>\n<meta name=\"twitter:image\" content=\"https:\/\/i0.wp.com\/lafuente.mx\/wp-content\/uploads\/2024\/06\/vegetable-skewer-paprika-tomato-3317060.jpg?fit=1280%2C819&ssl=1\" \/>\n<meta name=\"twitter:label1\" content=\"Escrito por\" \/>\n\t<meta name=\"twitter:data1\" content=\"Claudia Gallardo\" \/>\n\t<meta name=\"twitter:label2\" content=\"Tiempo de lectura\" \/>\n\t<meta name=\"twitter:data2\" content=\"2 minutos\" \/>\n<script type=\"application\/ld+json\" class=\"yoast-schema-graph\">{\"@context\":\"https:\/\/schema.org\",\"@graph\":[{\"@type\":\"WebSite\",\"@id\":\"https:\/\/lafuente.mx\/#website\",\"url\":\"https:\/\/lafuente.mx\/\",\"name\":\"\",\"description\":\"Informaci\u00f3n confiable sobre salud mental\",\"potentialAction\":[{\"@type\":\"SearchAction\",\"target\":{\"@type\":\"EntryPoint\",\"urlTemplate\":\"https:\/\/lafuente.mx\/?s={search_term_string}\"},\"query-input\":\"required name=search_term_string\"}],\"inLanguage\":\"es-MX\"},{\"@type\":\"WebPage\",\"@id\":\"https:\/\/lafuente.mx\/?p=2371\",\"url\":\"https:\/\/lafuente.mx\/?p=2371\",\"name\":\"Trastornos alimentarios ponen en riesgo la vida\u00a0 -\",\"isPartOf\":{\"@id\":\"https:\/\/lafuente.mx\/#website\"},\"datePublished\":\"2024-06-20T08:00:00+00:00\",\"dateModified\":\"2024-06-19T18:42:10+00:00\",\"author\":{\"@id\":\"https:\/\/lafuente.mx\/#\/schema\/person\/603f3aa8e2f6f7879021ab722d39d6b0\"},\"description\":\"El especialista de la Cl\u00ednica de la Conducta Alimentaria del Instituto Nacional de Psiquiatr\u00eda Ram\u00f3n de la Fuente Mu\u00f1iz (INPRFM), Alejandro de Jes\u00fas Caballero Romo, se\u00f1al\u00f3 que los trastornos alimentarios pueden desarrollarse desde la adolescencia, independientemente del nivel educativo.\",\"breadcrumb\":{\"@id\":\"https:\/\/lafuente.mx\/?p=2371#breadcrumb\"},\"inLanguage\":\"es-MX\",\"potentialAction\":[{\"@type\":\"ReadAction\",\"target\":[\"https:\/\/lafuente.mx\/?p=2371\"]}]},{\"@type\":\"BreadcrumbList\",\"@id\":\"https:\/\/lafuente.mx\/?p=2371#breadcrumb\",\"itemListElement\":[{\"@type\":\"ListItem\",\"position\":1,\"name\":\"Inicio\",\"item\":\"https:\/\/lafuente.mx\/\"},{\"@type\":\"ListItem\",\"position\":2,\"name\":\"Trastornos alimentarios ponen en riesgo la vida\u00a0\"}]},{\"@type\":\"Person\",\"@id\":\"https:\/\/lafuente.mx\/#\/schema\/person\/603f3aa8e2f6f7879021ab722d39d6b0\",\"name\":\"Claudia Gallardo\",\"image\":{\"@type\":\"ImageObject\",\"inLanguage\":\"es-MX\",\"@id\":\"https:\/\/lafuente.mx\/#\/schema\/person\/image\/\",\"url\":\"https:\/\/secure.gravatar.com\/avatar\/bfe9c966af1ccfb9d17bcdb9d04e8815?s=96&d=mm&r=g\",\"contentUrl\":\"https:\/\/secure.gravatar.com\/avatar\/bfe9c966af1ccfb9d17bcdb9d04e8815?s=96&d=mm&r=g\",\"caption\":\"Claudia Gallardo\"},\"url\":\"https:\/\/lafuente.mx\/?author=3\"}]}<\/script>\n<!-- \/ Yoast SEO plugin. -->","yoast_head_json":{"title":"Trastornos alimentarios ponen en riesgo la vida\u00a0 -","description":"El especialista de la Cl\u00ednica de la Conducta Alimentaria del Instituto Nacional de Psiquiatr\u00eda Ram\u00f3n de la Fuente Mu\u00f1iz (INPRFM), Alejandro de Jes\u00fas Caballero Romo, se\u00f1al\u00f3 que los trastornos alimentarios pueden desarrollarse desde la adolescencia, independientemente del nivel educativo.","robots":{"index":"index","follow":"follow","max-snippet":"max-snippet:-1","max-image-preview":"max-image-preview:large","max-video-preview":"max-video-preview:-1"},"canonical":"https:\/\/lafuente.mx\/?p=2371","og_locale":"es_MX","og_type":"article","og_title":"Trastornos alimentarios ponen en riesgo la vida","og_description":"El especialista de la Cl\u00ednica de la Conducta Alimentaria del Instituto Nacional de Psiquiatr\u00eda Ram\u00f3n de la Fuente Mu\u00f1iz (INPRFM), Alejandro de Jes\u00fas Caballero Romo, se\u00f1al\u00f3 que los trastornos alimentarios pueden desarrollarse desde la adolescencia, independientemente del nivel educativo.","og_url":"https:\/\/lafuente.mx\/?p=2371","article_published_time":"2024-06-20T08:00:00+00:00","article_modified_time":"2024-06-19T18:42:10+00:00","og_image":[{"width":1280,"height":819,"url":"https:\/\/i0.wp.com\/lafuente.mx\/wp-content\/uploads\/2024\/06\/vegetable-skewer-paprika-tomato-3317060.jpg?fit=1280%2C819&ssl=1","type":"image\/jpeg"}],"author":"Claudia Gallardo","twitter_card":"summary_large_image","twitter_title":"Trastornos alimentarios ponen en riesgo la vida","twitter_description":"El especialista de la Cl\u00ednica de la Conducta Alimentaria del Instituto Nacional de Psiquiatr\u00eda Ram\u00f3n de la Fuente Mu\u00f1iz (INPRFM), Alejandro de Jes\u00fas Caballero Romo, se\u00f1al\u00f3 que los trastornos alimentarios pueden desarrollarse desde la adolescencia, independientemente del nivel educativo.","twitter_image":"https:\/\/i0.wp.com\/lafuente.mx\/wp-content\/uploads\/2024\/06\/vegetable-skewer-paprika-tomato-3317060.jpg?fit=1280%2C819&ssl=1","twitter_misc":{"Escrito por":"Claudia Gallardo","Tiempo de lectura":"2 minutos"},"schema":{"@context":"https:\/\/schema.org","@graph":[{"@type":"WebSite","@id":"https:\/\/lafuente.mx\/#website","url":"https:\/\/lafuente.mx\/","name":"","description":"Informaci\u00f3n confiable sobre salud mental","potentialAction":[{"@type":"SearchAction","target":{"@type":"EntryPoint","urlTemplate":"https:\/\/lafuente.mx\/?s={search_term_string}"},"query-input":"required name=search_term_string"}],"inLanguage":"es-MX"},{"@type":"WebPage","@id":"https:\/\/lafuente.mx\/?p=2371","url":"https:\/\/lafuente.mx\/?p=2371","name":"Trastornos alimentarios ponen en riesgo la vida\u00a0 -","isPartOf":{"@id":"https:\/\/lafuente.mx\/#website"},"datePublished":"2024-06-20T08:00:00+00:00","dateModified":"2024-06-19T18:42:10+00:00","author":{"@id":"https:\/\/lafuente.mx\/#\/schema\/person\/603f3aa8e2f6f7879021ab722d39d6b0"},"description":"El especialista de la Cl\u00ednica de la Conducta Alimentaria del Instituto Nacional de Psiquiatr\u00eda Ram\u00f3n de la Fuente Mu\u00f1iz (INPRFM), Alejandro de Jes\u00fas Caballero Romo, se\u00f1al\u00f3 que los trastornos alimentarios pueden desarrollarse desde la adolescencia, independientemente del nivel educativo.","breadcrumb":{"@id":"https:\/\/lafuente.mx\/?p=2371#breadcrumb"},"inLanguage":"es-MX","potentialAction":[{"@type":"ReadAction","target":["https:\/\/lafuente.mx\/?p=2371"]}]},{"@type":"BreadcrumbList","@id":"https:\/\/lafuente.mx\/?p=2371#breadcrumb","itemListElement":[{"@type":"ListItem","position":1,"name":"Inicio","item":"https:\/\/lafuente.mx\/"},{"@type":"ListItem","position":2,"name":"Trastornos alimentarios ponen en riesgo la vida\u00a0"}]},{"@type":"Person","@id":"https:\/\/lafuente.mx\/#\/schema\/person\/603f3aa8e2f6f7879021ab722d39d6b0","name":"Claudia Gallardo","image":{"@type":"ImageObject","inLanguage":"es-MX","@id":"https:\/\/lafuente.mx\/#\/schema\/person\/image\/","url":"https:\/\/secure.gravatar.com\/avatar\/bfe9c966af1ccfb9d17bcdb9d04e8815?s=96&d=mm&r=g","contentUrl":"https:\/\/secure.gravatar.com\/avatar\/bfe9c966af1ccfb9d17bcdb9d04e8815?s=96&d=mm&r=g","caption":"Claudia Gallardo"},"url":"https:\/\/lafuente.mx\/?author=3"}]}},"jetpack_featured_media_url":"https:\/\/i0.wp.com\/lafuente.mx\/wp-content\/uploads\/2024\/06\/vegetable-skewer-paprika-tomato-3317060.jpg?fit=1280%2C819&ssl=1","jetpack-related-posts":[{"id":655,"url":"https:\/\/lafuente.mx\/?p=655","url_meta":{"origin":2371,"position":0},"title":"Trastornos de la conducta alimentaria afectan a 25% de adolescentes\u00a0","date":"enero 18, 2023","format":false,"excerpt":"Los m\u00e1s comunes son bulimia, anorexia y los atracones\u00a0 Secretar\u00eda de Salud | 07 de enero de 2023 | Comunicado\u00a0 Se estima que, en M\u00e9xico, 25 por ciento de adolescentes padece en diferentes grados un trastorno de la alimentaci\u00f3n; la mayor\u00eda de los casos, asociados con alg\u00fan problema mental.\u00a0 Cl\u00ednica\u2026","rel":"","context":"En &quot;Noticias&quot;","img":{"alt_text":"","src":"https:\/\/i0.wp.com\/lafuente.mx\/wp-content\/uploads\/2023\/01\/alimentos-saludables-1.jpeg?fit=730%2C529&ssl=1&resize=350%2C200","width":350,"height":200},"classes":[]},{"id":2174,"url":"https:\/\/lafuente.mx\/?p=2174","url_meta":{"origin":2371,"position":1},"title":"D\u00eda Mundial del Trastorno Bipolar \u00a0","date":"marzo 30, 2024","format":false,"excerpt":"30 de marzo El trastorno bipolar es una enfermedad mental que afecta a los mecanismos que regulan el estado de \u00e1nimo (animostato). Se suele caracterizar por la alternancia de episodios man\u00edacos (altos emocionales) y depresivos (bajos emocionales) separados por per\u00edodos de estado de \u00e1nimo normal. No obstante, la enfermedad tambi\u00e9n\u2026","rel":"","context":"En &quot;Efem\u00e9rides de Salud Mental&quot;","img":{"alt_text":"","src":"https:\/\/i0.wp.com\/lafuente.mx\/wp-content\/uploads\/2024\/04\/Captura-de-pantalla-2024-04-02-a-las-10.09.21.png?fit=1200%2C678&ssl=1&resize=350%2C200","width":350,"height":200},"classes":[]},{"id":2039,"url":"https:\/\/lafuente.mx\/?p=2039","url_meta":{"origin":2371,"position":2},"title":"Consumo de productos ultraprocesados se asocia con cuadros de depresi\u00f3n y ansiedad\u00a0","date":"enero 24, 2024","format":false,"excerpt":"Activan un neurotransmisor llamado dopamina, que proporciona sensaci\u00f3n de placer; esto genera la necesidad de seguirlos consumiendo\u00a0 Secretar\u00eda de Salud | 16 de enero de 2024 | Nacional\u00a0 Es recomendable tomar como base de la alimentaci\u00f3n diaria el Plato del Bien Comer o las gu\u00edas alimentarias https:\/\/bit.ly\/3RYEHz2\u00a0 Ana Rosa Garc\u00eda,\u2026","rel":"","context":"En &quot;Noticias&quot;","img":{"alt_text":"","src":"https:\/\/i0.wp.com\/lafuente.mx\/wp-content\/uploads\/2024\/01\/platoBuen-comer.webp?fit=800%2C600&ssl=1&resize=350%2C200","width":350,"height":200},"classes":[]},{"id":3619,"url":"https:\/\/lafuente.mx\/?p=3619","url_meta":{"origin":2371,"position":3},"title":"Hallazgos sobre perfil metab\u00f3lico y psicopatolog\u00eda en adolescentes\u00a0","date":"marzo 30, 2026","format":false,"excerpt":"Feb 26, 2026 |\u00a0Academia\u00a0 \u201cEl perfil metab\u00f3lico nos abre el panorama en torno a la investigaci\u00f3n de nuevos marcadores asociados a la patolog\u00eda psiqui\u00e1trica. Entender la enfermedad mental como un constructo dimensional nos ayuda a tener una visi\u00f3n m\u00e1s integral de la psiquiatr\u00eda\u201d, afirm\u00f3 el doctor Cristian Hern\u00e1ndez Alba, residente\u2026","rel":"","context":"En &quot;Noticias&quot;","img":{"alt_text":"","src":"https:\/\/i0.wp.com\/lafuente.mx\/wp-content\/uploads\/2023\/01\/adolescentes_.png?fit=660%2C444&ssl=1&resize=350%2C200","width":350,"height":200},"classes":[]},{"id":1876,"url":"https:\/\/lafuente.mx\/?p=1876","url_meta":{"origin":2371,"position":4},"title":"Temas selectos en los trastornos de la conducta alimentaria: su afrontamiento cl\u00ednico en el entorno actual\u00a0","date":"noviembre 21, 2023","format":false,"excerpt":"Del 27 de noviembre al 8 de diciembre de 2023\u00a0 Coordinador:\u00a0 Dr. Alejandro de J. Caballero Romo\u00a0 Dirigido a:\u00a0 Profesionales de la salud: medicina, psicolog\u00eda, nutrici\u00f3n, trabajo social, enfermer\u00eda y profesiones afines\u00a0 Objetivo general: Reflexionar acerca de la naturaleza cl\u00ednica de los trastornos de la conducta alimentaria y su presentaci\u00f3n\u2026","rel":"","context":"En &quot;Cursos en l\u00ednea&quot;","img":{"alt_text":"","src":"https:\/\/i0.wp.com\/lafuente.mx\/wp-content\/uploads\/2023\/11\/tca-pyrt2wocimkeydzeapckas8bvswdfu96y3gichtpb2.jpg?fit=1200%2C675&ssl=1&resize=350%2C200","width":350,"height":200},"classes":[]},{"id":680,"url":"https:\/\/lafuente.mx\/?p=680","url_meta":{"origin":2371,"position":5},"title":"Salud mental de las ni\u00f1as, ni\u00f1os y adolescentes en el contexto familiar\u00a0\u00a0","date":"enero 25, 2023","format":false,"excerpt":"Diplomados en l\u00ednea Generaci\u00f3n 2023 COORDINADORA ACAD\u00c9MICA: Dra. Diana Patricia Gu\u00edzar S\u00e1nchez\u00a0 Diplomado dirigido a personal de medicina general, medicina especializada, psicolog\u00eda y terapia del \u00e1rea de la salud mental.\u00a0 Objetivo general y contenido tem\u00e1tico Evaluar las \u00e1reas de oportunidad en las ni\u00f1as, ni\u00f1os y adolescentes dentro del contexto familiar\u2026","rel":"","context":"En &quot;Cursos&quot;","img":{"alt_text":"","src":"https:\/\/i0.wp.com\/lafuente.mx\/wp-content\/uploads\/2023\/01\/imagenSMNA.jpg?fit=1200%2C526&ssl=1&resize=350%2C200","width":350,"height":200},"classes":[]}],"jetpack_sharing_enabled":true,"jetpack_shortlink":"https:\/\/wp.me\/pe9WUx-Cf","_links":{"self":[{"href":"https:\/\/lafuente.mx\/index.php?rest_route=\/wp\/v2\/posts\/2371"}],"collection":[{"href":"https:\/\/lafuente.mx\/index.php?rest_route=\/wp\/v2\/posts"}],"about":[{"href":"https:\/\/lafuente.mx\/index.php?rest_route=\/wp\/v2\/types\/post"}],"author":[{"embeddable":true,"href":"https:\/\/lafuente.mx\/index.php?rest_route=\/wp\/v2\/users\/3"}],"replies":[{"embeddable":true,"href":"https:\/\/lafuente.mx\/index.php?rest_route=%2Fwp%2Fv2%2Fcomments&post=2371"}],"version-history":[{"count":1,"href":"https:\/\/lafuente.mx\/index.php?rest_route=\/wp\/v2\/posts\/2371\/revisions"}],"predecessor-version":[{"id":2373,"href":"https:\/\/lafuente.mx\/index.php?rest_route=\/wp\/v2\/posts\/2371\/revisions\/2373"}],"wp:featuredmedia":[{"embeddable":true,"href":"https:\/\/lafuente.mx\/index.php?rest_route=\/wp\/v2\/media\/2372"}],"wp:attachment":[{"href":"https:\/\/lafuente.mx\/index.php?rest_route=%2Fwp%2Fv2%2Fmedia&parent=2371"}],"wp:term":[{"taxonomy":"category","embeddable":true,"href":"https:\/\/lafuente.mx\/index.php?rest_route=%2Fwp%2Fv2%2Fcategories&post=2371"},{"taxonomy":"post_tag","embeddable":true,"href":"https:\/\/lafuente.mx\/index.php?rest_route=%2Fwp%2Fv2%2Ftags&post=2371"}],"curies":[{"name":"wp","href":"https:\/\/api.w.org\/{rel}","templated":true}]}}