{"id":2365,"date":"2024-06-19T18:31:10","date_gmt":"2024-06-19T18:31:10","guid":{"rendered":"https:\/\/lafuente.mx\/?p=2365"},"modified":"2024-06-21T15:49:00","modified_gmt":"2024-06-21T15:49:00","slug":"trastorno-bipolar-en-ninos-y-adolescentes","status":"publish","type":"post","link":"https:\/\/lafuente.mx\/?p=2365","title":{"rendered":"Trastorno Bipolar en Ni\u00f1os y\u00a0 Adolescentes\u00a0"},"content":{"rendered":"\n<p class=\"has-text-align-center has-large-font-size\"><strong>GU\u00cdAS CL\u00cdNICAS&nbsp;<\/strong><\/p>\n\n\n\n<hr class=\"wp-block-separator has-text-color has-alpha-channel-opacity has-background\" style=\"background-color:#ff3838;color:#ff3838\"\/>\n\n\n<div class=\"wp-block-image\">\n<figure class=\"aligncenter size-large is-resized\"><img decoding=\"async\" loading=\"lazy\" width=\"640\" height=\"785\" src=\"https:\/\/i0.wp.com\/lafuente.mx\/wp-content\/uploads\/2024\/06\/GuiaClinic-835x1024.jpg?resize=640%2C785&#038;ssl=1\" alt=\"\" class=\"wp-image-2366\" style=\"aspect-ratio:0.8154296875;width:568px;height:auto\" srcset=\"https:\/\/i0.wp.com\/lafuente.mx\/wp-content\/uploads\/2024\/06\/GuiaClinic.jpg?resize=835%2C1024&amp;ssl=1 835w, https:\/\/i0.wp.com\/lafuente.mx\/wp-content\/uploads\/2024\/06\/GuiaClinic.jpg?resize=244%2C300&amp;ssl=1 244w, https:\/\/i0.wp.com\/lafuente.mx\/wp-content\/uploads\/2024\/06\/GuiaClinic.jpg?resize=768%2C942&amp;ssl=1 768w, https:\/\/i0.wp.com\/lafuente.mx\/wp-content\/uploads\/2024\/06\/GuiaClinic.jpg?w=850&amp;ssl=1 850w\" sizes=\"(max-width: 640px) 100vw, 640px\" data-recalc-dims=\"1\" \/><\/figure><\/div>\n\n\n<p class=\"has-text-color has-medium-font-size\" style=\"color:#541a14\"><strong>INTRODUCCI\u00d3N&nbsp;<\/strong><\/p>\n\n\n\n<p class=\"has-text-color has-medium-font-size\" style=\"color:#541a14\"><strong>El Trastorno Bipolar,<\/strong> antiguamente conocido como enfermedad maniaco depresiva, es un trastorno del estado del \u00e1nimo, en el que se presentan fases de depresi\u00f3n con otras de euforia. Es una de las psicopatolog\u00edas menos frecuentes en la Infancia, debido en parte a que durante muchos a\u00f1os se pens\u00f3 que era una enfermedad de adultos o adolescentes tard\u00edos y hasta hace muy poco tiempo se&nbsp;le consider\u00f3 como una enfermedad mental de aparici\u00f3n en la infancia. Este trastorno representa un problema grave de salud mental, tanto por su evoluci\u00f3n t\u00f3rpida como por el hecho de que no es f\u00e1cil su diagn\u00f3stico por la similitud en sus s\u00edntomas con el Trastorno por D\u00e9ficit de Atenci\u00f3n e Hiperactividad (TDAH) y el Trastorno de Conducta.&nbsp;<\/p>\n\n\n\n<p class=\"has-text-color has-medium-font-size\" style=\"color:#541a14\">El Trastorno Bipolar en la infancia y adolescencia entorpece el desarrollo emocional, cognitivo y social, ya que dificulta las relaciones interpersonales, se presentan problemas de conducta, con frecuencia existe mal rendimiento escolar, hospitalizaciones, proclividad hacia el consumo de tabaco, alcohol y drogas, adem\u00e1s de asociarse a mayor riesgo de suicidio.&nbsp;<\/p>\n\n\n<div class=\"wp-block-image\">\n<figure class=\"aligncenter size-full is-resized\"><img decoding=\"async\" loading=\"lazy\" width=\"640\" height=\"637\" src=\"https:\/\/i0.wp.com\/lafuente.mx\/wp-content\/uploads\/2024\/06\/Captura-de-pantalla-2024-06-19-a-las-12.27.32.png?resize=640%2C637&#038;ssl=1\" alt=\"\" class=\"wp-image-2368\" style=\"aspect-ratio:1.0046296296296295;width:581px;height:auto\" srcset=\"https:\/\/i0.wp.com\/lafuente.mx\/wp-content\/uploads\/2024\/06\/Captura-de-pantalla-2024-06-19-a-las-12.27.32.png?w=868&amp;ssl=1 868w, https:\/\/i0.wp.com\/lafuente.mx\/wp-content\/uploads\/2024\/06\/Captura-de-pantalla-2024-06-19-a-las-12.27.32.png?resize=300%2C300&amp;ssl=1 300w, https:\/\/i0.wp.com\/lafuente.mx\/wp-content\/uploads\/2024\/06\/Captura-de-pantalla-2024-06-19-a-las-12.27.32.png?resize=150%2C150&amp;ssl=1 150w, https:\/\/i0.wp.com\/lafuente.mx\/wp-content\/uploads\/2024\/06\/Captura-de-pantalla-2024-06-19-a-las-12.27.32.png?resize=768%2C764&amp;ssl=1 768w\" sizes=\"(max-width: 640px) 100vw, 640px\" data-recalc-dims=\"1\" \/><\/figure><\/div>\n\n\n<p class=\"has-text-color has-medium-font-size\" style=\"color:#541a14\">Por lo anterior se hace necesario tener criterios bien definidos para realizar un diagn\u00f3stico temprano y certero de la enfermedad a fin de poder llevar a cabo un abordaje terap\u00e9utico interdisciplinario que favorezca la recuperaci\u00f3n del menor y disminuya los riesgos y las consecuencias negativas a lo largo de su desarrollo.&nbsp;<\/p>\n\n\n\n<p class=\"has-text-color has-medium-font-size\" style=\"color:#541a14\">La presente gu\u00eda es un documento cuyo objetivo es proporcionar criterios diagn\u00f3sticos para su identificaci\u00f3n, as\u00ed como el procedimiento y canalizaci\u00f3n indicados para su tratamiento en el \u00e1mbito adecuado. Esta dirigido a m\u00e9dicos generales y especialistas de cualquier profesi\u00f3n relacionada con la atenci\u00f3n de ni\u00f1os y adolescentes, personal de enfermer\u00eda, psicolog\u00eda, trabajo social y educaci\u00f3n, con la finalidad de proporcionar informaci\u00f3n en lo que se refiere a las causas y s\u00edntomas del trastorno y orientaci\u00f3n en cuanto a las intervenciones terap\u00e9uticas.&nbsp;<\/p>\n\n\n\n<p class=\"has-text-align-center has-text-color has-medium-font-size\" style=\"color:#541a14\"><strong>SECRETAR\u00cdA DE SALUD, M\u00c9XICO&nbsp;<\/strong><\/p>\n\n\n\n<div class=\"wp-block-columns is-layout-flex wp-container-5 wp-block-columns-is-layout-flex\">\n<div class=\"wp-block-column is-layout-flow wp-block-column-is-layout-flow\" style=\"flex-basis:100%\">\n<div class=\"wp-block-group is-layout-constrained wp-block-group-is-layout-constrained\"><div class=\"wp-block-group__inner-container\">\n<div class=\"wp-block-columns is-layout-flex wp-container-2 wp-block-columns-is-layout-flex\">\n<div class=\"wp-block-column is-layout-flow wp-block-column-is-layout-flow\" style=\"flex-basis:100%\">\n<ul>\n<li><strong>Edith Padr\u00f3n Solom\u00f3n&nbsp;<\/strong><\/li>\n\n\n\n<li>M\u00e9dico Especialista en Psiquiatr\u00eda y en Psiquiatr\u00eda Infantil y de la Adolescencia&nbsp;<\/li>\n\n\n\n<li>Hospital Psiqui\u00e1trico Infantil &#8220;Dr. Juan N. Navarro&#8221;&nbsp;<\/li>\n\n\n\n<li><strong>Araceli Aquino Sosa&nbsp;<\/strong><\/li>\n\n\n\n<li>M\u00e9dico Especialista en Psiquiatr\u00eda y en Psiquiatr\u00eda Infantil y de la Adolescencia.&nbsp;<\/li>\n\n\n\n<li>Hospital Psiqui\u00e1trico Infantil &#8220;Dr. Juan N. Navarro&#8221;&nbsp;<\/li>\n\n\n\n<li><strong>Claudia Tejeda Romero&nbsp;<\/strong><\/li>\n\n\n\n<li>M\u00e9dico Especialista en Psiquiatr\u00eda y en Psiquiatr\u00eda Infantil y de la Adolescencia.&nbsp;<\/li>\n\n\n\n<li>Hospital Psiqui\u00e1trico Infantil &#8220;Dr. Juan N. Navarro&#8221;&nbsp;<\/li>\n\n\n\n<li><strong>Gregorio Chan D\u00edaz&nbsp;<\/strong><\/li>\n\n\n\n<li>M\u00e9dico Especialista en Psiquiatr\u00eda y en Psiquiatr\u00eda Infantil y de la Adolescencia.&nbsp;<\/li>\n\n\n\n<li>Hospital de psiquiatria \u201cGustavo Leon Mojica Garc\u00eda\u201d&nbsp;, Aguascalientes, Ags.&nbsp;<\/li>\n\n\n\n<li><strong>In\u00e9s Nogales Imaca&nbsp;<\/strong><\/li>\n\n\n\n<li>M\u00e9dico Especialista en Psiquiatr\u00eda y en Psiquiatr\u00eda Infantil y de la Adolescencia.&nbsp;<\/li>\n\n\n\n<li>Hospital Psiqui\u00e1trico Infantil &#8220;Dr. Juan N. Navarro&#8221;&nbsp;<\/li>\n\n\n\n<li><strong>Jos\u00e9 Antonio C\u00e1rdenas Zetina&nbsp;<\/strong><\/li>\n\n\n\n<li>M\u00e9dico Especialista en Psiquiatr\u00eda y en Psiquiatr\u00eda Infantil y de la Adolescencia.&nbsp;<\/li>\n\n\n\n<li>Hospital Psiqui\u00e1trico Infantil &#8220;Dr. Juan N. Navarro&#8221;&nbsp;<\/li>\n\n\n\n<li><strong>Jorge Ram\u00edrez Ahuja&nbsp;<\/strong><\/li>\n\n\n\n<li>Psic\u00f3logo&nbsp; Hospital Psiqui\u00e1trico Infantil &#8220;Dr. Juan N. Navarro&#8221;&nbsp;<\/li>\n\n\n\n<li><strong>Juan Carlos Alvarez Mej\u00eda&nbsp;<\/strong><\/li>\n\n\n\n<li>M\u00e9dico Especialista en Psiquiatr\u00eda y en Psiquiatr\u00eda Infantil y de la Adolescencia.&nbsp;<\/li>\n\n\n\n<li>Hospital General de Zona No. 48, IMSS&nbsp;<\/li>\n\n\n\n<li><strong>Lino Palacios Cruz&nbsp;<\/strong><\/li>\n\n\n\n<li>M\u00e9dico Especialista en Psiquiatr\u00eda y en Psiquiatr\u00eda del Adolescente.&nbsp;<\/li>\n\n\n\n<li>Instituto Nacional de Psiquiatr\u00eda \u201cDr. Ram\u00f3n de la Fuente Mu\u00f1iz\u201d&nbsp;<\/li>\n\n\n\n<li><strong>Roc\u00edo Osorio Espinoza&nbsp;<\/strong><\/li>\n\n\n\n<li>M\u00e9dico Especialista en Psiquiatr\u00eda y en Psiquiatr\u00eda Infantil y de la Adolescencia.&nbsp;<\/li>\n\n\n\n<li>Hospital Psiqui\u00e1trico Infantil &#8220;Dr. Juan N. Navarro&#8221;&nbsp;<\/li>\n\n\n\n<li><strong>Rolando Lemus Rodas&nbsp;<\/strong><\/li>\n\n\n\n<li>M\u00e9dico Especialista en Psiquiatr\u00eda y en Psiquiatr\u00eda Infantil y de la Adolescencia.&nbsp;<\/li>\n\n\n\n<li>Servicios de Salud Mental de Guatemala, CA&nbsp;<\/li>\n\n\n\n<li><strong>Dra. Rosa Elena Ulloa Flores&nbsp;<\/strong><\/li>\n\n\n\n<li>M\u00e9dico Especialista en Psiquiatr\u00eda&nbsp; Doctora en Ciencias&nbsp;<\/li>\n\n\n\n<li>Psicofarmacolog\u00eda del Desarrollo&nbsp; Hospital Psiqui\u00e1trico Infantil &#8220;Dr. Juan N. Navarro&#8221;&nbsp;<\/li>\n\n\n\n<li><strong>Dr. Rodrigo Pati\u00f1o Duran&nbsp;<\/strong><\/li>\n\n\n\n<li>M\u00e9dico Especialista en Psiquiatr\u00eda y en&nbsp;Psiquiatr\u00eda Infantil y de la Adolescencia.&nbsp;<\/li>\n\n\n\n<li>Instituto Nacional de Psiquiatr\u00eda &#8220;Dr. Ram\u00f3n de la Fuente Mu\u00f1iz&#8221;&nbsp;<\/li>\n<\/ul>\n<\/div>\n<\/div>\n<\/div><\/div>\n<\/div>\n<\/div>\n\n\n\n<div class=\"wp-block-buttons is-layout-flex wp-block-buttons-is-layout-flex\">\n<div class=\"wp-block-button\"><a class=\"wp-block-button__link has-background wp-element-button\" href=\"https:\/\/drive.google.com\/file\/d\/1VdW-Ri2uuZSKZ5rVGTrmG5xRBxbjGL1R\/view\" style=\"background-color:#db1212\">M\u00e1s informaci\u00f3n<\/a><\/div>\n<\/div>\n","protected":false},"excerpt":{"rendered":"<p>GU\u00cdAS CL\u00cdNICAS&nbsp; INTRODUCCI\u00d3N&nbsp; El Trastorno Bipolar, antiguamente conocido como enfermedad maniaco depresiva, es un trastorno del estado del \u00e1nimo, en el que se presentan fases<\/p>\n","protected":false},"author":3,"featured_media":2368,"comment_status":"closed","ping_status":"closed","sticky":false,"template":"","format":"standard","meta":{"footnotes":"","jetpack_publicize_message":"","jetpack_is_tweetstorm":false,"jetpack_publicize_feature_enabled":true},"categories":[10],"tags":[715,716,717,21,32,714,713,172],"jetpack_publicize_connections":[],"yoast_head":"<!-- This site is optimized with the Yoast SEO plugin v19.4 - https:\/\/yoast.com\/wordpress\/plugins\/seo\/ -->\n<title>Trastorno Bipolar en Ni\u00f1os y\u00a0 Adolescentes\u00a0 -<\/title>\n<meta name=\"description\" content=\"La presente gu\u00eda es un documento cuyo objetivo es proporcionar criterios diagn\u00f3sticos para su identificaci\u00f3n, as\u00ed como el procedimiento y canalizaci\u00f3n indicados para su tratamiento en el \u00e1mbito adecuado.\" \/>\n<meta name=\"robots\" content=\"index, follow, max-snippet:-1, max-image-preview:large, max-video-preview:-1\" \/>\n<link rel=\"canonical\" href=\"https:\/\/lafuente.mx\/?p=2365\" \/>\n<meta property=\"og:locale\" content=\"es_MX\" \/>\n<meta property=\"og:type\" content=\"article\" \/>\n<meta property=\"og:title\" content=\"Trastorno Bipolar en Ni\u00f1os y\u00a0 Adolescentes\u00a0\" \/>\n<meta property=\"og:description\" content=\"La presente gu\u00eda es un documento cuyo objetivo es proporcionar criterios diagn\u00f3sticos para su identificaci\u00f3n, as\u00ed como el procedimiento y canalizaci\u00f3n indicados para su tratamiento en el \u00e1mbito adecuado.\" \/>\n<meta property=\"og:url\" content=\"https:\/\/lafuente.mx\/?p=2365\" \/>\n<meta property=\"article:published_time\" content=\"2024-06-19T18:31:10+00:00\" \/>\n<meta property=\"article:modified_time\" content=\"2024-06-21T15:49:00+00:00\" \/>\n<meta property=\"og:image\" content=\"http:\/\/lafuente.mx\/wp-content\/uploads\/2024\/06\/Captura-de-pantalla-2024-06-19-a-las-12.27.32.png\" \/>\n\t<meta property=\"og:image:width\" content=\"868\" \/>\n\t<meta property=\"og:image:height\" content=\"864\" \/>\n\t<meta property=\"og:image:type\" content=\"image\/png\" \/>\n<meta name=\"author\" content=\"Claudia Gallardo\" \/>\n<meta name=\"twitter:card\" content=\"summary_large_image\" \/>\n<meta name=\"twitter:title\" content=\"Trastorno Bipolar en Ni\u00f1os y\u00a0 Adolescentes\u00a0\" \/>\n<meta name=\"twitter:description\" content=\"La presente gu\u00eda es un documento cuyo objetivo es proporcionar criterios diagn\u00f3sticos para su identificaci\u00f3n, as\u00ed como el procedimiento y canalizaci\u00f3n indicados para su tratamiento en el \u00e1mbito adecuado.\" \/>\n<meta name=\"twitter:image\" content=\"https:\/\/i0.wp.com\/lafuente.mx\/wp-content\/uploads\/2024\/06\/Captura-de-pantalla-2024-06-19-a-las-12.27.32.png?fit=868%2C864&ssl=1\" \/>\n<meta name=\"twitter:label1\" content=\"Escrito por\" \/>\n\t<meta name=\"twitter:data1\" content=\"Claudia Gallardo\" \/>\n\t<meta name=\"twitter:label2\" content=\"Tiempo de lectura\" \/>\n\t<meta name=\"twitter:data2\" content=\"4 minutos\" \/>\n<script type=\"application\/ld+json\" class=\"yoast-schema-graph\">{\"@context\":\"https:\/\/schema.org\",\"@graph\":[{\"@type\":\"WebSite\",\"@id\":\"https:\/\/lafuente.mx\/#website\",\"url\":\"https:\/\/lafuente.mx\/\",\"name\":\"\",\"description\":\"Informaci\u00f3n confiable sobre salud mental\",\"potentialAction\":[{\"@type\":\"SearchAction\",\"target\":{\"@type\":\"EntryPoint\",\"urlTemplate\":\"https:\/\/lafuente.mx\/?s={search_term_string}\"},\"query-input\":\"required name=search_term_string\"}],\"inLanguage\":\"es-MX\"},{\"@type\":\"WebPage\",\"@id\":\"https:\/\/lafuente.mx\/?p=2365\",\"url\":\"https:\/\/lafuente.mx\/?p=2365\",\"name\":\"Trastorno Bipolar en Ni\u00f1os y\u00a0 Adolescentes\u00a0 -\",\"isPartOf\":{\"@id\":\"https:\/\/lafuente.mx\/#website\"},\"datePublished\":\"2024-06-19T18:31:10+00:00\",\"dateModified\":\"2024-06-21T15:49:00+00:00\",\"author\":{\"@id\":\"https:\/\/lafuente.mx\/#\/schema\/person\/603f3aa8e2f6f7879021ab722d39d6b0\"},\"description\":\"La presente gu\u00eda es un documento cuyo objetivo es proporcionar criterios diagn\u00f3sticos para su identificaci\u00f3n, as\u00ed como el procedimiento y canalizaci\u00f3n indicados para su tratamiento en el \u00e1mbito adecuado.\",\"breadcrumb\":{\"@id\":\"https:\/\/lafuente.mx\/?p=2365#breadcrumb\"},\"inLanguage\":\"es-MX\",\"potentialAction\":[{\"@type\":\"ReadAction\",\"target\":[\"https:\/\/lafuente.mx\/?p=2365\"]}]},{\"@type\":\"BreadcrumbList\",\"@id\":\"https:\/\/lafuente.mx\/?p=2365#breadcrumb\",\"itemListElement\":[{\"@type\":\"ListItem\",\"position\":1,\"name\":\"Inicio\",\"item\":\"https:\/\/lafuente.mx\/\"},{\"@type\":\"ListItem\",\"position\":2,\"name\":\"Trastorno Bipolar en Ni\u00f1os y\u00a0 Adolescentes\u00a0\"}]},{\"@type\":\"Person\",\"@id\":\"https:\/\/lafuente.mx\/#\/schema\/person\/603f3aa8e2f6f7879021ab722d39d6b0\",\"name\":\"Claudia Gallardo\",\"image\":{\"@type\":\"ImageObject\",\"inLanguage\":\"es-MX\",\"@id\":\"https:\/\/lafuente.mx\/#\/schema\/person\/image\/\",\"url\":\"https:\/\/secure.gravatar.com\/avatar\/bfe9c966af1ccfb9d17bcdb9d04e8815?s=96&d=mm&r=g\",\"contentUrl\":\"https:\/\/secure.gravatar.com\/avatar\/bfe9c966af1ccfb9d17bcdb9d04e8815?s=96&d=mm&r=g\",\"caption\":\"Claudia Gallardo\"},\"url\":\"https:\/\/lafuente.mx\/?author=3\"}]}<\/script>\n<!-- \/ Yoast SEO plugin. -->","yoast_head_json":{"title":"Trastorno Bipolar en Ni\u00f1os y\u00a0 Adolescentes\u00a0 -","description":"La presente gu\u00eda es un documento cuyo objetivo es proporcionar criterios diagn\u00f3sticos para su identificaci\u00f3n, as\u00ed como el procedimiento y canalizaci\u00f3n indicados para su tratamiento en el \u00e1mbito adecuado.","robots":{"index":"index","follow":"follow","max-snippet":"max-snippet:-1","max-image-preview":"max-image-preview:large","max-video-preview":"max-video-preview:-1"},"canonical":"https:\/\/lafuente.mx\/?p=2365","og_locale":"es_MX","og_type":"article","og_title":"Trastorno Bipolar en Ni\u00f1os y\u00a0 Adolescentes\u00a0","og_description":"La presente gu\u00eda es un documento cuyo objetivo es proporcionar criterios diagn\u00f3sticos para su identificaci\u00f3n, as\u00ed como el procedimiento y canalizaci\u00f3n indicados para su tratamiento en el \u00e1mbito adecuado.","og_url":"https:\/\/lafuente.mx\/?p=2365","article_published_time":"2024-06-19T18:31:10+00:00","article_modified_time":"2024-06-21T15:49:00+00:00","og_image":[{"width":868,"height":864,"url":"http:\/\/lafuente.mx\/wp-content\/uploads\/2024\/06\/Captura-de-pantalla-2024-06-19-a-las-12.27.32.png","type":"image\/png"}],"author":"Claudia Gallardo","twitter_card":"summary_large_image","twitter_title":"Trastorno Bipolar en Ni\u00f1os y\u00a0 Adolescentes\u00a0","twitter_description":"La presente gu\u00eda es un documento cuyo objetivo es proporcionar criterios diagn\u00f3sticos para su identificaci\u00f3n, as\u00ed como el procedimiento y canalizaci\u00f3n indicados para su tratamiento en el \u00e1mbito adecuado.","twitter_image":"https:\/\/i0.wp.com\/lafuente.mx\/wp-content\/uploads\/2024\/06\/Captura-de-pantalla-2024-06-19-a-las-12.27.32.png?fit=868%2C864&ssl=1","twitter_misc":{"Escrito por":"Claudia Gallardo","Tiempo de lectura":"4 minutos"},"schema":{"@context":"https:\/\/schema.org","@graph":[{"@type":"WebSite","@id":"https:\/\/lafuente.mx\/#website","url":"https:\/\/lafuente.mx\/","name":"","description":"Informaci\u00f3n confiable sobre salud mental","potentialAction":[{"@type":"SearchAction","target":{"@type":"EntryPoint","urlTemplate":"https:\/\/lafuente.mx\/?s={search_term_string}"},"query-input":"required name=search_term_string"}],"inLanguage":"es-MX"},{"@type":"WebPage","@id":"https:\/\/lafuente.mx\/?p=2365","url":"https:\/\/lafuente.mx\/?p=2365","name":"Trastorno Bipolar en Ni\u00f1os y\u00a0 Adolescentes\u00a0 -","isPartOf":{"@id":"https:\/\/lafuente.mx\/#website"},"datePublished":"2024-06-19T18:31:10+00:00","dateModified":"2024-06-21T15:49:00+00:00","author":{"@id":"https:\/\/lafuente.mx\/#\/schema\/person\/603f3aa8e2f6f7879021ab722d39d6b0"},"description":"La presente gu\u00eda es un documento cuyo objetivo es proporcionar criterios diagn\u00f3sticos para su identificaci\u00f3n, as\u00ed como el procedimiento y canalizaci\u00f3n indicados para su tratamiento en el \u00e1mbito adecuado.","breadcrumb":{"@id":"https:\/\/lafuente.mx\/?p=2365#breadcrumb"},"inLanguage":"es-MX","potentialAction":[{"@type":"ReadAction","target":["https:\/\/lafuente.mx\/?p=2365"]}]},{"@type":"BreadcrumbList","@id":"https:\/\/lafuente.mx\/?p=2365#breadcrumb","itemListElement":[{"@type":"ListItem","position":1,"name":"Inicio","item":"https:\/\/lafuente.mx\/"},{"@type":"ListItem","position":2,"name":"Trastorno Bipolar en Ni\u00f1os y\u00a0 Adolescentes\u00a0"}]},{"@type":"Person","@id":"https:\/\/lafuente.mx\/#\/schema\/person\/603f3aa8e2f6f7879021ab722d39d6b0","name":"Claudia Gallardo","image":{"@type":"ImageObject","inLanguage":"es-MX","@id":"https:\/\/lafuente.mx\/#\/schema\/person\/image\/","url":"https:\/\/secure.gravatar.com\/avatar\/bfe9c966af1ccfb9d17bcdb9d04e8815?s=96&d=mm&r=g","contentUrl":"https:\/\/secure.gravatar.com\/avatar\/bfe9c966af1ccfb9d17bcdb9d04e8815?s=96&d=mm&r=g","caption":"Claudia Gallardo"},"url":"https:\/\/lafuente.mx\/?author=3"}]}},"jetpack_featured_media_url":"https:\/\/i0.wp.com\/lafuente.mx\/wp-content\/uploads\/2024\/06\/Captura-de-pantalla-2024-06-19-a-las-12.27.32.png?fit=868%2C864&ssl=1","jetpack-related-posts":[{"id":2823,"url":"https:\/\/lafuente.mx\/?p=2823","url_meta":{"origin":2365,"position":0},"title":"Mentalizarte","date":"abril 1, 2025","format":false,"excerpt":"Durante Abril Mentalizarte en colaboraci\u00f3n con AMPI Hablaremos sobre Salud mental en adolescentes MENTALIZARTE es el proyecto de difusi\u00f3n en temas de salud mental del Instituto Nacional de Psiquiatr\u00eda Ram\u00f3n de la Fuente Mu\u00f1iz (INPRFM). Tiene el objetivo de informar sobre los s\u00edntomas de los diferentes trastornos mentales, difundir que\u2026","rel":"","context":"En &quot;Informaci\u00f3n de inter\u00e9s&quot;","img":{"alt_text":"","src":"https:\/\/i0.wp.com\/lafuente.mx\/wp-content\/uploads\/2025\/04\/WhatsApp-Image-2025-03-26-at-1.28.12-PM.jpeg?fit=1200%2C692&ssl=1&resize=350%2C200","width":350,"height":200},"classes":[]},{"id":3621,"url":"https:\/\/lafuente.mx\/?p=3621","url_meta":{"origin":2365,"position":1},"title":"D\u00eda Mundial del Trastorno Bipolar\u00a0","date":"marzo 30, 2026","format":false,"excerpt":"30 de marzo M\u00e1s informaci\u00f3n, menos estigma\u00a0 Cada 30 de marzo se conmemora el\u00a0D\u00eda Mundial del Trastorno Bipolar, una fecha impulsada por la International\u00a0Society\u00a0for\u00a0Bipolar\u00a0Disorders\u00a0con el objetivo de\u00a0informar, sensibilizar y reducir el estigma\u00a0asociado a esta condici\u00f3n de salud mental.\u00a0 La elecci\u00f3n de esta fecha no es casual: coincide con el natalicio\u2026","rel":"","context":"En &quot;Efem\u00e9rides de Salud Mental&quot;","img":{"alt_text":"","src":"https:\/\/i0.wp.com\/lafuente.mx\/wp-content\/uploads\/2026\/03\/ChatGPT-Image-30-mar-2026-12_52_40-p.m.png?fit=1200%2C803&ssl=1&resize=350%2C200","width":350,"height":200},"classes":[]},{"id":2174,"url":"https:\/\/lafuente.mx\/?p=2174","url_meta":{"origin":2365,"position":2},"title":"D\u00eda Mundial del Trastorno Bipolar \u00a0","date":"marzo 30, 2024","format":false,"excerpt":"30 de marzo El trastorno bipolar es una enfermedad mental que afecta a los mecanismos que regulan el estado de \u00e1nimo (animostato). Se suele caracterizar por la alternancia de episodios man\u00edacos (altos emocionales) y depresivos (bajos emocionales) separados por per\u00edodos de estado de \u00e1nimo normal. No obstante, la enfermedad tambi\u00e9n\u2026","rel":"","context":"En &quot;Efem\u00e9rides de Salud Mental&quot;","img":{"alt_text":"","src":"https:\/\/i0.wp.com\/lafuente.mx\/wp-content\/uploads\/2024\/04\/Captura-de-pantalla-2024-04-02-a-las-10.09.21.png?fit=1200%2C678&ssl=1&resize=350%2C200","width":350,"height":200},"classes":[]},{"id":2772,"url":"https:\/\/lafuente.mx\/?p=2772","url_meta":{"origin":2365,"position":3},"title":"Hablemos de trastorno bipolar: la estabilidad es una meta alcanzable","date":"febrero 24, 2025","format":false,"excerpt":"CONVERSATORIO HABLEMOS DE SALUD MENTAL 10 DE CADA MES 10 de marzo 2025 12:00 h. Ponentes: Dra. Constanza PerettoLic. Maureen Ter\u00e1n Salgado MENTALIZARTE es el proyecto de difusi\u00f3n en temas de salud mental del Instituto Nacional de Psiquiatr\u00eda Ram\u00f3n de la Fuente Mu\u00f1iz (INPRFM). M\u00e1s informaci\u00f3n","rel":"","context":"En &quot;Eventos Acad\u00e9micos del INPRFM&quot;","img":{"alt_text":"","src":"https:\/\/i0.wp.com\/lafuente.mx\/wp-content\/uploads\/2025\/02\/WhatsApp-Image-2025-02-24-at-10.11.46-AM.jpeg?fit=1200%2C900&ssl=1&resize=350%2C200","width":350,"height":200},"classes":[]},{"id":786,"url":"https:\/\/lafuente.mx\/?p=786","url_meta":{"origin":2365,"position":4},"title":"CURSO TIERRA A LA VISTA\u00a0","date":"febrero 7, 2023","format":false,"excerpt":"INICIAMOS EL 27 DE FEBRERO 2023\u00a0 DIRIGIDO A:\u00a0 Personas que han recibido un diagn\u00f3stico psiqui\u00e1trico, enfocado en ayudarle a conocer los aspectos biol\u00f3gicos y psicosociales de su trastorno, as\u00ed como sobrellevar los s\u00edntomas, mejorar la calidad de vida y sus relaciones familiares.\u00a0 DIAGN\u00d3STICOS CONSIDERADOS:\u00a0 TLP Trastorno limite de la personalidad.\u00a0\u00a0\u2026","rel":"","context":"En &quot;Cursos&quot;","img":{"alt_text":"","src":"https:\/\/i0.wp.com\/lafuente.mx\/wp-content\/uploads\/2023\/02\/depre.webp?fit=320%2C426&ssl=1&resize=350%2C200","width":350,"height":200},"classes":[]},{"id":2237,"url":"https:\/\/lafuente.mx\/?p=2237","url_meta":{"origin":2365,"position":5},"title":"Actualizaci\u00f3n en Trastornos Afectivos Bipolares\u00a0","date":"abril 19, 2024","format":false,"excerpt":"Del 29 de abril al 10 de mayo de 2024\u00a0 Coordinadora:\u00a0 Dra. Joanna Jim\u00e9nez Pav\u00f3n\u00a0 Coordinadora adjunta:\u00a0 Dra. Mar\u00eda Constanza Peretto\u00a0 Dirigido a:\u00a0 Personal m\u00e9dico, especialistas en psiquiatr\u00eda y en formaci\u00f3n (residentes de psiquiatr\u00eda)\u00a0 Objetivo general:\u00a0 Revisar las bases neurobiol\u00f3gicas y las caracter\u00edsticas cl\u00ednicas de los trastornos del espectro bipolar\u2026","rel":"","context":"En &quot;Cursos&quot;","img":{"alt_text":"","src":"https:\/\/i0.wp.com\/lafuente.mx\/wp-content\/uploads\/2024\/04\/WhatsApp-Image-2024-04-19-at-1.14.02-PM.jpeg?fit=1024%2C1024&ssl=1&resize=350%2C200","width":350,"height":200},"classes":[]}],"jetpack_sharing_enabled":true,"jetpack_shortlink":"https:\/\/wp.me\/pe9WUx-C9","_links":{"self":[{"href":"https:\/\/lafuente.mx\/index.php?rest_route=\/wp\/v2\/posts\/2365"}],"collection":[{"href":"https:\/\/lafuente.mx\/index.php?rest_route=\/wp\/v2\/posts"}],"about":[{"href":"https:\/\/lafuente.mx\/index.php?rest_route=\/wp\/v2\/types\/post"}],"author":[{"embeddable":true,"href":"https:\/\/lafuente.mx\/index.php?rest_route=\/wp\/v2\/users\/3"}],"replies":[{"embeddable":true,"href":"https:\/\/lafuente.mx\/index.php?rest_route=%2Fwp%2Fv2%2Fcomments&post=2365"}],"version-history":[{"count":3,"href":"https:\/\/lafuente.mx\/index.php?rest_route=\/wp\/v2\/posts\/2365\/revisions"}],"predecessor-version":[{"id":2379,"href":"https:\/\/lafuente.mx\/index.php?rest_route=\/wp\/v2\/posts\/2365\/revisions\/2379"}],"wp:featuredmedia":[{"embeddable":true,"href":"https:\/\/lafuente.mx\/index.php?rest_route=\/wp\/v2\/media\/2368"}],"wp:attachment":[{"href":"https:\/\/lafuente.mx\/index.php?rest_route=%2Fwp%2Fv2%2Fmedia&parent=2365"}],"wp:term":[{"taxonomy":"category","embeddable":true,"href":"https:\/\/lafuente.mx\/index.php?rest_route=%2Fwp%2Fv2%2Fcategories&post=2365"},{"taxonomy":"post_tag","embeddable":true,"href":"https:\/\/lafuente.mx\/index.php?rest_route=%2Fwp%2Fv2%2Ftags&post=2365"}],"curies":[{"name":"wp","href":"https:\/\/api.w.org\/{rel}","templated":true}]}}