{"id":2335,"date":"2024-05-31T19:10:04","date_gmt":"2024-05-31T19:10:04","guid":{"rendered":"https:\/\/lafuente.mx\/?p=2335"},"modified":"2024-06-19T18:32:06","modified_gmt":"2024-06-19T18:32:06","slug":"borrador-automatico-abordaje-interdisciplinario-de-las-diversidades-sexogenericas-evidencias-para-el-cuidado-de-su-salud-fisica-y-mental-2","status":"publish","type":"post","link":"https:\/\/lafuente.mx\/?p=2335","title":{"rendered":"Abordaje interdisciplinario de las diversidades sexogen\u00e9ricas: evidencias para el cuidado de su salud f\u00edsica y mental\u00a0"},"content":{"rendered":"\n<hr class=\"wp-block-separator has-text-color has-vivid-cyan-blue-color has-alpha-channel-opacity has-vivid-cyan-blue-background-color has-background is-style-wide\"\/>\n\n\n\n<p class=\"has-text-align-center has-vivid-cyan-blue-color has-text-color has-large-font-size\"><strong>Del 10 al 21 de junio de 2024&nbsp;<\/strong><\/p>\n\n\n\n<p class=\"has-text-color has-large-font-size\" style=\"color:#20516b\">Coordinador titular: <strong>Dr. Hamid Vega Ram\u00edrez&nbsp;<\/strong><\/p>\n\n\n\n<p class=\"has-text-color has-large-font-size\" style=\"color:#20516b\">Coordinadora adjunta: <strong>Dra. Rebeca Robles Garc\u00eda&nbsp;<\/strong><\/p>\n\n\n\n<hr class=\"wp-block-separator has-text-color has-vivid-cyan-blue-color has-alpha-channel-opacity has-vivid-cyan-blue-background-color has-background is-style-wide\"\/>\n\n\n\n<figure class=\"wp-block-image size-large\"><img decoding=\"async\" loading=\"lazy\" width=\"640\" height=\"426\" src=\"https:\/\/i0.wp.com\/lafuente.mx\/wp-content\/uploads\/2024\/05\/diversity-people-heads-5582454.jpg?resize=640%2C426\" alt=\"diversity, people, heads-5582454.jpg\" class=\"wp-image-2336\" srcset=\"https:\/\/i0.wp.com\/lafuente.mx\/wp-content\/uploads\/2024\/05\/diversity-people-heads-5582454.jpg?resize=1024%2C682&amp;ssl=1 1024w, https:\/\/i0.wp.com\/lafuente.mx\/wp-content\/uploads\/2024\/05\/diversity-people-heads-5582454.jpg?resize=300%2C200&amp;ssl=1 300w, https:\/\/i0.wp.com\/lafuente.mx\/wp-content\/uploads\/2024\/05\/diversity-people-heads-5582454.jpg?resize=768%2C512&amp;ssl=1 768w, https:\/\/i0.wp.com\/lafuente.mx\/wp-content\/uploads\/2024\/05\/diversity-people-heads-5582454.jpg?w=1280&amp;ssl=1 1280w\" sizes=\"(max-width: 640px) 100vw, 640px\" data-recalc-dims=\"1\" \/><\/figure>\n\n\n\n<p class=\"has-text-color has-medium-font-size\" style=\"color:#1d4c67\"><strong>Dirigido a: <\/strong><\/p>\n\n\n\n<p class=\"has-text-color has-medium-font-size\" style=\"color:#1d4c67\">Profesionales de la educaci\u00f3n (docentes, prefecturas, directivos), de la salud (endocrinolog\u00eda, pediatr\u00eda, medicina interna, cirug\u00eda, ginecolog\u00eda, urolog\u00eda, psiquiatr\u00eda y psicolog\u00eda) y personal de otras disciplinas afines que est\u00e1n en contacto con poblaci\u00f3n de la diversidad sexogen\u00e9rica. &nbsp;<\/p>\n\n\n\n<p class=\"has-text-color has-medium-font-size\" style=\"color:#1d4c67\"><strong>Objetivo general: <\/strong><\/p>\n\n\n\n<p class=\"has-text-color has-medium-font-size\" style=\"color:#1d4c67\">Proponer una intervenci\u00f3n que mejore la atenci\u00f3n o trato de las personas con diversidades sexogen\u00e9ricas con perspectiva de inclusi\u00f3n y no discriminaci\u00f3n en sus entornos de influencia, incluyendo la propuesta metodol\u00f3gica para la evaluaci\u00f3n de su impacto&nbsp;<\/p>\n\n\n\n<p class=\"has-text-color has-medium-font-size\" style=\"color:#1d4c67\"><strong>Tem\u00e1tica: <\/strong><\/p>\n\n\n\n<p class=\"has-text-color has-medium-font-size\" style=\"color:#1d4c67\">\u2022 Factores predictores de rechazo social y violencia a la poblaci\u00f3n trans <\/p>\n\n\n\n<p class=\"has-text-color has-medium-font-size\" style=\"color:#1d4c67\">\u2022 Experiencias de vida y necesidades de las infancias con diversidad sexogen\u00e9rica <\/p>\n\n\n\n<p class=\"has-text-color has-medium-font-size\" style=\"color:#1d4c67\">\u2022 Manejo cognitivo-conductual de la homofobia y la transfobia internalizada&nbsp;<\/p>\n\n\n\n<hr class=\"wp-block-separator has-text-color has-vivid-cyan-blue-color has-alpha-channel-opacity has-vivid-cyan-blue-background-color has-background\"\/>\n\n\n\n<p class=\"has-text-color has-large-font-size\" style=\"color:#1d4c67\"><strong>Curso sin costo&nbsp;<\/strong><\/p>\n\n\n\n<p class=\"has-small-font-size\">Los invitamos a estar atentos a la inscripci\u00f3n de nuestros cursos que&nbsp;se abrir\u00e1 una semana previa de su inicio a las&nbsp;9:00 horas en nuestras redes sociales @INPRFM;&nbsp;es importante mencionarles que tiene cupo limitado, por lo que llega a cubrirse en cuesti\u00f3n de minutos despu\u00e9s de su publicaci\u00f3n, por lo que les recomendamos tener a la mano su t\u00edtulo y\/o c\u00e9dula porque se lo solicitar\u00e1n en el registro.&nbsp;&nbsp; &nbsp; &nbsp;<\/p>\n\n\n\n<p><a href=\"https:\/\/bit.ly\/3X2whea\">https:\/\/bit.ly\/3X2whea<\/a><\/p>\n","protected":false},"excerpt":{"rendered":"<p>Del 10 al 21 de junio de 2024&nbsp; Coordinador titular: Dr. Hamid Vega Ram\u00edrez&nbsp; Coordinadora adjunta: Dra. Rebeca Robles Garc\u00eda&nbsp; Dirigido a: Profesionales de la<\/p>\n","protected":false},"author":3,"featured_media":2336,"comment_status":"closed","ping_status":"closed","sticky":false,"template":"","format":"standard","meta":{"footnotes":"","jetpack_publicize_message":"","jetpack_is_tweetstorm":false,"jetpack_publicize_feature_enabled":true},"categories":[4,6],"tags":[691,694,692,690,696,693,21,695,32,689,108],"jetpack_publicize_connections":[],"yoast_head":"<!-- This site is optimized with the Yoast SEO plugin v19.4 - https:\/\/yoast.com\/wordpress\/plugins\/seo\/ -->\n<title>Abordaje interdisciplinario de las diversidades sexogen\u00e9ricas: evidencias para el cuidado de su salud f\u00edsica y mental\u00a0 -<\/title>\n<meta name=\"description\" content=\"Proponer una intervenci\u00f3n que mejore la atenci\u00f3n o trato de las personas con diversidades sexogen\u00e9ricas con perspectiva de inclusi\u00f3n y no discriminaci\u00f3n en sus entornos de influencia, incluyendo la propuesta metodol\u00f3gica para la evaluaci\u00f3n de su impacto\u00a0\" \/>\n<meta name=\"robots\" content=\"index, follow, max-snippet:-1, max-image-preview:large, max-video-preview:-1\" \/>\n<link rel=\"canonical\" href=\"https:\/\/lafuente.mx\/?p=2335\" \/>\n<meta property=\"og:locale\" content=\"es_MX\" \/>\n<meta property=\"og:type\" content=\"article\" \/>\n<meta property=\"og:title\" content=\"Abordaje interdisciplinario de las diversidades sexogen\u00e9ricas: evidencias para el cuidado de su salud f\u00edsica y mental\" \/>\n<meta property=\"og:description\" content=\"Proponer una intervenci\u00f3n que mejore la atenci\u00f3n o trato de las personas con diversidades sexogen\u00e9ricas con perspectiva de inclusi\u00f3n y no discriminaci\u00f3n en sus entornos de influencia, incluyendo la propuesta metodol\u00f3gica para la evaluaci\u00f3n de su impacto\u00a0\" \/>\n<meta property=\"og:url\" content=\"https:\/\/lafuente.mx\/?p=2335\" \/>\n<meta property=\"article:published_time\" content=\"2024-05-31T19:10:04+00:00\" \/>\n<meta property=\"article:modified_time\" content=\"2024-06-19T18:32:06+00:00\" \/>\n<meta property=\"og:image\" content=\"http:\/\/lafuente.mx\/wp-content\/uploads\/2024\/05\/diversity-people-heads-5582454.jpg\" \/>\n\t<meta property=\"og:image:width\" content=\"1280\" \/>\n\t<meta property=\"og:image:height\" content=\"853\" \/>\n\t<meta property=\"og:image:type\" content=\"image\/jpeg\" \/>\n<meta name=\"author\" content=\"Claudia Gallardo\" \/>\n<meta name=\"twitter:card\" content=\"summary_large_image\" \/>\n<meta name=\"twitter:title\" content=\"Abordaje interdisciplinario de las diversidades sexogen\u00e9ricas: evidencias para el cuidado de su salud f\u00edsica y mental\" \/>\n<meta name=\"twitter:description\" content=\"Proponer una intervenci\u00f3n que mejore la atenci\u00f3n o trato de las personas con diversidades sexogen\u00e9ricas con perspectiva de inclusi\u00f3n y no discriminaci\u00f3n en sus entornos de influencia, incluyendo la propuesta metodol\u00f3gica para la evaluaci\u00f3n de su impacto\u00a0\" \/>\n<meta name=\"twitter:image\" content=\"https:\/\/i0.wp.com\/lafuente.mx\/wp-content\/uploads\/2024\/05\/diversity-people-heads-5582454.jpg?fit=1280%2C853&ssl=1\" \/>\n<meta name=\"twitter:label1\" content=\"Escrito por\" \/>\n\t<meta name=\"twitter:data1\" content=\"Claudia Gallardo\" \/>\n\t<meta name=\"twitter:label2\" content=\"Tiempo de lectura\" \/>\n\t<meta name=\"twitter:data2\" content=\"1 minuto\" \/>\n<script type=\"application\/ld+json\" class=\"yoast-schema-graph\">{\"@context\":\"https:\/\/schema.org\",\"@graph\":[{\"@type\":\"WebSite\",\"@id\":\"https:\/\/lafuente.mx\/#website\",\"url\":\"https:\/\/lafuente.mx\/\",\"name\":\"\",\"description\":\"Informaci\u00f3n confiable sobre salud mental\",\"potentialAction\":[{\"@type\":\"SearchAction\",\"target\":{\"@type\":\"EntryPoint\",\"urlTemplate\":\"https:\/\/lafuente.mx\/?s={search_term_string}\"},\"query-input\":\"required name=search_term_string\"}],\"inLanguage\":\"es-MX\"},{\"@type\":\"WebPage\",\"@id\":\"https:\/\/lafuente.mx\/?p=2335\",\"url\":\"https:\/\/lafuente.mx\/?p=2335\",\"name\":\"Abordaje interdisciplinario de las diversidades sexogen\u00e9ricas: evidencias para el cuidado de su salud f\u00edsica y mental\u00a0 -\",\"isPartOf\":{\"@id\":\"https:\/\/lafuente.mx\/#website\"},\"datePublished\":\"2024-05-31T19:10:04+00:00\",\"dateModified\":\"2024-06-19T18:32:06+00:00\",\"author\":{\"@id\":\"https:\/\/lafuente.mx\/#\/schema\/person\/603f3aa8e2f6f7879021ab722d39d6b0\"},\"description\":\"Proponer una intervenci\u00f3n que mejore la atenci\u00f3n o trato de las personas con diversidades sexogen\u00e9ricas con perspectiva de inclusi\u00f3n y no discriminaci\u00f3n en sus entornos de influencia, incluyendo la propuesta metodol\u00f3gica para la evaluaci\u00f3n de su impacto\u00a0\",\"breadcrumb\":{\"@id\":\"https:\/\/lafuente.mx\/?p=2335#breadcrumb\"},\"inLanguage\":\"es-MX\",\"potentialAction\":[{\"@type\":\"ReadAction\",\"target\":[\"https:\/\/lafuente.mx\/?p=2335\"]}]},{\"@type\":\"BreadcrumbList\",\"@id\":\"https:\/\/lafuente.mx\/?p=2335#breadcrumb\",\"itemListElement\":[{\"@type\":\"ListItem\",\"position\":1,\"name\":\"Inicio\",\"item\":\"https:\/\/lafuente.mx\/\"},{\"@type\":\"ListItem\",\"position\":2,\"name\":\"Abordaje interdisciplinario de las diversidades sexogen\u00e9ricas: evidencias para el cuidado de su salud f\u00edsica y mental\u00a0\"}]},{\"@type\":\"Person\",\"@id\":\"https:\/\/lafuente.mx\/#\/schema\/person\/603f3aa8e2f6f7879021ab722d39d6b0\",\"name\":\"Claudia Gallardo\",\"image\":{\"@type\":\"ImageObject\",\"inLanguage\":\"es-MX\",\"@id\":\"https:\/\/lafuente.mx\/#\/schema\/person\/image\/\",\"url\":\"https:\/\/secure.gravatar.com\/avatar\/bfe9c966af1ccfb9d17bcdb9d04e8815?s=96&d=mm&r=g\",\"contentUrl\":\"https:\/\/secure.gravatar.com\/avatar\/bfe9c966af1ccfb9d17bcdb9d04e8815?s=96&d=mm&r=g\",\"caption\":\"Claudia Gallardo\"},\"url\":\"https:\/\/lafuente.mx\/?author=3\"}]}<\/script>\n<!-- \/ Yoast SEO plugin. -->","yoast_head_json":{"title":"Abordaje interdisciplinario de las diversidades sexogen\u00e9ricas: evidencias para el cuidado de su salud f\u00edsica y mental\u00a0 -","description":"Proponer una intervenci\u00f3n que mejore la atenci\u00f3n o trato de las personas con diversidades sexogen\u00e9ricas con perspectiva de inclusi\u00f3n y no discriminaci\u00f3n en sus entornos de influencia, incluyendo la propuesta metodol\u00f3gica para la evaluaci\u00f3n de su impacto\u00a0","robots":{"index":"index","follow":"follow","max-snippet":"max-snippet:-1","max-image-preview":"max-image-preview:large","max-video-preview":"max-video-preview:-1"},"canonical":"https:\/\/lafuente.mx\/?p=2335","og_locale":"es_MX","og_type":"article","og_title":"Abordaje interdisciplinario de las diversidades sexogen\u00e9ricas: evidencias para el cuidado de su salud f\u00edsica y mental","og_description":"Proponer una intervenci\u00f3n que mejore la atenci\u00f3n o trato de las personas con diversidades sexogen\u00e9ricas con perspectiva de inclusi\u00f3n y no discriminaci\u00f3n en sus entornos de influencia, incluyendo la propuesta metodol\u00f3gica para la evaluaci\u00f3n de su impacto\u00a0","og_url":"https:\/\/lafuente.mx\/?p=2335","article_published_time":"2024-05-31T19:10:04+00:00","article_modified_time":"2024-06-19T18:32:06+00:00","og_image":[{"width":1280,"height":853,"url":"http:\/\/lafuente.mx\/wp-content\/uploads\/2024\/05\/diversity-people-heads-5582454.jpg","type":"image\/jpeg"}],"author":"Claudia Gallardo","twitter_card":"summary_large_image","twitter_title":"Abordaje interdisciplinario de las diversidades sexogen\u00e9ricas: evidencias para el cuidado de su salud f\u00edsica y mental","twitter_description":"Proponer una intervenci\u00f3n que mejore la atenci\u00f3n o trato de las personas con diversidades sexogen\u00e9ricas con perspectiva de inclusi\u00f3n y no discriminaci\u00f3n en sus entornos de influencia, incluyendo la propuesta metodol\u00f3gica para la evaluaci\u00f3n de su impacto\u00a0","twitter_image":"https:\/\/i0.wp.com\/lafuente.mx\/wp-content\/uploads\/2024\/05\/diversity-people-heads-5582454.jpg?fit=1280%2C853&ssl=1","twitter_misc":{"Escrito por":"Claudia Gallardo","Tiempo de lectura":"1 minuto"},"schema":{"@context":"https:\/\/schema.org","@graph":[{"@type":"WebSite","@id":"https:\/\/lafuente.mx\/#website","url":"https:\/\/lafuente.mx\/","name":"","description":"Informaci\u00f3n confiable sobre salud mental","potentialAction":[{"@type":"SearchAction","target":{"@type":"EntryPoint","urlTemplate":"https:\/\/lafuente.mx\/?s={search_term_string}"},"query-input":"required name=search_term_string"}],"inLanguage":"es-MX"},{"@type":"WebPage","@id":"https:\/\/lafuente.mx\/?p=2335","url":"https:\/\/lafuente.mx\/?p=2335","name":"Abordaje interdisciplinario de las diversidades sexogen\u00e9ricas: evidencias para el cuidado de su salud f\u00edsica y mental\u00a0 -","isPartOf":{"@id":"https:\/\/lafuente.mx\/#website"},"datePublished":"2024-05-31T19:10:04+00:00","dateModified":"2024-06-19T18:32:06+00:00","author":{"@id":"https:\/\/lafuente.mx\/#\/schema\/person\/603f3aa8e2f6f7879021ab722d39d6b0"},"description":"Proponer una intervenci\u00f3n que mejore la atenci\u00f3n o trato de las personas con diversidades sexogen\u00e9ricas con perspectiva de inclusi\u00f3n y no discriminaci\u00f3n en sus entornos de influencia, incluyendo la propuesta metodol\u00f3gica para la evaluaci\u00f3n de su impacto\u00a0","breadcrumb":{"@id":"https:\/\/lafuente.mx\/?p=2335#breadcrumb"},"inLanguage":"es-MX","potentialAction":[{"@type":"ReadAction","target":["https:\/\/lafuente.mx\/?p=2335"]}]},{"@type":"BreadcrumbList","@id":"https:\/\/lafuente.mx\/?p=2335#breadcrumb","itemListElement":[{"@type":"ListItem","position":1,"name":"Inicio","item":"https:\/\/lafuente.mx\/"},{"@type":"ListItem","position":2,"name":"Abordaje interdisciplinario de las diversidades sexogen\u00e9ricas: evidencias para el cuidado de su salud f\u00edsica y mental\u00a0"}]},{"@type":"Person","@id":"https:\/\/lafuente.mx\/#\/schema\/person\/603f3aa8e2f6f7879021ab722d39d6b0","name":"Claudia Gallardo","image":{"@type":"ImageObject","inLanguage":"es-MX","@id":"https:\/\/lafuente.mx\/#\/schema\/person\/image\/","url":"https:\/\/secure.gravatar.com\/avatar\/bfe9c966af1ccfb9d17bcdb9d04e8815?s=96&d=mm&r=g","contentUrl":"https:\/\/secure.gravatar.com\/avatar\/bfe9c966af1ccfb9d17bcdb9d04e8815?s=96&d=mm&r=g","caption":"Claudia Gallardo"},"url":"https:\/\/lafuente.mx\/?author=3"}]}},"jetpack_featured_media_url":"https:\/\/i0.wp.com\/lafuente.mx\/wp-content\/uploads\/2024\/05\/diversity-people-heads-5582454.jpg?fit=1280%2C853&ssl=1","jetpack-related-posts":[{"id":1269,"url":"https:\/\/lafuente.mx\/?p=1269","url_meta":{"origin":2335,"position":0},"title":"Abordaje interdisciplinario de las diversidades sexogen\u00e9ricas:","date":"junio 2, 2023","format":false,"excerpt":"evidencias para el cuidado de su salud f\u00edsica y mental Del 12 al 23 de junio de 2023 Coordinador titular: Dr. Hamid Vega Ram\u00edrez Coordinadora adjunta: Dra. Rebeca Robles Garc\u00eda Dirigido a: Profesionales de la educaci\u00f3n (docentes, prefecturas, directivos), de la salud (endocrinolog\u00eda, pediatr\u00eda, medicina interna, cirug\u00eda, ginecolog\u00eda, urolog\u00eda, psiquiatr\u00eda\u2026","rel":"","context":"En &quot;Cursos&quot;","img":{"alt_text":"","src":"https:\/\/i0.wp.com\/lafuente.mx\/wp-content\/uploads\/2023\/06\/Captura-de-Pantalla-2023-06-02-a-las-12.13.51.png?fit=1200%2C446&ssl=1&resize=350%2C200","width":350,"height":200},"classes":[]},{"id":2929,"url":"https:\/\/lafuente.mx\/?p=2929","url_meta":{"origin":2335,"position":1},"title":"Foro por el D\u00eda Internacional contra la Homofobia, Transfobia y Bifobia, y D\u00eda del Orgullo LGBTIQ\u00a0","date":"mayo 27, 2025","format":false,"excerpt":"May 23, 2025\u00a0|\u00a0 El Programa de Igualdad de G\u00e9nero y la Comisi\u00f3n Interna para la Igualdad de G\u00e9nero (CInIG) de la Facultad de Medicina, con la colaboraci\u00f3n del Programa de Estudios de G\u00e9nero en Salud (PEGeS), la coordinaci\u00f3n de las licenciaturas en Fisioterapia y en Ciencia de la Nutrici\u00f3n Humana,\u2026","rel":"","context":"En &quot;Noticias&quot;","img":{"alt_text":"lesbian, happy, homosexual, proudly, rainbow, nature, symbol, bisexual, multicoloured, homosexuality, trans, transsexual, sexuality, letters, gender-7276187.jpg","src":"https:\/\/i0.wp.com\/lafuente.mx\/wp-content\/uploads\/2025\/05\/lesbian-happy-homosexual-proudly-rainbow-nature-symbol-bisexual-multicoloured-homosexuality-trans-transsexual-sexuality-letters-gender-7276187.jpg?fit=1200%2C848&ssl=1&resize=350%2C200","width":350,"height":200},"classes":[]},{"id":1190,"url":"https:\/\/lafuente.mx\/?p=1190","url_meta":{"origin":2335,"position":2},"title":"CONADIC, ISSSTE e IMSS emprenden acciones conjuntas a trav\u00e9s de la campa\u00f1a \u201cVive saludablemente\u201d\u00a0","date":"mayo 3, 2023","format":false,"excerpt":"El objetivo es normalizar el tema de las emociones en las conversaciones y promover la atenci\u00f3n a la salud mental\u00a0 Secretar\u00eda de Salud | 19 de abril de 2023 | Nacional\u00a0 Imagen INPRFM Como parte del Plan Sectorial de Salud Mental inici\u00f3 la campa\u00f1a \u201cVive saludablemente\u201d, que tiene el prop\u00f3sito\u2026","rel":"","context":"En &quot;Noticias&quot;","img":{"alt_text":"","src":"https:\/\/i0.wp.com\/lafuente.mx\/wp-content\/uploads\/2023\/04\/Captura-de-Pantalla-2023-04-28-a-las-14.25.48-1.png?fit=1200%2C938&ssl=1&resize=350%2C200","width":350,"height":200},"classes":[]},{"id":2940,"url":"https:\/\/lafuente.mx\/?p=2940","url_meta":{"origin":2335,"position":3},"title":"Mentalizarte","date":"junio 6, 2025","format":false,"excerpt":"10 de cada mes Hablemos de salud mental CONVERSATORIO JUNIO \"M\u00e1s all\u00e1 del arco\u00edris: conversaciones sobre salud mental y diversidad sexual\" Coordinadoras: Dra. Tassili Frausto VirgenDr. Jes\u00fas Abrah\u00e1n Ru\u00edz Rosas El proyecto MENTALIZARTE nace en 2018, con la finalidad de difundir, de una manera diferente,\u00a0temas de salud mental. VISTA, APRENDE\u2026","rel":"","context":"En &quot;Eventos externos&quot;","img":{"alt_text":"","src":"https:\/\/i0.wp.com\/lafuente.mx\/wp-content\/uploads\/2025\/06\/WhatsApp-Image-2025-05-26-at-12.40.58-PM.jpeg?fit=1200%2C900&ssl=1&resize=350%2C200","width":350,"height":200},"classes":[]},{"id":3667,"url":"https:\/\/lafuente.mx\/?p=3667","url_meta":{"origin":2335,"position":4},"title":"Relevancia de la respuesta inflamatoria en los trastornos psiqui\u00e1tricos\u00a0\u00a0\u00a0","date":"abril 16, 2026","format":false,"excerpt":"REQUISITOS PARA LA INSCRIPCI\u00d3N A CURSOS DEL PROGRAMA ANUAL DE EDUCACI\u00d3N CONTINUA Curso en l\u00ednea\u00a0\u00a0 Del 27 de abril al 8 de mayo de 2026\u00a0 Cuarta emisi\u00f3n Dr. Lenin Pav\u00f3n Romero\u00a0\u00a0 Coordinador titular\u00a0 Dr. Gilberto P\u00e9rez S\u00e1nchez\u00a0\u00a0 Coordinador adjunto\u00a0 Dirigido a Profesionales en salud mental y especialidades m\u00e9dicas.\u00a0\u00a0 Objetivo general\u2026","rel":"","context":"En &quot;Cursos&quot;","img":{"alt_text":"","src":"https:\/\/i0.wp.com\/lafuente.mx\/wp-content\/uploads\/2026\/04\/imagen-cartel-Rinflamatoria-2026.jpeg?fit=1200%2C668&ssl=1&resize=350%2C200","width":350,"height":200},"classes":[]},{"id":630,"url":"https:\/\/lafuente.mx\/?p=630","url_meta":{"origin":2335,"position":5},"title":"Apego y salud mental","date":"enero 12, 2023","format":false,"excerpt":"Loving family with a kid - parents kissing a little boy Durante la s\u00e9ptima sesi\u00f3n del \u201cForo de preguntas y respuestas Hablemos claraMENTE\u201d, un panel de expertos abord\u00f3 diversos temas con el objetivo de aclarar las dudas que pueden surgir sobre el apego, crianza positiva y los beneficios de un\u2026","rel":"","context":"En &quot;Noticias&quot;","img":{"alt_text":"","src":"https:\/\/i0.wp.com\/lafuente.mx\/wp-content\/uploads\/2023\/01\/apego.jpeg?fit=819%2C585&ssl=1&resize=350%2C200","width":350,"height":200},"classes":[]}],"jetpack_sharing_enabled":true,"jetpack_shortlink":"https:\/\/wp.me\/pe9WUx-BF","_links":{"self":[{"href":"https:\/\/lafuente.mx\/index.php?rest_route=\/wp\/v2\/posts\/2335"}],"collection":[{"href":"https:\/\/lafuente.mx\/index.php?rest_route=\/wp\/v2\/posts"}],"about":[{"href":"https:\/\/lafuente.mx\/index.php?rest_route=\/wp\/v2\/types\/post"}],"author":[{"embeddable":true,"href":"https:\/\/lafuente.mx\/index.php?rest_route=\/wp\/v2\/users\/3"}],"replies":[{"embeddable":true,"href":"https:\/\/lafuente.mx\/index.php?rest_route=%2Fwp%2Fv2%2Fcomments&post=2335"}],"version-history":[{"count":4,"href":"https:\/\/lafuente.mx\/index.php?rest_route=\/wp\/v2\/posts\/2335\/revisions"}],"predecessor-version":[{"id":2370,"href":"https:\/\/lafuente.mx\/index.php?rest_route=\/wp\/v2\/posts\/2335\/revisions\/2370"}],"wp:featuredmedia":[{"embeddable":true,"href":"https:\/\/lafuente.mx\/index.php?rest_route=\/wp\/v2\/media\/2336"}],"wp:attachment":[{"href":"https:\/\/lafuente.mx\/index.php?rest_route=%2Fwp%2Fv2%2Fmedia&parent=2335"}],"wp:term":[{"taxonomy":"category","embeddable":true,"href":"https:\/\/lafuente.mx\/index.php?rest_route=%2Fwp%2Fv2%2Fcategories&post=2335"},{"taxonomy":"post_tag","embeddable":true,"href":"https:\/\/lafuente.mx\/index.php?rest_route=%2Fwp%2Fv2%2Ftags&post=2335"}],"curies":[{"name":"wp","href":"https:\/\/api.w.org\/{rel}","templated":true}]}}