{"id":2333,"date":"2024-06-06T06:57:00","date_gmt":"2024-06-06T06:57:00","guid":{"rendered":"https:\/\/lafuente.mx\/?p=2333"},"modified":"2024-07-12T20:24:07","modified_gmt":"2024-07-12T20:24:07","slug":"mas-alla-de-las-palabras-etologia-de-las-interacciones-no-verbales-en-el-entorno-terapeutico-y-el-trastorno-psiquiatrico","status":"publish","type":"post","link":"https:\/\/lafuente.mx\/?p=2333","title":{"rendered":"M\u00c1S ALL\u00c1 DE LAS PALABRAS: ETOLOG\u00cdA DE LAS INTERACCIONES NO VERBALES EN EL ENTORNO TERAP\u00c9UTICO Y EL TRASTORNO PSIQUI\u00c1TRICO\u00a0"},"content":{"rendered":"\n<hr class=\"wp-block-separator has-text-color has-vivid-red-color has-alpha-channel-opacity has-vivid-red-background-color has-background is-style-wide\"\/>\n\n\n\n<p class=\"has-text-align-center has-vivid-red-color has-text-color has-large-font-size\"><strong>Del 19 al 23 de octubre de 2024&nbsp;<br>Erice, Sicilia, ITALIA&nbsp;<\/strong><\/p>\n\n\n\n<p class=\"has-text-color has-medium-font-size\" style=\"color:#3c3838\">ORGANIZADORES DE TALLERES&nbsp;<\/p>\n\n\n\n<p class=\"has-text-color has-medium-font-size\" style=\"color:#3c3838\"><a href=\"https:\/\/centromajorana.it\/nonverbalint2024\/organizers.html\" target=\"_blank\" rel=\"noreferrer noopener\"><strong>Martin Br\u00fcne (Rhur University Bochum, Alemania)<\/strong><\/a>&nbsp;<br><a href=\"https:\/\/centromajorana.it\/nonverbalint2024\/organizers.html\" target=\"_blank\" rel=\"noreferrer noopener\"><strong>Paola Palanza (Universit\u00e0 di Parma, Italia)<\/strong><\/a>&nbsp;<br><a href=\"https:\/\/centromajorana.it\/nonverbalint2024\/organizers.html\" target=\"_blank\" rel=\"noreferrer noopener\"><strong>Stefano Parmigiani (Universit\u00e0 di Parma, Italia)<\/strong><\/a>&nbsp;<br><a href=\"https:\/\/centromajorana.it\/nonverbalint2024\/organizers.html\" target=\"_blank\" rel=\"noreferrer noopener\"><strong>Matteo Tonna (Universit\u00e0 di Parma, Italia)<\/strong><\/a>&nbsp;<\/p>\n\n\n\n<hr class=\"wp-block-separator has-text-color has-vivid-red-color has-alpha-channel-opacity has-vivid-red-background-color has-background\"\/>\n\n\n\n<p class=\"has-vivid-red-color has-text-color has-medium-font-size\"><strong>Donde participar\u00e1 el Dr. Jairo Ignacio Mu\u00f1oz Delgado, fundador del Laboratorio de Cronoecolog\u00eda y Etolog\u00eda Humana del Instituto Nacional de Psiquiatr\u00eda Ram\u00f3n de la Fuente Mu\u00f1iz.&nbsp;<\/strong><\/p>\n\n\n\n<p class=\"has-luminous-vivid-amber-background-color has-text-color has-background has-large-font-size\" style=\"color:#a10202\"><strong>PROP\u00d3SITO DEL TALLER&nbsp;<\/strong><\/p>\n\n\n\n<p class=\"has-medium-font-size\">La etolog\u00eda, tal como fue conceptualizada en 1963 por Niko Tinbergen con motivo del 60 cumplea\u00f1os de Konrad Lorenz, se ocupa de la funci\u00f3n, el mecanismo, la historia filogen\u00e9tica y el valor adaptativo de los rasgos f\u00edsicos, as\u00ed como del comportamiento. Las se\u00f1ales no verbales transmitidas por las expresiones faciales, los gestos y la postura corporal del Homo sapiens comprenden una gran parte de la comunicaci\u00f3n que probablemente supera la informaci\u00f3n transmitida porque la mayor parte de la comunicaci\u00f3n no verbal est\u00e1 fuera del control consciente. Por lo tanto, desde una perspectiva etol\u00f3gica y evolutiva, el comportamiento no verbal es mucho m\u00e1s confiable en t\u00e9rminos de veracidad y autenticidad de la informaci\u00f3n que se transporta a los cong\u00e9neres que interact\u00faan que las expresiones verbales. <\/p>\n\n\n\n<figure class=\"wp-block-image size-large is-resized\"><img decoding=\"async\" loading=\"lazy\" width=\"640\" height=\"417\" src=\"https:\/\/i0.wp.com\/lafuente.mx\/wp-content\/uploads\/2024\/06\/Chango01-1024x667.jpg?resize=640%2C417&#038;ssl=1\" alt=\"\" class=\"wp-image-2353\" style=\"aspect-ratio:1.535232383808096;width:843px;height:auto\" srcset=\"https:\/\/i0.wp.com\/lafuente.mx\/wp-content\/uploads\/2024\/06\/Chango01.jpg?resize=1024%2C667&amp;ssl=1 1024w, https:\/\/i0.wp.com\/lafuente.mx\/wp-content\/uploads\/2024\/06\/Chango01.jpg?resize=300%2C195&amp;ssl=1 300w, https:\/\/i0.wp.com\/lafuente.mx\/wp-content\/uploads\/2024\/06\/Chango01.jpg?resize=768%2C500&amp;ssl=1 768w, https:\/\/i0.wp.com\/lafuente.mx\/wp-content\/uploads\/2024\/06\/Chango01.jpg?w=1181&amp;ssl=1 1181w\" sizes=\"(max-width: 640px) 100vw, 640px\" data-recalc-dims=\"1\" \/><figcaption class=\"wp-element-caption\">Imagen: INPRFM<\/figcaption><\/figure>\n\n\n\n<p class=\"has-medium-font-size\">En otras palabras, mentir de forma no verbal es mucho m\u00e1s dif\u00edcil que en la comunicaci\u00f3n verbal. Este aspecto es de suma importancia en el \u00e1mbito cl\u00ednico terap\u00e9utico. El m\u00e9todo y procedimiento etol\u00f3gico para cuantificar el comportamiento no verbal es el etograma que proporciona cat\u00e1logos de elementos discretos del repertorio conductual de la especie estudiada. El etograma humano se ha utilizado en una variedad de entornos, incluidas las d\u00edadas de madres e hijos, entornos psicoterap\u00e9uticos y otros contextos cl\u00ednicos que han avanzado enormemente nuestra comprensi\u00f3n de qu\u00e9 tipo de informaci\u00f3n y c\u00f3mo se transmite m\u00e1s all\u00e1 de la comprensi\u00f3n de las evaluaciones subjetivas a trav\u00e9s de cuestionarios. <\/p>\n\n\n\n<p class=\"has-medium-font-size\">El prop\u00f3sito del taller es dar una visi\u00f3n general del \u201cstate of the art\u201d de la importancia del enfoque etol\u00f3gico para la comprensi\u00f3n de la comunicaci\u00f3n no verbal entre las interacciones humanas en el entorno cl\u00ednico terap\u00e9utico. Dada nuestra historia evolutiva, el comportamiento no verbal se explorar\u00e1 en primates no humanos y en interacciones entre animales y humanos. Este objetivo se lograr\u00e1 mediante un debate interdisciplinario entre et\u00f3logos, primat\u00f3logos, psic\u00f3logos infantiles, psiquiatras y psicoterapeutas.&nbsp;<\/p>\n\n\n\n<div class=\"wp-block-buttons is-layout-flex wp-block-buttons-is-layout-flex\">\n<div class=\"wp-block-button\"><a class=\"wp-block-button__link has-vivid-red-background-color has-background wp-element-button\" href=\"https:\/\/centromajorana.it\/nonverbalint2024\/#services\">M\u00e1s informaci\u00f3n<\/a><\/div>\n<\/div>\n","protected":false},"excerpt":{"rendered":"<p>Del 19 al 23 de octubre de 2024&nbsp;Erice, Sicilia, ITALIA&nbsp; ORGANIZADORES DE TALLERES&nbsp; Martin Br\u00fcne (Rhur University Bochum, Alemania)&nbsp;Paola Palanza (Universit\u00e0 di Parma, Italia)&nbsp;Stefano Parmigiani<\/p>\n","protected":false},"author":3,"featured_media":2353,"comment_status":"closed","ping_status":"closed","sticky":false,"template":"","format":"standard","meta":{"footnotes":"","jetpack_publicize_message":"","jetpack_is_tweetstorm":false,"jetpack_publicize_feature_enabled":true},"categories":[4,9],"tags":[703,638,700,705,701,704,708,707,21,710,238,706,709,32],"jetpack_publicize_connections":[],"yoast_head":"<!-- This site is optimized with the Yoast SEO plugin v19.4 - https:\/\/yoast.com\/wordpress\/plugins\/seo\/ -->\n<title>M\u00c1S ALL\u00c1 DE LAS PALABRAS: ETOLOG\u00cdA DE LAS INTERACCIONES NO VERBALES EN EL ENTORNO TERAP\u00c9UTICO Y EL TRASTORNO PSIQUI\u00c1TRICO\u00a0 -<\/title>\n<meta name=\"description\" content=\"Desde una perspectiva etol\u00f3gica y evolutiva, el comportamiento no verbal es mucho m\u00e1s confiable en t\u00e9rminos de veracidad y autenticidad de la informaci\u00f3n que se transporta a los cong\u00e9neres que interact\u00faan que las expresiones verbales.\" \/>\n<meta name=\"robots\" content=\"index, follow, max-snippet:-1, max-image-preview:large, max-video-preview:-1\" \/>\n<link rel=\"canonical\" href=\"https:\/\/lafuente.mx\/?p=2333\" \/>\n<meta property=\"og:locale\" content=\"es_MX\" \/>\n<meta property=\"og:type\" content=\"article\" \/>\n<meta property=\"og:title\" content=\"M\u00c1S ALL\u00c1 DE LAS PALABRAS: ETOLOG\u00cdA DE LAS INTERACCIONES NO VERBALES EN EL ENTORNO TERAP\u00c9UTICO Y EL TRASTORNO PSIQUI\u00c1TRICO\u00a0\" \/>\n<meta property=\"og:description\" content=\"Desde una perspectiva etol\u00f3gica y evolutiva, el comportamiento no verbal es mucho m\u00e1s confiable en t\u00e9rminos de veracidad y autenticidad de la informaci\u00f3n que se transporta a los cong\u00e9neres que interact\u00faan que las expresiones verbales.\" \/>\n<meta property=\"og:url\" content=\"https:\/\/lafuente.mx\/?p=2333\" \/>\n<meta property=\"article:published_time\" content=\"2024-06-06T06:57:00+00:00\" \/>\n<meta property=\"article:modified_time\" content=\"2024-07-12T20:24:07+00:00\" \/>\n<meta property=\"og:image\" content=\"http:\/\/lafuente.mx\/wp-content\/uploads\/2024\/06\/Chango01.jpg\" \/>\n\t<meta property=\"og:image:width\" content=\"1181\" \/>\n\t<meta property=\"og:image:height\" content=\"769\" \/>\n\t<meta property=\"og:image:type\" content=\"image\/jpeg\" \/>\n<meta name=\"author\" content=\"Claudia Gallardo\" \/>\n<meta name=\"twitter:card\" content=\"summary_large_image\" \/>\n<meta name=\"twitter:title\" content=\"M\u00c1S ALL\u00c1 DE LAS PALABRAS: ETOLOG\u00cdA DE LAS INTERACCIONES NO VERBALES EN EL ENTORNO TERAP\u00c9UTICO Y EL TRASTORNO PSIQUI\u00c1TRICO\u00a0\" \/>\n<meta name=\"twitter:description\" content=\"Desde una perspectiva etol\u00f3gica y evolutiva, el comportamiento no verbal es mucho m\u00e1s confiable en t\u00e9rminos de veracidad y autenticidad de la informaci\u00f3n que se transporta a los cong\u00e9neres que interact\u00faan que las expresiones verbales.\" \/>\n<meta name=\"twitter:image\" content=\"https:\/\/i0.wp.com\/lafuente.mx\/wp-content\/uploads\/2024\/06\/Chango01.jpg?fit=1181%2C769&ssl=1\" \/>\n<meta name=\"twitter:label1\" content=\"Escrito por\" \/>\n\t<meta name=\"twitter:data1\" content=\"Claudia Gallardo\" \/>\n\t<meta name=\"twitter:label2\" content=\"Tiempo de lectura\" \/>\n\t<meta name=\"twitter:data2\" content=\"2 minutos\" \/>\n<script type=\"application\/ld+json\" class=\"yoast-schema-graph\">{\"@context\":\"https:\/\/schema.org\",\"@graph\":[{\"@type\":\"WebSite\",\"@id\":\"https:\/\/lafuente.mx\/#website\",\"url\":\"https:\/\/lafuente.mx\/\",\"name\":\"\",\"description\":\"Informaci\u00f3n confiable sobre salud mental\",\"potentialAction\":[{\"@type\":\"SearchAction\",\"target\":{\"@type\":\"EntryPoint\",\"urlTemplate\":\"https:\/\/lafuente.mx\/?s={search_term_string}\"},\"query-input\":\"required name=search_term_string\"}],\"inLanguage\":\"es-MX\"},{\"@type\":\"WebPage\",\"@id\":\"https:\/\/lafuente.mx\/?p=2333\",\"url\":\"https:\/\/lafuente.mx\/?p=2333\",\"name\":\"M\u00c1S ALL\u00c1 DE LAS PALABRAS: ETOLOG\u00cdA DE LAS INTERACCIONES NO VERBALES EN EL ENTORNO TERAP\u00c9UTICO Y EL TRASTORNO PSIQUI\u00c1TRICO\u00a0 -\",\"isPartOf\":{\"@id\":\"https:\/\/lafuente.mx\/#website\"},\"datePublished\":\"2024-06-06T06:57:00+00:00\",\"dateModified\":\"2024-07-12T20:24:07+00:00\",\"author\":{\"@id\":\"https:\/\/lafuente.mx\/#\/schema\/person\/603f3aa8e2f6f7879021ab722d39d6b0\"},\"description\":\"Desde una perspectiva etol\u00f3gica y evolutiva, el comportamiento no verbal es mucho m\u00e1s confiable en t\u00e9rminos de veracidad y autenticidad de la informaci\u00f3n que se transporta a los cong\u00e9neres que interact\u00faan que las expresiones verbales.\",\"breadcrumb\":{\"@id\":\"https:\/\/lafuente.mx\/?p=2333#breadcrumb\"},\"inLanguage\":\"es-MX\",\"potentialAction\":[{\"@type\":\"ReadAction\",\"target\":[\"https:\/\/lafuente.mx\/?p=2333\"]}]},{\"@type\":\"BreadcrumbList\",\"@id\":\"https:\/\/lafuente.mx\/?p=2333#breadcrumb\",\"itemListElement\":[{\"@type\":\"ListItem\",\"position\":1,\"name\":\"Inicio\",\"item\":\"https:\/\/lafuente.mx\/\"},{\"@type\":\"ListItem\",\"position\":2,\"name\":\"M\u00c1S ALL\u00c1 DE LAS PALABRAS: ETOLOG\u00cdA DE LAS INTERACCIONES NO VERBALES EN EL ENTORNO TERAP\u00c9UTICO Y EL TRASTORNO PSIQUI\u00c1TRICO\u00a0\"}]},{\"@type\":\"Person\",\"@id\":\"https:\/\/lafuente.mx\/#\/schema\/person\/603f3aa8e2f6f7879021ab722d39d6b0\",\"name\":\"Claudia Gallardo\",\"image\":{\"@type\":\"ImageObject\",\"inLanguage\":\"es-MX\",\"@id\":\"https:\/\/lafuente.mx\/#\/schema\/person\/image\/\",\"url\":\"https:\/\/secure.gravatar.com\/avatar\/bfe9c966af1ccfb9d17bcdb9d04e8815?s=96&d=mm&r=g\",\"contentUrl\":\"https:\/\/secure.gravatar.com\/avatar\/bfe9c966af1ccfb9d17bcdb9d04e8815?s=96&d=mm&r=g\",\"caption\":\"Claudia Gallardo\"},\"url\":\"https:\/\/lafuente.mx\/?author=3\"}]}<\/script>\n<!-- \/ Yoast SEO plugin. -->","yoast_head_json":{"title":"M\u00c1S ALL\u00c1 DE LAS PALABRAS: ETOLOG\u00cdA DE LAS INTERACCIONES NO VERBALES EN EL ENTORNO TERAP\u00c9UTICO Y EL TRASTORNO PSIQUI\u00c1TRICO\u00a0 -","description":"Desde una perspectiva etol\u00f3gica y evolutiva, el comportamiento no verbal es mucho m\u00e1s confiable en t\u00e9rminos de veracidad y autenticidad de la informaci\u00f3n que se transporta a los cong\u00e9neres que interact\u00faan que las expresiones verbales.","robots":{"index":"index","follow":"follow","max-snippet":"max-snippet:-1","max-image-preview":"max-image-preview:large","max-video-preview":"max-video-preview:-1"},"canonical":"https:\/\/lafuente.mx\/?p=2333","og_locale":"es_MX","og_type":"article","og_title":"M\u00c1S ALL\u00c1 DE LAS PALABRAS: ETOLOG\u00cdA DE LAS INTERACCIONES NO VERBALES EN EL ENTORNO TERAP\u00c9UTICO Y EL TRASTORNO PSIQUI\u00c1TRICO\u00a0","og_description":"Desde una perspectiva etol\u00f3gica y evolutiva, el comportamiento no verbal es mucho m\u00e1s confiable en t\u00e9rminos de veracidad y autenticidad de la informaci\u00f3n que se transporta a los cong\u00e9neres que interact\u00faan que las expresiones verbales.","og_url":"https:\/\/lafuente.mx\/?p=2333","article_published_time":"2024-06-06T06:57:00+00:00","article_modified_time":"2024-07-12T20:24:07+00:00","og_image":[{"width":1181,"height":769,"url":"http:\/\/lafuente.mx\/wp-content\/uploads\/2024\/06\/Chango01.jpg","type":"image\/jpeg"}],"author":"Claudia Gallardo","twitter_card":"summary_large_image","twitter_title":"M\u00c1S ALL\u00c1 DE LAS PALABRAS: ETOLOG\u00cdA DE LAS INTERACCIONES NO VERBALES EN EL ENTORNO TERAP\u00c9UTICO Y EL TRASTORNO PSIQUI\u00c1TRICO\u00a0","twitter_description":"Desde una perspectiva etol\u00f3gica y evolutiva, el comportamiento no verbal es mucho m\u00e1s confiable en t\u00e9rminos de veracidad y autenticidad de la informaci\u00f3n que se transporta a los cong\u00e9neres que interact\u00faan que las expresiones verbales.","twitter_image":"https:\/\/i0.wp.com\/lafuente.mx\/wp-content\/uploads\/2024\/06\/Chango01.jpg?fit=1181%2C769&ssl=1","twitter_misc":{"Escrito por":"Claudia Gallardo","Tiempo de lectura":"2 minutos"},"schema":{"@context":"https:\/\/schema.org","@graph":[{"@type":"WebSite","@id":"https:\/\/lafuente.mx\/#website","url":"https:\/\/lafuente.mx\/","name":"","description":"Informaci\u00f3n confiable sobre salud mental","potentialAction":[{"@type":"SearchAction","target":{"@type":"EntryPoint","urlTemplate":"https:\/\/lafuente.mx\/?s={search_term_string}"},"query-input":"required name=search_term_string"}],"inLanguage":"es-MX"},{"@type":"WebPage","@id":"https:\/\/lafuente.mx\/?p=2333","url":"https:\/\/lafuente.mx\/?p=2333","name":"M\u00c1S ALL\u00c1 DE LAS PALABRAS: ETOLOG\u00cdA DE LAS INTERACCIONES NO VERBALES EN EL ENTORNO TERAP\u00c9UTICO Y EL TRASTORNO PSIQUI\u00c1TRICO\u00a0 -","isPartOf":{"@id":"https:\/\/lafuente.mx\/#website"},"datePublished":"2024-06-06T06:57:00+00:00","dateModified":"2024-07-12T20:24:07+00:00","author":{"@id":"https:\/\/lafuente.mx\/#\/schema\/person\/603f3aa8e2f6f7879021ab722d39d6b0"},"description":"Desde una perspectiva etol\u00f3gica y evolutiva, el comportamiento no verbal es mucho m\u00e1s confiable en t\u00e9rminos de veracidad y autenticidad de la informaci\u00f3n que se transporta a los cong\u00e9neres que interact\u00faan que las expresiones verbales.","breadcrumb":{"@id":"https:\/\/lafuente.mx\/?p=2333#breadcrumb"},"inLanguage":"es-MX","potentialAction":[{"@type":"ReadAction","target":["https:\/\/lafuente.mx\/?p=2333"]}]},{"@type":"BreadcrumbList","@id":"https:\/\/lafuente.mx\/?p=2333#breadcrumb","itemListElement":[{"@type":"ListItem","position":1,"name":"Inicio","item":"https:\/\/lafuente.mx\/"},{"@type":"ListItem","position":2,"name":"M\u00c1S ALL\u00c1 DE LAS PALABRAS: ETOLOG\u00cdA DE LAS INTERACCIONES NO VERBALES EN EL ENTORNO TERAP\u00c9UTICO Y EL TRASTORNO PSIQUI\u00c1TRICO\u00a0"}]},{"@type":"Person","@id":"https:\/\/lafuente.mx\/#\/schema\/person\/603f3aa8e2f6f7879021ab722d39d6b0","name":"Claudia Gallardo","image":{"@type":"ImageObject","inLanguage":"es-MX","@id":"https:\/\/lafuente.mx\/#\/schema\/person\/image\/","url":"https:\/\/secure.gravatar.com\/avatar\/bfe9c966af1ccfb9d17bcdb9d04e8815?s=96&d=mm&r=g","contentUrl":"https:\/\/secure.gravatar.com\/avatar\/bfe9c966af1ccfb9d17bcdb9d04e8815?s=96&d=mm&r=g","caption":"Claudia Gallardo"},"url":"https:\/\/lafuente.mx\/?author=3"}]}},"jetpack_featured_media_url":"https:\/\/i0.wp.com\/lafuente.mx\/wp-content\/uploads\/2024\/06\/Chango01.jpg?fit=1181%2C769&ssl=1","jetpack-related-posts":[{"id":1108,"url":"https:\/\/lafuente.mx\/?p=1108","url_meta":{"origin":2333,"position":0},"title":"El papel de la educaci\u00f3n de los padres sobre el abuso verbal y su impacto en la salud mental de los adultos j\u00f3venes\u00a0","date":"abril 13, 2023","format":false,"excerpt":"MalidaTsani Fairuzza, Thoyyibatus Sarirah, Drina Intyaswati Resumen:\u00a0 Introducci\u00f3n. El abuso verbal es una de las violencias dom\u00e9sticas que a\u00fan se subestima porque no tiene ning\u00fan efecto f\u00edsico directo; de hecho, tiene un impacto tremendo en la salud mental de los adultos j\u00f3venes.\u00a0\u00a0Objetivo. Este estudio quer\u00eda confirmar el efecto negativo del\u2026","rel":"","context":"En &quot;Revista Salud Mental&quot;","img":{"alt_text":"","src":"https:\/\/i0.wp.com\/lafuente.mx\/wp-content\/uploads\/2023\/04\/image-1-edited.png?fit=1200%2C676&ssl=1&resize=350%2C200","width":350,"height":200},"classes":[]}],"jetpack_sharing_enabled":true,"jetpack_shortlink":"https:\/\/wp.me\/pe9WUx-BD","_links":{"self":[{"href":"https:\/\/lafuente.mx\/index.php?rest_route=\/wp\/v2\/posts\/2333"}],"collection":[{"href":"https:\/\/lafuente.mx\/index.php?rest_route=\/wp\/v2\/posts"}],"about":[{"href":"https:\/\/lafuente.mx\/index.php?rest_route=\/wp\/v2\/types\/post"}],"author":[{"embeddable":true,"href":"https:\/\/lafuente.mx\/index.php?rest_route=\/wp\/v2\/users\/3"}],"replies":[{"embeddable":true,"href":"https:\/\/lafuente.mx\/index.php?rest_route=%2Fwp%2Fv2%2Fcomments&post=2333"}],"version-history":[{"count":6,"href":"https:\/\/lafuente.mx\/index.php?rest_route=\/wp\/v2\/posts\/2333\/revisions"}],"predecessor-version":[{"id":2428,"href":"https:\/\/lafuente.mx\/index.php?rest_route=\/wp\/v2\/posts\/2333\/revisions\/2428"}],"wp:featuredmedia":[{"embeddable":true,"href":"https:\/\/lafuente.mx\/index.php?rest_route=\/wp\/v2\/media\/2353"}],"wp:attachment":[{"href":"https:\/\/lafuente.mx\/index.php?rest_route=%2Fwp%2Fv2%2Fmedia&parent=2333"}],"wp:term":[{"taxonomy":"category","embeddable":true,"href":"https:\/\/lafuente.mx\/index.php?rest_route=%2Fwp%2Fv2%2Fcategories&post=2333"},{"taxonomy":"post_tag","embeddable":true,"href":"https:\/\/lafuente.mx\/index.php?rest_route=%2Fwp%2Fv2%2Ftags&post=2333"}],"curies":[{"name":"wp","href":"https:\/\/api.w.org\/{rel}","templated":true}]}}