{"id":2330,"date":"2024-05-31T07:19:00","date_gmt":"2024-05-31T07:19:00","guid":{"rendered":"https:\/\/lafuente.mx\/?p=2330"},"modified":"2024-06-03T19:53:25","modified_gmt":"2024-06-03T19:53:25","slug":"dia-mundial-sin-tabaco","status":"publish","type":"post","link":"https:\/\/lafuente.mx\/?p=2330","title":{"rendered":"D\u00eda Mundial Sin Tabaco\u00a0"},"content":{"rendered":"\n<hr class=\"wp-block-separator has-text-color has-luminous-vivid-orange-color has-alpha-channel-opacity has-luminous-vivid-orange-background-color has-background\"\/>\n\n\n\n<p class=\"has-text-align-center has-luminous-vivid-orange-color has-text-color has-large-font-size\"><strong>31 de mayo<\/strong><\/p>\n\n\n\n<p class=\"has-text-align-center has-white-color has-luminous-vivid-orange-background-color has-text-color has-background has-large-font-size\"><strong>Proteger a los ni\u00f1os de la interferencia de la industria tabacalera<\/strong>&nbsp;<\/p>\n\n\n\n<p><\/p>\n\n\n\n<p class=\"has-medium-font-size\">El D\u00eda Mundial Sin Tabaco 2024 brindar\u00e1 una plataforma a la juventud de todo el mundo, que demandan que la industria tabacalera cese de dirigirse a este grupo con productos nocivos para su salud. <\/p>\n\n\n\n<figure class=\"wp-block-image size-large\"><img decoding=\"async\" loading=\"lazy\" width=\"640\" height=\"480\" src=\"https:\/\/i0.wp.com\/lafuente.mx\/wp-content\/uploads\/2024\/05\/non-smoking-stop-smoking-glow-sticks-2497308.jpg?resize=640%2C480\" alt=\"non-smoking, stop smoking, glow sticks-2497308.jpg\" class=\"wp-image-2331\" srcset=\"https:\/\/i0.wp.com\/lafuente.mx\/wp-content\/uploads\/2024\/05\/non-smoking-stop-smoking-glow-sticks-2497308.jpg?resize=1024%2C768&amp;ssl=1 1024w, https:\/\/i0.wp.com\/lafuente.mx\/wp-content\/uploads\/2024\/05\/non-smoking-stop-smoking-glow-sticks-2497308.jpg?resize=300%2C225&amp;ssl=1 300w, https:\/\/i0.wp.com\/lafuente.mx\/wp-content\/uploads\/2024\/05\/non-smoking-stop-smoking-glow-sticks-2497308.jpg?resize=768%2C576&amp;ssl=1 768w, https:\/\/i0.wp.com\/lafuente.mx\/wp-content\/uploads\/2024\/05\/non-smoking-stop-smoking-glow-sticks-2497308.jpg?resize=800%2C600&amp;ssl=1 800w, https:\/\/i0.wp.com\/lafuente.mx\/wp-content\/uploads\/2024\/05\/non-smoking-stop-smoking-glow-sticks-2497308.jpg?w=1280&amp;ssl=1 1280w\" sizes=\"(max-width: 640px) 100vw, 640px\" data-recalc-dims=\"1\" \/><\/figure>\n\n\n\n<p class=\"has-medium-font-size\">La juventud de todo el mundo est\u00e1 pidiendo a los gobiernos que adopten pol\u00edticas que les protejan de las pr\u00e1cticas manipuladoras de las industrias tabacalera y otras industrias afines, incluida la comercializaci\u00f3n incesante de sus productos peligrosos a trav\u00e9s de las redes sociales y las plataformas de streaming.&nbsp;<\/p>\n\n\n\n<div class=\"wp-block-buttons is-layout-flex wp-block-buttons-is-layout-flex\">\n<div class=\"wp-block-button\"><a class=\"wp-block-button__link has-luminous-vivid-orange-background-color has-background wp-element-button\" href=\"https:\/\/www.paho.org\/es\/campanas\/dia-mundial-sin-tabaco-2024\">M\u00e1s informaci\u00f3n<\/a><\/div>\n<\/div>\n","protected":false},"excerpt":{"rendered":"<p>31 de mayo Proteger a los ni\u00f1os de la interferencia de la industria tabacalera&nbsp; El D\u00eda Mundial Sin Tabaco 2024 brindar\u00e1 una plataforma a la<\/p>\n","protected":false},"author":3,"featured_media":2331,"comment_status":"closed","ping_status":"closed","sticky":false,"template":"","format":"standard","meta":{"footnotes":"","jetpack_publicize_message":"","jetpack_is_tweetstorm":false,"jetpack_publicize_feature_enabled":true},"categories":[13],"tags":[135,66,676,98,21,167,63,32,24],"jetpack_publicize_connections":[],"yoast_head":"<!-- This site is optimized with the Yoast SEO plugin v19.4 - https:\/\/yoast.com\/wordpress\/plugins\/seo\/ -->\n<title>D\u00eda Mundial Sin Tabaco\u00a0 -<\/title>\n<meta name=\"description\" content=\"Proteger a los ni\u00f1os de la interferencia de la industria tabacalera\u00a0\" \/>\n<meta name=\"robots\" content=\"index, follow, max-snippet:-1, max-image-preview:large, max-video-preview:-1\" \/>\n<link rel=\"canonical\" href=\"https:\/\/lafuente.mx\/?p=2330\" \/>\n<meta property=\"og:locale\" content=\"es_MX\" \/>\n<meta property=\"og:type\" content=\"article\" \/>\n<meta property=\"og:title\" content=\"D\u00eda Mundial Sin Tabaco\" \/>\n<meta property=\"og:description\" content=\"Proteger a los ni\u00f1os de la interferencia de la industria tabacalera\u00a0\" \/>\n<meta property=\"og:url\" content=\"https:\/\/lafuente.mx\/?p=2330\" \/>\n<meta property=\"article:published_time\" content=\"2024-05-31T07:19:00+00:00\" \/>\n<meta property=\"article:modified_time\" content=\"2024-06-03T19:53:25+00:00\" \/>\n<meta property=\"og:image\" content=\"http:\/\/lafuente.mx\/wp-content\/uploads\/2024\/05\/non-smoking-stop-smoking-glow-sticks-2497308.jpg\" \/>\n\t<meta property=\"og:image:width\" content=\"1280\" \/>\n\t<meta property=\"og:image:height\" content=\"960\" \/>\n\t<meta property=\"og:image:type\" content=\"image\/jpeg\" \/>\n<meta name=\"author\" content=\"Claudia Gallardo\" \/>\n<meta name=\"twitter:card\" content=\"summary_large_image\" \/>\n<meta name=\"twitter:title\" content=\"D\u00eda Mundial Sin Tabaco\" \/>\n<meta name=\"twitter:description\" content=\"Proteger a los ni\u00f1os de la interferencia de la industria tabacalera\u00a0\" \/>\n<meta name=\"twitter:image\" content=\"https:\/\/i0.wp.com\/lafuente.mx\/wp-content\/uploads\/2024\/05\/non-smoking-stop-smoking-glow-sticks-2497308.jpg?fit=1280%2C960&ssl=1\" \/>\n<meta name=\"twitter:label1\" content=\"Escrito por\" \/>\n\t<meta name=\"twitter:data1\" content=\"Claudia Gallardo\" \/>\n\t<meta name=\"twitter:label2\" content=\"Tiempo de lectura\" \/>\n\t<meta name=\"twitter:data2\" content=\"1 minuto\" \/>\n<script type=\"application\/ld+json\" class=\"yoast-schema-graph\">{\"@context\":\"https:\/\/schema.org\",\"@graph\":[{\"@type\":\"WebSite\",\"@id\":\"https:\/\/lafuente.mx\/#website\",\"url\":\"https:\/\/lafuente.mx\/\",\"name\":\"\",\"description\":\"Informaci\u00f3n confiable sobre salud mental\",\"potentialAction\":[{\"@type\":\"SearchAction\",\"target\":{\"@type\":\"EntryPoint\",\"urlTemplate\":\"https:\/\/lafuente.mx\/?s={search_term_string}\"},\"query-input\":\"required name=search_term_string\"}],\"inLanguage\":\"es-MX\"},{\"@type\":\"WebPage\",\"@id\":\"https:\/\/lafuente.mx\/?p=2330\",\"url\":\"https:\/\/lafuente.mx\/?p=2330\",\"name\":\"D\u00eda Mundial Sin Tabaco\u00a0 -\",\"isPartOf\":{\"@id\":\"https:\/\/lafuente.mx\/#website\"},\"datePublished\":\"2024-05-31T07:19:00+00:00\",\"dateModified\":\"2024-06-03T19:53:25+00:00\",\"author\":{\"@id\":\"https:\/\/lafuente.mx\/#\/schema\/person\/603f3aa8e2f6f7879021ab722d39d6b0\"},\"description\":\"Proteger a los ni\u00f1os de la interferencia de la industria tabacalera\u00a0\",\"breadcrumb\":{\"@id\":\"https:\/\/lafuente.mx\/?p=2330#breadcrumb\"},\"inLanguage\":\"es-MX\",\"potentialAction\":[{\"@type\":\"ReadAction\",\"target\":[\"https:\/\/lafuente.mx\/?p=2330\"]}]},{\"@type\":\"BreadcrumbList\",\"@id\":\"https:\/\/lafuente.mx\/?p=2330#breadcrumb\",\"itemListElement\":[{\"@type\":\"ListItem\",\"position\":1,\"name\":\"Inicio\",\"item\":\"https:\/\/lafuente.mx\/\"},{\"@type\":\"ListItem\",\"position\":2,\"name\":\"D\u00eda Mundial Sin Tabaco\u00a0\"}]},{\"@type\":\"Person\",\"@id\":\"https:\/\/lafuente.mx\/#\/schema\/person\/603f3aa8e2f6f7879021ab722d39d6b0\",\"name\":\"Claudia Gallardo\",\"image\":{\"@type\":\"ImageObject\",\"inLanguage\":\"es-MX\",\"@id\":\"https:\/\/lafuente.mx\/#\/schema\/person\/image\/\",\"url\":\"https:\/\/secure.gravatar.com\/avatar\/bfe9c966af1ccfb9d17bcdb9d04e8815?s=96&d=mm&r=g\",\"contentUrl\":\"https:\/\/secure.gravatar.com\/avatar\/bfe9c966af1ccfb9d17bcdb9d04e8815?s=96&d=mm&r=g\",\"caption\":\"Claudia Gallardo\"},\"url\":\"https:\/\/lafuente.mx\/?author=3\"}]}<\/script>\n<!-- \/ Yoast SEO plugin. -->","yoast_head_json":{"title":"D\u00eda Mundial Sin Tabaco\u00a0 -","description":"Proteger a los ni\u00f1os de la interferencia de la industria tabacalera\u00a0","robots":{"index":"index","follow":"follow","max-snippet":"max-snippet:-1","max-image-preview":"max-image-preview:large","max-video-preview":"max-video-preview:-1"},"canonical":"https:\/\/lafuente.mx\/?p=2330","og_locale":"es_MX","og_type":"article","og_title":"D\u00eda Mundial Sin Tabaco","og_description":"Proteger a los ni\u00f1os de la interferencia de la industria tabacalera\u00a0","og_url":"https:\/\/lafuente.mx\/?p=2330","article_published_time":"2024-05-31T07:19:00+00:00","article_modified_time":"2024-06-03T19:53:25+00:00","og_image":[{"width":1280,"height":960,"url":"http:\/\/lafuente.mx\/wp-content\/uploads\/2024\/05\/non-smoking-stop-smoking-glow-sticks-2497308.jpg","type":"image\/jpeg"}],"author":"Claudia Gallardo","twitter_card":"summary_large_image","twitter_title":"D\u00eda Mundial Sin Tabaco","twitter_description":"Proteger a los ni\u00f1os de la interferencia de la industria tabacalera\u00a0","twitter_image":"https:\/\/i0.wp.com\/lafuente.mx\/wp-content\/uploads\/2024\/05\/non-smoking-stop-smoking-glow-sticks-2497308.jpg?fit=1280%2C960&ssl=1","twitter_misc":{"Escrito por":"Claudia Gallardo","Tiempo de lectura":"1 minuto"},"schema":{"@context":"https:\/\/schema.org","@graph":[{"@type":"WebSite","@id":"https:\/\/lafuente.mx\/#website","url":"https:\/\/lafuente.mx\/","name":"","description":"Informaci\u00f3n confiable sobre salud mental","potentialAction":[{"@type":"SearchAction","target":{"@type":"EntryPoint","urlTemplate":"https:\/\/lafuente.mx\/?s={search_term_string}"},"query-input":"required name=search_term_string"}],"inLanguage":"es-MX"},{"@type":"WebPage","@id":"https:\/\/lafuente.mx\/?p=2330","url":"https:\/\/lafuente.mx\/?p=2330","name":"D\u00eda Mundial Sin Tabaco\u00a0 -","isPartOf":{"@id":"https:\/\/lafuente.mx\/#website"},"datePublished":"2024-05-31T07:19:00+00:00","dateModified":"2024-06-03T19:53:25+00:00","author":{"@id":"https:\/\/lafuente.mx\/#\/schema\/person\/603f3aa8e2f6f7879021ab722d39d6b0"},"description":"Proteger a los ni\u00f1os de la interferencia de la industria tabacalera\u00a0","breadcrumb":{"@id":"https:\/\/lafuente.mx\/?p=2330#breadcrumb"},"inLanguage":"es-MX","potentialAction":[{"@type":"ReadAction","target":["https:\/\/lafuente.mx\/?p=2330"]}]},{"@type":"BreadcrumbList","@id":"https:\/\/lafuente.mx\/?p=2330#breadcrumb","itemListElement":[{"@type":"ListItem","position":1,"name":"Inicio","item":"https:\/\/lafuente.mx\/"},{"@type":"ListItem","position":2,"name":"D\u00eda Mundial Sin Tabaco\u00a0"}]},{"@type":"Person","@id":"https:\/\/lafuente.mx\/#\/schema\/person\/603f3aa8e2f6f7879021ab722d39d6b0","name":"Claudia Gallardo","image":{"@type":"ImageObject","inLanguage":"es-MX","@id":"https:\/\/lafuente.mx\/#\/schema\/person\/image\/","url":"https:\/\/secure.gravatar.com\/avatar\/bfe9c966af1ccfb9d17bcdb9d04e8815?s=96&d=mm&r=g","contentUrl":"https:\/\/secure.gravatar.com\/avatar\/bfe9c966af1ccfb9d17bcdb9d04e8815?s=96&d=mm&r=g","caption":"Claudia Gallardo"},"url":"https:\/\/lafuente.mx\/?author=3"}]}},"jetpack_featured_media_url":"https:\/\/i0.wp.com\/lafuente.mx\/wp-content\/uploads\/2024\/05\/non-smoking-stop-smoking-glow-sticks-2497308.jpg?fit=1280%2C960&ssl=1","jetpack-related-posts":[{"id":1254,"url":"https:\/\/lafuente.mx\/?p=1254","url_meta":{"origin":2330,"position":0},"title":"El D\u00eda Mundial Sin Tabaco se celebra anualmente el 31 de mayo en todo el mundo","date":"mayo 31, 2023","format":false,"excerpt":"Cultivemos alimentos, no tabaco 31 de mayo\u00a0 Imagen CONADIC El cultivo de tabaco es perjudicial para nuestra salud, la de los agricultores y la del planeta. La industria tabacalera interfiere en los intentos de sustituir el cultivo de tabaco, con lo que contribuye a la crisis alimentaria mundial.\u00a0 Esta campa\u00f1a\u2026","rel":"","context":"En &quot;Efem\u00e9rides de Salud Mental&quot;","img":{"alt_text":"","src":"https:\/\/i0.wp.com\/lafuente.mx\/wp-content\/uploads\/2023\/05\/Captura-de-Pantalla-2023-05-31-a-las-8.31.19.png?fit=1143%2C1200&ssl=1&resize=350%2C200","width":350,"height":200},"classes":[]},{"id":3610,"url":"https:\/\/lafuente.mx\/?p=3610","url_meta":{"origin":2330,"position":1},"title":"D\u00eda Mundial del Sue\u00f1o\u00a0","date":"marzo 13, 2026","format":false,"excerpt":"13 de marzo El objetivo principal del D\u00eda Mundial del Sue\u00f1o es concienciar a la sociedad sobre la importancia del sue\u00f1o saludable y su papel esencial en el mantenimiento de una salud y bienestar de alta calidad.\u00a0 Datos relevantes del sue\u00f1o y salud mental\u00a0\u00a0 Se estima que cerca del 40%\u2026","rel":"","context":"En &quot;Efem\u00e9rides de Salud Mental&quot;","img":{"alt_text":"","src":"https:\/\/i0.wp.com\/lafuente.mx\/wp-content\/uploads\/2026\/03\/Gemini_Generated_Image_5xuwfz5xuwfz5xuw.png?fit=1200%2C670&ssl=1&resize=350%2C200","width":350,"height":200},"classes":[]},{"id":1744,"url":"https:\/\/lafuente.mx\/?p=1744","url_meta":{"origin":2330,"position":2},"title":"Tema del D\u00eda Mundial de la Salud Mental","date":"octubre 10, 2023","format":false,"excerpt":"'LA SALUD MENTAL ES UN DERECHO HUMANO UNIVERSAL'\u00a0 El 10 de octubre de 2023 celebraremos el D\u00eda Mundial de la Salud Mental con el tema 'La salud mental es un derecho humano universal' elegido mediante una votaci\u00f3n global abierta al p\u00fablico, incluidos los miembros, las partes interesadas y los partidarios\u2026","rel":"","context":"En &quot;Efem\u00e9rides de Salud Mental&quot;","img":{"alt_text":"","src":"https:\/\/i0.wp.com\/lafuente.mx\/wp-content\/uploads\/2023\/09\/salud-mental2.jpeg?fit=1200%2C541&ssl=1&resize=350%2C200","width":350,"height":200},"classes":[]},{"id":1679,"url":"https:\/\/lafuente.mx\/?p=1679","url_meta":{"origin":2330,"position":3},"title":"D\u00eda Mundial para la Prevenci\u00f3n del Suicidio 2023","date":"septiembre 8, 2023","format":false,"excerpt":"\u00abCreando esperanza a trav\u00e9s de la acci\u00f3n\u00bb\u00a0 El D\u00eda Mundial para la Prevenci\u00f3n del Suicidio fue establecido en 2003 por la Asociaci\u00f3n Internacional para la Prevenci\u00f3n del Suicidio junto con la Organizaci\u00f3n Mundial de la Salud (OMS). La jornada, que se celebra el 10 de septiembre de cada a\u00f1o, tiene\u2026","rel":"","context":"En &quot;Efem\u00e9rides de Salud Mental&quot;","img":{"alt_text":"","src":"https:\/\/i0.wp.com\/lafuente.mx\/wp-content\/uploads\/2023\/09\/mono-ama.jpeg?fit=850%2C590&ssl=1&resize=350%2C200","width":350,"height":200},"classes":[]},{"id":3343,"url":"https:\/\/lafuente.mx\/?p=3343","url_meta":{"origin":2330,"position":4},"title":"D\u00eda mundial de la salud mental","date":"octubre 10, 2025","format":false,"excerpt":"En este 10 de octubre, conmemoramos el D\u00eda Mundial de la Salud Mental y queremos que este d\u00eda no pase desapercibido. \ud83d\udd38 Escucha las voces de nuestros especialistas\ud83d\udd38 Reflexiona con nosotros sobre lo que significa el bienestar emocional\ud83d\udd38 Comparte este mensaje: que cada comienzo sea un paso hacia un futuro\u2026","rel":"","context":"En &quot;Efem\u00e9rides de Salud Mental&quot;","img":{"alt_text":"","src":"https:\/\/i0.wp.com\/lafuente.mx\/wp-content\/uploads\/2025\/10\/Mesa-de-trabajo-1-100.jpg?fit=1200%2C675&ssl=1&resize=350%2C200","width":350,"height":200},"classes":[]},{"id":414,"url":"https:\/\/lafuente.mx\/?p=414","url_meta":{"origin":2330,"position":5},"title":"D\u00eda Mundial de la Salud Mental","date":"octubre 10, 2022","format":false,"excerpt":"10 de octubre El cerebro. Imagen: medicalxpress.com El D\u00eda Mundial de la Salud Mental, que se celebra anualmente el 10 de octubre, tiene como objetivo concientizar acerca de los problemas de salud mental en todo el mundo.\u00a0 \u00a8Dale like a la salud mental. Por el derecho a crecer en bienestar\u00a8\u2026","rel":"","context":"En &quot;Efem\u00e9rides de Salud Mental&quot;","img":{"alt_text":"","src":"https:\/\/i0.wp.com\/lafuente.mx\/wp-content\/uploads\/2022\/10\/brain.jpeg?fit=800%2C480&ssl=1&resize=350%2C200","width":350,"height":200},"classes":[]}],"jetpack_sharing_enabled":true,"jetpack_shortlink":"https:\/\/wp.me\/pe9WUx-BA","_links":{"self":[{"href":"https:\/\/lafuente.mx\/index.php?rest_route=\/wp\/v2\/posts\/2330"}],"collection":[{"href":"https:\/\/lafuente.mx\/index.php?rest_route=\/wp\/v2\/posts"}],"about":[{"href":"https:\/\/lafuente.mx\/index.php?rest_route=\/wp\/v2\/types\/post"}],"author":[{"embeddable":true,"href":"https:\/\/lafuente.mx\/index.php?rest_route=\/wp\/v2\/users\/3"}],"replies":[{"embeddable":true,"href":"https:\/\/lafuente.mx\/index.php?rest_route=%2Fwp%2Fv2%2Fcomments&post=2330"}],"version-history":[{"count":2,"href":"https:\/\/lafuente.mx\/index.php?rest_route=\/wp\/v2\/posts\/2330\/revisions"}],"predecessor-version":[{"id":2350,"href":"https:\/\/lafuente.mx\/index.php?rest_route=\/wp\/v2\/posts\/2330\/revisions\/2350"}],"wp:featuredmedia":[{"embeddable":true,"href":"https:\/\/lafuente.mx\/index.php?rest_route=\/wp\/v2\/media\/2331"}],"wp:attachment":[{"href":"https:\/\/lafuente.mx\/index.php?rest_route=%2Fwp%2Fv2%2Fmedia&parent=2330"}],"wp:term":[{"taxonomy":"category","embeddable":true,"href":"https:\/\/lafuente.mx\/index.php?rest_route=%2Fwp%2Fv2%2Fcategories&post=2330"},{"taxonomy":"post_tag","embeddable":true,"href":"https:\/\/lafuente.mx\/index.php?rest_route=%2Fwp%2Fv2%2Ftags&post=2330"}],"curies":[{"name":"wp","href":"https:\/\/api.w.org\/{rel}","templated":true}]}}