{"id":2322,"date":"2024-05-28T20:03:21","date_gmt":"2024-05-28T20:03:21","guid":{"rendered":"https:\/\/lafuente.mx\/?p=2322"},"modified":"2024-06-20T20:15:31","modified_gmt":"2024-06-20T20:15:31","slug":"factores-predictivos-de-conductas-suicidas-en-estudiantes-universitarios-de-la-region-centro-norte-de-mexico","status":"publish","type":"post","link":"https:\/\/lafuente.mx\/?p=2322","title":{"rendered":"Factores predictivos de conductas suicidas en estudiantes universitarios de la regi\u00f3n centro-norte de M\u00e9xico\u00a0"},"content":{"rendered":"\n<hr class=\"wp-block-separator has-text-color has-cyan-bluish-gray-color has-alpha-channel-opacity has-cyan-bluish-gray-background-color has-background\"\/>\n\n\n\n<p class=\"has-medium-font-size\">Yolanda Ba\u00f1uelos Barrera,1&nbsp;Nancy GriseldaP\u00e9rez Briones,2&nbsp;Perla Mar\u00edaTrejo Ortiz,3&nbsp;Braulio Josu\u00e9Lara Reyes,2&nbsp;Elo\u00ednaRuiz S\u00e1nchez,1&nbsp;Emiliano JavierArg\u00fcello,4&nbsp;<br>&nbsp;<\/p>\n\n\n\n<p class=\"has-small-font-size\">1 Facultad de Enfermer\u00eda y Obstetricia, Universidad Ju\u00e1rez del Estado de Durango, Durango, M\u00e9xico.&nbsp;<\/p>\n\n\n\n<p class=\"has-small-font-size\">2 Facultad de Enfermer\u00eda \u201cDr. Santiago Vald\u00e9s Galindo\u201d, Universidad Aut\u00f3noma de Coahuila, Saltillo, M\u00e9xico.&nbsp;<\/p>\n\n\n\n<p class=\"has-small-font-size\">3 Unidad Acad\u00e9mica de Enfermer\u00eda, Universidad Aut\u00f3noma de Zacate-cas, Zacatecas, M\u00e9xico.&nbsp;<\/p>\n\n\n\n<p class=\"has-small-font-size\">4 Escuela de Enfermer\u00eda \u201cMarguerite Peugh,\u201d Universidad de Montemorelos, Montemorelos, Nuevo Le\u00f3n, M\u00e9xico.&nbsp;<\/p>\n\n\n\n<hr class=\"wp-block-separator has-text-color has-cyan-bluish-gray-color has-alpha-channel-opacity has-cyan-bluish-gray-background-color has-background\"\/>\n\n\n\n<p class=\"has-text-color has-medium-font-size\" style=\"color:#2e3a46\"><strong>Introducci\u00f3n<\/strong><\/p>\n\n\n\n<p class=\"has-text-color has-medium-font-size\" style=\"color:#2e3a46\">El suicidio es un problema de salud p\u00fablica con etiolog\u00eda multifactorial que afecta a todos los grupos de edad. En M\u00e9xico, la tasa de suicidio fue de 6.5 suicidios por 100,000 habitantes en 2021.&nbsp;<br>&nbsp;<br><strong>Objetivo<\/strong><\/p>\n\n\n\n<p class=\"has-text-color has-medium-font-size\" style=\"color:#2e3a46\">Determinar los factores predictivos de conductas suicidas (CS) en estudiantes universitarios de la regi\u00f3n centro norte de M\u00e9xico.&nbsp;<br>&nbsp;<br><strong>M\u00e9todo<\/strong>&nbsp;<\/p>\n\n\n\n<p class=\"has-text-color has-medium-font-size\" style=\"color:#2e3a46\">Se realiz\u00f3 un estudio descriptivo, comparativo y anal\u00edtico de 1.147 estudiantes universitarios seleccionados al azar. Se midieron datos sociodemogr\u00e1ficos, consumo de alcohol (AC), estr\u00e9s percibido (PS), apoyo social (SS) y conducta suicida (SB), ideaci\u00f3n suicida (IS), intento de suicidio (AS) y riesgo de suicidio (SR). El an\u00e1lisis de datos en SPSS incluy\u00f3 estad\u00edstica descriptiva e inferencial.&nbsp;<\/p>\n\n\n\n<figure class=\"wp-block-image size-large\"><img decoding=\"async\" loading=\"lazy\" width=\"640\" height=\"424\" src=\"https:\/\/i0.wp.com\/lafuente.mx\/wp-content\/uploads\/2024\/05\/composition-depression-mental-disorder-1-1024x679.jpg?resize=640%2C424&#038;ssl=1\" alt=\"\" class=\"wp-image-2324\" srcset=\"https:\/\/i0.wp.com\/lafuente.mx\/wp-content\/uploads\/2024\/05\/composition-depression-mental-disorder-1-scaled.jpg?resize=1024%2C679&amp;ssl=1 1024w, https:\/\/i0.wp.com\/lafuente.mx\/wp-content\/uploads\/2024\/05\/composition-depression-mental-disorder-1-scaled.jpg?resize=300%2C199&amp;ssl=1 300w, https:\/\/i0.wp.com\/lafuente.mx\/wp-content\/uploads\/2024\/05\/composition-depression-mental-disorder-1-scaled.jpg?resize=768%2C509&amp;ssl=1 768w, https:\/\/i0.wp.com\/lafuente.mx\/wp-content\/uploads\/2024\/05\/composition-depression-mental-disorder-1-scaled.jpg?resize=1536%2C1019&amp;ssl=1 1536w, https:\/\/i0.wp.com\/lafuente.mx\/wp-content\/uploads\/2024\/05\/composition-depression-mental-disorder-1-scaled.jpg?resize=2048%2C1359&amp;ssl=1 2048w, https:\/\/i0.wp.com\/lafuente.mx\/wp-content\/uploads\/2024\/05\/composition-depression-mental-disorder-1-scaled.jpg?w=1280 1280w, https:\/\/i0.wp.com\/lafuente.mx\/wp-content\/uploads\/2024\/05\/composition-depression-mental-disorder-1-scaled.jpg?w=1920 1920w\" sizes=\"(max-width: 640px) 100vw, 640px\" data-recalc-dims=\"1\" \/><\/figure>\n\n\n\n<p class=\"has-text-color has-medium-font-size\" style=\"color:#2e3a46\"><br><strong>Resultados<\/strong><\/p>\n\n\n\n<p class=\"has-text-color has-medium-font-size\" style=\"color:#2e3a46\">La edad media de los participantes del estudio fue de 20,2 a\u00f1os, con predominio del sexo femenino (82,2%). Las tasas de prevalencia de SB fueron del 62% en SI, del 14,9% en SA y del 18,3% en SR. En cuanto a los factores predictivos de SB, la AC de riesgo, nociva o dependiente aument\u00f3 la SR 1,7 veces [1,071-2,926]. Al mismo tiempo, no tener SS aument\u00f3 el riesgo de SI, SA y SR en un factor de 2,4 [1,843-3,246], 2,7 [1,890-4,123] y 3,6 respectivamente. Una PS m\u00e1s alta aument\u00f3 el riesgo de SI, SA y SR en un factor de 5,6 [4,209-7,538], 3,1 [2,103-4,663] y 6,4 [4,184-9,826] respectivamente. PS y la falta de SS predicen SB en ambos sexos y en todos los estados.&nbsp;<br>&nbsp;<br><strong>Discusi\u00f3n y conclusi\u00f3n<\/strong><\/p>\n\n\n\n<p class=\"has-text-color has-medium-font-size\" style=\"color:#2e3a46\">Los resultados muestran la importancia de la atenci\u00f3n de la salud mental, tanto en situaciones de riesgo epidemiol\u00f3gico como en la vida cotidiana, junto con la identificaci\u00f3n temprana y el tratamiento oportuno y eficaz de los factores de riesgo de suicidio en estudiantes universitarios.&nbsp;<\/p>\n\n\n\n<p class=\"has-text-align-center has-cyan-bluish-gray-background-color has-background\"><strong><a href=\"http:\/\/revistasaludmental.ddns.net\/index.php\/salud_mental\/article\/view\/SM.0185-3325.2024.011\/5096\"><mark style=\"background-color:rgba(0, 0, 0, 0)\" class=\"has-inline-color has-white-color\">M\u00e1s informaci\u00f3n <\/mark><\/a><\/strong><\/p>\n","protected":false},"excerpt":{"rendered":"<p>Yolanda Ba\u00f1uelos Barrera,1&nbsp;Nancy GriseldaP\u00e9rez Briones,2&nbsp;Perla Mar\u00edaTrejo Ortiz,3&nbsp;Braulio Josu\u00e9Lara Reyes,2&nbsp;Elo\u00ednaRuiz S\u00e1nchez,1&nbsp;Emiliano JavierArg\u00fcello,4&nbsp;&nbsp; 1 Facultad de Enfermer\u00eda y Obstetricia, Universidad Ju\u00e1rez del Estado de Durango, Durango, M\u00e9xico.&nbsp;<\/p>\n","protected":false},"author":3,"featured_media":2324,"comment_status":"closed","ping_status":"closed","sticky":false,"template":"","format":"standard","meta":{"footnotes":"","jetpack_publicize_message":"","jetpack_is_tweetstorm":false,"jetpack_publicize_feature_enabled":true},"categories":[11],"tags":[686,321,685,21,63,32,353,683,684],"jetpack_publicize_connections":[],"yoast_head":"<!-- This site is optimized with the Yoast SEO plugin v19.4 - https:\/\/yoast.com\/wordpress\/plugins\/seo\/ -->\n<title>Factores predictivos de conductas suicidas en estudiantes universitarios de la regi\u00f3n centro-norte de M\u00e9xico\u00a0 -<\/title>\n<meta name=\"description\" content=\"Determinar los factores predictivos de conductas suicidas (CS) en estudiantes universitarios de la regi\u00f3n centro norte de M\u00e9xico.\u00a0\" \/>\n<meta name=\"robots\" content=\"index, follow, max-snippet:-1, max-image-preview:large, max-video-preview:-1\" \/>\n<link rel=\"canonical\" href=\"https:\/\/lafuente.mx\/?p=2322\" \/>\n<meta property=\"og:locale\" content=\"es_MX\" \/>\n<meta property=\"og:type\" content=\"article\" \/>\n<meta property=\"og:title\" content=\"Factores predictivos de conductas suicidas en estudiantes universitarios de la regi\u00f3n centro-norte de M\u00e9xico\" \/>\n<meta property=\"og:description\" content=\"Determinar los factores predictivos de conductas suicidas (CS) en estudiantes universitarios de la regi\u00f3n centro norte de M\u00e9xico.\u00a0\" \/>\n<meta property=\"og:url\" content=\"https:\/\/lafuente.mx\/?p=2322\" \/>\n<meta property=\"article:published_time\" content=\"2024-05-28T20:03:21+00:00\" \/>\n<meta property=\"article:modified_time\" content=\"2024-06-20T20:15:31+00:00\" \/>\n<meta property=\"og:image\" content=\"http:\/\/lafuente.mx\/wp-content\/uploads\/2024\/05\/composition-depression-mental-disorder-1-scaled.jpg\" \/>\n\t<meta property=\"og:image:width\" content=\"2560\" \/>\n\t<meta property=\"og:image:height\" content=\"1698\" \/>\n\t<meta property=\"og:image:type\" content=\"image\/jpeg\" \/>\n<meta name=\"author\" content=\"Claudia Gallardo\" \/>\n<meta name=\"twitter:card\" content=\"summary_large_image\" \/>\n<meta name=\"twitter:title\" content=\"Factores predictivos de conductas suicidas en estudiantes universitarios de la regi\u00f3n centro-norte de M\u00e9xico\" \/>\n<meta name=\"twitter:description\" content=\"Determinar los factores predictivos de conductas suicidas (CS) en estudiantes universitarios de la regi\u00f3n centro norte de M\u00e9xico.\u00a0\" \/>\n<meta name=\"twitter:image\" content=\"https:\/\/i0.wp.com\/lafuente.mx\/wp-content\/uploads\/2024\/05\/composition-depression-mental-disorder-1-scaled.jpg?fit=2560%2C1698&ssl=1\" \/>\n<meta name=\"twitter:label1\" content=\"Escrito por\" \/>\n\t<meta name=\"twitter:data1\" content=\"Claudia Gallardo\" \/>\n\t<meta name=\"twitter:label2\" content=\"Tiempo de lectura\" \/>\n\t<meta name=\"twitter:data2\" content=\"2 minutos\" \/>\n<script type=\"application\/ld+json\" class=\"yoast-schema-graph\">{\"@context\":\"https:\/\/schema.org\",\"@graph\":[{\"@type\":\"WebSite\",\"@id\":\"https:\/\/lafuente.mx\/#website\",\"url\":\"https:\/\/lafuente.mx\/\",\"name\":\"\",\"description\":\"Informaci\u00f3n confiable sobre salud mental\",\"potentialAction\":[{\"@type\":\"SearchAction\",\"target\":{\"@type\":\"EntryPoint\",\"urlTemplate\":\"https:\/\/lafuente.mx\/?s={search_term_string}\"},\"query-input\":\"required name=search_term_string\"}],\"inLanguage\":\"es-MX\"},{\"@type\":\"WebPage\",\"@id\":\"https:\/\/lafuente.mx\/?p=2322\",\"url\":\"https:\/\/lafuente.mx\/?p=2322\",\"name\":\"Factores predictivos de conductas suicidas en estudiantes universitarios de la regi\u00f3n centro-norte de M\u00e9xico\u00a0 -\",\"isPartOf\":{\"@id\":\"https:\/\/lafuente.mx\/#website\"},\"datePublished\":\"2024-05-28T20:03:21+00:00\",\"dateModified\":\"2024-06-20T20:15:31+00:00\",\"author\":{\"@id\":\"https:\/\/lafuente.mx\/#\/schema\/person\/603f3aa8e2f6f7879021ab722d39d6b0\"},\"description\":\"Determinar los factores predictivos de conductas suicidas (CS) en estudiantes universitarios de la regi\u00f3n centro norte de M\u00e9xico.\u00a0\",\"breadcrumb\":{\"@id\":\"https:\/\/lafuente.mx\/?p=2322#breadcrumb\"},\"inLanguage\":\"es-MX\",\"potentialAction\":[{\"@type\":\"ReadAction\",\"target\":[\"https:\/\/lafuente.mx\/?p=2322\"]}]},{\"@type\":\"BreadcrumbList\",\"@id\":\"https:\/\/lafuente.mx\/?p=2322#breadcrumb\",\"itemListElement\":[{\"@type\":\"ListItem\",\"position\":1,\"name\":\"Inicio\",\"item\":\"https:\/\/lafuente.mx\/\"},{\"@type\":\"ListItem\",\"position\":2,\"name\":\"Factores predictivos de conductas suicidas en estudiantes universitarios de la regi\u00f3n centro-norte de M\u00e9xico\u00a0\"}]},{\"@type\":\"Person\",\"@id\":\"https:\/\/lafuente.mx\/#\/schema\/person\/603f3aa8e2f6f7879021ab722d39d6b0\",\"name\":\"Claudia Gallardo\",\"image\":{\"@type\":\"ImageObject\",\"inLanguage\":\"es-MX\",\"@id\":\"https:\/\/lafuente.mx\/#\/schema\/person\/image\/\",\"url\":\"https:\/\/secure.gravatar.com\/avatar\/bfe9c966af1ccfb9d17bcdb9d04e8815?s=96&d=mm&r=g\",\"contentUrl\":\"https:\/\/secure.gravatar.com\/avatar\/bfe9c966af1ccfb9d17bcdb9d04e8815?s=96&d=mm&r=g\",\"caption\":\"Claudia Gallardo\"},\"url\":\"https:\/\/lafuente.mx\/?author=3\"}]}<\/script>\n<!-- \/ Yoast SEO plugin. -->","yoast_head_json":{"title":"Factores predictivos de conductas suicidas en estudiantes universitarios de la regi\u00f3n centro-norte de M\u00e9xico\u00a0 -","description":"Determinar los factores predictivos de conductas suicidas (CS) en estudiantes universitarios de la regi\u00f3n centro norte de M\u00e9xico.\u00a0","robots":{"index":"index","follow":"follow","max-snippet":"max-snippet:-1","max-image-preview":"max-image-preview:large","max-video-preview":"max-video-preview:-1"},"canonical":"https:\/\/lafuente.mx\/?p=2322","og_locale":"es_MX","og_type":"article","og_title":"Factores predictivos de conductas suicidas en estudiantes universitarios de la regi\u00f3n centro-norte de M\u00e9xico","og_description":"Determinar los factores predictivos de conductas suicidas (CS) en estudiantes universitarios de la regi\u00f3n centro norte de M\u00e9xico.\u00a0","og_url":"https:\/\/lafuente.mx\/?p=2322","article_published_time":"2024-05-28T20:03:21+00:00","article_modified_time":"2024-06-20T20:15:31+00:00","og_image":[{"width":2560,"height":1698,"url":"http:\/\/lafuente.mx\/wp-content\/uploads\/2024\/05\/composition-depression-mental-disorder-1-scaled.jpg","type":"image\/jpeg"}],"author":"Claudia Gallardo","twitter_card":"summary_large_image","twitter_title":"Factores predictivos de conductas suicidas en estudiantes universitarios de la regi\u00f3n centro-norte de M\u00e9xico","twitter_description":"Determinar los factores predictivos de conductas suicidas (CS) en estudiantes universitarios de la regi\u00f3n centro norte de M\u00e9xico.\u00a0","twitter_image":"https:\/\/i0.wp.com\/lafuente.mx\/wp-content\/uploads\/2024\/05\/composition-depression-mental-disorder-1-scaled.jpg?fit=2560%2C1698&ssl=1","twitter_misc":{"Escrito por":"Claudia Gallardo","Tiempo de lectura":"2 minutos"},"schema":{"@context":"https:\/\/schema.org","@graph":[{"@type":"WebSite","@id":"https:\/\/lafuente.mx\/#website","url":"https:\/\/lafuente.mx\/","name":"","description":"Informaci\u00f3n confiable sobre salud mental","potentialAction":[{"@type":"SearchAction","target":{"@type":"EntryPoint","urlTemplate":"https:\/\/lafuente.mx\/?s={search_term_string}"},"query-input":"required name=search_term_string"}],"inLanguage":"es-MX"},{"@type":"WebPage","@id":"https:\/\/lafuente.mx\/?p=2322","url":"https:\/\/lafuente.mx\/?p=2322","name":"Factores predictivos de conductas suicidas en estudiantes universitarios de la regi\u00f3n centro-norte de M\u00e9xico\u00a0 -","isPartOf":{"@id":"https:\/\/lafuente.mx\/#website"},"datePublished":"2024-05-28T20:03:21+00:00","dateModified":"2024-06-20T20:15:31+00:00","author":{"@id":"https:\/\/lafuente.mx\/#\/schema\/person\/603f3aa8e2f6f7879021ab722d39d6b0"},"description":"Determinar los factores predictivos de conductas suicidas (CS) en estudiantes universitarios de la regi\u00f3n centro norte de M\u00e9xico.\u00a0","breadcrumb":{"@id":"https:\/\/lafuente.mx\/?p=2322#breadcrumb"},"inLanguage":"es-MX","potentialAction":[{"@type":"ReadAction","target":["https:\/\/lafuente.mx\/?p=2322"]}]},{"@type":"BreadcrumbList","@id":"https:\/\/lafuente.mx\/?p=2322#breadcrumb","itemListElement":[{"@type":"ListItem","position":1,"name":"Inicio","item":"https:\/\/lafuente.mx\/"},{"@type":"ListItem","position":2,"name":"Factores predictivos de conductas suicidas en estudiantes universitarios de la regi\u00f3n centro-norte de M\u00e9xico\u00a0"}]},{"@type":"Person","@id":"https:\/\/lafuente.mx\/#\/schema\/person\/603f3aa8e2f6f7879021ab722d39d6b0","name":"Claudia Gallardo","image":{"@type":"ImageObject","inLanguage":"es-MX","@id":"https:\/\/lafuente.mx\/#\/schema\/person\/image\/","url":"https:\/\/secure.gravatar.com\/avatar\/bfe9c966af1ccfb9d17bcdb9d04e8815?s=96&d=mm&r=g","contentUrl":"https:\/\/secure.gravatar.com\/avatar\/bfe9c966af1ccfb9d17bcdb9d04e8815?s=96&d=mm&r=g","caption":"Claudia Gallardo"},"url":"https:\/\/lafuente.mx\/?author=3"}]}},"jetpack_featured_media_url":"https:\/\/i0.wp.com\/lafuente.mx\/wp-content\/uploads\/2024\/05\/composition-depression-mental-disorder-1-scaled.jpg?fit=2560%2C1698&ssl=1","jetpack-related-posts":[{"id":1985,"url":"https:\/\/lafuente.mx\/?p=1985","url_meta":{"origin":2322,"position":0},"title":"Estresores de la pr\u00e1ctica cl\u00ednica y ansiedad en estudiantes de enfermer\u00eda durante la COVID-19\u00a0","date":"enero 10, 2024","format":false,"excerpt":"Nancy Griselda P\u00e9rez Briones,1Karla Rosales V\u00e1zquez,1 Braulio Josu\u00e9 Lara Reyes,1 Dafne Astrid G\u00f3mez Melasio,1Anah\u00ed Ruiz Lara,2 Pedro Enrique Trujillo Hern\u00e1ndez 1\u00a0 1 Facultad de Enfermer\u00eda \u201cDr. Santiago Vald\u00e9s Galindo\u201d, Universidad Aut\u00f3noma de Coahuila, Saltillo, M\u00e9xico.\u00a0 2 Escuela de Ciencias de la Salud, Unidad Norte, Universidad Aut\u00f3noma de Coahuila, Piedras Negras,\u2026","rel":"","context":"En &quot;Revista Salud Mental&quot;","img":{"alt_text":"","src":"https:\/\/i0.wp.com\/lafuente.mx\/wp-content\/uploads\/2024\/01\/DSC_0479-1-scaled.jpg?fit=1200%2C797&ssl=1&resize=350%2C200","width":350,"height":200},"classes":[]},{"id":1229,"url":"https:\/\/lafuente.mx\/?p=1229","url_meta":{"origin":2322,"position":1},"title":"La formaci\u00f3n en enfermer\u00eda y su asociaci\u00f3n con el s\u00edndrome de burnout en estudiantes mexicanos de pregrado\u00a0","date":"mayo 18, 2023","format":false,"excerpt":"Karla Selene Consuelos-S\u00e1nchez , 1 Araceli Cano-Estrada , 1 Ana Cristina Casta\u00f1eda-M\u00e1rquez , 1 Jos\u00e9 \u00c1ngelHern\u00e1ndez-Mariano2\u00a0 1\u00a0Programa de enfermer\u00eda, Escuela Superior de Tlahuelilpan, Universidad Aut\u00f3noma del Estado de Hidalgo, Tlahuelilpan, Hidalgo, M\u00e9xico.\u00a0 2 Centro de Investigaci\u00f3n en Salud\u00a0 Poblacional, Instituto Nacional de Salud P\u00fablica, Cuernavaca, Morelos, M\u00e9xico.\u00a0 Imagen INPRFM Abstracto\u00a0\u2026","rel":"","context":"En &quot;Revista Salud Mental&quot;","img":{"alt_text":"","src":"https:\/\/i0.wp.com\/lafuente.mx\/wp-content\/uploads\/2023\/05\/DSC_0750.jpg?fit=1181%2C784&ssl=1&resize=350%2C200","width":350,"height":200},"classes":[]},{"id":2831,"url":"https:\/\/lafuente.mx\/?p=2831","url_meta":{"origin":2322,"position":2},"title":"Eficacia de los probi\u00f3ticos, prebi\u00f3ticos y simbi\u00f3ticos para el tratamiento de la depresi\u00f3n: una meta-revisi\u00f3n\u00a0","date":"abril 2, 2025","format":false,"excerpt":"Ana Celia Anguiano Mor\u00e1n,1,Christian D\u00edaz de Le\u00f3n Casta\u00f1eda,1, 2 Ala\u00edn Raimundo Rodr\u00edguez Orozco,3 Elva Rosa Valtierra Oba,1 B\u00e1rbara M\u00f3nica Lemus Loeza,1 Gabriela Galv\u00e1n Villalobos,3\u00a01 Facultad de Enfermer\u00eda, Universidad Michoacana de San Nicol\u00e1s de Hidalgo (UMSNH), Morelia, Michoac\u00e1n, M\u00e9xico.\u00a0 2 Investigadoras e Investigadores por M\u00e9xico, Secretar\u00eda de Ciencia, Humanidades, Tecnolog\u00eda e\u2026","rel":"","context":"En &quot;Revista Salud Mental&quot;","img":{"alt_text":"","src":"https:\/\/i0.wp.com\/lafuente.mx\/wp-content\/uploads\/2025\/04\/closeup-view-osteoporosis-bones-scaled.jpg?fit=1200%2C673&ssl=1&resize=350%2C200","width":350,"height":200},"classes":[]},{"id":2903,"url":"https:\/\/lafuente.mx\/?p=2903","url_meta":{"origin":2322,"position":3},"title":"Violencia de pareja: la perspectiva de hombres residentes en dos municipios del Valle del Cauca, Colombia\u00a0","date":"mayo 16, 2025","format":false,"excerpt":"Mar\u00eda Adelaida Arboleda Trujillo\u00a0Departamento de Psiquiatr\u00eda, Facultad de Salud, Universidad del Valle, Cali, Colombia; Instituto CISALVA, Universidad del Valle, Cali, Colombia.\u00a0 Shirley Evelyn Lennon\u00a0Instituto CISALVA, Universidad del Valle, Cali, Colombia.\u00a0 Sara Gabriela Pacichana Quinay\u00e1z\u00a0Instituto CISALVA, Universidad del Valle, Cali, Colombia.\u00a0 Carlos Andr\u00e9s Fandi\u00f1o\u00a0Instituto CISALVA, Universidad del Valle, Cali, Colombia; Departamento\u2026","rel":"","context":"En &quot;Revista Salud Mental&quot;","img":{"alt_text":"couple, lovers, lonely, monochrome, couple, couple, couple, couple, couple-7836148.jpg","src":"https:\/\/i0.wp.com\/lafuente.mx\/wp-content\/uploads\/2025\/05\/couple-lovers-lonely-monochrome-couple-couple-couple-couple-couple-7836148.jpg?fit=1200%2C800&ssl=1&resize=350%2C200","width":350,"height":200},"classes":[]},{"id":3441,"url":"https:\/\/lafuente.mx\/?p=3441","url_meta":{"origin":2322,"position":4},"title":"Eficacia de la terapia cognitivo conductual centrada en el trauma en mujeres v\u00edctimas de violencia sexual: una revisi\u00f3n sistem\u00e1tica\u00a0","date":"octubre 30, 2025","format":false,"excerpt":"Volume 48, Issue 4, July-August 2025\u00a0 Dulce D\u00edaz\u00a0 Laboratorio de Psicolog\u00eda e Innovaci\u00f3n tecnol\u00f3gica, Facultad de Estudios Superiores Iztacala, Universidad Nacional Aut\u00f3noma de M\u00e9xico, Tlalnepantla, Edomex, M\u00e9xico; Divisi\u00f3n de Ciencias Biol\u00f3gicas y Salud, Universidad Aut\u00f3noma Metropolita, Unidad Lerma, Lerma, Edomex, M\u00e9xico.\u00a0 Anabel De la Rosa G\u00f3mez\u00a0 Laboratorio de Psicolog\u00eda e\u2026","rel":"","context":"En &quot;Revista Salud Mental&quot;","img":{"alt_text":"","src":"https:\/\/i0.wp.com\/lafuente.mx\/wp-content\/uploads\/2025\/10\/mujeres.jpg?fit=1046%2C921&ssl=1&resize=350%2C200","width":350,"height":200},"classes":[]},{"id":506,"url":"https:\/\/lafuente.mx\/?p=506","url_meta":{"origin":2322,"position":5},"title":"Cuidar y ser madre durante la pandemia del SARS-COV2: caracter\u00edsticas de las m\u00e9dicos-madres durante la COVID-19 y su impacto en la salud mental\u00a0","date":"octubre 28, 2022","format":false,"excerpt":"Ingrid Vargas-Huicochea,1 Shoshana Berenzon, 2 Silvia AracelyTafoya,1 Diana Patricia Gu\u00edzar-S\u00e1nchez,3 NoraKelsall, 4 Ana Carolina Rodr\u00edguez-Machain, 1 Atenea Lanz-Uribe 5\u00a0 1 Departamento de Psiquiatr\u00eda y Salud Mental, Facultad de Medicina, Universidad Nacional Aut\u00f3noma de M\u00e9xico, Ciudad de M\u00e9xico, M\u00e9xico.\u00a0 2 Direcci\u00f3n de Investigaciones Epidemiol\u00f3gicas y Psicosociales, Instituto Nacional de Psiquiatr\u00eda Ram\u00f3n\u2026","rel":"","context":"En &quot;Revista Salud Mental&quot;","img":{"alt_text":"","src":"https:\/\/i0.wp.com\/lafuente.mx\/wp-content\/uploads\/2022\/10\/DSC_0300-edited-scaled.jpg?fit=1200%2C797&ssl=1&resize=350%2C200","width":350,"height":200},"classes":[]}],"jetpack_sharing_enabled":true,"jetpack_shortlink":"https:\/\/wp.me\/pe9WUx-Bs","_links":{"self":[{"href":"https:\/\/lafuente.mx\/index.php?rest_route=\/wp\/v2\/posts\/2322"}],"collection":[{"href":"https:\/\/lafuente.mx\/index.php?rest_route=\/wp\/v2\/posts"}],"about":[{"href":"https:\/\/lafuente.mx\/index.php?rest_route=\/wp\/v2\/types\/post"}],"author":[{"embeddable":true,"href":"https:\/\/lafuente.mx\/index.php?rest_route=\/wp\/v2\/users\/3"}],"replies":[{"embeddable":true,"href":"https:\/\/lafuente.mx\/index.php?rest_route=%2Fwp%2Fv2%2Fcomments&post=2322"}],"version-history":[{"count":4,"href":"https:\/\/lafuente.mx\/index.php?rest_route=\/wp\/v2\/posts\/2322\/revisions"}],"predecessor-version":[{"id":2384,"href":"https:\/\/lafuente.mx\/index.php?rest_route=\/wp\/v2\/posts\/2322\/revisions\/2384"}],"wp:featuredmedia":[{"embeddable":true,"href":"https:\/\/lafuente.mx\/index.php?rest_route=\/wp\/v2\/media\/2324"}],"wp:attachment":[{"href":"https:\/\/lafuente.mx\/index.php?rest_route=%2Fwp%2Fv2%2Fmedia&parent=2322"}],"wp:term":[{"taxonomy":"category","embeddable":true,"href":"https:\/\/lafuente.mx\/index.php?rest_route=%2Fwp%2Fv2%2Fcategories&post=2322"},{"taxonomy":"post_tag","embeddable":true,"href":"https:\/\/lafuente.mx\/index.php?rest_route=%2Fwp%2Fv2%2Ftags&post=2322"}],"curies":[{"name":"wp","href":"https:\/\/api.w.org\/{rel}","templated":true}]}}