{"id":2318,"date":"2024-05-24T18:05:06","date_gmt":"2024-05-24T18:05:06","guid":{"rendered":"https:\/\/lafuente.mx\/?p=2318"},"modified":"2024-05-24T18:05:12","modified_gmt":"2024-05-24T18:05:12","slug":"borrador-automatico-secretaria-de-salud-anuncia-nuevas-leyendas-imagenes-y-pictogramas-para-cajetillas-de-cigarrillos","status":"publish","type":"post","link":"https:\/\/lafuente.mx\/?p=2318","title":{"rendered":"Secretar\u00eda de Salud anuncia nuevas leyendas, im\u00e1genes y pictogramas para cajetillas de cigarrillos\u00a0"},"content":{"rendered":"\n<p class=\"has-text-align-center has-white-color has-luminous-vivid-amber-background-color has-text-color has-background has-large-font-size\"><strong>19 de mayo de 2024<\/strong>&nbsp;<\/p>\n\n\n\n<p class=\"has-medium-font-size\">El Diario Oficial de la Federaci\u00f3n (DOF) public\u00f3 el Acuerdo por el que se da a conocer la serie de leyendas, im\u00e1genes, pictogramas, mensajes sanitarios e informaci\u00f3n que deber\u00e1 figurar en todos los paquetes de productos de tabaco y en todo el empaquetado y etiquetado externo, que aplica desde el 1\u00ba de septiembre de este a\u00f1o&nbsp; y hasta el 30 de junio de 2026&nbsp;<a href=\"https:\/\/bit.ly\/3UPaZ0u\" target=\"_blank\" rel=\"noreferrer noopener\">https:\/\/bit.ly\/3UPaZ0u<\/a>.&nbsp;<\/p>\n\n\n\n<p class=\"has-medium-font-size\">La Secretar\u00eda de Salud, a trav\u00e9s de la Comisi\u00f3n Nacional de Salud Mental y Adicciones (Conasama), defini\u00f3 la nueva serie de im\u00e1genes y leyendas que deber\u00e1n aparecer en los productos de tabaco; esta acci\u00f3n tiene como objetivo advertir sobre los efectos a la salud por su consumo, as\u00ed como recomendaciones para dejarlo, como el n\u00famero telef\u00f3nico de La L\u00ednea de la Vida 800 911 2000.\u00a0<\/p>\n\n\n\n<hr class=\"wp-block-separator has-text-color has-luminous-vivid-amber-color has-alpha-channel-opacity has-luminous-vivid-amber-background-color has-background\"\/>\n\n\n\n<figure class=\"wp-block-image size-large\"><img decoding=\"async\" loading=\"lazy\" width=\"640\" height=\"317\" src=\"https:\/\/i0.wp.com\/lafuente.mx\/wp-content\/uploads\/2024\/05\/Captura-de-pantalla-2024-05-24-a-las-11.55.09-1024x507.png?resize=640%2C317&#038;ssl=1\" alt=\"\" class=\"wp-image-2319\" srcset=\"https:\/\/i0.wp.com\/lafuente.mx\/wp-content\/uploads\/2024\/05\/Captura-de-pantalla-2024-05-24-a-las-11.55.09.png?resize=1024%2C507&amp;ssl=1 1024w, https:\/\/i0.wp.com\/lafuente.mx\/wp-content\/uploads\/2024\/05\/Captura-de-pantalla-2024-05-24-a-las-11.55.09.png?resize=300%2C148&amp;ssl=1 300w, https:\/\/i0.wp.com\/lafuente.mx\/wp-content\/uploads\/2024\/05\/Captura-de-pantalla-2024-05-24-a-las-11.55.09.png?resize=768%2C380&amp;ssl=1 768w, https:\/\/i0.wp.com\/lafuente.mx\/wp-content\/uploads\/2024\/05\/Captura-de-pantalla-2024-05-24-a-las-11.55.09.png?w=1504&amp;ssl=1 1504w, https:\/\/i0.wp.com\/lafuente.mx\/wp-content\/uploads\/2024\/05\/Captura-de-pantalla-2024-05-24-a-las-11.55.09.png?w=1280 1280w\" sizes=\"(max-width: 640px) 100vw, 640px\" data-recalc-dims=\"1\" \/><\/figure>\n\n\n\n<hr class=\"wp-block-separator has-text-color has-luminous-vivid-amber-color has-alpha-channel-opacity has-luminous-vivid-amber-background-color has-background\"\/>\n\n\n\n<p class=\"has-medium-font-size\">Las leyendas se\u00f1alan las sustancias venenosas que contienen los productos de tabaco y que son causa de c\u00e1ncer de pulm\u00f3n, est\u00f3mago, p\u00e1ncreas y \u00fatero, as\u00ed como da\u00f1o cardiovascular, y que provocan la muerte de 20 mil personas por enfermedades cardiacas y cuatro mil por accidentes cerebrovasculares.\u00a0<\/p>\n\n\n\n<p class=\"has-medium-font-size\">Asimismo, advierten que el consumo de cigarrillos acorta la vida de personas fumadoras, quienes son m\u00e1s propensas a desarrollar enfermedad grave por COVID-19, con alto riesgo de perder la vida.&nbsp;<\/p>\n\n\n\n<p class=\"has-medium-font-size\">A partir del pr\u00f3ximo 1\u00ba de septiembre, los nuevos mensajes sanitarios y pictogramas deben figurar en igualdad de proporci\u00f3n en cada marca de productos de tabaco que se fabrique, produzca o importe y que sea distribuida dentro del territorio nacional, sin privilegiar una marca sobre otra.\u00a0<\/p>\n\n\n\n<figure class=\"wp-block-image size-large\"><img decoding=\"async\" loading=\"lazy\" width=\"640\" height=\"426\" src=\"https:\/\/i0.wp.com\/lafuente.mx\/wp-content\/uploads\/2024\/05\/cigarette-tobacco-smoke-7788812.jpg?resize=640%2C426\" alt=\"cigarette, tobacco, smoke-7788812.jpg\" class=\"wp-image-2320\" srcset=\"https:\/\/i0.wp.com\/lafuente.mx\/wp-content\/uploads\/2024\/05\/cigarette-tobacco-smoke-7788812.jpg?resize=1024%2C682&amp;ssl=1 1024w, https:\/\/i0.wp.com\/lafuente.mx\/wp-content\/uploads\/2024\/05\/cigarette-tobacco-smoke-7788812.jpg?resize=300%2C200&amp;ssl=1 300w, https:\/\/i0.wp.com\/lafuente.mx\/wp-content\/uploads\/2024\/05\/cigarette-tobacco-smoke-7788812.jpg?resize=768%2C512&amp;ssl=1 768w, https:\/\/i0.wp.com\/lafuente.mx\/wp-content\/uploads\/2024\/05\/cigarette-tobacco-smoke-7788812.jpg?w=1280&amp;ssl=1 1280w\" sizes=\"(max-width: 640px) 100vw, 640px\" data-recalc-dims=\"1\" \/><\/figure>\n\n\n\n<div class=\"wp-block-buttons is-layout-flex wp-block-buttons-is-layout-flex\">\n<div class=\"wp-block-button\"><a class=\"wp-block-button__link has-luminous-vivid-amber-background-color has-background wp-element-button\" href=\"https:\/\/www.gob.mx\/salud\/prensa\/188-secretaria-de-salud-anuncia-nuevas-leyendas-imagenes-y-pictogramas-para-cajetillas-de-cigarrillos?fbclid=IwZXh0bgNhZW0CMTAAAR3vvXvvPcWnTSxp9L5QamsClKCcHnT9g1W9tw1Z7QJR4ZZ2j-Vzgqr_65g_aem_AWa67BmoOl1SZBsaek_JeCxOh4B54o2R7EZD47KS1uKdvl5yBsSFmT3y-xiPJmzDNnQnLxAD3ObW5wDSAa7P0jde\">M\u00e1s informaci\u00f3n<\/a><\/div>\n<\/div>\n","protected":false},"excerpt":{"rendered":"<p>19 de mayo de 2024&nbsp; El Diario Oficial de la Federaci\u00f3n (DOF) public\u00f3 el Acuerdo por el que se da a conocer la serie de<\/p>\n","protected":false},"author":3,"featured_media":2320,"comment_status":"closed","ping_status":"closed","sticky":false,"template":"","format":"standard","meta":{"footnotes":"","jetpack_publicize_message":"","jetpack_is_tweetstorm":false,"jetpack_publicize_feature_enabled":true},"categories":[3],"tags":[678,21,681,63,40,32,24],"jetpack_publicize_connections":[],"yoast_head":"<!-- This site is optimized with the Yoast SEO plugin v19.4 - https:\/\/yoast.com\/wordpress\/plugins\/seo\/ -->\n<title>Secretar\u00eda de Salud anuncia nuevas leyendas, im\u00e1genes y pictogramas para cajetillas de cigarrillos\u00a0 -<\/title>\n<meta name=\"description\" content=\"El Diario Oficial de la Federaci\u00f3n (DOF) public\u00f3 el Acuerdo por el que se da a conocer la serie de leyendas, im\u00e1genes, pictogramas, mensajes sanitarios e informaci\u00f3n que deber\u00e1 figurar en todos los paquetes de productos de tabaco\" \/>\n<meta name=\"robots\" content=\"index, follow, max-snippet:-1, max-image-preview:large, max-video-preview:-1\" \/>\n<link rel=\"canonical\" href=\"https:\/\/lafuente.mx\/?p=2318\" \/>\n<meta property=\"og:locale\" content=\"es_MX\" \/>\n<meta property=\"og:type\" content=\"article\" \/>\n<meta property=\"og:title\" content=\"Secretar\u00eda de Salud anuncia nuevas leyendas, im\u00e1genes y pictogramas para cajetillas de cigarrillos\" \/>\n<meta property=\"og:description\" content=\"El Diario Oficial de la Federaci\u00f3n (DOF) public\u00f3 el Acuerdo por el que se da a conocer la serie de leyendas, im\u00e1genes, pictogramas, mensajes sanitarios e informaci\u00f3n que deber\u00e1 figurar en todos los paquetes de productos de tabaco\" \/>\n<meta property=\"og:url\" content=\"https:\/\/lafuente.mx\/?p=2318\" \/>\n<meta property=\"article:published_time\" content=\"2024-05-24T18:05:06+00:00\" \/>\n<meta property=\"article:modified_time\" content=\"2024-05-24T18:05:12+00:00\" \/>\n<meta property=\"og:image\" content=\"http:\/\/lafuente.mx\/wp-content\/uploads\/2024\/05\/cigarette-tobacco-smoke-7788812.jpg\" \/>\n\t<meta property=\"og:image:width\" content=\"1280\" \/>\n\t<meta property=\"og:image:height\" content=\"853\" \/>\n\t<meta property=\"og:image:type\" content=\"image\/jpeg\" \/>\n<meta name=\"author\" content=\"Claudia Gallardo\" \/>\n<meta name=\"twitter:card\" content=\"summary_large_image\" \/>\n<meta name=\"twitter:title\" content=\"Secretar\u00eda de Salud anuncia nuevas leyendas, im\u00e1genes y pictogramas para cajetillas de cigarrillos\" \/>\n<meta name=\"twitter:description\" content=\"El Diario Oficial de la Federaci\u00f3n (DOF) public\u00f3 el Acuerdo por el que se da a conocer la serie de leyendas, im\u00e1genes, pictogramas, mensajes sanitarios e informaci\u00f3n que deber\u00e1 figurar en todos los paquetes de productos de tabaco\" \/>\n<meta name=\"twitter:image\" content=\"https:\/\/i0.wp.com\/lafuente.mx\/wp-content\/uploads\/2024\/05\/cigarette-tobacco-smoke-7788812.jpg?fit=1280%2C853&ssl=1\" \/>\n<meta name=\"twitter:label1\" content=\"Escrito por\" \/>\n\t<meta name=\"twitter:data1\" content=\"Claudia Gallardo\" \/>\n\t<meta name=\"twitter:label2\" content=\"Tiempo de lectura\" \/>\n\t<meta name=\"twitter:data2\" content=\"1 minuto\" \/>\n<script type=\"application\/ld+json\" class=\"yoast-schema-graph\">{\"@context\":\"https:\/\/schema.org\",\"@graph\":[{\"@type\":\"WebSite\",\"@id\":\"https:\/\/lafuente.mx\/#website\",\"url\":\"https:\/\/lafuente.mx\/\",\"name\":\"\",\"description\":\"Informaci\u00f3n confiable sobre salud mental\",\"potentialAction\":[{\"@type\":\"SearchAction\",\"target\":{\"@type\":\"EntryPoint\",\"urlTemplate\":\"https:\/\/lafuente.mx\/?s={search_term_string}\"},\"query-input\":\"required name=search_term_string\"}],\"inLanguage\":\"es-MX\"},{\"@type\":\"WebPage\",\"@id\":\"https:\/\/lafuente.mx\/?p=2318\",\"url\":\"https:\/\/lafuente.mx\/?p=2318\",\"name\":\"Secretar\u00eda de Salud anuncia nuevas leyendas, im\u00e1genes y pictogramas para cajetillas de cigarrillos\u00a0 -\",\"isPartOf\":{\"@id\":\"https:\/\/lafuente.mx\/#website\"},\"datePublished\":\"2024-05-24T18:05:06+00:00\",\"dateModified\":\"2024-05-24T18:05:12+00:00\",\"author\":{\"@id\":\"https:\/\/lafuente.mx\/#\/schema\/person\/603f3aa8e2f6f7879021ab722d39d6b0\"},\"description\":\"El Diario Oficial de la Federaci\u00f3n (DOF) public\u00f3 el Acuerdo por el que se da a conocer la serie de leyendas, im\u00e1genes, pictogramas, mensajes sanitarios e informaci\u00f3n que deber\u00e1 figurar en todos los paquetes de productos de tabaco\",\"breadcrumb\":{\"@id\":\"https:\/\/lafuente.mx\/?p=2318#breadcrumb\"},\"inLanguage\":\"es-MX\",\"potentialAction\":[{\"@type\":\"ReadAction\",\"target\":[\"https:\/\/lafuente.mx\/?p=2318\"]}]},{\"@type\":\"BreadcrumbList\",\"@id\":\"https:\/\/lafuente.mx\/?p=2318#breadcrumb\",\"itemListElement\":[{\"@type\":\"ListItem\",\"position\":1,\"name\":\"Inicio\",\"item\":\"https:\/\/lafuente.mx\/\"},{\"@type\":\"ListItem\",\"position\":2,\"name\":\"Secretar\u00eda de Salud anuncia nuevas leyendas, im\u00e1genes y pictogramas para cajetillas de cigarrillos\u00a0\"}]},{\"@type\":\"Person\",\"@id\":\"https:\/\/lafuente.mx\/#\/schema\/person\/603f3aa8e2f6f7879021ab722d39d6b0\",\"name\":\"Claudia Gallardo\",\"image\":{\"@type\":\"ImageObject\",\"inLanguage\":\"es-MX\",\"@id\":\"https:\/\/lafuente.mx\/#\/schema\/person\/image\/\",\"url\":\"https:\/\/secure.gravatar.com\/avatar\/bfe9c966af1ccfb9d17bcdb9d04e8815?s=96&d=mm&r=g\",\"contentUrl\":\"https:\/\/secure.gravatar.com\/avatar\/bfe9c966af1ccfb9d17bcdb9d04e8815?s=96&d=mm&r=g\",\"caption\":\"Claudia Gallardo\"},\"url\":\"https:\/\/lafuente.mx\/?author=3\"}]}<\/script>\n<!-- \/ Yoast SEO plugin. -->","yoast_head_json":{"title":"Secretar\u00eda de Salud anuncia nuevas leyendas, im\u00e1genes y pictogramas para cajetillas de cigarrillos\u00a0 -","description":"El Diario Oficial de la Federaci\u00f3n (DOF) public\u00f3 el Acuerdo por el que se da a conocer la serie de leyendas, im\u00e1genes, pictogramas, mensajes sanitarios e informaci\u00f3n que deber\u00e1 figurar en todos los paquetes de productos de tabaco","robots":{"index":"index","follow":"follow","max-snippet":"max-snippet:-1","max-image-preview":"max-image-preview:large","max-video-preview":"max-video-preview:-1"},"canonical":"https:\/\/lafuente.mx\/?p=2318","og_locale":"es_MX","og_type":"article","og_title":"Secretar\u00eda de Salud anuncia nuevas leyendas, im\u00e1genes y pictogramas para cajetillas de cigarrillos","og_description":"El Diario Oficial de la Federaci\u00f3n (DOF) public\u00f3 el Acuerdo por el que se da a conocer la serie de leyendas, im\u00e1genes, pictogramas, mensajes sanitarios e informaci\u00f3n que deber\u00e1 figurar en todos los paquetes de productos de tabaco","og_url":"https:\/\/lafuente.mx\/?p=2318","article_published_time":"2024-05-24T18:05:06+00:00","article_modified_time":"2024-05-24T18:05:12+00:00","og_image":[{"width":1280,"height":853,"url":"http:\/\/lafuente.mx\/wp-content\/uploads\/2024\/05\/cigarette-tobacco-smoke-7788812.jpg","type":"image\/jpeg"}],"author":"Claudia Gallardo","twitter_card":"summary_large_image","twitter_title":"Secretar\u00eda de Salud anuncia nuevas leyendas, im\u00e1genes y pictogramas para cajetillas de cigarrillos","twitter_description":"El Diario Oficial de la Federaci\u00f3n (DOF) public\u00f3 el Acuerdo por el que se da a conocer la serie de leyendas, im\u00e1genes, pictogramas, mensajes sanitarios e informaci\u00f3n que deber\u00e1 figurar en todos los paquetes de productos de tabaco","twitter_image":"https:\/\/i0.wp.com\/lafuente.mx\/wp-content\/uploads\/2024\/05\/cigarette-tobacco-smoke-7788812.jpg?fit=1280%2C853&ssl=1","twitter_misc":{"Escrito por":"Claudia Gallardo","Tiempo de lectura":"1 minuto"},"schema":{"@context":"https:\/\/schema.org","@graph":[{"@type":"WebSite","@id":"https:\/\/lafuente.mx\/#website","url":"https:\/\/lafuente.mx\/","name":"","description":"Informaci\u00f3n confiable sobre salud mental","potentialAction":[{"@type":"SearchAction","target":{"@type":"EntryPoint","urlTemplate":"https:\/\/lafuente.mx\/?s={search_term_string}"},"query-input":"required name=search_term_string"}],"inLanguage":"es-MX"},{"@type":"WebPage","@id":"https:\/\/lafuente.mx\/?p=2318","url":"https:\/\/lafuente.mx\/?p=2318","name":"Secretar\u00eda de Salud anuncia nuevas leyendas, im\u00e1genes y pictogramas para cajetillas de cigarrillos\u00a0 -","isPartOf":{"@id":"https:\/\/lafuente.mx\/#website"},"datePublished":"2024-05-24T18:05:06+00:00","dateModified":"2024-05-24T18:05:12+00:00","author":{"@id":"https:\/\/lafuente.mx\/#\/schema\/person\/603f3aa8e2f6f7879021ab722d39d6b0"},"description":"El Diario Oficial de la Federaci\u00f3n (DOF) public\u00f3 el Acuerdo por el que se da a conocer la serie de leyendas, im\u00e1genes, pictogramas, mensajes sanitarios e informaci\u00f3n que deber\u00e1 figurar en todos los paquetes de productos de tabaco","breadcrumb":{"@id":"https:\/\/lafuente.mx\/?p=2318#breadcrumb"},"inLanguage":"es-MX","potentialAction":[{"@type":"ReadAction","target":["https:\/\/lafuente.mx\/?p=2318"]}]},{"@type":"BreadcrumbList","@id":"https:\/\/lafuente.mx\/?p=2318#breadcrumb","itemListElement":[{"@type":"ListItem","position":1,"name":"Inicio","item":"https:\/\/lafuente.mx\/"},{"@type":"ListItem","position":2,"name":"Secretar\u00eda de Salud anuncia nuevas leyendas, im\u00e1genes y pictogramas para cajetillas de cigarrillos\u00a0"}]},{"@type":"Person","@id":"https:\/\/lafuente.mx\/#\/schema\/person\/603f3aa8e2f6f7879021ab722d39d6b0","name":"Claudia Gallardo","image":{"@type":"ImageObject","inLanguage":"es-MX","@id":"https:\/\/lafuente.mx\/#\/schema\/person\/image\/","url":"https:\/\/secure.gravatar.com\/avatar\/bfe9c966af1ccfb9d17bcdb9d04e8815?s=96&d=mm&r=g","contentUrl":"https:\/\/secure.gravatar.com\/avatar\/bfe9c966af1ccfb9d17bcdb9d04e8815?s=96&d=mm&r=g","caption":"Claudia Gallardo"},"url":"https:\/\/lafuente.mx\/?author=3"}]}},"jetpack_featured_media_url":"https:\/\/i0.wp.com\/lafuente.mx\/wp-content\/uploads\/2024\/05\/cigarette-tobacco-smoke-7788812.jpg?fit=1280%2C853&ssl=1","jetpack-related-posts":[{"id":1283,"url":"https:\/\/lafuente.mx\/?p=1283","url_meta":{"origin":2318,"position":0},"title":"Se crea Comisi\u00f3n Nacional de Salud Mental y Adicciones por decreto publicado en el DOF\u00a0","date":"junio 9, 2023","format":false,"excerpt":"Fusiona atribuciones de las tres instancias rectoras en la materia\u00a0 Secretar\u00eda de Salud | 29 de mayo de 2023 | Nacional\u00a0 Con el objetivo de promover la salud mental y el bienestar integral de la poblaci\u00f3n, se public\u00f3 en el Diario Oficial de la Federaci\u00f3n (DOF) el decreto por el\u2026","rel":"","context":"En &quot;Noticias&quot;","img":{"alt_text":"","src":"https:\/\/i0.wp.com\/lafuente.mx\/wp-content\/uploads\/2023\/06\/secratrio-Salud.jpeg?fit=1200%2C800&ssl=1&resize=350%2C200","width":350,"height":200},"classes":[]},{"id":1480,"url":"https:\/\/lafuente.mx\/?p=1480","url_meta":{"origin":2318,"position":1},"title":"Autoridades presentan Plan Sectorial de Salud Mental y Adicciones 2023\u20132024","date":"julio 18, 2023","format":false,"excerpt":"Con enfoque comunitario permite a personas acceder a servicios de forma universal y gratuita: Jorge Alcocer Varela\u00a0 Secretar\u00eda de Salud | 04 de julio de 2023 | Nacional\u00a0 Por primera vez en la historia de M\u00e9xico, el cuidado de la salud mental es una prioridad para el gobierno:Juan Manuel Quijada\u2026","rel":"","context":"En &quot;Noticias&quot;","img":{"alt_text":"","src":"https:\/\/i0.wp.com\/lafuente.mx\/wp-content\/uploads\/2023\/07\/image.png?fit=650%2C380&ssl=1&resize=350%2C200","width":350,"height":200},"classes":[]},{"id":1510,"url":"https:\/\/lafuente.mx\/?p=1510","url_meta":{"origin":2318,"position":2},"title":"En M\u00e9xico, 3.6 millones de personas adultas padecen depresi\u00f3n\u00a0","date":"julio 25, 2023","format":false,"excerpt":"Pandemia de COVID-19 aument\u00f3 a m\u00e1s del doble la prevalencia de estos problemas de salud, en comparaci\u00f3n con lo observado antes de 2019 Secretar\u00eda de Salud | 03 de julio de 2023\u00a0 La depresi\u00f3n es un trastorno mental caracterizado por disminuci\u00f3n del estado de \u00e1nimo, sentimientos de tristeza, dificultad para\u2026","rel":"","context":"En &quot;Noticias&quot;","img":{"alt_text":"","src":"https:\/\/i0.wp.com\/lafuente.mx\/wp-content\/uploads\/2023\/07\/depresion.jpeg?fit=1000%2C667&ssl=1&resize=350%2C200","width":350,"height":200},"classes":[]},{"id":1190,"url":"https:\/\/lafuente.mx\/?p=1190","url_meta":{"origin":2318,"position":3},"title":"CONADIC, ISSSTE e IMSS emprenden acciones conjuntas a trav\u00e9s de la campa\u00f1a \u201cVive saludablemente\u201d\u00a0","date":"mayo 3, 2023","format":false,"excerpt":"El objetivo es normalizar el tema de las emociones en las conversaciones y promover la atenci\u00f3n a la salud mental\u00a0 Secretar\u00eda de Salud | 19 de abril de 2023 | Nacional\u00a0 Imagen INPRFM Como parte del Plan Sectorial de Salud Mental inici\u00f3 la campa\u00f1a \u201cVive saludablemente\u201d, que tiene el prop\u00f3sito\u2026","rel":"","context":"En &quot;Noticias&quot;","img":{"alt_text":"","src":"https:\/\/i0.wp.com\/lafuente.mx\/wp-content\/uploads\/2023\/04\/Captura-de-Pantalla-2023-04-28-a-las-14.25.48-1.png?fit=1200%2C938&ssl=1&resize=350%2C200","width":350,"height":200},"classes":[]},{"id":587,"url":"https:\/\/lafuente.mx\/?p=587","url_meta":{"origin":2318,"position":4},"title":"Con el apoyo del Instituto Nacional de Psiquiatr\u00eda, personal de SSC se capacit\u00f3 para atender la salud mental de los cuerpos policiales\u00a0","date":"noviembre 28, 2022","format":false,"excerpt":"Publicado el 24 Noviembre 2022 Como parte de las acciones de colaboraci\u00f3n interinstitucional que realiza la Secretar\u00eda de Seguridad Ciudadana (SSC) de la Ciudad de M\u00e9xico para promover la salud mental y f\u00edsica de las y los polic\u00edas, en el auditorio del Instituto Nacional de Psiquiatr\u00eda Ram\u00f3n de la Fuente\u2026","rel":"","context":"En &quot;Noticias&quot;","img":{"alt_text":"","src":"https:\/\/i0.wp.com\/lafuente.mx\/wp-content\/uploads\/2022\/11\/diplomas_0007_DSC_0152.jpg?fit=1181%2C784&ssl=1&resize=350%2C200","width":350,"height":200},"classes":[]},{"id":2039,"url":"https:\/\/lafuente.mx\/?p=2039","url_meta":{"origin":2318,"position":5},"title":"Consumo de productos ultraprocesados se asocia con cuadros de depresi\u00f3n y ansiedad\u00a0","date":"enero 24, 2024","format":false,"excerpt":"Activan un neurotransmisor llamado dopamina, que proporciona sensaci\u00f3n de placer; esto genera la necesidad de seguirlos consumiendo\u00a0 Secretar\u00eda de Salud | 16 de enero de 2024 | Nacional\u00a0 Es recomendable tomar como base de la alimentaci\u00f3n diaria el Plato del Bien Comer o las gu\u00edas alimentarias https:\/\/bit.ly\/3RYEHz2\u00a0 Ana Rosa Garc\u00eda,\u2026","rel":"","context":"En &quot;Noticias&quot;","img":{"alt_text":"","src":"https:\/\/i0.wp.com\/lafuente.mx\/wp-content\/uploads\/2024\/01\/platoBuen-comer.webp?fit=800%2C600&ssl=1&resize=350%2C200","width":350,"height":200},"classes":[]}],"jetpack_sharing_enabled":true,"jetpack_shortlink":"https:\/\/wp.me\/pe9WUx-Bo","_links":{"self":[{"href":"https:\/\/lafuente.mx\/index.php?rest_route=\/wp\/v2\/posts\/2318"}],"collection":[{"href":"https:\/\/lafuente.mx\/index.php?rest_route=\/wp\/v2\/posts"}],"about":[{"href":"https:\/\/lafuente.mx\/index.php?rest_route=\/wp\/v2\/types\/post"}],"author":[{"embeddable":true,"href":"https:\/\/lafuente.mx\/index.php?rest_route=\/wp\/v2\/users\/3"}],"replies":[{"embeddable":true,"href":"https:\/\/lafuente.mx\/index.php?rest_route=%2Fwp%2Fv2%2Fcomments&post=2318"}],"version-history":[{"count":1,"href":"https:\/\/lafuente.mx\/index.php?rest_route=\/wp\/v2\/posts\/2318\/revisions"}],"predecessor-version":[{"id":2321,"href":"https:\/\/lafuente.mx\/index.php?rest_route=\/wp\/v2\/posts\/2318\/revisions\/2321"}],"wp:featuredmedia":[{"embeddable":true,"href":"https:\/\/lafuente.mx\/index.php?rest_route=\/wp\/v2\/media\/2320"}],"wp:attachment":[{"href":"https:\/\/lafuente.mx\/index.php?rest_route=%2Fwp%2Fv2%2Fmedia&parent=2318"}],"wp:term":[{"taxonomy":"category","embeddable":true,"href":"https:\/\/lafuente.mx\/index.php?rest_route=%2Fwp%2Fv2%2Fcategories&post=2318"},{"taxonomy":"post_tag","embeddable":true,"href":"https:\/\/lafuente.mx\/index.php?rest_route=%2Fwp%2Fv2%2Ftags&post=2318"}],"curies":[{"name":"wp","href":"https:\/\/api.w.org\/{rel}","templated":true}]}}