{"id":2309,"date":"2024-05-20T16:02:22","date_gmt":"2024-05-20T16:02:22","guid":{"rendered":"https:\/\/lafuente.mx\/?p=2309"},"modified":"2024-05-28T20:04:05","modified_gmt":"2024-05-28T20:04:05","slug":"borrador-automatico-dia-nacional-de-las-y-los-psicologos-2","status":"publish","type":"post","link":"https:\/\/lafuente.mx\/?p=2309","title":{"rendered":"D\u00eda Nacional de las y los Psic\u00f3logos\u00a0"},"content":{"rendered":"\n<hr class=\"wp-block-separator has-text-color has-vivid-green-cyan-color has-alpha-channel-opacity has-vivid-green-cyan-background-color has-background\"\/>\n\n\n\n<p class=\"has-text-align-center has-vivid-green-cyan-color has-text-color has-larger-font-size\"><strong>20 de mayo &nbsp;<\/strong><\/p>\n\n\n\n<p class=\"has-text-color has-medium-font-size\" style=\"color:#255946\">El <strong>D\u00eda Nacional de las y los Psic\u00f3logos<\/strong> tuvo su origen el 20 de mayo de 1994 cuando varias asociaciones vinculadas con la Psicolog\u00eda se reunieron por primera vez, tras el llamado del Colegio de Profesionales de Psicolog\u00eda de la Universidad de Guadalajara, en Jalisco, con el objetivo de promover la funci\u00f3n de estos profesionales.&nbsp;<\/p>\n\n\n\n<p class=\"has-text-color has-medium-font-size\" style=\"color:#255946\">Un a\u00f1o m\u00e1s tarde, en 1995, se fund\u00f3 la Federaci\u00f3n Nacional de Colegios, Sociedades y Asociaciones de Psic\u00f3logos de M\u00e9xico (FENAPSIME), la cual celebra reuniones de manera peri\u00f3dica.&nbsp;<\/p>\n\n\n\n<p class=\"has-text-color has-medium-font-size\" style=\"color:#255946\">En 1996 se propuso fundar el D\u00eda del Psic\u00f3logo, bajo tres principios b\u00e1sicos: promover el trabajo de los psic\u00f3logos, denunciar a los charlatanes del campo de la psicolog\u00eda y dar a conocer a la sociedad todos los servicios que pod\u00eda ofrecer esta comunidad de profesionales.&nbsp;<\/p>\n\n\n\n<figure class=\"wp-block-image size-large\"><img decoding=\"async\" loading=\"lazy\" width=\"640\" height=\"426\" src=\"https:\/\/i0.wp.com\/lafuente.mx\/wp-content\/uploads\/2024\/05\/man-hearts-head-8132160.jpg?resize=640%2C426\" alt=\"man, hearts, head-8132160.jpg\" class=\"wp-image-2312\" srcset=\"https:\/\/i0.wp.com\/lafuente.mx\/wp-content\/uploads\/2024\/05\/man-hearts-head-8132160.jpg?resize=1024%2C682&amp;ssl=1 1024w, https:\/\/i0.wp.com\/lafuente.mx\/wp-content\/uploads\/2024\/05\/man-hearts-head-8132160.jpg?resize=300%2C200&amp;ssl=1 300w, https:\/\/i0.wp.com\/lafuente.mx\/wp-content\/uploads\/2024\/05\/man-hearts-head-8132160.jpg?resize=768%2C512&amp;ssl=1 768w, https:\/\/i0.wp.com\/lafuente.mx\/wp-content\/uploads\/2024\/05\/man-hearts-head-8132160.jpg?w=1280&amp;ssl=1 1280w\" sizes=\"(max-width: 640px) 100vw, 640px\" data-recalc-dims=\"1\" \/><\/figure>\n\n\n\n<p class=\"has-text-color has-medium-font-size\" style=\"color:#255946\">En 1997, el gremio defini\u00f3 el 20 de mayo para celebrar el D\u00eda Nacional de las y los Psic\u00f3logos. Esto, en conmemoraci\u00f3n del d\u00eda en el que se realiz\u00f3 el primer encuentro entre profesionales de esta ciencia.&nbsp;<\/p>\n\n\n\n<p class=\"has-text-color has-medium-font-size\" style=\"color:#255946\">Como parte de las celebraciones, las Universidades y asociaciones de psic\u00f3logos, realizan actividades acad\u00e9micas como conferencias, seminarios, talleres, entre otras actividades.&nbsp;<\/p>\n\n\n\n<p class=\"has-text-color has-medium-font-size\" style=\"color:#255946\">Cada vez, estos profesionales de la salud van ganando m\u00e1s reconocimiento dentro del \u00e1mbito profesional, al aportar acciones que mejoren la salud de los individuos.&nbsp;<\/p>\n\n\n\n<div class=\"wp-block-buttons is-layout-flex wp-block-buttons-is-layout-flex\"><\/div>\n","protected":false},"excerpt":{"rendered":"<p>20 de mayo &nbsp; El D\u00eda Nacional de las y los Psic\u00f3logos tuvo su origen el 20 de mayo de 1994 cuando varias asociaciones vinculadas<\/p>\n","protected":false},"author":3,"featured_media":2312,"comment_status":"closed","ping_status":"closed","sticky":false,"template":"","format":"standard","meta":{"footnotes":"","jetpack_publicize_message":"","jetpack_is_tweetstorm":false,"jetpack_publicize_feature_enabled":true},"categories":[13],"tags":[674,270,675,98,21,265,32],"jetpack_publicize_connections":[],"yoast_head":"<!-- This site is optimized with the Yoast SEO plugin v19.4 - https:\/\/yoast.com\/wordpress\/plugins\/seo\/ -->\n<title>D\u00eda Nacional de las y los Psic\u00f3logos\u00a0 -<\/title>\n<meta name=\"description\" content=\"En 1997, el gremio defini\u00f3 el 20 de mayo para celebrar el D\u00eda Nacional de las y los Psic\u00f3logos.\" \/>\n<meta name=\"robots\" content=\"index, follow, max-snippet:-1, max-image-preview:large, max-video-preview:-1\" \/>\n<link rel=\"canonical\" href=\"https:\/\/lafuente.mx\/?p=2309\" \/>\n<meta property=\"og:locale\" content=\"es_MX\" \/>\n<meta property=\"og:type\" content=\"article\" \/>\n<meta property=\"og:title\" content=\"D\u00eda Nacional de las y los Psic\u00f3logos\u00a0\" \/>\n<meta property=\"og:description\" content=\"En 1997, el gremio defini\u00f3 el 20 de mayo para celebrar el D\u00eda Nacional de las y los Psic\u00f3logos.\" \/>\n<meta property=\"og:url\" content=\"https:\/\/lafuente.mx\/?p=2309\" \/>\n<meta property=\"article:published_time\" content=\"2024-05-20T16:02:22+00:00\" \/>\n<meta property=\"article:modified_time\" content=\"2024-05-28T20:04:05+00:00\" \/>\n<meta property=\"og:image\" content=\"http:\/\/lafuente.mx\/wp-content\/uploads\/2024\/05\/man-hearts-head-8132160.jpg\" \/>\n\t<meta property=\"og:image:width\" content=\"1280\" \/>\n\t<meta property=\"og:image:height\" content=\"853\" \/>\n\t<meta property=\"og:image:type\" content=\"image\/jpeg\" \/>\n<meta name=\"author\" content=\"Claudia Gallardo\" \/>\n<meta name=\"twitter:card\" content=\"summary_large_image\" \/>\n<meta name=\"twitter:title\" content=\"D\u00eda Nacional de las y los Psic\u00f3logos\u00a0\" \/>\n<meta name=\"twitter:description\" content=\"En 1997, el gremio defini\u00f3 el 20 de mayo para celebrar el D\u00eda Nacional de las y los Psic\u00f3logos.\" \/>\n<meta name=\"twitter:image\" content=\"https:\/\/i0.wp.com\/lafuente.mx\/wp-content\/uploads\/2024\/05\/man-hearts-head-8132160.jpg?fit=1280%2C853&ssl=1\" \/>\n<meta name=\"twitter:label1\" content=\"Escrito por\" \/>\n\t<meta name=\"twitter:data1\" content=\"Claudia Gallardo\" \/>\n\t<meta name=\"twitter:label2\" content=\"Tiempo de lectura\" \/>\n\t<meta name=\"twitter:data2\" content=\"1 minuto\" \/>\n<script type=\"application\/ld+json\" class=\"yoast-schema-graph\">{\"@context\":\"https:\/\/schema.org\",\"@graph\":[{\"@type\":\"WebSite\",\"@id\":\"https:\/\/lafuente.mx\/#website\",\"url\":\"https:\/\/lafuente.mx\/\",\"name\":\"\",\"description\":\"Informaci\u00f3n confiable sobre salud mental\",\"potentialAction\":[{\"@type\":\"SearchAction\",\"target\":{\"@type\":\"EntryPoint\",\"urlTemplate\":\"https:\/\/lafuente.mx\/?s={search_term_string}\"},\"query-input\":\"required name=search_term_string\"}],\"inLanguage\":\"es-MX\"},{\"@type\":\"WebPage\",\"@id\":\"https:\/\/lafuente.mx\/?p=2309\",\"url\":\"https:\/\/lafuente.mx\/?p=2309\",\"name\":\"D\u00eda Nacional de las y los Psic\u00f3logos\u00a0 -\",\"isPartOf\":{\"@id\":\"https:\/\/lafuente.mx\/#website\"},\"datePublished\":\"2024-05-20T16:02:22+00:00\",\"dateModified\":\"2024-05-28T20:04:05+00:00\",\"author\":{\"@id\":\"https:\/\/lafuente.mx\/#\/schema\/person\/603f3aa8e2f6f7879021ab722d39d6b0\"},\"description\":\"En 1997, el gremio defini\u00f3 el 20 de mayo para celebrar el D\u00eda Nacional de las y los Psic\u00f3logos.\",\"breadcrumb\":{\"@id\":\"https:\/\/lafuente.mx\/?p=2309#breadcrumb\"},\"inLanguage\":\"es-MX\",\"potentialAction\":[{\"@type\":\"ReadAction\",\"target\":[\"https:\/\/lafuente.mx\/?p=2309\"]}]},{\"@type\":\"BreadcrumbList\",\"@id\":\"https:\/\/lafuente.mx\/?p=2309#breadcrumb\",\"itemListElement\":[{\"@type\":\"ListItem\",\"position\":1,\"name\":\"Inicio\",\"item\":\"https:\/\/lafuente.mx\/\"},{\"@type\":\"ListItem\",\"position\":2,\"name\":\"D\u00eda Nacional de las y los Psic\u00f3logos\u00a0\"}]},{\"@type\":\"Person\",\"@id\":\"https:\/\/lafuente.mx\/#\/schema\/person\/603f3aa8e2f6f7879021ab722d39d6b0\",\"name\":\"Claudia Gallardo\",\"image\":{\"@type\":\"ImageObject\",\"inLanguage\":\"es-MX\",\"@id\":\"https:\/\/lafuente.mx\/#\/schema\/person\/image\/\",\"url\":\"https:\/\/secure.gravatar.com\/avatar\/bfe9c966af1ccfb9d17bcdb9d04e8815?s=96&d=mm&r=g\",\"contentUrl\":\"https:\/\/secure.gravatar.com\/avatar\/bfe9c966af1ccfb9d17bcdb9d04e8815?s=96&d=mm&r=g\",\"caption\":\"Claudia Gallardo\"},\"url\":\"https:\/\/lafuente.mx\/?author=3\"}]}<\/script>\n<!-- \/ Yoast SEO plugin. -->","yoast_head_json":{"title":"D\u00eda Nacional de las y los Psic\u00f3logos\u00a0 -","description":"En 1997, el gremio defini\u00f3 el 20 de mayo para celebrar el D\u00eda Nacional de las y los Psic\u00f3logos.","robots":{"index":"index","follow":"follow","max-snippet":"max-snippet:-1","max-image-preview":"max-image-preview:large","max-video-preview":"max-video-preview:-1"},"canonical":"https:\/\/lafuente.mx\/?p=2309","og_locale":"es_MX","og_type":"article","og_title":"D\u00eda Nacional de las y los Psic\u00f3logos\u00a0","og_description":"En 1997, el gremio defini\u00f3 el 20 de mayo para celebrar el D\u00eda Nacional de las y los Psic\u00f3logos.","og_url":"https:\/\/lafuente.mx\/?p=2309","article_published_time":"2024-05-20T16:02:22+00:00","article_modified_time":"2024-05-28T20:04:05+00:00","og_image":[{"width":1280,"height":853,"url":"http:\/\/lafuente.mx\/wp-content\/uploads\/2024\/05\/man-hearts-head-8132160.jpg","type":"image\/jpeg"}],"author":"Claudia Gallardo","twitter_card":"summary_large_image","twitter_title":"D\u00eda Nacional de las y los Psic\u00f3logos\u00a0","twitter_description":"En 1997, el gremio defini\u00f3 el 20 de mayo para celebrar el D\u00eda Nacional de las y los Psic\u00f3logos.","twitter_image":"https:\/\/i0.wp.com\/lafuente.mx\/wp-content\/uploads\/2024\/05\/man-hearts-head-8132160.jpg?fit=1280%2C853&ssl=1","twitter_misc":{"Escrito por":"Claudia Gallardo","Tiempo de lectura":"1 minuto"},"schema":{"@context":"https:\/\/schema.org","@graph":[{"@type":"WebSite","@id":"https:\/\/lafuente.mx\/#website","url":"https:\/\/lafuente.mx\/","name":"","description":"Informaci\u00f3n confiable sobre salud mental","potentialAction":[{"@type":"SearchAction","target":{"@type":"EntryPoint","urlTemplate":"https:\/\/lafuente.mx\/?s={search_term_string}"},"query-input":"required name=search_term_string"}],"inLanguage":"es-MX"},{"@type":"WebPage","@id":"https:\/\/lafuente.mx\/?p=2309","url":"https:\/\/lafuente.mx\/?p=2309","name":"D\u00eda Nacional de las y los Psic\u00f3logos\u00a0 -","isPartOf":{"@id":"https:\/\/lafuente.mx\/#website"},"datePublished":"2024-05-20T16:02:22+00:00","dateModified":"2024-05-28T20:04:05+00:00","author":{"@id":"https:\/\/lafuente.mx\/#\/schema\/person\/603f3aa8e2f6f7879021ab722d39d6b0"},"description":"En 1997, el gremio defini\u00f3 el 20 de mayo para celebrar el D\u00eda Nacional de las y los Psic\u00f3logos.","breadcrumb":{"@id":"https:\/\/lafuente.mx\/?p=2309#breadcrumb"},"inLanguage":"es-MX","potentialAction":[{"@type":"ReadAction","target":["https:\/\/lafuente.mx\/?p=2309"]}]},{"@type":"BreadcrumbList","@id":"https:\/\/lafuente.mx\/?p=2309#breadcrumb","itemListElement":[{"@type":"ListItem","position":1,"name":"Inicio","item":"https:\/\/lafuente.mx\/"},{"@type":"ListItem","position":2,"name":"D\u00eda Nacional de las y los Psic\u00f3logos\u00a0"}]},{"@type":"Person","@id":"https:\/\/lafuente.mx\/#\/schema\/person\/603f3aa8e2f6f7879021ab722d39d6b0","name":"Claudia Gallardo","image":{"@type":"ImageObject","inLanguage":"es-MX","@id":"https:\/\/lafuente.mx\/#\/schema\/person\/image\/","url":"https:\/\/secure.gravatar.com\/avatar\/bfe9c966af1ccfb9d17bcdb9d04e8815?s=96&d=mm&r=g","contentUrl":"https:\/\/secure.gravatar.com\/avatar\/bfe9c966af1ccfb9d17bcdb9d04e8815?s=96&d=mm&r=g","caption":"Claudia Gallardo"},"url":"https:\/\/lafuente.mx\/?author=3"}]}},"jetpack_featured_media_url":"https:\/\/i0.wp.com\/lafuente.mx\/wp-content\/uploads\/2024\/05\/man-hearts-head-8132160.jpg?fit=1280%2C853&ssl=1","jetpack-related-posts":[{"id":1210,"url":"https:\/\/lafuente.mx\/?p=1210","url_meta":{"origin":2309,"position":0},"title":"D\u00eda Nacional de las y los Psic\u00f3logos","date":"mayo 15, 2023","format":false,"excerpt":"20 de mayo\u00a0 Las y los psic\u00f3logos constituyen una pieza clave en la sociedad y en los sistemas sanitarios, ya que ayudan a los individuos, sin importar su edad, a mitigar y superar los trastornos mentales o de conducta que presenten.\u00a0 Imagen INPRFM El D\u00eda Nacional de las y los\u2026","rel":"","context":"En &quot;Efem\u00e9rides de Salud Mental&quot;","img":{"alt_text":"","src":"https:\/\/i0.wp.com\/lafuente.mx\/wp-content\/uploads\/2023\/05\/DSC_0310-scaled-e1684166650308.jpg?fit=1000%2C1099&ssl=1&resize=350%2C200","width":350,"height":200},"classes":[]},{"id":2908,"url":"https:\/\/lafuente.mx\/?p=2908","url_meta":{"origin":2309,"position":1},"title":"D\u00eda Nacional de las y los Psic\u00f3logos","date":"mayo 20, 2025","format":false,"excerpt":"20 de mayo El D\u00eda Nacional de las y los Psic\u00f3logos tuvo su origen el 20 de mayo de 1994 cuando varias asociaciones vinculadas con la Psicolog\u00eda se reunieron por primera vez, tras el llamado del Colegio de Profesionales de Psicolog\u00eda de la Universidad de Guadalajara, en Jalisco, con el\u2026","rel":"","context":"En &quot;Efem\u00e9rides de Salud Mental&quot;","img":{"alt_text":"trees, faces, dialogue, nerves, brain, neural pathways, silhouettes, interaction, nature, communication, psychology, book cover-6361892.jpg","src":"https:\/\/i0.wp.com\/lafuente.mx\/wp-content\/uploads\/2025\/05\/trees-faces-dialogue-nerves-brain-neural-pathways-silhouettes-interaction-nature-communication-psychology-book-cover-6361892.jpg?fit=1200%2C675&ssl=1&resize=350%2C200","width":350,"height":200},"classes":[]},{"id":952,"url":"https:\/\/lafuente.mx\/?p=952","url_meta":{"origin":2309,"position":2},"title":"D\u00eda Nacional de las y los Psiquiatras","date":"marzo 22, 2023","format":false,"excerpt":"31 de marzo\u00a0 Imagen INPRFM \u201cEn el grado en que la salud y las enfermedades de los hombres est\u00e1n influidas por sus motivos, sus esperanzas, sus temores y sus contradicciones, el humanismo, no es s\u00f3lo un complemento, sino una dimensi\u00f3n necesaria de la medicina\u201d.\u00a0 En M\u00e9xico se instaur\u00f3 el 31\u2026","rel":"","context":"En &quot;Efem\u00e9rides de Salud Mental&quot;","img":{"alt_text":"","src":"https:\/\/i0.wp.com\/lafuente.mx\/wp-content\/uploads\/2023\/03\/INPRFM06.jpg?fit=800%2C500&ssl=1&resize=350%2C200","width":350,"height":200},"classes":[]},{"id":1582,"url":"https:\/\/lafuente.mx\/?p=1582","url_meta":{"origin":2309,"position":3},"title":"Pr\u00e1cticas de estilo de vida saludable y estado de nutrici\u00f3n y salud","date":"agosto 9, 2023","format":false,"excerpt":"El Instituto Nacional de Psiquiatr\u00eda Ram\u00f3n de la Fuente Mu\u00f1iz y el Instituto Nacional de Salud P\u00fablica te invitan a realizar actividades de investigaci\u00f3n en el proyecto: \u00a0 Intervenci\u00f3n multidimensional para mejorar pr\u00e1cticas de estilo de vida saludable y estado de nutrici\u00f3n y salud en escolares mexicanos\u00a0 Fotograf\u00eda: UNICEF\/ECU\/Escobar Durante\u2026","rel":"","context":"En &quot;Informaci\u00f3n de inter\u00e9s&quot;","img":{"alt_text":"","src":"https:\/\/i0.wp.com\/lafuente.mx\/wp-content\/uploads\/2023\/08\/Captura-de-Pantalla-2023-08-09-a-las-13.30.12.png?fit=1200%2C823&ssl=1&resize=350%2C200","width":350,"height":200},"classes":[]},{"id":3649,"url":"https:\/\/lafuente.mx\/?p=3649","url_meta":{"origin":2309,"position":4},"title":"Abordaje interdisciplinario en el acompa\u00f1amiento para la p\u00e9rdida de peso:  Una visis\u00f3n desde la salud mental","date":"abril 13, 2026","format":false,"excerpt":"REQUISITOS PARA LA INSCRIPCI\u00d3N A CURSOS DEL PROGRAMA ANUAL DE EDUCACI\u00d3N CONTINUA Del 20 de abril al 1\u00ba de mayo, 2026 COORDINAN: Dr. H\u00e9ctor V. Esquivias ZavalaCoordinador titularDra. Julieta Berm\u00fadez G\u00f3mezCoordinadora adjunta\u00a0 INFORMACI\u00d3N: https:\/\/bit.ly\/4sOSNU5 INSCRIPCI\u00d3N: 13 de abril, 9:00 h En el siguiente link:\u00a0https:\/\/docs.google.com\/forms\/d\/e\/1FAIpQLSeIReHL2pexlCAdnx-CybdXP0t-FKja-au2GAySQwXx0YFrcg\/closedform DIRIGIDO A:Profesionales de la salud de\u2026","rel":"","context":"En &quot;Eventos Acad\u00e9micos del INPRFM&quot;","img":{"alt_text":"","src":"https:\/\/i0.wp.com\/lafuente.mx\/wp-content\/uploads\/2026\/04\/lf.jpg?fit=1081%2C737&ssl=1&resize=350%2C200","width":350,"height":200},"classes":[]},{"id":3626,"url":"https:\/\/lafuente.mx\/?p=3626","url_meta":{"origin":2309,"position":5},"title":"D\u00eda Nacional de la Psiquiatr\u00eda en M\u00e9xico","date":"marzo 31, 2026","format":false,"excerpt":"31 de marzo D\u00eda del Psiquiatra: comprender la mente, cuidar la vida Cada 31 de marzo, en M\u00e9xico, conmemoramos el D\u00eda del Psiquiatra, una fecha que nos invita a reconocer la labor de quienes han dedicado su vida al estudio, comprensi\u00f3n y atenci\u00f3n de la salud mental. La psiquiatr\u00eda no\u2026","rel":"","context":"En &quot;Efem\u00e9rides de Salud Mental&quot;","img":{"alt_text":"","src":"https:\/\/i0.wp.com\/lafuente.mx\/wp-content\/uploads\/2026\/03\/Escudo-hospital.jpg?fit=1200%2C797&ssl=1&resize=350%2C200","width":350,"height":200},"classes":[]}],"jetpack_sharing_enabled":true,"jetpack_shortlink":"https:\/\/wp.me\/pe9WUx-Bf","_links":{"self":[{"href":"https:\/\/lafuente.mx\/index.php?rest_route=\/wp\/v2\/posts\/2309"}],"collection":[{"href":"https:\/\/lafuente.mx\/index.php?rest_route=\/wp\/v2\/posts"}],"about":[{"href":"https:\/\/lafuente.mx\/index.php?rest_route=\/wp\/v2\/types\/post"}],"author":[{"embeddable":true,"href":"https:\/\/lafuente.mx\/index.php?rest_route=\/wp\/v2\/users\/3"}],"replies":[{"embeddable":true,"href":"https:\/\/lafuente.mx\/index.php?rest_route=%2Fwp%2Fv2%2Fcomments&post=2309"}],"version-history":[{"count":2,"href":"https:\/\/lafuente.mx\/index.php?rest_route=\/wp\/v2\/posts\/2309\/revisions"}],"predecessor-version":[{"id":2314,"href":"https:\/\/lafuente.mx\/index.php?rest_route=\/wp\/v2\/posts\/2309\/revisions\/2314"}],"wp:featuredmedia":[{"embeddable":true,"href":"https:\/\/lafuente.mx\/index.php?rest_route=\/wp\/v2\/media\/2312"}],"wp:attachment":[{"href":"https:\/\/lafuente.mx\/index.php?rest_route=%2Fwp%2Fv2%2Fmedia&parent=2309"}],"wp:term":[{"taxonomy":"category","embeddable":true,"href":"https:\/\/lafuente.mx\/index.php?rest_route=%2Fwp%2Fv2%2Fcategories&post=2309"},{"taxonomy":"post_tag","embeddable":true,"href":"https:\/\/lafuente.mx\/index.php?rest_route=%2Fwp%2Fv2%2Ftags&post=2309"}],"curies":[{"name":"wp","href":"https:\/\/api.w.org\/{rel}","templated":true}]}}