{"id":2301,"date":"2024-05-17T20:55:30","date_gmt":"2024-05-17T20:55:30","guid":{"rendered":"https:\/\/lafuente.mx\/?p=2301"},"modified":"2024-05-19T23:04:40","modified_gmt":"2024-05-19T23:04:40","slug":"borrador-automatico-temas-selectos-de-medicina-interna-para-psiquiatras","status":"publish","type":"post","link":"https:\/\/lafuente.mx\/?p=2301","title":{"rendered":"Temas selectos de MEDICINA INTERNA para psiquiatras"},"content":{"rendered":"\n<hr class=\"wp-block-separator has-text-color has-vivid-cyan-blue-color has-alpha-channel-opacity has-vivid-cyan-blue-background-color has-background is-style-wide\"\/>\n\n\n\n<p class=\"has-text-align-center has-larger-font-size\"><strong>Del 27 de mayo al 7 de junio de 2024<\/strong><\/p>\n\n\n\n<hr class=\"wp-block-separator has-text-color has-vivid-cyan-blue-color has-alpha-channel-opacity has-vivid-cyan-blue-background-color has-background\"\/>\n\n\n\n<p class=\"has-text-align-center has-white-color has-vivid-cyan-blue-background-color has-text-color has-background\"><strong>Curso en l\u00ednea. CUPO limitado<\/strong><\/p>\n\n\n\n<p class=\"has-large-font-size\"><strong>TEM\u00c1TICA:<\/strong><\/p>\n\n\n\n<p class=\"has-large-font-size\">Cardiopat\u00edas<\/p>\n\n\n\n<p class=\"has-large-font-size\">S\u00edndrome metab\u00f3lico<\/p>\n\n\n\n<p class=\"has-large-font-size\">Distiroidismo<\/p>\n\n\n\n<p class=\"has-large-font-size\">Enfermedad cerebrovascular<\/p>\n\n\n\n<hr class=\"wp-block-separator has-text-color has-vivid-cyan-blue-color has-alpha-channel-opacity has-vivid-cyan-blue-background-color has-background\"\/>\n\n\n\n<figure class=\"wp-block-image size-large\"><img decoding=\"async\" loading=\"lazy\" width=\"640\" height=\"397\" src=\"https:\/\/i0.wp.com\/lafuente.mx\/wp-content\/uploads\/2024\/05\/basculaElectro-1024x635.png?resize=640%2C397&#038;ssl=1\" alt=\"\" class=\"wp-image-2303\" srcset=\"https:\/\/i0.wp.com\/lafuente.mx\/wp-content\/uploads\/2024\/05\/basculaElectro.png?resize=1024%2C635&amp;ssl=1 1024w, https:\/\/i0.wp.com\/lafuente.mx\/wp-content\/uploads\/2024\/05\/basculaElectro.png?resize=300%2C186&amp;ssl=1 300w, https:\/\/i0.wp.com\/lafuente.mx\/wp-content\/uploads\/2024\/05\/basculaElectro.png?resize=768%2C476&amp;ssl=1 768w, https:\/\/i0.wp.com\/lafuente.mx\/wp-content\/uploads\/2024\/05\/basculaElectro.png?resize=1536%2C953&amp;ssl=1 1536w, https:\/\/i0.wp.com\/lafuente.mx\/wp-content\/uploads\/2024\/05\/basculaElectro.png?w=1633&amp;ssl=1 1633w, https:\/\/i0.wp.com\/lafuente.mx\/wp-content\/uploads\/2024\/05\/basculaElectro.png?w=1280 1280w\" sizes=\"(max-width: 640px) 100vw, 640px\" data-recalc-dims=\"1\" \/><\/figure>\n\n\n\n<p class=\"has-medium-font-size\"><strong>Dirigido a:<\/strong><\/p>\n\n\n\n<p class=\"has-medium-font-size\">Personal del \u00e1rea de la salud: especialistas en psiquiatr\u00eda y residentes en formaci\u00f3n<\/p>\n\n\n\n<p class=\"has-medium-font-size\"><strong>Objetivo general<\/strong><\/p>\n\n\n\n<p class=\"has-medium-font-size\">Analizar los avances en el diagn\u00f3stico y tratamiento de los problemas m\u00e1s frecuentes que enfrenta el personal m\u00e9dico en su pr\u00e1ctica diaria<\/p>\n\n\n\n<p><\/p>\n\n\n\n<p class=\"has-vivid-red-color has-text-color\">Los invitamos a estar atentos a la inscripci\u00f3n de nuestros cursos que&nbsp;se abrir\u00e1 una semana previa de su inicio a las&nbsp;9:00 horas en nuestras redes sociales @INPRFM;&nbsp;es importante mencionarles que tiene cupo limitado, por lo que llega a cubrirse en cuesti\u00f3n de minutos despu\u00e9s de su publicaci\u00f3n, por lo que les recomendamos tener a la mano su t\u00edtulo y\/o c\u00e9dula porque se lo solicitar\u00e1n en el registro.&nbsp;&nbsp; &nbsp;<\/p>\n\n\n\n<div class=\"wp-block-buttons is-layout-flex wp-block-buttons-is-layout-flex\">\n<div class=\"wp-block-button\"><a class=\"wp-block-button__link has-vivid-cyan-blue-background-color has-background wp-element-button\" href=\"https:\/\/bit.ly\/3wGGfqC\">M\u00e1s informaci\u00f3n<\/a><\/div>\n<\/div>\n","protected":false},"excerpt":{"rendered":"<p>Del 27 de mayo al 7 de junio de 2024 Curso en l\u00ednea. CUPO limitado TEM\u00c1TICA: Cardiopat\u00edas S\u00edndrome metab\u00f3lico Distiroidismo Enfermedad cerebrovascular Dirigido a: Personal<\/p>\n","protected":false},"author":3,"featured_media":2303,"comment_status":"closed","ping_status":"closed","sticky":false,"template":"","format":"standard","meta":{"footnotes":"","jetpack_publicize_message":"","jetpack_is_tweetstorm":false,"jetpack_publicize_feature_enabled":true},"categories":[4,6],"tags":[670,312,672,667,673,21,668,669,32,671],"jetpack_publicize_connections":[],"yoast_head":"<!-- This site is optimized with the Yoast SEO plugin v19.4 - https:\/\/yoast.com\/wordpress\/plugins\/seo\/ -->\n<title>Temas selectos de MEDICINA INTERNA para psiquiatras -<\/title>\n<meta name=\"description\" content=\"Analizar los avances en el diagn\u00f3stico y tratamiento de los problemas m\u00e1s frecuentes que enfrenta el personal m\u00e9dico en su pr\u00e1ctica diaria\" \/>\n<meta name=\"robots\" content=\"index, follow, max-snippet:-1, max-image-preview:large, max-video-preview:-1\" \/>\n<link rel=\"canonical\" href=\"https:\/\/lafuente.mx\/?p=2301\" \/>\n<meta property=\"og:locale\" content=\"es_MX\" \/>\n<meta property=\"og:type\" content=\"article\" \/>\n<meta property=\"og:title\" content=\"Temas selectos de MEDICINA INTERNA para psiquiatras\" \/>\n<meta property=\"og:description\" content=\"Analizar los avances en el diagn\u00f3stico y tratamiento de los problemas m\u00e1s frecuentes que enfrenta el personal m\u00e9dico en su pr\u00e1ctica diaria\" \/>\n<meta property=\"og:url\" content=\"https:\/\/lafuente.mx\/?p=2301\" \/>\n<meta property=\"article:published_time\" content=\"2024-05-17T20:55:30+00:00\" \/>\n<meta property=\"article:modified_time\" content=\"2024-05-19T23:04:40+00:00\" \/>\n<meta property=\"og:image\" content=\"http:\/\/lafuente.mx\/wp-content\/uploads\/2024\/05\/basculaElectro.png\" \/>\n\t<meta property=\"og:image:width\" content=\"1633\" \/>\n\t<meta property=\"og:image:height\" content=\"1013\" \/>\n\t<meta property=\"og:image:type\" content=\"image\/png\" \/>\n<meta name=\"author\" content=\"Claudia Gallardo\" \/>\n<meta name=\"twitter:card\" content=\"summary_large_image\" \/>\n<meta name=\"twitter:title\" content=\"Temas selectos de MEDICINA INTERNA para psiquiatras\" \/>\n<meta name=\"twitter:description\" content=\"Analizar los avances en el diagn\u00f3stico y tratamiento de los problemas m\u00e1s frecuentes que enfrenta el personal m\u00e9dico en su pr\u00e1ctica diaria\" \/>\n<meta name=\"twitter:image\" content=\"https:\/\/i0.wp.com\/lafuente.mx\/wp-content\/uploads\/2024\/05\/basculaElectro.png?fit=1633%2C1013&ssl=1\" \/>\n<meta name=\"twitter:label1\" content=\"Escrito por\" \/>\n\t<meta name=\"twitter:data1\" content=\"Claudia Gallardo\" \/>\n\t<meta name=\"twitter:label2\" content=\"Tiempo de lectura\" \/>\n\t<meta name=\"twitter:data2\" content=\"1 minuto\" \/>\n<script type=\"application\/ld+json\" class=\"yoast-schema-graph\">{\"@context\":\"https:\/\/schema.org\",\"@graph\":[{\"@type\":\"WebSite\",\"@id\":\"https:\/\/lafuente.mx\/#website\",\"url\":\"https:\/\/lafuente.mx\/\",\"name\":\"\",\"description\":\"Informaci\u00f3n confiable sobre salud mental\",\"potentialAction\":[{\"@type\":\"SearchAction\",\"target\":{\"@type\":\"EntryPoint\",\"urlTemplate\":\"https:\/\/lafuente.mx\/?s={search_term_string}\"},\"query-input\":\"required name=search_term_string\"}],\"inLanguage\":\"es-MX\"},{\"@type\":\"WebPage\",\"@id\":\"https:\/\/lafuente.mx\/?p=2301\",\"url\":\"https:\/\/lafuente.mx\/?p=2301\",\"name\":\"Temas selectos de MEDICINA INTERNA para psiquiatras -\",\"isPartOf\":{\"@id\":\"https:\/\/lafuente.mx\/#website\"},\"datePublished\":\"2024-05-17T20:55:30+00:00\",\"dateModified\":\"2024-05-19T23:04:40+00:00\",\"author\":{\"@id\":\"https:\/\/lafuente.mx\/#\/schema\/person\/603f3aa8e2f6f7879021ab722d39d6b0\"},\"description\":\"Analizar los avances en el diagn\u00f3stico y tratamiento de los problemas m\u00e1s frecuentes que enfrenta el personal m\u00e9dico en su pr\u00e1ctica diaria\",\"breadcrumb\":{\"@id\":\"https:\/\/lafuente.mx\/?p=2301#breadcrumb\"},\"inLanguage\":\"es-MX\",\"potentialAction\":[{\"@type\":\"ReadAction\",\"target\":[\"https:\/\/lafuente.mx\/?p=2301\"]}]},{\"@type\":\"BreadcrumbList\",\"@id\":\"https:\/\/lafuente.mx\/?p=2301#breadcrumb\",\"itemListElement\":[{\"@type\":\"ListItem\",\"position\":1,\"name\":\"Inicio\",\"item\":\"https:\/\/lafuente.mx\/\"},{\"@type\":\"ListItem\",\"position\":2,\"name\":\"Temas selectos de MEDICINA INTERNA para psiquiatras\"}]},{\"@type\":\"Person\",\"@id\":\"https:\/\/lafuente.mx\/#\/schema\/person\/603f3aa8e2f6f7879021ab722d39d6b0\",\"name\":\"Claudia Gallardo\",\"image\":{\"@type\":\"ImageObject\",\"inLanguage\":\"es-MX\",\"@id\":\"https:\/\/lafuente.mx\/#\/schema\/person\/image\/\",\"url\":\"https:\/\/secure.gravatar.com\/avatar\/bfe9c966af1ccfb9d17bcdb9d04e8815?s=96&d=mm&r=g\",\"contentUrl\":\"https:\/\/secure.gravatar.com\/avatar\/bfe9c966af1ccfb9d17bcdb9d04e8815?s=96&d=mm&r=g\",\"caption\":\"Claudia Gallardo\"},\"url\":\"https:\/\/lafuente.mx\/?author=3\"}]}<\/script>\n<!-- \/ Yoast SEO plugin. -->","yoast_head_json":{"title":"Temas selectos de MEDICINA INTERNA para psiquiatras -","description":"Analizar los avances en el diagn\u00f3stico y tratamiento de los problemas m\u00e1s frecuentes que enfrenta el personal m\u00e9dico en su pr\u00e1ctica diaria","robots":{"index":"index","follow":"follow","max-snippet":"max-snippet:-1","max-image-preview":"max-image-preview:large","max-video-preview":"max-video-preview:-1"},"canonical":"https:\/\/lafuente.mx\/?p=2301","og_locale":"es_MX","og_type":"article","og_title":"Temas selectos de MEDICINA INTERNA para psiquiatras","og_description":"Analizar los avances en el diagn\u00f3stico y tratamiento de los problemas m\u00e1s frecuentes que enfrenta el personal m\u00e9dico en su pr\u00e1ctica diaria","og_url":"https:\/\/lafuente.mx\/?p=2301","article_published_time":"2024-05-17T20:55:30+00:00","article_modified_time":"2024-05-19T23:04:40+00:00","og_image":[{"width":1633,"height":1013,"url":"http:\/\/lafuente.mx\/wp-content\/uploads\/2024\/05\/basculaElectro.png","type":"image\/png"}],"author":"Claudia Gallardo","twitter_card":"summary_large_image","twitter_title":"Temas selectos de MEDICINA INTERNA para psiquiatras","twitter_description":"Analizar los avances en el diagn\u00f3stico y tratamiento de los problemas m\u00e1s frecuentes que enfrenta el personal m\u00e9dico en su pr\u00e1ctica diaria","twitter_image":"https:\/\/i0.wp.com\/lafuente.mx\/wp-content\/uploads\/2024\/05\/basculaElectro.png?fit=1633%2C1013&ssl=1","twitter_misc":{"Escrito por":"Claudia Gallardo","Tiempo de lectura":"1 minuto"},"schema":{"@context":"https:\/\/schema.org","@graph":[{"@type":"WebSite","@id":"https:\/\/lafuente.mx\/#website","url":"https:\/\/lafuente.mx\/","name":"","description":"Informaci\u00f3n confiable sobre salud mental","potentialAction":[{"@type":"SearchAction","target":{"@type":"EntryPoint","urlTemplate":"https:\/\/lafuente.mx\/?s={search_term_string}"},"query-input":"required name=search_term_string"}],"inLanguage":"es-MX"},{"@type":"WebPage","@id":"https:\/\/lafuente.mx\/?p=2301","url":"https:\/\/lafuente.mx\/?p=2301","name":"Temas selectos de MEDICINA INTERNA para psiquiatras -","isPartOf":{"@id":"https:\/\/lafuente.mx\/#website"},"datePublished":"2024-05-17T20:55:30+00:00","dateModified":"2024-05-19T23:04:40+00:00","author":{"@id":"https:\/\/lafuente.mx\/#\/schema\/person\/603f3aa8e2f6f7879021ab722d39d6b0"},"description":"Analizar los avances en el diagn\u00f3stico y tratamiento de los problemas m\u00e1s frecuentes que enfrenta el personal m\u00e9dico en su pr\u00e1ctica diaria","breadcrumb":{"@id":"https:\/\/lafuente.mx\/?p=2301#breadcrumb"},"inLanguage":"es-MX","potentialAction":[{"@type":"ReadAction","target":["https:\/\/lafuente.mx\/?p=2301"]}]},{"@type":"BreadcrumbList","@id":"https:\/\/lafuente.mx\/?p=2301#breadcrumb","itemListElement":[{"@type":"ListItem","position":1,"name":"Inicio","item":"https:\/\/lafuente.mx\/"},{"@type":"ListItem","position":2,"name":"Temas selectos de MEDICINA INTERNA para psiquiatras"}]},{"@type":"Person","@id":"https:\/\/lafuente.mx\/#\/schema\/person\/603f3aa8e2f6f7879021ab722d39d6b0","name":"Claudia Gallardo","image":{"@type":"ImageObject","inLanguage":"es-MX","@id":"https:\/\/lafuente.mx\/#\/schema\/person\/image\/","url":"https:\/\/secure.gravatar.com\/avatar\/bfe9c966af1ccfb9d17bcdb9d04e8815?s=96&d=mm&r=g","contentUrl":"https:\/\/secure.gravatar.com\/avatar\/bfe9c966af1ccfb9d17bcdb9d04e8815?s=96&d=mm&r=g","caption":"Claudia Gallardo"},"url":"https:\/\/lafuente.mx\/?author=3"}]}},"jetpack_featured_media_url":"https:\/\/i0.wp.com\/lafuente.mx\/wp-content\/uploads\/2024\/05\/basculaElectro.png?fit=1633%2C1013&ssl=1","jetpack-related-posts":[{"id":3667,"url":"https:\/\/lafuente.mx\/?p=3667","url_meta":{"origin":2301,"position":0},"title":"Relevancia de la respuesta inflamatoria en los trastornos psiqui\u00e1tricos\u00a0\u00a0\u00a0","date":"abril 16, 2026","format":false,"excerpt":"REQUISITOS PARA LA INSCRIPCI\u00d3N A CURSOS DEL PROGRAMA ANUAL DE EDUCACI\u00d3N CONTINUA Curso en l\u00ednea\u00a0\u00a0 Del 27 de abril al 8 de mayo de 2026\u00a0 Cuarta emisi\u00f3n Dr. Lenin Pav\u00f3n Romero\u00a0\u00a0 Coordinador titular\u00a0 Dr. Gilberto P\u00e9rez S\u00e1nchez\u00a0\u00a0 Coordinador adjunto\u00a0 Dirigido a Profesionales en salud mental y especialidades m\u00e9dicas.\u00a0\u00a0 Objetivo general\u2026","rel":"","context":"En &quot;Cursos&quot;","img":{"alt_text":"","src":"https:\/\/i0.wp.com\/lafuente.mx\/wp-content\/uploads\/2026\/04\/imagen-cartel-Rinflamatoria-2026.jpeg?fit=1200%2C668&ssl=1&resize=350%2C200","width":350,"height":200},"classes":[]},{"id":167,"url":"https:\/\/lafuente.mx\/?p=167","url_meta":{"origin":2301,"position":1},"title":"Psicofarmacolog\u00eda para m\u00e9dicos generales","date":"agosto 8, 2022","format":false,"excerpt":"Del 15 al 26 de agosto Coordinan: Dr. Ricardo R\u00edos Flores Dra. Susana Medina Loera Dirigido a: Personal de medicina general, especialistas en medicina y personal de medicina en formaci\u00f3n Objetivo general: Revisar los principios b\u00e1sicos de los psicof\u00e1rmacos, sus indicaciones, prescripci\u00f3n, eficacia y seguridad para la pr\u00e1ctica m\u00e9dica en\u2026","rel":"","context":"En &quot;Cursos&quot;","img":{"alt_text":"","src":"https:\/\/i0.wp.com\/lafuente.mx\/wp-content\/uploads\/2022\/08\/WhatsApp-Image-2022-08-08-at-1.25.01-PM.jpeg?fit=1200%2C650&ssl=1&resize=350%2C200","width":350,"height":200},"classes":[]},{"id":1598,"url":"https:\/\/lafuente.mx\/?p=1598","url_meta":{"origin":2301,"position":2},"title":"Especializaci\u00f3n en Psiquiatr\u00eda Infantil y de la Adolescencia","date":"agosto 14, 2023","format":false,"excerpt":"El Instituto Nacional de Psiquiatr\u00eda Ram\u00f3n de la Fuente Mu\u00f1iz ofrece dos\u00a0 plazas para realizar la Especializaci\u00f3n en Psiquiatr\u00eda Infantil y de la Adolescencia\u00a0 Objetivo\u00a0 Formar psiquiatras especialistas en ni\u00f1as, ni\u00f1os y adolescentes que sean capaces de aplicar el conocimiento cient\u00edfico actual para identificar, realizar intervenciones preventivas y brindar atenci\u00f3n\u2026","rel":"","context":"En &quot;Cursos&quot;","img":{"alt_text":"","src":"https:\/\/i0.wp.com\/lafuente.mx\/wp-content\/uploads\/2023\/08\/Captura-de-Pantalla-2023-08-10-a-las-11.43.11.png?fit=642%2C858&ssl=1&resize=350%2C200","width":350,"height":200},"classes":[]},{"id":671,"url":"https:\/\/lafuente.mx\/?p=671","url_meta":{"origin":2301,"position":3},"title":"Enfermer\u00eda en Psiquiatr\u00eda y Salud Mental\u00a0","date":"enero 20, 2023","format":false,"excerpt":"Diplomados en l\u00ednea 9\u00aa Generaci\u00f3n, 2023 COORDINADORA ACAD\u00c9MICA: Dra. Susana Gallegos S\u00e1nchez\u00a0 Dirigido a personal de enfermer\u00eda (nivel t\u00e9cnico y licenciatura con c\u00e9dula profesional) Objetivo general y tem\u00e1tica Emplear estrategias para el desarrollo profesional y \u00e9tico en favor de la promoci\u00f3n, prevenci\u00f3n, atenci\u00f3n y rehabilitaci\u00f3n de la persona que vive\u2026","rel":"","context":"En &quot;Cursos&quot;","img":{"alt_text":"","src":"https:\/\/i0.wp.com\/lafuente.mx\/wp-content\/uploads\/2023\/01\/imagenEnfermeria.jpg?fit=1074%2C605&ssl=1&resize=350%2C200","width":350,"height":200},"classes":[]},{"id":2538,"url":"https:\/\/lafuente.mx\/?p=2538","url_meta":{"origin":2301,"position":4},"title":"CONVOCATORIA PARA EL EXAMEN DE LA PROMOCI\u00d3N LXXX DE CERTIFICACI\u00d3N EN PSIQUIATR\u00cdA\u00a0","date":"septiembre 10, 2024","format":false,"excerpt":"PROMOCI\u00d3N LV DE CERTIFICACI\u00d3N EN PSIQUIATR\u00cdA INFANTIL Y DE LA ADOLESCENCIA\u00a0 PROMOCI\u00d3N XVII DE CERTIFICACI\u00d3N EN MEDICINA DEL SUE\u00d1O\u00a0 CONSEJO MEXICANO DE PSIQUIATR\u00cdA, A. C.\u00a0 El Consejo Mexicano de Psiquiatr\u00eda, A. C. en cumplimiento de sus estatutos generales y por medio de su Comisi\u00f3n de Ex\u00e1menes, convoca a los m\u00e9dicos\u2026","rel":"","context":"En &quot;Informaci\u00f3n de inter\u00e9s&quot;","img":{"alt_text":"jamila polatova, oncology, crayfish-7261803.jpg","src":"https:\/\/i0.wp.com\/lafuente.mx\/wp-content\/uploads\/2024\/09\/jamila-polatova-oncology-crayfish-7261803.jpg?fit=1200%2C794&ssl=1&resize=350%2C200","width":350,"height":200},"classes":[]},{"id":1269,"url":"https:\/\/lafuente.mx\/?p=1269","url_meta":{"origin":2301,"position":5},"title":"Abordaje interdisciplinario de las diversidades sexogen\u00e9ricas:","date":"junio 2, 2023","format":false,"excerpt":"evidencias para el cuidado de su salud f\u00edsica y mental Del 12 al 23 de junio de 2023 Coordinador titular: Dr. Hamid Vega Ram\u00edrez Coordinadora adjunta: Dra. Rebeca Robles Garc\u00eda Dirigido a: Profesionales de la educaci\u00f3n (docentes, prefecturas, directivos), de la salud (endocrinolog\u00eda, pediatr\u00eda, medicina interna, cirug\u00eda, ginecolog\u00eda, urolog\u00eda, psiquiatr\u00eda\u2026","rel":"","context":"En &quot;Cursos&quot;","img":{"alt_text":"","src":"https:\/\/i0.wp.com\/lafuente.mx\/wp-content\/uploads\/2023\/06\/Captura-de-Pantalla-2023-06-02-a-las-12.13.51.png?fit=1200%2C446&ssl=1&resize=350%2C200","width":350,"height":200},"classes":[]}],"jetpack_sharing_enabled":true,"jetpack_shortlink":"https:\/\/wp.me\/pe9WUx-B7","_links":{"self":[{"href":"https:\/\/lafuente.mx\/index.php?rest_route=\/wp\/v2\/posts\/2301"}],"collection":[{"href":"https:\/\/lafuente.mx\/index.php?rest_route=\/wp\/v2\/posts"}],"about":[{"href":"https:\/\/lafuente.mx\/index.php?rest_route=\/wp\/v2\/types\/post"}],"author":[{"embeddable":true,"href":"https:\/\/lafuente.mx\/index.php?rest_route=\/wp\/v2\/users\/3"}],"replies":[{"embeddable":true,"href":"https:\/\/lafuente.mx\/index.php?rest_route=%2Fwp%2Fv2%2Fcomments&post=2301"}],"version-history":[{"count":3,"href":"https:\/\/lafuente.mx\/index.php?rest_route=\/wp\/v2\/posts\/2301\/revisions"}],"predecessor-version":[{"id":2307,"href":"https:\/\/lafuente.mx\/index.php?rest_route=\/wp\/v2\/posts\/2301\/revisions\/2307"}],"wp:featuredmedia":[{"embeddable":true,"href":"https:\/\/lafuente.mx\/index.php?rest_route=\/wp\/v2\/media\/2303"}],"wp:attachment":[{"href":"https:\/\/lafuente.mx\/index.php?rest_route=%2Fwp%2Fv2%2Fmedia&parent=2301"}],"wp:term":[{"taxonomy":"category","embeddable":true,"href":"https:\/\/lafuente.mx\/index.php?rest_route=%2Fwp%2Fv2%2Fcategories&post=2301"},{"taxonomy":"post_tag","embeddable":true,"href":"https:\/\/lafuente.mx\/index.php?rest_route=%2Fwp%2Fv2%2Ftags&post=2301"}],"curies":[{"name":"wp","href":"https:\/\/api.w.org\/{rel}","templated":true}]}}