{"id":2291,"date":"2024-05-17T07:25:00","date_gmt":"2024-05-17T07:25:00","guid":{"rendered":"https:\/\/lafuente.mx\/?p=2291"},"modified":"2024-05-17T16:48:34","modified_gmt":"2024-05-17T16:48:34","slug":"borrador-automatico-covid-19-medidas-adaptacion-y-aprendizaje-una-vision-desde-el-seminario-sobre-medicina-y-salud-2020-2022","status":"publish","type":"post","link":"https:\/\/lafuente.mx\/?p=2291","title":{"rendered":"Libro. COVID-19: Medidas, adaptaci\u00f3n y aprendizaje\u00a0Una visi\u00f3n desde el Seminario sobre Medicina y Salud (2020-2022)\u00a0"},"content":{"rendered":"\n<hr class=\"wp-block-separator has-text-color has-vivid-purple-color has-alpha-channel-opacity has-vivid-purple-background-color has-background\"\/>\n\n\n\n<p><strong>Coordinadora: <\/strong><\/p>\n\n\n\n<p>Mar\u00eda del Rosario Guti\u00e9rrez Razo&nbsp;&nbsp;<\/p>\n\n\n\n<p><strong>Compilador: <\/strong><\/p>\n\n\n\n<p>Luis Armando Mart\u00ednez Gil&nbsp;&nbsp;<\/p>\n\n\n\n<p>Primera edici\u00f3n. <\/p>\n\n\n\n<p>M\u00e9xico: Universidad Nacional Aut\u00f3noma de M\u00e9xico, Secretar\u00eda de Desarrollo Institucional, 2023.&nbsp;<\/p>\n\n\n\n<p><strong>Serie: <\/strong>Seminario sobre medicina y salud.&nbsp;&nbsp;<\/p>\n\n\n\n<p><em>Identificadores: LIBRUNAM 2223973 (libro electr\u00f3nico) | ISBN 9786073083959 (libro electr\u00f3nico)&nbsp;&nbsp;<\/em><\/p>\n\n\n\n<p><\/p>\n\n\n\n<hr class=\"wp-block-separator has-text-color has-vivid-cyan-blue-color has-alpha-channel-opacity has-vivid-cyan-blue-background-color has-background\"\/>\n\n\n<div class=\"wp-block-image\">\n<figure class=\"aligncenter size-full\"><img decoding=\"async\" loading=\"lazy\" width=\"401\" height=\"589\" src=\"https:\/\/i0.wp.com\/lafuente.mx\/wp-content\/uploads\/2024\/05\/Captura-de-pantalla-2024-05-16-123332-1.png?resize=401%2C589&#038;ssl=1\" alt=\"\" class=\"wp-image-2294\" srcset=\"https:\/\/i0.wp.com\/lafuente.mx\/wp-content\/uploads\/2024\/05\/Captura-de-pantalla-2024-05-16-123332-1.png?w=401&amp;ssl=1 401w, https:\/\/i0.wp.com\/lafuente.mx\/wp-content\/uploads\/2024\/05\/Captura-de-pantalla-2024-05-16-123332-1.png?resize=204%2C300&amp;ssl=1 204w\" sizes=\"(max-width: 401px) 100vw, 401px\" data-recalc-dims=\"1\" \/><\/figure><\/div>\n\n\n<p class=\"has-medium-font-size\"><strong><em>Cap\u00edtulo: <\/em>Salud mental y COVID-19: Un enfoque basado en Derechos Humanos&nbsp;&nbsp;<\/strong><\/p>\n\n\n\n<p><strong>Jos\u00e9 Nicol\u00e1s Ivan Mart\u00ednez L\u00f3pez&nbsp;<\/strong><\/p>\n\n\n\n<p class=\"has-small-font-size\">Psiquiatr\u00eda Forense y Ciencias M\u00e9dicas&nbsp;<\/p>\n\n\n\n<p><strong>Eduardo Vel\u00e1zquez Gonz\u00e1lez&nbsp;&nbsp;<\/strong><\/p>\n\n\n\n<p class=\"has-small-font-size\">Ciencia Forense y Salud Mental P\u00fablica&nbsp;<\/p>\n\n\n\n<p><strong>Karla Lisset Alonso Ayala&nbsp;&nbsp;<\/strong><\/p>\n\n\n\n<p class=\"has-small-font-size\">M\u00e9dico Residente 1er a\u00f1o Psiquiatr\u00eda&nbsp;<\/p>\n\n\n\n<p><strong>Marlen Abigain G\u00f3mez Mendiola&nbsp;<\/strong><\/p>\n\n\n\n<p class=\"has-small-font-size\">Ciencia Forense y Salud Mental P\u00fablica&nbsp;<\/p>\n\n\n\n<p><\/p>\n\n\n\n<p class=\"has-white-color has-vivid-purple-background-color has-text-color has-background has-medium-font-size\"><strong>Rese\u00f1a<\/strong>&nbsp;<\/p>\n\n\n\n<p class=\"has-text-align-center\">Durante el periodo comprendido entre 2020 y 2022, el Seminario sobre Medicina y Salud se adapt\u00f3 a los cambios generados por la emergencia sanitaria, la cual nos invit\u00f3 a sesionar desde casa, resguardados de un probable contagio, no obstante, varios integrantes del Seminario hicieron frente a la pandemia y se mantuvieron en la primera l\u00ednea de defensa desde sus diferentes \u00e1reas. Parte de esa experiencia se registra en esta obra, que sirve como reflexi\u00f3n sobre las medidas de contenci\u00f3n, y las acciones que tomamos en un inicio, pero principalmente, nos lleva a usar este conocimiento en pro de establecer estrategias que puedan servir ante un escenario similar en el contexto de una pandemia, porque como bien nos lo ha ense\u00f1ado la historia, estas son impredecibles y multifactoriales.&nbsp;<\/p>\n\n\n\n<div class=\"wp-block-buttons is-layout-flex wp-block-buttons-is-layout-flex\">\n<div class=\"wp-block-button\"><a class=\"wp-block-button__link has-vivid-purple-background-color has-background wp-element-button\" href=\"https:\/\/isbnmexico.indautor.cerlalc.org\/catalogo.php?mode=detalle&amp;nt=408801\">M\u00e1s informaci\u00f3n<\/a><\/div>\n<\/div>\n","protected":false},"excerpt":{"rendered":"<p>Coordinadora: Mar\u00eda del Rosario Guti\u00e9rrez Razo&nbsp;&nbsp; Compilador: Luis Armando Mart\u00ednez Gil&nbsp;&nbsp; Primera edici\u00f3n. M\u00e9xico: Universidad Nacional Aut\u00f3noma de M\u00e9xico, Secretar\u00eda de Desarrollo Institucional, 2023.&nbsp; Serie:<\/p>\n","protected":false},"author":3,"featured_media":2293,"comment_status":"closed","ping_status":"closed","sticky":false,"template":"","format":"standard","meta":{"footnotes":"","jetpack_publicize_message":"","jetpack_is_tweetstorm":false,"jetpack_publicize_feature_enabled":true},"categories":[10],"tags":[665,664,663,666,188,21,45,131,32],"jetpack_publicize_connections":[],"yoast_head":"<!-- This site is optimized with the Yoast SEO plugin v19.4 - https:\/\/yoast.com\/wordpress\/plugins\/seo\/ -->\n<title>Libro. COVID-19: Medidas, adaptaci\u00f3n y aprendizaje\u00a0Una visi\u00f3n desde el Seminario sobre Medicina y Salud (2020-2022)\u00a0 -<\/title>\n<meta name=\"description\" content=\"Establecer estrategias que puedan servir ante un escenario similar en el contexto de una pandemia\" \/>\n<meta name=\"robots\" content=\"index, follow, max-snippet:-1, max-image-preview:large, max-video-preview:-1\" \/>\n<link rel=\"canonical\" href=\"https:\/\/lafuente.mx\/?p=2291\" \/>\n<meta property=\"og:locale\" content=\"es_MX\" \/>\n<meta property=\"og:type\" content=\"article\" \/>\n<meta property=\"og:title\" content=\"COVID-19: Medidas, adaptaci\u00f3n y aprendizaje\u00a0Una visi\u00f3n desde el Seminario sobre Medicina y Salud (2020-2022)\u00a0\" \/>\n<meta property=\"og:description\" content=\"Establecer estrategias que puedan servir ante un escenario similar en el contexto de una pandemia\" \/>\n<meta property=\"og:url\" content=\"https:\/\/lafuente.mx\/?p=2291\" \/>\n<meta property=\"article:published_time\" content=\"2024-05-17T07:25:00+00:00\" \/>\n<meta property=\"article:modified_time\" content=\"2024-05-17T16:48:34+00:00\" \/>\n<meta property=\"og:image\" content=\"http:\/\/lafuente.mx\/wp-content\/uploads\/2024\/05\/DSC_0221-scaled.jpg\" \/>\n\t<meta property=\"og:image:width\" content=\"2560\" \/>\n\t<meta property=\"og:image:height\" content=\"1700\" \/>\n\t<meta property=\"og:image:type\" content=\"image\/jpeg\" \/>\n<meta name=\"author\" content=\"Claudia Gallardo\" \/>\n<meta name=\"twitter:card\" content=\"summary_large_image\" \/>\n<meta name=\"twitter:title\" content=\"COVID-19: Medidas, adaptaci\u00f3n y aprendizaje\u00a0Una visi\u00f3n desde el Seminario sobre Medicina y Salud (2020-2022)\u00a0\" \/>\n<meta name=\"twitter:description\" content=\"Establecer estrategias que puedan servir ante un escenario similar en el contexto de una pandemia\" \/>\n<meta name=\"twitter:image\" content=\"https:\/\/i0.wp.com\/lafuente.mx\/wp-content\/uploads\/2024\/05\/DSC_0221-scaled.jpg?fit=2560%2C1700&ssl=1\" \/>\n<meta name=\"twitter:label1\" content=\"Escrito por\" \/>\n\t<meta name=\"twitter:data1\" content=\"Claudia Gallardo\" \/>\n\t<meta name=\"twitter:label2\" content=\"Tiempo de lectura\" \/>\n\t<meta name=\"twitter:data2\" content=\"1 minuto\" \/>\n<script type=\"application\/ld+json\" class=\"yoast-schema-graph\">{\"@context\":\"https:\/\/schema.org\",\"@graph\":[{\"@type\":\"WebSite\",\"@id\":\"https:\/\/lafuente.mx\/#website\",\"url\":\"https:\/\/lafuente.mx\/\",\"name\":\"\",\"description\":\"Informaci\u00f3n confiable sobre salud mental\",\"potentialAction\":[{\"@type\":\"SearchAction\",\"target\":{\"@type\":\"EntryPoint\",\"urlTemplate\":\"https:\/\/lafuente.mx\/?s={search_term_string}\"},\"query-input\":\"required name=search_term_string\"}],\"inLanguage\":\"es-MX\"},{\"@type\":\"WebPage\",\"@id\":\"https:\/\/lafuente.mx\/?p=2291\",\"url\":\"https:\/\/lafuente.mx\/?p=2291\",\"name\":\"Libro. COVID-19: Medidas, adaptaci\u00f3n y aprendizaje\u00a0Una visi\u00f3n desde el Seminario sobre Medicina y Salud (2020-2022)\u00a0 -\",\"isPartOf\":{\"@id\":\"https:\/\/lafuente.mx\/#website\"},\"datePublished\":\"2024-05-17T07:25:00+00:00\",\"dateModified\":\"2024-05-17T16:48:34+00:00\",\"author\":{\"@id\":\"https:\/\/lafuente.mx\/#\/schema\/person\/603f3aa8e2f6f7879021ab722d39d6b0\"},\"description\":\"Establecer estrategias que puedan servir ante un escenario similar en el contexto de una pandemia\",\"breadcrumb\":{\"@id\":\"https:\/\/lafuente.mx\/?p=2291#breadcrumb\"},\"inLanguage\":\"es-MX\",\"potentialAction\":[{\"@type\":\"ReadAction\",\"target\":[\"https:\/\/lafuente.mx\/?p=2291\"]}]},{\"@type\":\"BreadcrumbList\",\"@id\":\"https:\/\/lafuente.mx\/?p=2291#breadcrumb\",\"itemListElement\":[{\"@type\":\"ListItem\",\"position\":1,\"name\":\"Inicio\",\"item\":\"https:\/\/lafuente.mx\/\"},{\"@type\":\"ListItem\",\"position\":2,\"name\":\"Libro. COVID-19: Medidas, adaptaci\u00f3n y aprendizaje\u00a0Una visi\u00f3n desde el Seminario sobre Medicina y Salud (2020-2022)\u00a0\"}]},{\"@type\":\"Person\",\"@id\":\"https:\/\/lafuente.mx\/#\/schema\/person\/603f3aa8e2f6f7879021ab722d39d6b0\",\"name\":\"Claudia Gallardo\",\"image\":{\"@type\":\"ImageObject\",\"inLanguage\":\"es-MX\",\"@id\":\"https:\/\/lafuente.mx\/#\/schema\/person\/image\/\",\"url\":\"https:\/\/secure.gravatar.com\/avatar\/bfe9c966af1ccfb9d17bcdb9d04e8815?s=96&d=mm&r=g\",\"contentUrl\":\"https:\/\/secure.gravatar.com\/avatar\/bfe9c966af1ccfb9d17bcdb9d04e8815?s=96&d=mm&r=g\",\"caption\":\"Claudia Gallardo\"},\"url\":\"https:\/\/lafuente.mx\/?author=3\"}]}<\/script>\n<!-- \/ Yoast SEO plugin. -->","yoast_head_json":{"title":"Libro. COVID-19: Medidas, adaptaci\u00f3n y aprendizaje\u00a0Una visi\u00f3n desde el Seminario sobre Medicina y Salud (2020-2022)\u00a0 -","description":"Establecer estrategias que puedan servir ante un escenario similar en el contexto de una pandemia","robots":{"index":"index","follow":"follow","max-snippet":"max-snippet:-1","max-image-preview":"max-image-preview:large","max-video-preview":"max-video-preview:-1"},"canonical":"https:\/\/lafuente.mx\/?p=2291","og_locale":"es_MX","og_type":"article","og_title":"COVID-19: Medidas, adaptaci\u00f3n y aprendizaje\u00a0Una visi\u00f3n desde el Seminario sobre Medicina y Salud (2020-2022)\u00a0","og_description":"Establecer estrategias que puedan servir ante un escenario similar en el contexto de una pandemia","og_url":"https:\/\/lafuente.mx\/?p=2291","article_published_time":"2024-05-17T07:25:00+00:00","article_modified_time":"2024-05-17T16:48:34+00:00","og_image":[{"width":2560,"height":1700,"url":"http:\/\/lafuente.mx\/wp-content\/uploads\/2024\/05\/DSC_0221-scaled.jpg","type":"image\/jpeg"}],"author":"Claudia Gallardo","twitter_card":"summary_large_image","twitter_title":"COVID-19: Medidas, adaptaci\u00f3n y aprendizaje\u00a0Una visi\u00f3n desde el Seminario sobre Medicina y Salud (2020-2022)\u00a0","twitter_description":"Establecer estrategias que puedan servir ante un escenario similar en el contexto de una pandemia","twitter_image":"https:\/\/i0.wp.com\/lafuente.mx\/wp-content\/uploads\/2024\/05\/DSC_0221-scaled.jpg?fit=2560%2C1700&ssl=1","twitter_misc":{"Escrito por":"Claudia Gallardo","Tiempo de lectura":"1 minuto"},"schema":{"@context":"https:\/\/schema.org","@graph":[{"@type":"WebSite","@id":"https:\/\/lafuente.mx\/#website","url":"https:\/\/lafuente.mx\/","name":"","description":"Informaci\u00f3n confiable sobre salud mental","potentialAction":[{"@type":"SearchAction","target":{"@type":"EntryPoint","urlTemplate":"https:\/\/lafuente.mx\/?s={search_term_string}"},"query-input":"required name=search_term_string"}],"inLanguage":"es-MX"},{"@type":"WebPage","@id":"https:\/\/lafuente.mx\/?p=2291","url":"https:\/\/lafuente.mx\/?p=2291","name":"Libro. COVID-19: Medidas, adaptaci\u00f3n y aprendizaje\u00a0Una visi\u00f3n desde el Seminario sobre Medicina y Salud (2020-2022)\u00a0 -","isPartOf":{"@id":"https:\/\/lafuente.mx\/#website"},"datePublished":"2024-05-17T07:25:00+00:00","dateModified":"2024-05-17T16:48:34+00:00","author":{"@id":"https:\/\/lafuente.mx\/#\/schema\/person\/603f3aa8e2f6f7879021ab722d39d6b0"},"description":"Establecer estrategias que puedan servir ante un escenario similar en el contexto de una pandemia","breadcrumb":{"@id":"https:\/\/lafuente.mx\/?p=2291#breadcrumb"},"inLanguage":"es-MX","potentialAction":[{"@type":"ReadAction","target":["https:\/\/lafuente.mx\/?p=2291"]}]},{"@type":"BreadcrumbList","@id":"https:\/\/lafuente.mx\/?p=2291#breadcrumb","itemListElement":[{"@type":"ListItem","position":1,"name":"Inicio","item":"https:\/\/lafuente.mx\/"},{"@type":"ListItem","position":2,"name":"Libro. COVID-19: Medidas, adaptaci\u00f3n y aprendizaje\u00a0Una visi\u00f3n desde el Seminario sobre Medicina y Salud (2020-2022)\u00a0"}]},{"@type":"Person","@id":"https:\/\/lafuente.mx\/#\/schema\/person\/603f3aa8e2f6f7879021ab722d39d6b0","name":"Claudia Gallardo","image":{"@type":"ImageObject","inLanguage":"es-MX","@id":"https:\/\/lafuente.mx\/#\/schema\/person\/image\/","url":"https:\/\/secure.gravatar.com\/avatar\/bfe9c966af1ccfb9d17bcdb9d04e8815?s=96&d=mm&r=g","contentUrl":"https:\/\/secure.gravatar.com\/avatar\/bfe9c966af1ccfb9d17bcdb9d04e8815?s=96&d=mm&r=g","caption":"Claudia Gallardo"},"url":"https:\/\/lafuente.mx\/?author=3"}]}},"jetpack_featured_media_url":"https:\/\/i0.wp.com\/lafuente.mx\/wp-content\/uploads\/2024\/05\/DSC_0221-scaled.jpg?fit=2560%2C1700&ssl=1","jetpack-related-posts":[{"id":3471,"url":"https:\/\/lafuente.mx\/?p=3471","url_meta":{"origin":2291,"position":0},"title":"La inflamaci\u00f3n y la salud mental\u00a0","date":"noviembre 26, 2025","format":false,"excerpt":"Nov 5, 2025 | Academia\u00a0 \u201cTodas las c\u00e9lulas de nuestro cuerpo, como neuronas, leucocitos y glandulares tienen receptores para hormonas, neurotransmisores y citocinas. Esto significa que nuestro organismo est\u00e1 conectado permanentemente y responde de manera coordinada a los est\u00edmulos estresantes del entorno\u201d, indic\u00f3 el doctor Lenin Pav\u00f3n Romero, Jefe y\u2026","rel":"","context":"En &quot;Noticias&quot;","img":{"alt_text":"","src":"https:\/\/i0.wp.com\/lafuente.mx\/wp-content\/uploads\/2025\/11\/Captura-de-pantalla-2025-11-24-a-las-13.44.40-1-e1764184124541.png?fit=1200%2C639&ssl=1&resize=350%2C200","width":350,"height":200},"classes":[]},{"id":1553,"url":"https:\/\/lafuente.mx\/?p=1553","url_meta":{"origin":2291,"position":1},"title":"Historia e Investigaci\u00f3n de un Modelo para Recuperar y Empoderar Vidas","date":"agosto 2, 2023","format":false,"excerpt":"Investigaci\u00f3n sobre trata de personas En el marco de la 8\u00aa Feria del Libro de Ciencias de la Salud, con sede en la Facultad de Medicina de la Universidad Nacional Aut\u00f3noma de M\u00e9xico,\u00a0 se presentar\u00e1 el libro Historia e Investigaci\u00f3n de un Modelo para Recuperar y Empoderar Vidas Se llevar\u00e1\u2026","rel":"","context":"En &quot;Eventos externos&quot;","img":{"alt_text":"","src":"https:\/\/i0.wp.com\/lafuente.mx\/wp-content\/uploads\/2023\/08\/libro-historia.jpg?fit=1193%2C1200&ssl=1&resize=350%2C200","width":350,"height":200},"classes":[]},{"id":2950,"url":"https:\/\/lafuente.mx\/?p=2950","url_meta":{"origin":2291,"position":2},"title":"Las adicciones y la salud mental en M\u00e9xico\u00a0","date":"junio 9, 2025","format":false,"excerpt":"Junio, 2025\u00a0 \u201cLas adicciones est\u00e1n consideradas como una enfermedad mental y registran una mortalidad excesiva que tambi\u00e9n tenemos que atender y que no necesariamente se incluye cuando se hacen las evaluaciones de cu\u00e1l es la carga de la enfermedad mental\u201d, coment\u00f3 la doctora Mar\u00eda Elena Medina Mora Icaza, responsable del\u2026","rel":"","context":"En &quot;Noticias&quot;","img":{"alt_text":"","src":"https:\/\/i0.wp.com\/lafuente.mx\/wp-content\/uploads\/2025\/06\/Captura-de-pantalla-2025-06-06-a-las-11.57.12.png?fit=874%2C840&ssl=1&resize=350%2C200","width":350,"height":200},"classes":[]},{"id":506,"url":"https:\/\/lafuente.mx\/?p=506","url_meta":{"origin":2291,"position":3},"title":"Cuidar y ser madre durante la pandemia del SARS-COV2: caracter\u00edsticas de las m\u00e9dicos-madres durante la COVID-19 y su impacto en la salud mental\u00a0","date":"octubre 28, 2022","format":false,"excerpt":"Ingrid Vargas-Huicochea,1 Shoshana Berenzon, 2 Silvia AracelyTafoya,1 Diana Patricia Gu\u00edzar-S\u00e1nchez,3 NoraKelsall, 4 Ana Carolina Rodr\u00edguez-Machain, 1 Atenea Lanz-Uribe 5\u00a0 1 Departamento de Psiquiatr\u00eda y Salud Mental, Facultad de Medicina, Universidad Nacional Aut\u00f3noma de M\u00e9xico, Ciudad de M\u00e9xico, M\u00e9xico.\u00a0 2 Direcci\u00f3n de Investigaciones Epidemiol\u00f3gicas y Psicosociales, Instituto Nacional de Psiquiatr\u00eda Ram\u00f3n\u2026","rel":"","context":"En &quot;Revista Salud Mental&quot;","img":{"alt_text":"","src":"https:\/\/i0.wp.com\/lafuente.mx\/wp-content\/uploads\/2022\/10\/DSC_0300-edited-scaled.jpg?fit=1200%2C797&ssl=1&resize=350%2C200","width":350,"height":200},"classes":[]},{"id":3554,"url":"https:\/\/lafuente.mx\/?p=3554","url_meta":{"origin":2291,"position":4},"title":"Gen\u00e9tica psiqui\u00e1trica\u00a0","date":"enero 21, 2026","format":false,"excerpt":"Dic 2, 2025 |\u00a0Academia\u00a0 La Facultad de Medicina de la UNAM realiz\u00f3 una nueva sesi\u00f3n del Seminario sobre Medicina y Salud dedicada al tema \u201cGen\u00e9tica Psiqui\u00e1trica\u201d, impartida por el doctor Humberto Nicolini S\u00e1nchez,\u00a0Jefe\u00a0del Laboratorio de Enfermedades Psiqui\u00e1tricas, Neurodegenerativas y Adicciones del Instituto Nacional de Medicina Gen\u00f3mica, y moderada por el\u2026","rel":"","context":"En &quot;Noticias&quot;","img":{"alt_text":"","src":"https:\/\/i0.wp.com\/lafuente.mx\/wp-content\/uploads\/2026\/01\/Humberto-Nicolini-1-scaled.jpg?fit=1200%2C763&ssl=1&resize=350%2C200","width":350,"height":200},"classes":[]},{"id":1537,"url":"https:\/\/lafuente.mx\/?p=1537","url_meta":{"origin":2291,"position":5},"title":"\u00a1Es dif\u00edcil ser mujer!","date":"agosto 1, 2023","format":false,"excerpt":"Una gu\u00eda para entender y enfrentar la depresi\u00f3n En el marco de la 8\u00aa Feria del Libro de Ciencias de la Salud, con sede en la Facultad de Medicina de la Universidad Nacional Aut\u00f3noma de M\u00e9xico,\u00a0 la doctora Ma. Asunci\u00f3n Lara\u00a0presentar\u00e1 la nueva edici\u00f3n del libro \u00a1Es dif\u00edcil ser mujer!\u2026","rel":"","context":"En &quot;Eventos externos&quot;","img":{"alt_text":"","src":"https:\/\/i0.wp.com\/lafuente.mx\/wp-content\/uploads\/2023\/08\/LibroMujer.jpg?fit=1193%2C1200&ssl=1&resize=350%2C200","width":350,"height":200},"classes":[]}],"jetpack_sharing_enabled":true,"jetpack_shortlink":"https:\/\/wp.me\/pe9WUx-AX","_links":{"self":[{"href":"https:\/\/lafuente.mx\/index.php?rest_route=\/wp\/v2\/posts\/2291"}],"collection":[{"href":"https:\/\/lafuente.mx\/index.php?rest_route=\/wp\/v2\/posts"}],"about":[{"href":"https:\/\/lafuente.mx\/index.php?rest_route=\/wp\/v2\/types\/post"}],"author":[{"embeddable":true,"href":"https:\/\/lafuente.mx\/index.php?rest_route=\/wp\/v2\/users\/3"}],"replies":[{"embeddable":true,"href":"https:\/\/lafuente.mx\/index.php?rest_route=%2Fwp%2Fv2%2Fcomments&post=2291"}],"version-history":[{"count":5,"href":"https:\/\/lafuente.mx\/index.php?rest_route=\/wp\/v2\/posts\/2291\/revisions"}],"predecessor-version":[{"id":2299,"href":"https:\/\/lafuente.mx\/index.php?rest_route=\/wp\/v2\/posts\/2291\/revisions\/2299"}],"wp:featuredmedia":[{"embeddable":true,"href":"https:\/\/lafuente.mx\/index.php?rest_route=\/wp\/v2\/media\/2293"}],"wp:attachment":[{"href":"https:\/\/lafuente.mx\/index.php?rest_route=%2Fwp%2Fv2%2Fmedia&parent=2291"}],"wp:term":[{"taxonomy":"category","embeddable":true,"href":"https:\/\/lafuente.mx\/index.php?rest_route=%2Fwp%2Fv2%2Fcategories&post=2291"},{"taxonomy":"post_tag","embeddable":true,"href":"https:\/\/lafuente.mx\/index.php?rest_route=%2Fwp%2Fv2%2Ftags&post=2291"}],"curies":[{"name":"wp","href":"https:\/\/api.w.org\/{rel}","templated":true}]}}