{"id":2288,"date":"2024-05-16T18:17:39","date_gmt":"2024-05-16T18:17:39","guid":{"rendered":"https:\/\/lafuente.mx\/?p=2288"},"modified":"2024-05-22T17:46:23","modified_gmt":"2024-05-22T17:46:23","slug":"borrador-automatico-perfiles-psicosociales-de-mujeres-que-interrumpieron-legalmente-un-embarazo-en-la-ciudad-de-mexico","status":"publish","type":"post","link":"https:\/\/lafuente.mx\/?p=2288","title":{"rendered":"Perfiles psicosociales de mujeres que interrumpieron legalmente un embarazo en la Ciudad de M\u00e9xico"},"content":{"rendered":"\n<hr class=\"wp-block-separator has-text-color has-luminous-vivid-orange-color has-alpha-channel-opacity has-luminous-vivid-orange-background-color has-background is-style-wide\"\/>\n\n\n\n<p class=\"has-medium-font-size\"><strong>Karla Flores-Celis,1, Martha Cordero Oropeza,2, Luciana Esther Ramos-Lira3&nbsp;<\/strong><\/p>\n\n\n\n<ol start=\"1\">\n<li class=\"has-small-font-size\">Programa de Maestr\u00eda y Doctorado en Medicina, Odontolog\u00eda y Ciencias de la Salud, Universidad Nacional Aut\u00f3noma de M\u00e9xico, Ciudad de M\u00e9xico, M\u00e9xico.&nbsp;<\/li>\n<\/ol>\n\n\n\n<ol start=\"2\">\n<li class=\"has-small-font-size\">Direcci\u00f3n de Servicios Cl\u00ednicos, Instituto Nacional de Psiquiatr\u00eda Ram\u00f3n de la Fuente Mu\u00f1iz, Ciudad de M\u00e9xico, M\u00e9xico.&nbsp;<\/li>\n<\/ol>\n\n\n\n<ol start=\"3\">\n<li class=\"has-small-font-size\">Direcci\u00f3n de Investigaciones Epidemiol\u00f3gicas y Psicosociales, Instituto Nacional de Psiquiatr\u00eda Ram\u00f3n de la Fuente Mu\u00f1iz, Ciudad de M\u00e9xico, M\u00e9xico&nbsp;<\/li>\n<\/ol>\n\n\n\n<hr class=\"wp-block-separator has-text-color has-luminous-vivid-orange-color has-alpha-channel-opacity has-luminous-vivid-orange-background-color has-background is-style-wide\"\/>\n\n\n\n<p class=\"has-white-color has-vivid-red-background-color has-text-color has-background has-medium-font-size\"><strong>Introducci\u00f3n<\/strong><\/p>\n\n\n\n<p class=\"has-white-background-color has-text-color has-background has-medium-font-size\" style=\"color:#7b4620\">La autonom\u00eda reproductiva permite a la persona decidir libremente su proyecto de vida, incluida la salud sexual y reproductiva. Sin embargo, su ejercicio puede verse limitado por determinantes de la salud y otras condiciones estructurales. Conocer los antecedentes de las mujeres que se someten a una Interrupci\u00f3n Legal del Embarazo (LIP) ayuda a identificar patrones de desigualdad y su impacto en el ejercicio de la autonom\u00eda reproductiva.&nbsp;<\/p>\n\n\n\n<p class=\"has-white-color has-vivid-red-background-color has-text-color has-background has-medium-font-size\"><strong>Objetivo<\/strong><\/p>\n\n\n\n<p class=\"has-white-background-color has-text-color has-background has-medium-font-size\" style=\"color:#7b4620\">Analizar el perfil de las mujeres que interrumpen legalmente un embarazo en la Ciudad de M\u00e9xico.&nbsp;<\/p>\n\n\n\n<p class=\"has-white-color has-vivid-red-background-color has-text-color has-background has-medium-font-size\"><strong>M\u00e9todo<\/strong><\/p>\n\n\n\n<p class=\"has-white-background-color has-text-color has-background has-medium-font-size\" style=\"color:#802424\"> An\u00e1lisis de clases latentes, con la participaci\u00f3n de 274 mujeres que interrumpieron un embarazo del primer trimestre en un establecimiento p\u00fablico.&nbsp;<\/p>\n\n\n\n<figure class=\"wp-block-image size-large\"><img decoding=\"async\" loading=\"lazy\" width=\"640\" height=\"470\" src=\"https:\/\/i0.wp.com\/lafuente.mx\/wp-content\/uploads\/2024\/05\/watercolor-portrait-character-1020509.jpg?resize=640%2C470\" alt=\"watercolor, portrait, character-1020509.jpg\" class=\"wp-image-2289\" srcset=\"https:\/\/i0.wp.com\/lafuente.mx\/wp-content\/uploads\/2024\/05\/watercolor-portrait-character-1020509.jpg?resize=1024%2C752&amp;ssl=1 1024w, https:\/\/i0.wp.com\/lafuente.mx\/wp-content\/uploads\/2024\/05\/watercolor-portrait-character-1020509.jpg?resize=300%2C220&amp;ssl=1 300w, https:\/\/i0.wp.com\/lafuente.mx\/wp-content\/uploads\/2024\/05\/watercolor-portrait-character-1020509.jpg?resize=768%2C564&amp;ssl=1 768w, https:\/\/i0.wp.com\/lafuente.mx\/wp-content\/uploads\/2024\/05\/watercolor-portrait-character-1020509.jpg?w=1280&amp;ssl=1 1280w\" sizes=\"(max-width: 640px) 100vw, 640px\" data-recalc-dims=\"1\" \/><\/figure>\n\n\n\n<p class=\"has-white-color has-vivid-red-background-color has-text-color has-background has-medium-font-size\"><strong>Resultados<\/strong><\/p>\n\n\n\n<p class=\"has-white-background-color has-text-color has-background has-medium-font-size\" style=\"color:#7b4620\">Modelo de dos clases latentes: adulta (68,34%) y mujeres j\u00f3venes (31,65%). El estigma fue la variable predictora de clase; a mayor puntuaci\u00f3n, menor es la probabilidad de pertenecer al grupo de adultos ( p\u00a0 = 0,019). Las mujeres adultas se caracterizaron por tener un menor nivel educativo, participar en actividades no remuneradas, tener al menos un hijo, haber tenido abortos previos, haber experimentado violencia de pareja en los \u00faltimos doce meses y reportaron que sus parejas no estaban de acuerdo con la interrupci\u00f3n del embarazo. Las m\u00e1s j\u00f3venes eran estudiantes, ten\u00edan pareja y denunciaron que sus parejas hab\u00edan acordado con ellas solicitar un aborto.\u00a0<\/p>\n\n\n\n<p class=\"has-white-color has-vivid-red-background-color has-text-color has-background has-medium-font-size\"><strong>Discusi\u00f3n y conclusi\u00f3n<\/strong><\/p>\n\n\n\n<p class=\"has-text-color has-medium-font-size\" style=\"color:#7b4620\">A pesar de los cambios legales realizados, el estigma sigue presente en la demanda y el acceso al aborto, particularmente para mujeres con determinadas caracter\u00edsticas. Ser\u00eda \u00fatil incluir intervenciones para reducir el estigma en el asesoramiento, utilizando un enfoque basado en experiencias previas.&nbsp;<\/p>\n\n\n\n<hr class=\"wp-block-separator has-text-color has-vivid-red-color has-alpha-channel-opacity has-vivid-red-background-color has-background\"\/>\n\n\n\n<p class=\"has-text-color has-small-font-size\" style=\"color:#7b4620\"><strong>Volume 47, Issue 1, January-February 202&nbsp;<\/strong>&nbsp;&nbsp;<\/p>\n\n\n\n<div class=\"wp-block-buttons is-layout-flex wp-block-buttons-is-layout-flex\">\n<div class=\"wp-block-button\"><a class=\"wp-block-button__link has-vivid-red-background-color has-background wp-element-button\" href=\"http:\/\/www.revistasaludmental.mx\/index.php\/salud_mental\/article\/view\/SM.0185-3325.2024.005\/5077\">M\u00e1s informaci\u00f3n<\/a><\/div>\n<\/div>\n","protected":false},"excerpt":{"rendered":"<p>Karla Flores-Celis,1, Martha Cordero Oropeza,2, Luciana Esther Ramos-Lira3&nbsp; Introducci\u00f3n La autonom\u00eda reproductiva permite a la persona decidir libremente su proyecto de vida, incluida la salud<\/p>\n","protected":false},"author":3,"featured_media":2289,"comment_status":"closed","ping_status":"closed","sticky":false,"template":"","format":"standard","meta":{"footnotes":"","jetpack_publicize_message":"","jetpack_is_tweetstorm":false,"jetpack_publicize_feature_enabled":true},"categories":[11],"tags":[662,660,248,21,661,146,33,32,655],"jetpack_publicize_connections":[],"yoast_head":"<!-- This site is optimized with the Yoast SEO plugin v19.4 - https:\/\/yoast.com\/wordpress\/plugins\/seo\/ -->\n<title>Perfiles psicosociales de mujeres que interrumpieron legalmente un embarazo en la Ciudad de M\u00e9xico -<\/title>\n<meta name=\"robots\" content=\"index, follow, max-snippet:-1, max-image-preview:large, max-video-preview:-1\" \/>\n<link rel=\"canonical\" href=\"https:\/\/lafuente.mx\/?p=2288\" \/>\n<meta property=\"og:locale\" content=\"es_MX\" \/>\n<meta property=\"og:type\" content=\"article\" \/>\n<meta property=\"og:title\" content=\"Perfiles psicosociales de mujeres que interrumpieron legalmente un embarazo en la Ciudad de M\u00e9xico\" \/>\n<meta property=\"og:description\" content=\"Karla Flores-Celis,1, Martha Cordero Oropeza,2, Luciana Esther Ramos-Lira3&nbsp; Introducci\u00f3n La autonom\u00eda reproductiva permite a la persona decidir libremente su proyecto de vida, incluida la salud\" \/>\n<meta property=\"og:url\" content=\"https:\/\/lafuente.mx\/?p=2288\" \/>\n<meta property=\"article:published_time\" content=\"2024-05-16T18:17:39+00:00\" \/>\n<meta property=\"article:modified_time\" content=\"2024-05-22T17:46:23+00:00\" \/>\n<meta property=\"og:image\" content=\"http:\/\/lafuente.mx\/wp-content\/uploads\/2024\/05\/watercolor-portrait-character-1020509.jpg\" \/>\n\t<meta property=\"og:image:width\" content=\"1280\" \/>\n\t<meta property=\"og:image:height\" content=\"940\" \/>\n\t<meta property=\"og:image:type\" content=\"image\/jpeg\" \/>\n<meta name=\"author\" content=\"Claudia Gallardo\" \/>\n<meta name=\"twitter:card\" content=\"summary_large_image\" \/>\n<meta name=\"twitter:title\" content=\"Perfiles psicosociales de mujeres que interrumpieron legalmente un embarazo en la Ciudad de M\u00e9xico\" \/>\n<meta name=\"twitter:image\" content=\"https:\/\/i0.wp.com\/lafuente.mx\/wp-content\/uploads\/2024\/05\/watercolor-portrait-character-1020509.jpg?fit=1280%2C940&ssl=1\" \/>\n<meta name=\"twitter:label1\" content=\"Escrito por\" \/>\n\t<meta name=\"twitter:data1\" content=\"Claudia Gallardo\" \/>\n\t<meta name=\"twitter:label2\" content=\"Tiempo de lectura\" \/>\n\t<meta name=\"twitter:data2\" content=\"2 minutos\" \/>\n<script type=\"application\/ld+json\" class=\"yoast-schema-graph\">{\"@context\":\"https:\/\/schema.org\",\"@graph\":[{\"@type\":\"WebSite\",\"@id\":\"https:\/\/lafuente.mx\/#website\",\"url\":\"https:\/\/lafuente.mx\/\",\"name\":\"\",\"description\":\"Informaci\u00f3n confiable sobre salud mental\",\"potentialAction\":[{\"@type\":\"SearchAction\",\"target\":{\"@type\":\"EntryPoint\",\"urlTemplate\":\"https:\/\/lafuente.mx\/?s={search_term_string}\"},\"query-input\":\"required name=search_term_string\"}],\"inLanguage\":\"es-MX\"},{\"@type\":\"WebPage\",\"@id\":\"https:\/\/lafuente.mx\/?p=2288\",\"url\":\"https:\/\/lafuente.mx\/?p=2288\",\"name\":\"Perfiles psicosociales de mujeres que interrumpieron legalmente un embarazo en la Ciudad de M\u00e9xico -\",\"isPartOf\":{\"@id\":\"https:\/\/lafuente.mx\/#website\"},\"datePublished\":\"2024-05-16T18:17:39+00:00\",\"dateModified\":\"2024-05-22T17:46:23+00:00\",\"author\":{\"@id\":\"https:\/\/lafuente.mx\/#\/schema\/person\/603f3aa8e2f6f7879021ab722d39d6b0\"},\"breadcrumb\":{\"@id\":\"https:\/\/lafuente.mx\/?p=2288#breadcrumb\"},\"inLanguage\":\"es-MX\",\"potentialAction\":[{\"@type\":\"ReadAction\",\"target\":[\"https:\/\/lafuente.mx\/?p=2288\"]}]},{\"@type\":\"BreadcrumbList\",\"@id\":\"https:\/\/lafuente.mx\/?p=2288#breadcrumb\",\"itemListElement\":[{\"@type\":\"ListItem\",\"position\":1,\"name\":\"Inicio\",\"item\":\"https:\/\/lafuente.mx\/\"},{\"@type\":\"ListItem\",\"position\":2,\"name\":\"Perfiles psicosociales de mujeres que interrumpieron legalmente un embarazo en la Ciudad de M\u00e9xico\"}]},{\"@type\":\"Person\",\"@id\":\"https:\/\/lafuente.mx\/#\/schema\/person\/603f3aa8e2f6f7879021ab722d39d6b0\",\"name\":\"Claudia Gallardo\",\"image\":{\"@type\":\"ImageObject\",\"inLanguage\":\"es-MX\",\"@id\":\"https:\/\/lafuente.mx\/#\/schema\/person\/image\/\",\"url\":\"https:\/\/secure.gravatar.com\/avatar\/bfe9c966af1ccfb9d17bcdb9d04e8815?s=96&d=mm&r=g\",\"contentUrl\":\"https:\/\/secure.gravatar.com\/avatar\/bfe9c966af1ccfb9d17bcdb9d04e8815?s=96&d=mm&r=g\",\"caption\":\"Claudia Gallardo\"},\"url\":\"https:\/\/lafuente.mx\/?author=3\"}]}<\/script>\n<!-- \/ Yoast SEO plugin. -->","yoast_head_json":{"title":"Perfiles psicosociales de mujeres que interrumpieron legalmente un embarazo en la Ciudad de M\u00e9xico -","robots":{"index":"index","follow":"follow","max-snippet":"max-snippet:-1","max-image-preview":"max-image-preview:large","max-video-preview":"max-video-preview:-1"},"canonical":"https:\/\/lafuente.mx\/?p=2288","og_locale":"es_MX","og_type":"article","og_title":"Perfiles psicosociales de mujeres que interrumpieron legalmente un embarazo en la Ciudad de M\u00e9xico","og_description":"Karla Flores-Celis,1, Martha Cordero Oropeza,2, Luciana Esther Ramos-Lira3&nbsp; Introducci\u00f3n La autonom\u00eda reproductiva permite a la persona decidir libremente su proyecto de vida, incluida la salud","og_url":"https:\/\/lafuente.mx\/?p=2288","article_published_time":"2024-05-16T18:17:39+00:00","article_modified_time":"2024-05-22T17:46:23+00:00","og_image":[{"width":1280,"height":940,"url":"http:\/\/lafuente.mx\/wp-content\/uploads\/2024\/05\/watercolor-portrait-character-1020509.jpg","type":"image\/jpeg"}],"author":"Claudia Gallardo","twitter_card":"summary_large_image","twitter_title":"Perfiles psicosociales de mujeres que interrumpieron legalmente un embarazo en la Ciudad de M\u00e9xico","twitter_image":"https:\/\/i0.wp.com\/lafuente.mx\/wp-content\/uploads\/2024\/05\/watercolor-portrait-character-1020509.jpg?fit=1280%2C940&ssl=1","twitter_misc":{"Escrito por":"Claudia Gallardo","Tiempo de lectura":"2 minutos"},"schema":{"@context":"https:\/\/schema.org","@graph":[{"@type":"WebSite","@id":"https:\/\/lafuente.mx\/#website","url":"https:\/\/lafuente.mx\/","name":"","description":"Informaci\u00f3n confiable sobre salud mental","potentialAction":[{"@type":"SearchAction","target":{"@type":"EntryPoint","urlTemplate":"https:\/\/lafuente.mx\/?s={search_term_string}"},"query-input":"required name=search_term_string"}],"inLanguage":"es-MX"},{"@type":"WebPage","@id":"https:\/\/lafuente.mx\/?p=2288","url":"https:\/\/lafuente.mx\/?p=2288","name":"Perfiles psicosociales de mujeres que interrumpieron legalmente un embarazo en la Ciudad de M\u00e9xico -","isPartOf":{"@id":"https:\/\/lafuente.mx\/#website"},"datePublished":"2024-05-16T18:17:39+00:00","dateModified":"2024-05-22T17:46:23+00:00","author":{"@id":"https:\/\/lafuente.mx\/#\/schema\/person\/603f3aa8e2f6f7879021ab722d39d6b0"},"breadcrumb":{"@id":"https:\/\/lafuente.mx\/?p=2288#breadcrumb"},"inLanguage":"es-MX","potentialAction":[{"@type":"ReadAction","target":["https:\/\/lafuente.mx\/?p=2288"]}]},{"@type":"BreadcrumbList","@id":"https:\/\/lafuente.mx\/?p=2288#breadcrumb","itemListElement":[{"@type":"ListItem","position":1,"name":"Inicio","item":"https:\/\/lafuente.mx\/"},{"@type":"ListItem","position":2,"name":"Perfiles psicosociales de mujeres que interrumpieron legalmente un embarazo en la Ciudad de M\u00e9xico"}]},{"@type":"Person","@id":"https:\/\/lafuente.mx\/#\/schema\/person\/603f3aa8e2f6f7879021ab722d39d6b0","name":"Claudia Gallardo","image":{"@type":"ImageObject","inLanguage":"es-MX","@id":"https:\/\/lafuente.mx\/#\/schema\/person\/image\/","url":"https:\/\/secure.gravatar.com\/avatar\/bfe9c966af1ccfb9d17bcdb9d04e8815?s=96&d=mm&r=g","contentUrl":"https:\/\/secure.gravatar.com\/avatar\/bfe9c966af1ccfb9d17bcdb9d04e8815?s=96&d=mm&r=g","caption":"Claudia Gallardo"},"url":"https:\/\/lafuente.mx\/?author=3"}]}},"jetpack_featured_media_url":"https:\/\/i0.wp.com\/lafuente.mx\/wp-content\/uploads\/2024\/05\/watercolor-portrait-character-1020509.jpg?fit=1280%2C940&ssl=1","jetpack-related-posts":[{"id":2249,"url":"https:\/\/lafuente.mx\/?p=2249","url_meta":{"origin":2288,"position":0},"title":"Salud mental perinatal: el punto de partida de nuestra salud mental\u00a0","date":"abril 26, 2024","format":false,"excerpt":"M\u00f3nica Flores-Ramos 1 , Philippe Leff-Gelman 2\u00a0 1 Instituto Nacional de Psiquiatr\u00eda Ram\u00f3n de la Fuente Mu\u00f1iz, Ciudad de M\u00e9xico, M\u00e9xico.\u00a0 2 Instituto Nacional de Perinatolog\u00eda Isidro Espinosa de los Reyes, Ciudad de M\u00e9xico, M\u00e9xico.\u00a0 La complejidad de cuidar dos mentes al mismo tiempo ocurre cuando una futura madre est\u00e1,\u2026","rel":"","context":"En &quot;Revista Salud Mental&quot;","img":{"alt_text":"","src":"https:\/\/i0.wp.com\/lafuente.mx\/wp-content\/uploads\/2024\/04\/Octavo-mes-de-embarazo-sintomas.jpg.webp?fit=848%2C565&ssl=1&resize=350%2C200","width":350,"height":200},"classes":[]},{"id":1960,"url":"https:\/\/lafuente.mx\/?p=1960","url_meta":{"origin":2288,"position":1},"title":"M\u00e9xico en las Naciones Unidas: Un paso adelante para la salud mental\u00a0","date":"diciembre 18, 2023","format":false,"excerpt":"Eduardo A.Madrigal de Le\u00f3n,1\u00a0 ShoshanaBerenzon Gorn,2\u00a0 1 Direcci\u00f3n General, Instituto Nacional de Psiquiatr\u00eda Ram\u00f3n de la Fuente Mu\u00f1iz, Ciudad de M\u00e9xico, M\u00e9xico.\u00a0 2 Direcci\u00f3n de Investigaciones Epidemiol\u00f3gicas y Psicosociales, Instituto Nacional de Psiquiatr\u00eda Ram\u00f3n de la Fuente Mu\u00f1iz, Ciudad de M\u00e9xico, M\u00e9xico\u00a0 Salud Mental, Vol. 46, Issue 6, November-December 2023\u00a0\u2026","rel":"","context":"En &quot;Revista Salud Mental&quot;","img":{"alt_text":"","src":"https:\/\/i0.wp.com\/lafuente.mx\/wp-content\/uploads\/2023\/12\/consejo-seguridad-onu.jpg?fit=1067%2C557&ssl=1&resize=350%2C200","width":350,"height":200},"classes":[]},{"id":2739,"url":"https:\/\/lafuente.mx\/?p=2739","url_meta":{"origin":2288,"position":2},"title":"Estudios epidemiol\u00f3gicos sobre COVID-19 y salud mental en M\u00e9xico: mejor metodolog\u00eda para mejores resultados: una revisi\u00f3n de la literatura\u00a0","date":"enero 23, 2025","format":false,"excerpt":"Guillermo Borges\u00a0 Direcci\u00f3n de Investigaciones Epidemiol\u00f3gicas y Psicosociales, Instituto Nacional de Psiquiatr\u00eda Ram\u00f3n de la Fuente Mu\u00f1iz, Ciudad de M\u00e9xico, M\u00e9xico.\u00a0 Ricardo Orozco\u00a0 Direcci\u00f3n de Investigaciones Epidemiol\u00f3gicas y Psicosociales, Instituto Nacional de Psiquiatr\u00eda Ram\u00f3n de la Fuente Mu\u00f1iz, Ciudad de M\u00e9xico, M\u00e9xico.\u00a0 Brenda Salas\u00a0 Direcci\u00f3n de Investigaciones Epidemiol\u00f3gicas y Psicosociales,\u2026","rel":"","context":"En &quot;Revista Salud Mental&quot;","img":{"alt_text":"","src":"https:\/\/i0.wp.com\/lafuente.mx\/wp-content\/uploads\/2025\/01\/001-1-scaled.jpg?fit=1200%2C758&ssl=1&resize=350%2C200","width":350,"height":200},"classes":[]},{"id":2213,"url":"https:\/\/lafuente.mx\/?p=2213","url_meta":{"origin":2288,"position":3},"title":"T\u00e9 de mente","date":"abril 15, 2024","format":false,"excerpt":"Cuarto episodio Embarazo (parte 2) Ac\u00e9rcate un tecito\u00a0y continuemos\u00a0platicando\u00a0sobre\u00a0el embarazo. Hablemos de\u00a0la preeclampsia, la diabetes gestacional y la obesidad, sus implicaciones para la salud mental y las alternativas nutricionales para abordarlas. Segunda temporada Acomp\u00e1\u00f1anos en este viaje a trav\u00e9s de las etapas en la vida de la mujer, donde descubriremos\u2026","rel":"","context":"En &quot;Podcasts&quot;","img":{"alt_text":"pregnant, baby, love-2720434.jpg","src":"https:\/\/i0.wp.com\/lafuente.mx\/wp-content\/uploads\/2024\/04\/pregnant-baby-love-2720434.jpg?fit=1200%2C800&ssl=1&resize=350%2C200","width":350,"height":200},"classes":[]},{"id":2151,"url":"https:\/\/lafuente.mx\/?p=2151","url_meta":{"origin":2288,"position":4},"title":"T\u00e9 de mente","date":"abril 1, 2024","format":false,"excerpt":"Tercer episodio Embarazo (parte 1) Ven con tu tacita de t\u00e9 y platiquemos sobre el embarazo, sus mitos y creencias en relaci\u00f3n con la alimentaci\u00f3n, un factor protector para la salud f\u00edsica y mental de las madres y sus beb\u00e9s. Segunda temporada Acomp\u00e1\u00f1anos en este viaje a trav\u00e9s de las\u2026","rel":"","context":"En &quot;Podcasts&quot;","img":{"alt_text":"pregnancy, stomach, future mom-1000417.jpg","src":"https:\/\/i0.wp.com\/lafuente.mx\/wp-content\/uploads\/2024\/03\/pregnancy-stomach-future-mom-1000417.jpg?fit=1200%2C800&ssl=1&resize=350%2C200","width":350,"height":200},"classes":[]},{"id":2548,"url":"https:\/\/lafuente.mx\/?p=2548","url_meta":{"origin":2288,"position":5},"title":"Salud mental de los pacientes y duraci\u00f3n de la estancia en servicios de urgencias en M\u00e9xico\u00a0","date":"septiembre 12, 2024","format":false,"excerpt":"Edgar Landa-Ram\u00edrez\u00a01\u00a0,\u00a02\u00a0, Lesly Pamela D\u00edaz-V\u00e1squez\u00a03\u00a0,\u00a01\u00a0, Myriam Eunice Hern\u00e1ndez-Nu\u00f1ez\u00a02\u00a0,\u00a01\u00a0, Juan Castillo-Cruz\u00a04\u00a0, Guadalupe Ximena Ortega-Ram\u00edrez\u00a02\u00a0,\u00a01\u00a0, Alma Haide Guerrero-Mart\u00ednez\u00a02\u00a0,\u00a01\u00a0, Nadia Alejandra Dom\u00ednguez-Vieyra\u00a02\u00a0,\u00a01\u00a0, Antonio L\u00f3pez-G\u00f3mez\u00a05\u00a0 1\u00a0Programa de Psicolog\u00eda Urgencias, Hospital General Dr. Manuel Gea Gonz\u00e1lez, Ciudad de M\u00e9xico, M\u00e9xico.\u00a0 2\u00a0Facultad de Psicolog\u00eda, Universidad Nacional Aut\u00f3noma de M\u00e9xico, Ciudad de M\u00e9xico, M\u00e9xico.\u00a0 3\u00a0Facultad de Psicolog\u00eda,\u2026","rel":"","context":"En &quot;Revista Salud Mental&quot;","img":{"alt_text":"","src":"https:\/\/i0.wp.com\/lafuente.mx\/wp-content\/uploads\/2024\/09\/DSC_0300-edited-scaled.jpg?fit=1200%2C797&ssl=1&resize=350%2C200","width":350,"height":200},"classes":[]}],"jetpack_sharing_enabled":true,"jetpack_shortlink":"https:\/\/wp.me\/pe9WUx-AU","_links":{"self":[{"href":"https:\/\/lafuente.mx\/index.php?rest_route=\/wp\/v2\/posts\/2288"}],"collection":[{"href":"https:\/\/lafuente.mx\/index.php?rest_route=\/wp\/v2\/posts"}],"about":[{"href":"https:\/\/lafuente.mx\/index.php?rest_route=\/wp\/v2\/types\/post"}],"author":[{"embeddable":true,"href":"https:\/\/lafuente.mx\/index.php?rest_route=\/wp\/v2\/users\/3"}],"replies":[{"embeddable":true,"href":"https:\/\/lafuente.mx\/index.php?rest_route=%2Fwp%2Fv2%2Fcomments&post=2288"}],"version-history":[{"count":3,"href":"https:\/\/lafuente.mx\/index.php?rest_route=\/wp\/v2\/posts\/2288\/revisions"}],"predecessor-version":[{"id":2317,"href":"https:\/\/lafuente.mx\/index.php?rest_route=\/wp\/v2\/posts\/2288\/revisions\/2317"}],"wp:featuredmedia":[{"embeddable":true,"href":"https:\/\/lafuente.mx\/index.php?rest_route=\/wp\/v2\/media\/2289"}],"wp:attachment":[{"href":"https:\/\/lafuente.mx\/index.php?rest_route=%2Fwp%2Fv2%2Fmedia&parent=2288"}],"wp:term":[{"taxonomy":"category","embeddable":true,"href":"https:\/\/lafuente.mx\/index.php?rest_route=%2Fwp%2Fv2%2Fcategories&post=2288"},{"taxonomy":"post_tag","embeddable":true,"href":"https:\/\/lafuente.mx\/index.php?rest_route=%2Fwp%2Fv2%2Ftags&post=2288"}],"curies":[{"name":"wp","href":"https:\/\/api.w.org\/{rel}","templated":true}]}}