{"id":2279,"date":"2024-05-12T07:45:00","date_gmt":"2024-05-12T07:45:00","guid":{"rendered":"https:\/\/lafuente.mx\/?p=2279"},"modified":"2024-05-20T16:05:07","modified_gmt":"2024-05-20T16:05:07","slug":"borrador-automatico-dia-de-la-fibromialgia","status":"publish","type":"post","link":"https:\/\/lafuente.mx\/?p=2279","title":{"rendered":"D\u00eda de la fibromialgia\u00a0"},"content":{"rendered":"\n<hr class=\"wp-block-separator has-text-color has-pale-pink-color has-alpha-channel-opacity has-pale-pink-background-color has-background\"\/>\n\n\n\n<p class=\"has-text-align-center has-larger-font-size\"><strong>12 de mayo<\/strong><\/p>\n\n\n\n<hr class=\"wp-block-separator has-text-color has-pale-pink-color has-alpha-channel-opacity has-pale-pink-background-color has-background\"\/>\n\n\n\n<p class=\"has-medium-font-size\">Desde 1993, cada a\u00f1o se celebra el <strong>D\u00eda Mundial de la Fibromialgia y del S\u00edndrome de la Fatiga Cr\u00f3nica<\/strong>. Se escogi\u00f3 el 12 de mayo para conmemorar el nacimiento de Florence Nightingale, enfermera que contrajo esta enfermedad.&nbsp;<\/p>\n\n\n\n<figure class=\"wp-block-image size-large\"><img decoding=\"async\" loading=\"lazy\" width=\"640\" height=\"363\" src=\"https:\/\/i0.wp.com\/lafuente.mx\/wp-content\/uploads\/2024\/05\/woman-root-fantastic-2391033.jpg?resize=640%2C363\" alt=\"woman, root, fantastic-2391033.jpg\" class=\"wp-image-2280\" srcset=\"https:\/\/i0.wp.com\/lafuente.mx\/wp-content\/uploads\/2024\/05\/woman-root-fantastic-2391033.jpg?resize=1024%2C580&amp;ssl=1 1024w, https:\/\/i0.wp.com\/lafuente.mx\/wp-content\/uploads\/2024\/05\/woman-root-fantastic-2391033.jpg?resize=300%2C170&amp;ssl=1 300w, https:\/\/i0.wp.com\/lafuente.mx\/wp-content\/uploads\/2024\/05\/woman-root-fantastic-2391033.jpg?resize=768%2C435&amp;ssl=1 768w, https:\/\/i0.wp.com\/lafuente.mx\/wp-content\/uploads\/2024\/05\/woman-root-fantastic-2391033.jpg?w=1280&amp;ssl=1 1280w\" sizes=\"(max-width: 640px) 100vw, 640px\" data-recalc-dims=\"1\" \/><\/figure>\n\n\n\n<p class=\"has-medium-font-size\">La iniciativa surgi\u00f3 de la mano de distintas organizaciones y asociaciones que, desde el a\u00f1o 2004, han buscado unir esfuerzos para divulgar y concienciar a los distintos organismos gubernamentales sobre esta enfermedad.&nbsp;<\/p>\n\n\n\n<div class=\"wp-block-buttons is-layout-flex wp-block-buttons-is-layout-flex\">\n<div class=\"wp-block-button\"><a class=\"wp-block-button__link has-pale-pink-background-color has-background wp-element-button\" href=\"https:\/\/bit.ly\/4dyz707\">M\u00e1s informaci\u00f3n<\/a><\/div>\n<\/div>\n","protected":false},"excerpt":{"rendered":"<p>12 de mayo Desde 1993, cada a\u00f1o se celebra el D\u00eda Mundial de la Fibromialgia y del S\u00edndrome de la Fatiga Cr\u00f3nica. Se escogi\u00f3 el<\/p>\n","protected":false},"author":3,"featured_media":2280,"comment_status":"closed","ping_status":"closed","sticky":false,"template":"","format":"standard","meta":{"footnotes":"","jetpack_publicize_message":"","jetpack_is_tweetstorm":false,"jetpack_publicize_feature_enabled":true},"categories":[13],"tags":[650,98,651,21,653,32],"jetpack_publicize_connections":[],"yoast_head":"<!-- This site is optimized with the Yoast SEO plugin v19.4 - https:\/\/yoast.com\/wordpress\/plugins\/seo\/ -->\n<title>D\u00eda de la fibromialgia\u00a0 -<\/title>\n<meta name=\"robots\" content=\"index, follow, max-snippet:-1, max-image-preview:large, max-video-preview:-1\" \/>\n<link rel=\"canonical\" href=\"https:\/\/lafuente.mx\/?p=2279\" \/>\n<meta property=\"og:locale\" content=\"es_MX\" \/>\n<meta property=\"og:type\" content=\"article\" \/>\n<meta property=\"og:title\" content=\"D\u00eda de la fibromialgia\u00a0\" \/>\n<meta property=\"og:description\" content=\"Es una afecci\u00f3n en el cual una persona tiene dolor prolongado que se propaga por todo su cuerpo. El dolor est\u00e1 acompa\u00f1ado muy a menudo por fatiga, problemas de sue\u00f1o, dificultad de concentraci\u00f3n, dolores de cabeza, depresi\u00f3n y ansiedad.\" \/>\n<meta property=\"og:url\" content=\"https:\/\/lafuente.mx\/?p=2279\" \/>\n<meta property=\"article:published_time\" content=\"2024-05-12T07:45:00+00:00\" \/>\n<meta property=\"article:modified_time\" content=\"2024-05-20T16:05:07+00:00\" \/>\n<meta property=\"og:image\" content=\"http:\/\/lafuente.mx\/wp-content\/uploads\/2024\/05\/woman-root-fantastic-2391033.jpg\" \/>\n\t<meta property=\"og:image:width\" content=\"1280\" \/>\n\t<meta property=\"og:image:height\" content=\"725\" \/>\n\t<meta property=\"og:image:type\" content=\"image\/jpeg\" \/>\n<meta name=\"author\" content=\"Claudia Gallardo\" \/>\n<meta name=\"twitter:card\" content=\"summary_large_image\" \/>\n<meta name=\"twitter:title\" content=\"D\u00eda de la fibromialgia\u00a0\" \/>\n<meta name=\"twitter:description\" content=\"Es una afecci\u00f3n en el cual una persona tiene dolor prolongado que se propaga por todo su cuerpo. El dolor est\u00e1 acompa\u00f1ado muy a menudo por fatiga, problemas de sue\u00f1o, dificultad de concentraci\u00f3n, dolores de cabeza, depresi\u00f3n y ansiedad.\" \/>\n<meta name=\"twitter:image\" content=\"https:\/\/i0.wp.com\/lafuente.mx\/wp-content\/uploads\/2024\/05\/woman-root-fantastic-2391033.jpg?fit=1280%2C725&ssl=1\" \/>\n<meta name=\"twitter:label1\" content=\"Escrito por\" \/>\n\t<meta name=\"twitter:data1\" content=\"Claudia Gallardo\" \/>\n<script type=\"application\/ld+json\" class=\"yoast-schema-graph\">{\"@context\":\"https:\/\/schema.org\",\"@graph\":[{\"@type\":\"WebSite\",\"@id\":\"https:\/\/lafuente.mx\/#website\",\"url\":\"https:\/\/lafuente.mx\/\",\"name\":\"\",\"description\":\"Informaci\u00f3n confiable sobre salud mental\",\"potentialAction\":[{\"@type\":\"SearchAction\",\"target\":{\"@type\":\"EntryPoint\",\"urlTemplate\":\"https:\/\/lafuente.mx\/?s={search_term_string}\"},\"query-input\":\"required name=search_term_string\"}],\"inLanguage\":\"es-MX\"},{\"@type\":\"WebPage\",\"@id\":\"https:\/\/lafuente.mx\/?p=2279\",\"url\":\"https:\/\/lafuente.mx\/?p=2279\",\"name\":\"D\u00eda de la fibromialgia\u00a0 -\",\"isPartOf\":{\"@id\":\"https:\/\/lafuente.mx\/#website\"},\"datePublished\":\"2024-05-12T07:45:00+00:00\",\"dateModified\":\"2024-05-20T16:05:07+00:00\",\"author\":{\"@id\":\"https:\/\/lafuente.mx\/#\/schema\/person\/603f3aa8e2f6f7879021ab722d39d6b0\"},\"breadcrumb\":{\"@id\":\"https:\/\/lafuente.mx\/?p=2279#breadcrumb\"},\"inLanguage\":\"es-MX\",\"potentialAction\":[{\"@type\":\"ReadAction\",\"target\":[\"https:\/\/lafuente.mx\/?p=2279\"]}]},{\"@type\":\"BreadcrumbList\",\"@id\":\"https:\/\/lafuente.mx\/?p=2279#breadcrumb\",\"itemListElement\":[{\"@type\":\"ListItem\",\"position\":1,\"name\":\"Inicio\",\"item\":\"https:\/\/lafuente.mx\/\"},{\"@type\":\"ListItem\",\"position\":2,\"name\":\"D\u00eda de la fibromialgia\u00a0\"}]},{\"@type\":\"Person\",\"@id\":\"https:\/\/lafuente.mx\/#\/schema\/person\/603f3aa8e2f6f7879021ab722d39d6b0\",\"name\":\"Claudia Gallardo\",\"image\":{\"@type\":\"ImageObject\",\"inLanguage\":\"es-MX\",\"@id\":\"https:\/\/lafuente.mx\/#\/schema\/person\/image\/\",\"url\":\"https:\/\/secure.gravatar.com\/avatar\/bfe9c966af1ccfb9d17bcdb9d04e8815?s=96&d=mm&r=g\",\"contentUrl\":\"https:\/\/secure.gravatar.com\/avatar\/bfe9c966af1ccfb9d17bcdb9d04e8815?s=96&d=mm&r=g\",\"caption\":\"Claudia Gallardo\"},\"url\":\"https:\/\/lafuente.mx\/?author=3\"}]}<\/script>\n<!-- \/ Yoast SEO plugin. -->","yoast_head_json":{"title":"D\u00eda de la fibromialgia\u00a0 -","robots":{"index":"index","follow":"follow","max-snippet":"max-snippet:-1","max-image-preview":"max-image-preview:large","max-video-preview":"max-video-preview:-1"},"canonical":"https:\/\/lafuente.mx\/?p=2279","og_locale":"es_MX","og_type":"article","og_title":"D\u00eda de la fibromialgia\u00a0","og_description":"Es una afecci\u00f3n en el cual una persona tiene dolor prolongado que se propaga por todo su cuerpo. El dolor est\u00e1 acompa\u00f1ado muy a menudo por fatiga, problemas de sue\u00f1o, dificultad de concentraci\u00f3n, dolores de cabeza, depresi\u00f3n y ansiedad.","og_url":"https:\/\/lafuente.mx\/?p=2279","article_published_time":"2024-05-12T07:45:00+00:00","article_modified_time":"2024-05-20T16:05:07+00:00","og_image":[{"width":1280,"height":725,"url":"http:\/\/lafuente.mx\/wp-content\/uploads\/2024\/05\/woman-root-fantastic-2391033.jpg","type":"image\/jpeg"}],"author":"Claudia Gallardo","twitter_card":"summary_large_image","twitter_title":"D\u00eda de la fibromialgia\u00a0","twitter_description":"Es una afecci\u00f3n en el cual una persona tiene dolor prolongado que se propaga por todo su cuerpo. El dolor est\u00e1 acompa\u00f1ado muy a menudo por fatiga, problemas de sue\u00f1o, dificultad de concentraci\u00f3n, dolores de cabeza, depresi\u00f3n y ansiedad.","twitter_image":"https:\/\/i0.wp.com\/lafuente.mx\/wp-content\/uploads\/2024\/05\/woman-root-fantastic-2391033.jpg?fit=1280%2C725&ssl=1","twitter_misc":{"Escrito por":"Claudia Gallardo"},"schema":{"@context":"https:\/\/schema.org","@graph":[{"@type":"WebSite","@id":"https:\/\/lafuente.mx\/#website","url":"https:\/\/lafuente.mx\/","name":"","description":"Informaci\u00f3n confiable sobre salud mental","potentialAction":[{"@type":"SearchAction","target":{"@type":"EntryPoint","urlTemplate":"https:\/\/lafuente.mx\/?s={search_term_string}"},"query-input":"required name=search_term_string"}],"inLanguage":"es-MX"},{"@type":"WebPage","@id":"https:\/\/lafuente.mx\/?p=2279","url":"https:\/\/lafuente.mx\/?p=2279","name":"D\u00eda de la fibromialgia\u00a0 -","isPartOf":{"@id":"https:\/\/lafuente.mx\/#website"},"datePublished":"2024-05-12T07:45:00+00:00","dateModified":"2024-05-20T16:05:07+00:00","author":{"@id":"https:\/\/lafuente.mx\/#\/schema\/person\/603f3aa8e2f6f7879021ab722d39d6b0"},"breadcrumb":{"@id":"https:\/\/lafuente.mx\/?p=2279#breadcrumb"},"inLanguage":"es-MX","potentialAction":[{"@type":"ReadAction","target":["https:\/\/lafuente.mx\/?p=2279"]}]},{"@type":"BreadcrumbList","@id":"https:\/\/lafuente.mx\/?p=2279#breadcrumb","itemListElement":[{"@type":"ListItem","position":1,"name":"Inicio","item":"https:\/\/lafuente.mx\/"},{"@type":"ListItem","position":2,"name":"D\u00eda de la fibromialgia\u00a0"}]},{"@type":"Person","@id":"https:\/\/lafuente.mx\/#\/schema\/person\/603f3aa8e2f6f7879021ab722d39d6b0","name":"Claudia Gallardo","image":{"@type":"ImageObject","inLanguage":"es-MX","@id":"https:\/\/lafuente.mx\/#\/schema\/person\/image\/","url":"https:\/\/secure.gravatar.com\/avatar\/bfe9c966af1ccfb9d17bcdb9d04e8815?s=96&d=mm&r=g","contentUrl":"https:\/\/secure.gravatar.com\/avatar\/bfe9c966af1ccfb9d17bcdb9d04e8815?s=96&d=mm&r=g","caption":"Claudia Gallardo"},"url":"https:\/\/lafuente.mx\/?author=3"}]}},"jetpack_featured_media_url":"https:\/\/i0.wp.com\/lafuente.mx\/wp-content\/uploads\/2024\/05\/woman-root-fantastic-2391033.jpg?fit=1280%2C725&ssl=1","jetpack-related-posts":[{"id":1374,"url":"https:\/\/lafuente.mx\/?p=1374","url_meta":{"origin":2279,"position":0},"title":"Fibromialgia: manejo cognitivo-conductual","date":"julio 5, 2023","format":false,"excerpt":"Curso en l\u00ednea\u00a0\u00a0 Del 24 de julio al 25 de agosto de 2023\u00a0 Coordinadora acad\u00e9mica: Dra. Ma. Isabel Barrera Villalpando\u00a0\u00a0 Dirigido a: Profesionales de la salud y afines\u00a0\u00a0 Objetivos: \u2022 Conocer los aspectos cl\u00ednicos y psicosociales de la fibromialgia \u2022 Identificar los tratamientos para la fibromialgia \u2022 Comprender el enfoque\u2026","rel":"","context":"En &quot;Cursos en l\u00ednea&quot;","img":{"alt_text":"","src":"https:\/\/i0.wp.com\/lafuente.mx\/wp-content\/uploads\/2023\/07\/fibromialgia-1.jpeg?fit=1024%2C683&ssl=1&resize=350%2C200","width":350,"height":200},"classes":[]},{"id":2282,"url":"https:\/\/lafuente.mx\/?p=2282","url_meta":{"origin":2279,"position":1},"title":"\u00bfQu\u00e9 es Fibromialgia?\u00a0","date":"mayo 9, 2024","format":false,"excerpt":"La fibromialgia es un trastorno de dolor cr\u00f3nico (de larga duraci\u00f3n) caracterizado principalmente por dolor neurop\u00e1tico (que se siente como quemaz\u00f3n, ardor o choques el\u00e9ctricos) en cualquier parte del cuerpo y por una gran fatiga que no desaparece a\u00fan con el descanso\u00a0 Un corto sobre fibromialgia\u00a0 https:\/\/youtu.be\/vxixxlkh32Y?si=uRzAVJ_ayGMkuYig Otros s\u00edntomas son:\u00a0\u2026","rel":"","context":"En &quot;Informaci\u00f3n de inter\u00e9s&quot;","img":{"alt_text":"faces, woman, art-6254573.jpg","src":"https:\/\/i0.wp.com\/lafuente.mx\/wp-content\/uploads\/2024\/05\/faces-woman-art-6254573.jpg?fit=1200%2C1200&ssl=1&resize=350%2C200","width":350,"height":200},"classes":[]},{"id":1170,"url":"https:\/\/lafuente.mx\/?p=1170","url_meta":{"origin":2279,"position":2},"title":"D\u00cdA MUNDIAL DE LA SALUD MENTAL MATERNA\u00a0","date":"abril 27, 2023","format":false,"excerpt":"3\u00a0de mayo imagen Mentalizarte INPRFM \u00a0El D\u00eda Mundial de la Salud Mental Materna se lanz\u00f3 para\u00a0aumentar la conciencia acerca de los problemas de salud mental materna, con la finalidad\u00a0de que m\u00e1s mujeres busquen ayuda, reciban tratamiento adecuado y menos sufran.\u00a0 El objetivo com\u00fan es\u00a0sensibilizar\u00a0a la poblaci\u00f3n mundial acerca de la\u2026","rel":"","context":"En &quot;Efem\u00e9rides de Salud Mental&quot;","img":{"alt_text":"","src":"https:\/\/i0.wp.com\/lafuente.mx\/wp-content\/uploads\/2023\/04\/10-mayo-23.jpg?fit=1200%2C985&ssl=1&resize=350%2C200","width":350,"height":200},"classes":[]},{"id":414,"url":"https:\/\/lafuente.mx\/?p=414","url_meta":{"origin":2279,"position":3},"title":"D\u00eda Mundial de la Salud Mental","date":"octubre 10, 2022","format":false,"excerpt":"10 de octubre El cerebro. Imagen: medicalxpress.com El D\u00eda Mundial de la Salud Mental, que se celebra anualmente el 10 de octubre, tiene como objetivo concientizar acerca de los problemas de salud mental en todo el mundo.\u00a0 \u00a8Dale like a la salud mental. Por el derecho a crecer en bienestar\u00a8\u2026","rel":"","context":"En &quot;Efem\u00e9rides de Salud Mental&quot;","img":{"alt_text":"","src":"https:\/\/i0.wp.com\/lafuente.mx\/wp-content\/uploads\/2022\/10\/brain.jpeg?fit=800%2C480&ssl=1&resize=350%2C200","width":350,"height":200},"classes":[]},{"id":2270,"url":"https:\/\/lafuente.mx\/?p=2270","url_meta":{"origin":2279,"position":4},"title":"D\u00eda Mundial de la Salud Mental Materna","date":"mayo 1, 2024","format":false,"excerpt":"El D\u00eda Mundial de la Salud Mental Materna se lanz\u00f3 para\u00a0aumentar la conciencia acerca de los problemas de salud mental materna, con la finalidad\u00a0de que m\u00e1s mujeres busquen ayuda, reciban tratamiento adecuado y menos sufran.\u00a0 El objetivo com\u00fan es\u00a0sensibilizar\u00a0a la poblaci\u00f3n mundial acerca de la importancia de la salud mental\u2026","rel":"","context":"En &quot;Efem\u00e9rides de Salud Mental&quot;","img":{"alt_text":"pregnant, mom, child-775036.jpg","src":"https:\/\/i0.wp.com\/lafuente.mx\/wp-content\/uploads\/2024\/04\/pregnant-mom-child-775036.jpg?fit=1200%2C797&ssl=1&resize=350%2C200","width":350,"height":200},"classes":[]},{"id":2911,"url":"https:\/\/lafuente.mx\/?p=2911","url_meta":{"origin":2279,"position":5},"title":"D\u00eda Mundial de Concientizaci\u00f3n sobre la Esquizofrenia: \u00bfc\u00f3mo puedes participar?","date":"mayo 24, 2025","format":false,"excerpt":"24 de mayo El D\u00eda Mundial de Conciencia sobre la Esquizofrenia, que se celebra cada a\u00f1o el\u00a024 de mayo\u00a0, tiene como objetivo aumentar la conciencia p\u00fablica sobre\u00a0la esquizofrenia\u00a0y\u00a0reducir el estigma\u00a0asociado con la enfermedad.\u00a0 El d\u00eda tambi\u00e9n sirve como una oportunidad para apoyar a quienes viven con esta enfermedad y abogar\u2026","rel":"","context":"En &quot;Efem\u00e9rides de Salud Mental&quot;","img":{"alt_text":"","src":"https:\/\/i0.wp.com\/lafuente.mx\/wp-content\/uploads\/2025\/05\/WhatsApp_Image_2021-08-16_at_11.41.07_AM.jpg?fit=1196%2C545&ssl=1&resize=350%2C200","width":350,"height":200},"classes":[]}],"jetpack_sharing_enabled":true,"jetpack_shortlink":"https:\/\/wp.me\/pe9WUx-AL","_links":{"self":[{"href":"https:\/\/lafuente.mx\/index.php?rest_route=\/wp\/v2\/posts\/2279"}],"collection":[{"href":"https:\/\/lafuente.mx\/index.php?rest_route=\/wp\/v2\/posts"}],"about":[{"href":"https:\/\/lafuente.mx\/index.php?rest_route=\/wp\/v2\/types\/post"}],"author":[{"embeddable":true,"href":"https:\/\/lafuente.mx\/index.php?rest_route=\/wp\/v2\/users\/3"}],"replies":[{"embeddable":true,"href":"https:\/\/lafuente.mx\/index.php?rest_route=%2Fwp%2Fv2%2Fcomments&post=2279"}],"version-history":[{"count":2,"href":"https:\/\/lafuente.mx\/index.php?rest_route=\/wp\/v2\/posts\/2279\/revisions"}],"predecessor-version":[{"id":2287,"href":"https:\/\/lafuente.mx\/index.php?rest_route=\/wp\/v2\/posts\/2279\/revisions\/2287"}],"wp:featuredmedia":[{"embeddable":true,"href":"https:\/\/lafuente.mx\/index.php?rest_route=\/wp\/v2\/media\/2280"}],"wp:attachment":[{"href":"https:\/\/lafuente.mx\/index.php?rest_route=%2Fwp%2Fv2%2Fmedia&parent=2279"}],"wp:term":[{"taxonomy":"category","embeddable":true,"href":"https:\/\/lafuente.mx\/index.php?rest_route=%2Fwp%2Fv2%2Fcategories&post=2279"},{"taxonomy":"post_tag","embeddable":true,"href":"https:\/\/lafuente.mx\/index.php?rest_route=%2Fwp%2Fv2%2Ftags&post=2279"}],"curies":[{"name":"wp","href":"https:\/\/api.w.org\/{rel}","templated":true}]}}