{"id":2217,"date":"2024-04-29T08:01:00","date_gmt":"2024-04-29T08:01:00","guid":{"rendered":"https:\/\/lafuente.mx\/?p=2217"},"modified":"2024-04-26T17:43:57","modified_gmt":"2024-04-26T17:43:57","slug":"borrador-automatico-te-de-mente-lactancia","status":"publish","type":"post","link":"https:\/\/lafuente.mx\/?p=2217","title":{"rendered":"T\u00e9 de mente"},"content":{"rendered":"\n<hr class=\"wp-block-separator has-text-color has-vivid-purple-color has-alpha-channel-opacity has-vivid-purple-background-color has-background is-style-wide\"\/>\n\n\n\n<p class=\"has-text-align-center has-text-color has-large-font-size\" style=\"color:#7c4ba9\"><strong>Quinto episodio<\/strong><\/p>\n\n\n\n<p class=\"has-text-align-center has-vivid-purple-color has-text-color has-larger-font-size\"><strong>Lactancia<\/strong><\/p>\n\n\n\n<p class=\"has-medium-font-size\">\u00bfYa tienes listo tu tecito?,&nbsp;platiquemos&nbsp;sobre la lactancia como factor protector contra la depresi\u00f3n postparto y otros beneficios&nbsp;para la salud f\u00edsica y mental de las madres\u2026 Y sus beb\u00e9s.<\/p>\n\n\n\n<hr class=\"wp-block-separator has-text-color has-vivid-purple-color has-alpha-channel-opacity has-vivid-purple-background-color has-background\"\/>\n\n\n\n<p class=\"has-text-align-center has-vivid-purple-color has-text-color has-large-font-size\"><strong>Segunda temporada<\/strong><\/p>\n\n\n\n<p>Acomp\u00e1\u00f1anos en este viaje a trav\u00e9s de las etapas en la vida de la mujer, donde descubriremos esos detalles que hacen de la salud mental y la alimentaci\u00f3n, dos de los pilares para nuestro bienestar de la mano de Dannia Islas del Instituto Nacional de Psiquiatr\u00eda y de F\u00e9lix D\u00edaz de la Licenciatura en Nutrici\u00f3n Humana de la UAM.<\/p>\n\n\n\n<p><\/p>\n\n\n\n<figure class=\"wp-block-image size-large\"><img decoding=\"async\" loading=\"lazy\" width=\"640\" height=\"426\" src=\"https:\/\/i0.wp.com\/lafuente.mx\/wp-content\/uploads\/2024\/04\/lactation-chest-baby-3508242.jpg?resize=640%2C426\" alt=\"lactation, chest, baby-3508242.jpg\" class=\"wp-image-2218\" srcset=\"https:\/\/i0.wp.com\/lafuente.mx\/wp-content\/uploads\/2024\/04\/lactation-chest-baby-3508242.jpg?resize=1024%2C682&amp;ssl=1 1024w, https:\/\/i0.wp.com\/lafuente.mx\/wp-content\/uploads\/2024\/04\/lactation-chest-baby-3508242.jpg?resize=300%2C200&amp;ssl=1 300w, https:\/\/i0.wp.com\/lafuente.mx\/wp-content\/uploads\/2024\/04\/lactation-chest-baby-3508242.jpg?resize=768%2C512&amp;ssl=1 768w, https:\/\/i0.wp.com\/lafuente.mx\/wp-content\/uploads\/2024\/04\/lactation-chest-baby-3508242.jpg?w=1280&amp;ssl=1 1280w\" sizes=\"(max-width: 640px) 100vw, 640px\" data-recalc-dims=\"1\" \/><\/figure>\n\n\n\n<figure class=\"wp-block-audio\"><audio controls src=\"https:\/\/lafuente.mx\/wp-content\/uploads\/2024\/04\/Te-de-Mente-2x05-Lactancia.mp3\"><\/audio><\/figure>\n","protected":false},"excerpt":{"rendered":"<p>Quinto episodio Lactancia \u00bfYa tienes listo tu tecito?,&nbsp;platiquemos&nbsp;sobre la lactancia como factor protector contra la depresi\u00f3n postparto y otros beneficios&nbsp;para la salud f\u00edsica y mental<\/p>\n","protected":false},"author":3,"featured_media":2218,"comment_status":"closed","ping_status":"closed","sticky":false,"template":"","format":"standard","meta":{"footnotes":"","jetpack_publicize_message":"","jetpack_is_tweetstorm":false,"jetpack_publicize_feature_enabled":true},"categories":[426,626],"tags":[88,608,579,21,32],"jetpack_publicize_connections":[],"yoast_head":"<!-- This site is optimized with the Yoast SEO plugin v19.4 - https:\/\/yoast.com\/wordpress\/plugins\/seo\/ -->\n<title>T\u00e9 de mente -<\/title>\n<meta name=\"description\" content=\"platiquemos\u00a0sobre la lactancia como factor protector contra la depresi\u00f3n postparto y otros beneficios\u00a0para la salud f\u00edsica y mental de las madres\" \/>\n<meta name=\"robots\" content=\"index, follow, max-snippet:-1, max-image-preview:large, max-video-preview:-1\" \/>\n<link rel=\"canonical\" href=\"https:\/\/lafuente.mx\/?p=2217\" \/>\n<meta property=\"og:locale\" content=\"es_MX\" \/>\n<meta property=\"og:type\" content=\"article\" \/>\n<meta property=\"og:title\" content=\"Te de mente lactancia\" \/>\n<meta property=\"og:description\" content=\"platiquemos\u00a0sobre la lactancia como factor protector contra la depresi\u00f3n postparto y otros beneficios\u00a0para la salud f\u00edsica y mental de las madres\" \/>\n<meta property=\"og:url\" content=\"https:\/\/lafuente.mx\/?p=2217\" \/>\n<meta property=\"article:published_time\" content=\"2024-04-29T08:01:00+00:00\" \/>\n<meta property=\"article:modified_time\" content=\"2024-04-26T17:43:57+00:00\" \/>\n<meta property=\"og:image\" content=\"https:\/\/i0.wp.com\/lafuente.mx\/wp-content\/uploads\/2024\/04\/lactation-chest-baby-3508242.jpg?fit=1280%2C853&ssl=1\" \/>\n\t<meta property=\"og:image:width\" content=\"1280\" \/>\n\t<meta property=\"og:image:height\" content=\"853\" \/>\n\t<meta property=\"og:image:type\" content=\"image\/jpeg\" \/>\n<meta name=\"author\" content=\"Claudia Gallardo\" \/>\n<meta name=\"twitter:card\" content=\"summary_large_image\" \/>\n<meta name=\"twitter:title\" content=\"Te de mente lactancia\" \/>\n<meta name=\"twitter:description\" content=\"platiquemos\u00a0sobre la lactancia como factor protector contra la depresi\u00f3n postparto y otros beneficios\u00a0para la salud f\u00edsica y mental de las madres\" \/>\n<meta name=\"twitter:image\" content=\"https:\/\/i0.wp.com\/lafuente.mx\/wp-content\/uploads\/2024\/04\/lactation-chest-baby-3508242.jpg?fit=1280%2C853&ssl=1\" \/>\n<meta name=\"twitter:label1\" content=\"Escrito por\" \/>\n\t<meta name=\"twitter:data1\" content=\"Claudia Gallardo\" \/>\n\t<meta name=\"twitter:label2\" content=\"Tiempo de lectura\" \/>\n\t<meta name=\"twitter:data2\" content=\"1 minuto\" \/>\n<script type=\"application\/ld+json\" class=\"yoast-schema-graph\">{\"@context\":\"https:\/\/schema.org\",\"@graph\":[{\"@type\":\"WebSite\",\"@id\":\"https:\/\/lafuente.mx\/#website\",\"url\":\"https:\/\/lafuente.mx\/\",\"name\":\"\",\"description\":\"Informaci\u00f3n confiable sobre salud mental\",\"potentialAction\":[{\"@type\":\"SearchAction\",\"target\":{\"@type\":\"EntryPoint\",\"urlTemplate\":\"https:\/\/lafuente.mx\/?s={search_term_string}\"},\"query-input\":\"required name=search_term_string\"}],\"inLanguage\":\"es-MX\"},{\"@type\":\"WebPage\",\"@id\":\"https:\/\/lafuente.mx\/?p=2217\",\"url\":\"https:\/\/lafuente.mx\/?p=2217\",\"name\":\"T\u00e9 de mente -\",\"isPartOf\":{\"@id\":\"https:\/\/lafuente.mx\/#website\"},\"datePublished\":\"2024-04-29T08:01:00+00:00\",\"dateModified\":\"2024-04-26T17:43:57+00:00\",\"author\":{\"@id\":\"https:\/\/lafuente.mx\/#\/schema\/person\/603f3aa8e2f6f7879021ab722d39d6b0\"},\"description\":\"platiquemos\u00a0sobre la lactancia como factor protector contra la depresi\u00f3n postparto y otros beneficios\u00a0para la salud f\u00edsica y mental de las madres\",\"breadcrumb\":{\"@id\":\"https:\/\/lafuente.mx\/?p=2217#breadcrumb\"},\"inLanguage\":\"es-MX\",\"potentialAction\":[{\"@type\":\"ReadAction\",\"target\":[\"https:\/\/lafuente.mx\/?p=2217\"]}]},{\"@type\":\"BreadcrumbList\",\"@id\":\"https:\/\/lafuente.mx\/?p=2217#breadcrumb\",\"itemListElement\":[{\"@type\":\"ListItem\",\"position\":1,\"name\":\"Inicio\",\"item\":\"https:\/\/lafuente.mx\/\"},{\"@type\":\"ListItem\",\"position\":2,\"name\":\"T\u00e9 de mente\"}]},{\"@type\":\"Person\",\"@id\":\"https:\/\/lafuente.mx\/#\/schema\/person\/603f3aa8e2f6f7879021ab722d39d6b0\",\"name\":\"Claudia Gallardo\",\"image\":{\"@type\":\"ImageObject\",\"inLanguage\":\"es-MX\",\"@id\":\"https:\/\/lafuente.mx\/#\/schema\/person\/image\/\",\"url\":\"https:\/\/secure.gravatar.com\/avatar\/bfe9c966af1ccfb9d17bcdb9d04e8815?s=96&d=mm&r=g\",\"contentUrl\":\"https:\/\/secure.gravatar.com\/avatar\/bfe9c966af1ccfb9d17bcdb9d04e8815?s=96&d=mm&r=g\",\"caption\":\"Claudia Gallardo\"},\"url\":\"https:\/\/lafuente.mx\/?author=3\"}]}<\/script>\n<!-- \/ Yoast SEO plugin. -->","yoast_head_json":{"title":"T\u00e9 de mente -","description":"platiquemos\u00a0sobre la lactancia como factor protector contra la depresi\u00f3n postparto y otros beneficios\u00a0para la salud f\u00edsica y mental de las madres","robots":{"index":"index","follow":"follow","max-snippet":"max-snippet:-1","max-image-preview":"max-image-preview:large","max-video-preview":"max-video-preview:-1"},"canonical":"https:\/\/lafuente.mx\/?p=2217","og_locale":"es_MX","og_type":"article","og_title":"Te de mente lactancia","og_description":"platiquemos\u00a0sobre la lactancia como factor protector contra la depresi\u00f3n postparto y otros beneficios\u00a0para la salud f\u00edsica y mental de las madres","og_url":"https:\/\/lafuente.mx\/?p=2217","article_published_time":"2024-04-29T08:01:00+00:00","article_modified_time":"2024-04-26T17:43:57+00:00","og_image":[{"width":1280,"height":853,"url":"https:\/\/i0.wp.com\/lafuente.mx\/wp-content\/uploads\/2024\/04\/lactation-chest-baby-3508242.jpg?fit=1280%2C853&ssl=1","type":"image\/jpeg"}],"author":"Claudia Gallardo","twitter_card":"summary_large_image","twitter_title":"Te de mente lactancia","twitter_description":"platiquemos\u00a0sobre la lactancia como factor protector contra la depresi\u00f3n postparto y otros beneficios\u00a0para la salud f\u00edsica y mental de las madres","twitter_image":"https:\/\/i0.wp.com\/lafuente.mx\/wp-content\/uploads\/2024\/04\/lactation-chest-baby-3508242.jpg?fit=1280%2C853&ssl=1","twitter_misc":{"Escrito por":"Claudia Gallardo","Tiempo de lectura":"1 minuto"},"schema":{"@context":"https:\/\/schema.org","@graph":[{"@type":"WebSite","@id":"https:\/\/lafuente.mx\/#website","url":"https:\/\/lafuente.mx\/","name":"","description":"Informaci\u00f3n confiable sobre salud mental","potentialAction":[{"@type":"SearchAction","target":{"@type":"EntryPoint","urlTemplate":"https:\/\/lafuente.mx\/?s={search_term_string}"},"query-input":"required name=search_term_string"}],"inLanguage":"es-MX"},{"@type":"WebPage","@id":"https:\/\/lafuente.mx\/?p=2217","url":"https:\/\/lafuente.mx\/?p=2217","name":"T\u00e9 de mente -","isPartOf":{"@id":"https:\/\/lafuente.mx\/#website"},"datePublished":"2024-04-29T08:01:00+00:00","dateModified":"2024-04-26T17:43:57+00:00","author":{"@id":"https:\/\/lafuente.mx\/#\/schema\/person\/603f3aa8e2f6f7879021ab722d39d6b0"},"description":"platiquemos\u00a0sobre la lactancia como factor protector contra la depresi\u00f3n postparto y otros beneficios\u00a0para la salud f\u00edsica y mental de las madres","breadcrumb":{"@id":"https:\/\/lafuente.mx\/?p=2217#breadcrumb"},"inLanguage":"es-MX","potentialAction":[{"@type":"ReadAction","target":["https:\/\/lafuente.mx\/?p=2217"]}]},{"@type":"BreadcrumbList","@id":"https:\/\/lafuente.mx\/?p=2217#breadcrumb","itemListElement":[{"@type":"ListItem","position":1,"name":"Inicio","item":"https:\/\/lafuente.mx\/"},{"@type":"ListItem","position":2,"name":"T\u00e9 de mente"}]},{"@type":"Person","@id":"https:\/\/lafuente.mx\/#\/schema\/person\/603f3aa8e2f6f7879021ab722d39d6b0","name":"Claudia Gallardo","image":{"@type":"ImageObject","inLanguage":"es-MX","@id":"https:\/\/lafuente.mx\/#\/schema\/person\/image\/","url":"https:\/\/secure.gravatar.com\/avatar\/bfe9c966af1ccfb9d17bcdb9d04e8815?s=96&d=mm&r=g","contentUrl":"https:\/\/secure.gravatar.com\/avatar\/bfe9c966af1ccfb9d17bcdb9d04e8815?s=96&d=mm&r=g","caption":"Claudia Gallardo"},"url":"https:\/\/lafuente.mx\/?author=3"}]}},"jetpack_featured_media_url":"https:\/\/i0.wp.com\/lafuente.mx\/wp-content\/uploads\/2024\/04\/lactation-chest-baby-3508242.jpg?fit=1280%2C853&ssl=1","jetpack-related-posts":[{"id":2879,"url":"https:\/\/lafuente.mx\/?p=2879","url_meta":{"origin":2217,"position":0},"title":"Mentalizarte","date":"mayo 8, 2025","format":false,"excerpt":"Durante mayo hablaremos sobre Salud mental perinatal MENTALIZARTE es el proyecto de difusi\u00f3n en temas de salud mental del Instituto Nacional de Psiquiatr\u00eda Ram\u00f3n de la Fuente Mu\u00f1iz (INPRFM). Tiene el objetivo de informar sobre los s\u00edntomas de los diferentes trastornos mentales, difundir que pedir ayuda no es signo de\u2026","rel":"","context":"En &quot;Informaci\u00f3n de inter\u00e9s&quot;","img":{"alt_text":"","src":"https:\/\/i0.wp.com\/lafuente.mx\/wp-content\/uploads\/2025\/05\/WhatsApp-Image-2025-04-29-at-11.41.44-AM-1.jpeg?fit=1200%2C692&ssl=1&resize=350%2C200","width":350,"height":200},"classes":[]},{"id":2151,"url":"https:\/\/lafuente.mx\/?p=2151","url_meta":{"origin":2217,"position":1},"title":"T\u00e9 de mente","date":"abril 1, 2024","format":false,"excerpt":"Tercer episodio Embarazo (parte 1) Ven con tu tacita de t\u00e9 y platiquemos sobre el embarazo, sus mitos y creencias en relaci\u00f3n con la alimentaci\u00f3n, un factor protector para la salud f\u00edsica y mental de las madres y sus beb\u00e9s. Segunda temporada Acomp\u00e1\u00f1anos en este viaje a trav\u00e9s de las\u2026","rel":"","context":"En &quot;Podcasts&quot;","img":{"alt_text":"pregnancy, stomach, future mom-1000417.jpg","src":"https:\/\/i0.wp.com\/lafuente.mx\/wp-content\/uploads\/2024\/03\/pregnancy-stomach-future-mom-1000417.jpg?fit=1200%2C800&ssl=1&resize=350%2C200","width":350,"height":200},"classes":[]},{"id":2249,"url":"https:\/\/lafuente.mx\/?p=2249","url_meta":{"origin":2217,"position":2},"title":"Salud mental perinatal: el punto de partida de nuestra salud mental\u00a0","date":"abril 26, 2024","format":false,"excerpt":"M\u00f3nica Flores-Ramos 1 , Philippe Leff-Gelman 2\u00a0 1 Instituto Nacional de Psiquiatr\u00eda Ram\u00f3n de la Fuente Mu\u00f1iz, Ciudad de M\u00e9xico, M\u00e9xico.\u00a0 2 Instituto Nacional de Perinatolog\u00eda Isidro Espinosa de los Reyes, Ciudad de M\u00e9xico, M\u00e9xico.\u00a0 La complejidad de cuidar dos mentes al mismo tiempo ocurre cuando una futura madre est\u00e1,\u2026","rel":"","context":"En &quot;Revista Salud Mental&quot;","img":{"alt_text":"","src":"https:\/\/i0.wp.com\/lafuente.mx\/wp-content\/uploads\/2024\/04\/Octavo-mes-de-embarazo-sintomas.jpg.webp?fit=848%2C565&ssl=1&resize=350%2C200","width":350,"height":200},"classes":[]},{"id":1729,"url":"https:\/\/lafuente.mx\/?p=1729","url_meta":{"origin":2217,"position":3},"title":"T\u00e9 de mente","date":"septiembre 26, 2023","format":false,"excerpt":"Aompa\u00f1anos a disfrutar de un T\u00e9 de mente con mucho sabor. En nuestro episodio 3 T\u00e9 de mente, el podcast donde las neurociencias y la nutrici\u00f3n se mezclan y se fusionan, resultando en una combinaci\u00f3n ganadora. Acompa\u00f1a a Dannia Islas del Instituto Nacional de Psiquiatr\u00eda y Aurora Avila de la\u2026","rel":"","context":"En &quot;Podcasts&quot;","img":{"alt_text":"","src":"https:\/\/i0.wp.com\/lafuente.mx\/wp-content\/uploads\/2023\/09\/Logo-TE-D-Mente-fondo.jpg?fit=1200%2C1140&ssl=1&resize=350%2C200","width":350,"height":200},"classes":[]},{"id":1705,"url":"https:\/\/lafuente.mx\/?p=1705","url_meta":{"origin":2217,"position":4},"title":"T\u00e9 de mente","date":"septiembre 11, 2023","format":false,"excerpt":"Te de mente, el podcast donde las neurociencias y la nutrici\u00f3n se mezclan y se fusionan, resultando en una combinaci\u00f3n ganadora. Acompa\u00f1a a Dannia Islas del Instituto Nacional de Psiquiatr\u00eda y Aurora Avila de la carrera de nutriolog\u00eda de la UNAM a descubrir c\u00f3mo tu salud mental y tu alimentaci\u00f3n\u2026","rel":"","context":"En &quot;Podcasts&quot;","img":{"alt_text":"","src":"https:\/\/i0.wp.com\/lafuente.mx\/wp-content\/uploads\/2023\/09\/Logo-TE-D-Mente-fondo.jpg?fit=1200%2C1140&ssl=1&resize=350%2C200","width":350,"height":200},"classes":[]},{"id":1757,"url":"https:\/\/lafuente.mx\/?p=1757","url_meta":{"origin":2217,"position":5},"title":"T\u00e9 de mente","date":"octubre 10, 2023","format":false,"excerpt":"Acomp\u00e1\u00f1anos a disfrutar de un T\u00e9 de mente con mucho sabor. En nuestro\u00a0episodio 4 T\u00e9 de mente, el podcast donde las neurociencias y la nutrici\u00f3n se mezclan y se fusionan, resultando en una combinaci\u00f3n ganadora. 4..- Tipos de Dieta y Salud Mental Ac\u00e9rquense su tecito para platicar sobre c\u00f3mo algunos\u2026","rel":"","context":"En &quot;Podcasts&quot;","img":{"alt_text":"","src":"https:\/\/i0.wp.com\/lafuente.mx\/wp-content\/uploads\/2023\/10\/Te-Mente.jpeg?fit=640%2C360&ssl=1&resize=350%2C200","width":350,"height":200},"classes":[]}],"jetpack_sharing_enabled":true,"jetpack_shortlink":"https:\/\/wp.me\/pe9WUx-zL","_links":{"self":[{"href":"https:\/\/lafuente.mx\/index.php?rest_route=\/wp\/v2\/posts\/2217"}],"collection":[{"href":"https:\/\/lafuente.mx\/index.php?rest_route=\/wp\/v2\/posts"}],"about":[{"href":"https:\/\/lafuente.mx\/index.php?rest_route=\/wp\/v2\/types\/post"}],"author":[{"embeddable":true,"href":"https:\/\/lafuente.mx\/index.php?rest_route=\/wp\/v2\/users\/3"}],"replies":[{"embeddable":true,"href":"https:\/\/lafuente.mx\/index.php?rest_route=%2Fwp%2Fv2%2Fcomments&post=2217"}],"version-history":[{"count":3,"href":"https:\/\/lafuente.mx\/index.php?rest_route=\/wp\/v2\/posts\/2217\/revisions"}],"predecessor-version":[{"id":2247,"href":"https:\/\/lafuente.mx\/index.php?rest_route=\/wp\/v2\/posts\/2217\/revisions\/2247"}],"wp:featuredmedia":[{"embeddable":true,"href":"https:\/\/lafuente.mx\/index.php?rest_route=\/wp\/v2\/media\/2218"}],"wp:attachment":[{"href":"https:\/\/lafuente.mx\/index.php?rest_route=%2Fwp%2Fv2%2Fmedia&parent=2217"}],"wp:term":[{"taxonomy":"category","embeddable":true,"href":"https:\/\/lafuente.mx\/index.php?rest_route=%2Fwp%2Fv2%2Fcategories&post=2217"},{"taxonomy":"post_tag","embeddable":true,"href":"https:\/\/lafuente.mx\/index.php?rest_route=%2Fwp%2Fv2%2Ftags&post=2217"}],"curies":[{"name":"wp","href":"https:\/\/api.w.org\/{rel}","templated":true}]}}