{"id":2213,"date":"2024-04-15T07:55:00","date_gmt":"2024-04-15T07:55:00","guid":{"rendered":"https:\/\/lafuente.mx\/?p=2213"},"modified":"2024-04-11T18:23:47","modified_gmt":"2024-04-11T18:23:47","slug":"borrador-automatico-te-de-mente-embarazo","status":"publish","type":"post","link":"https:\/\/lafuente.mx\/?p=2213","title":{"rendered":"T\u00e9 de mente"},"content":{"rendered":"\n<hr class=\"wp-block-separator has-text-color has-luminous-vivid-orange-color has-alpha-channel-opacity has-luminous-vivid-orange-background-color has-background is-style-wide\"\/>\n\n\n\n<p class=\"has-text-align-center has-luminous-vivid-orange-color has-text-color has-large-font-size\"><strong>Cuarto episodio<\/strong><\/p>\n\n\n\n<p class=\"has-text-align-center has-luminous-vivid-orange-color has-text-color has-larger-font-size\"><strong>Embarazo (parte 2)<\/strong><\/p>\n\n\n\n<p class=\"has-black-color has-text-color has-medium-font-size\">Ac\u00e9rcate un tecito&nbsp;y continuemos&nbsp;platicando&nbsp;sobre&nbsp;el embarazo. Hablemos de&nbsp;la preeclampsia, la diabetes gestacional y la obesidad, sus implicaciones para la salud mental y las alternativas nutricionales para abordarlas.<\/p>\n\n\n\n<hr class=\"wp-block-separator has-text-color has-luminous-vivid-orange-color has-alpha-channel-opacity has-luminous-vivid-orange-background-color has-background\"\/>\n\n\n\n<p class=\"has-text-align-center has-text-color has-large-font-size\" style=\"color:#cd671e\"><strong>Segunda temporada<\/strong><\/p>\n\n\n\n<p class=\"has-text-color has-medium-font-size\" style=\"color:#262121\">Acomp\u00e1\u00f1anos en este viaje a trav\u00e9s de las etapas en la vida de la mujer, donde descubriremos esos detalles que hacen de la salud mental y la alimentaci\u00f3n, dos de los pilares para nuestro bienestar de la mano de Dannia Islas del Instituto Nacional de Psiquiatr\u00eda y de F\u00e9lix D\u00edaz de la Licenciatura en Nutrici\u00f3n Humana de la UAM.<\/p>\n\n\n\n<p><\/p>\n\n\n\n<figure class=\"wp-block-image size-large is-resized\"><img decoding=\"async\" loading=\"lazy\" width=\"640\" height=\"426\" src=\"https:\/\/i0.wp.com\/lafuente.mx\/wp-content\/uploads\/2024\/04\/pregnant-baby-love-2720434.jpg?resize=640%2C426\" alt=\"pregnant, baby, love-2720434.jpg\" class=\"wp-image-2214\" style=\"aspect-ratio:1.501466275659824;width:840px;height:auto\" srcset=\"https:\/\/i0.wp.com\/lafuente.mx\/wp-content\/uploads\/2024\/04\/pregnant-baby-love-2720434.jpg?resize=1024%2C682&amp;ssl=1 1024w, https:\/\/i0.wp.com\/lafuente.mx\/wp-content\/uploads\/2024\/04\/pregnant-baby-love-2720434.jpg?resize=300%2C200&amp;ssl=1 300w, https:\/\/i0.wp.com\/lafuente.mx\/wp-content\/uploads\/2024\/04\/pregnant-baby-love-2720434.jpg?resize=768%2C512&amp;ssl=1 768w, https:\/\/i0.wp.com\/lafuente.mx\/wp-content\/uploads\/2024\/04\/pregnant-baby-love-2720434.jpg?w=1280&amp;ssl=1 1280w\" sizes=\"(max-width: 640px) 100vw, 640px\" data-recalc-dims=\"1\" \/><\/figure>\n\n\n\n<figure class=\"wp-block-audio\"><audio controls src=\"https:\/\/lafuente.mx\/wp-content\/uploads\/2024\/04\/Te-de-Mente-2x04-Embarazo-parte-2.mp3\"><\/audio><\/figure>\n","protected":false},"excerpt":{"rendered":"<p>Cuarto episodio Embarazo (parte 2) Ac\u00e9rcate un tecito&nbsp;y continuemos&nbsp;platicando&nbsp;sobre&nbsp;el embarazo. Hablemos de&nbsp;la preeclampsia, la diabetes gestacional y la obesidad, sus implicaciones para la salud mental<\/p>\n","protected":false},"author":3,"featured_media":2214,"comment_status":"closed","ping_status":"closed","sticky":false,"template":"","format":"standard","meta":{"footnotes":"","jetpack_publicize_message":"","jetpack_is_tweetstorm":false,"jetpack_publicize_feature_enabled":true},"categories":[426,626],"tags":[623,248,21,90,622,624,32],"jetpack_publicize_connections":[],"yoast_head":"<!-- This site is optimized with the Yoast SEO plugin v19.4 - https:\/\/yoast.com\/wordpress\/plugins\/seo\/ -->\n<title>T\u00e9 de mente -<\/title>\n<meta name=\"description\" content=\"ablemos de\u00a0la preeclampsia, la diabetes gestacional y la obesidad, sus implicaciones para la salud mental y las alternativas nutricionales para abordarlas.\" \/>\n<meta name=\"robots\" content=\"index, follow, max-snippet:-1, max-image-preview:large, max-video-preview:-1\" \/>\n<link rel=\"canonical\" href=\"https:\/\/lafuente.mx\/?p=2213\" \/>\n<meta property=\"og:locale\" content=\"es_MX\" \/>\n<meta property=\"og:type\" content=\"article\" \/>\n<meta property=\"og:title\" content=\"T\u00e9 de mente embarazo\" \/>\n<meta property=\"og:description\" content=\"Hablemos de\u00a0la preeclampsia, la diabetes gestacional y la obesidad, sus implicaciones para la salud mental y las alternativas nutricionales para abordarlas.\" \/>\n<meta property=\"og:url\" content=\"https:\/\/lafuente.mx\/?p=2213\" \/>\n<meta property=\"article:published_time\" content=\"2024-04-15T07:55:00+00:00\" \/>\n<meta property=\"article:modified_time\" content=\"2024-04-11T18:23:47+00:00\" \/>\n<meta property=\"og:image\" content=\"https:\/\/i0.wp.com\/lafuente.mx\/wp-content\/uploads\/2024\/04\/pregnant-baby-love-2720434.jpg?fit=1280%2C853&ssl=1\" \/>\n\t<meta property=\"og:image:width\" content=\"1280\" \/>\n\t<meta property=\"og:image:height\" content=\"853\" \/>\n\t<meta property=\"og:image:type\" content=\"image\/jpeg\" \/>\n<meta name=\"author\" content=\"Claudia Gallardo\" \/>\n<meta name=\"twitter:card\" content=\"summary_large_image\" \/>\n<meta name=\"twitter:title\" content=\"T\u00e9 de mente embarazo\" \/>\n<meta name=\"twitter:description\" content=\"Hablemos de\u00a0la preeclampsia, la diabetes gestacional y la obesidad, sus implicaciones para la salud mental y las alternativas nutricionales para abordarlas.\" \/>\n<meta name=\"twitter:image\" content=\"https:\/\/i0.wp.com\/lafuente.mx\/wp-content\/uploads\/2024\/04\/pregnant-baby-love-2720434.jpg?fit=1280%2C853&ssl=1\" \/>\n<meta name=\"twitter:label1\" content=\"Escrito por\" \/>\n\t<meta name=\"twitter:data1\" content=\"Claudia Gallardo\" \/>\n\t<meta name=\"twitter:label2\" content=\"Tiempo de lectura\" \/>\n\t<meta name=\"twitter:data2\" content=\"1 minuto\" \/>\n<script type=\"application\/ld+json\" class=\"yoast-schema-graph\">{\"@context\":\"https:\/\/schema.org\",\"@graph\":[{\"@type\":\"WebSite\",\"@id\":\"https:\/\/lafuente.mx\/#website\",\"url\":\"https:\/\/lafuente.mx\/\",\"name\":\"\",\"description\":\"Informaci\u00f3n confiable sobre salud mental\",\"potentialAction\":[{\"@type\":\"SearchAction\",\"target\":{\"@type\":\"EntryPoint\",\"urlTemplate\":\"https:\/\/lafuente.mx\/?s={search_term_string}\"},\"query-input\":\"required name=search_term_string\"}],\"inLanguage\":\"es-MX\"},{\"@type\":\"WebPage\",\"@id\":\"https:\/\/lafuente.mx\/?p=2213\",\"url\":\"https:\/\/lafuente.mx\/?p=2213\",\"name\":\"T\u00e9 de mente -\",\"isPartOf\":{\"@id\":\"https:\/\/lafuente.mx\/#website\"},\"datePublished\":\"2024-04-15T07:55:00+00:00\",\"dateModified\":\"2024-04-11T18:23:47+00:00\",\"author\":{\"@id\":\"https:\/\/lafuente.mx\/#\/schema\/person\/603f3aa8e2f6f7879021ab722d39d6b0\"},\"description\":\"ablemos de\u00a0la preeclampsia, la diabetes gestacional y la obesidad, sus implicaciones para la salud mental y las alternativas nutricionales para abordarlas.\",\"breadcrumb\":{\"@id\":\"https:\/\/lafuente.mx\/?p=2213#breadcrumb\"},\"inLanguage\":\"es-MX\",\"potentialAction\":[{\"@type\":\"ReadAction\",\"target\":[\"https:\/\/lafuente.mx\/?p=2213\"]}]},{\"@type\":\"BreadcrumbList\",\"@id\":\"https:\/\/lafuente.mx\/?p=2213#breadcrumb\",\"itemListElement\":[{\"@type\":\"ListItem\",\"position\":1,\"name\":\"Inicio\",\"item\":\"https:\/\/lafuente.mx\/\"},{\"@type\":\"ListItem\",\"position\":2,\"name\":\"T\u00e9 de mente\"}]},{\"@type\":\"Person\",\"@id\":\"https:\/\/lafuente.mx\/#\/schema\/person\/603f3aa8e2f6f7879021ab722d39d6b0\",\"name\":\"Claudia Gallardo\",\"image\":{\"@type\":\"ImageObject\",\"inLanguage\":\"es-MX\",\"@id\":\"https:\/\/lafuente.mx\/#\/schema\/person\/image\/\",\"url\":\"https:\/\/secure.gravatar.com\/avatar\/bfe9c966af1ccfb9d17bcdb9d04e8815?s=96&d=mm&r=g\",\"contentUrl\":\"https:\/\/secure.gravatar.com\/avatar\/bfe9c966af1ccfb9d17bcdb9d04e8815?s=96&d=mm&r=g\",\"caption\":\"Claudia Gallardo\"},\"url\":\"https:\/\/lafuente.mx\/?author=3\"}]}<\/script>\n<!-- \/ Yoast SEO plugin. -->","yoast_head_json":{"title":"T\u00e9 de mente -","description":"ablemos de\u00a0la preeclampsia, la diabetes gestacional y la obesidad, sus implicaciones para la salud mental y las alternativas nutricionales para abordarlas.","robots":{"index":"index","follow":"follow","max-snippet":"max-snippet:-1","max-image-preview":"max-image-preview:large","max-video-preview":"max-video-preview:-1"},"canonical":"https:\/\/lafuente.mx\/?p=2213","og_locale":"es_MX","og_type":"article","og_title":"T\u00e9 de mente embarazo","og_description":"Hablemos de\u00a0la preeclampsia, la diabetes gestacional y la obesidad, sus implicaciones para la salud mental y las alternativas nutricionales para abordarlas.","og_url":"https:\/\/lafuente.mx\/?p=2213","article_published_time":"2024-04-15T07:55:00+00:00","article_modified_time":"2024-04-11T18:23:47+00:00","og_image":[{"width":1280,"height":853,"url":"https:\/\/i0.wp.com\/lafuente.mx\/wp-content\/uploads\/2024\/04\/pregnant-baby-love-2720434.jpg?fit=1280%2C853&ssl=1","type":"image\/jpeg"}],"author":"Claudia Gallardo","twitter_card":"summary_large_image","twitter_title":"T\u00e9 de mente embarazo","twitter_description":"Hablemos de\u00a0la preeclampsia, la diabetes gestacional y la obesidad, sus implicaciones para la salud mental y las alternativas nutricionales para abordarlas.","twitter_image":"https:\/\/i0.wp.com\/lafuente.mx\/wp-content\/uploads\/2024\/04\/pregnant-baby-love-2720434.jpg?fit=1280%2C853&ssl=1","twitter_misc":{"Escrito por":"Claudia Gallardo","Tiempo de lectura":"1 minuto"},"schema":{"@context":"https:\/\/schema.org","@graph":[{"@type":"WebSite","@id":"https:\/\/lafuente.mx\/#website","url":"https:\/\/lafuente.mx\/","name":"","description":"Informaci\u00f3n confiable sobre salud mental","potentialAction":[{"@type":"SearchAction","target":{"@type":"EntryPoint","urlTemplate":"https:\/\/lafuente.mx\/?s={search_term_string}"},"query-input":"required name=search_term_string"}],"inLanguage":"es-MX"},{"@type":"WebPage","@id":"https:\/\/lafuente.mx\/?p=2213","url":"https:\/\/lafuente.mx\/?p=2213","name":"T\u00e9 de mente -","isPartOf":{"@id":"https:\/\/lafuente.mx\/#website"},"datePublished":"2024-04-15T07:55:00+00:00","dateModified":"2024-04-11T18:23:47+00:00","author":{"@id":"https:\/\/lafuente.mx\/#\/schema\/person\/603f3aa8e2f6f7879021ab722d39d6b0"},"description":"ablemos de\u00a0la preeclampsia, la diabetes gestacional y la obesidad, sus implicaciones para la salud mental y las alternativas nutricionales para abordarlas.","breadcrumb":{"@id":"https:\/\/lafuente.mx\/?p=2213#breadcrumb"},"inLanguage":"es-MX","potentialAction":[{"@type":"ReadAction","target":["https:\/\/lafuente.mx\/?p=2213"]}]},{"@type":"BreadcrumbList","@id":"https:\/\/lafuente.mx\/?p=2213#breadcrumb","itemListElement":[{"@type":"ListItem","position":1,"name":"Inicio","item":"https:\/\/lafuente.mx\/"},{"@type":"ListItem","position":2,"name":"T\u00e9 de mente"}]},{"@type":"Person","@id":"https:\/\/lafuente.mx\/#\/schema\/person\/603f3aa8e2f6f7879021ab722d39d6b0","name":"Claudia Gallardo","image":{"@type":"ImageObject","inLanguage":"es-MX","@id":"https:\/\/lafuente.mx\/#\/schema\/person\/image\/","url":"https:\/\/secure.gravatar.com\/avatar\/bfe9c966af1ccfb9d17bcdb9d04e8815?s=96&d=mm&r=g","contentUrl":"https:\/\/secure.gravatar.com\/avatar\/bfe9c966af1ccfb9d17bcdb9d04e8815?s=96&d=mm&r=g","caption":"Claudia Gallardo"},"url":"https:\/\/lafuente.mx\/?author=3"}]}},"jetpack_featured_media_url":"https:\/\/i0.wp.com\/lafuente.mx\/wp-content\/uploads\/2024\/04\/pregnant-baby-love-2720434.jpg?fit=1280%2C853&ssl=1","jetpack-related-posts":[{"id":2151,"url":"https:\/\/lafuente.mx\/?p=2151","url_meta":{"origin":2213,"position":0},"title":"T\u00e9 de mente","date":"abril 1, 2024","format":false,"excerpt":"Tercer episodio Embarazo (parte 1) Ven con tu tacita de t\u00e9 y platiquemos sobre el embarazo, sus mitos y creencias en relaci\u00f3n con la alimentaci\u00f3n, un factor protector para la salud f\u00edsica y mental de las madres y sus beb\u00e9s. Segunda temporada Acomp\u00e1\u00f1anos en este viaje a trav\u00e9s de las\u2026","rel":"","context":"En &quot;Podcasts&quot;","img":{"alt_text":"pregnancy, stomach, future mom-1000417.jpg","src":"https:\/\/i0.wp.com\/lafuente.mx\/wp-content\/uploads\/2024\/03\/pregnancy-stomach-future-mom-1000417.jpg?fit=1200%2C800&ssl=1&resize=350%2C200","width":350,"height":200},"classes":[]},{"id":2249,"url":"https:\/\/lafuente.mx\/?p=2249","url_meta":{"origin":2213,"position":1},"title":"Salud mental perinatal: el punto de partida de nuestra salud mental\u00a0","date":"abril 26, 2024","format":false,"excerpt":"M\u00f3nica Flores-Ramos 1 , Philippe Leff-Gelman 2\u00a0 1 Instituto Nacional de Psiquiatr\u00eda Ram\u00f3n de la Fuente Mu\u00f1iz, Ciudad de M\u00e9xico, M\u00e9xico.\u00a0 2 Instituto Nacional de Perinatolog\u00eda Isidro Espinosa de los Reyes, Ciudad de M\u00e9xico, M\u00e9xico.\u00a0 La complejidad de cuidar dos mentes al mismo tiempo ocurre cuando una futura madre est\u00e1,\u2026","rel":"","context":"En &quot;Revista Salud Mental&quot;","img":{"alt_text":"","src":"https:\/\/i0.wp.com\/lafuente.mx\/wp-content\/uploads\/2024\/04\/Octavo-mes-de-embarazo-sintomas.jpg.webp?fit=848%2C565&ssl=1&resize=350%2C200","width":350,"height":200},"classes":[]},{"id":2288,"url":"https:\/\/lafuente.mx\/?p=2288","url_meta":{"origin":2213,"position":2},"title":"Perfiles psicosociales de mujeres que interrumpieron legalmente un embarazo en la Ciudad de M\u00e9xico","date":"mayo 16, 2024","format":false,"excerpt":"Karla Flores-Celis,1, Martha Cordero Oropeza,2, Luciana Esther Ramos-Lira3\u00a0 Programa de Maestr\u00eda y Doctorado en Medicina, Odontolog\u00eda y Ciencias de la Salud, Universidad Nacional Aut\u00f3noma de M\u00e9xico, Ciudad de M\u00e9xico, M\u00e9xico.\u00a0 Direcci\u00f3n de Servicios Cl\u00ednicos, Instituto Nacional de Psiquiatr\u00eda Ram\u00f3n de la Fuente Mu\u00f1iz, Ciudad de M\u00e9xico, M\u00e9xico.\u00a0 Direcci\u00f3n de Investigaciones\u2026","rel":"","context":"En &quot;Revista Salud Mental&quot;","img":{"alt_text":"watercolor, portrait, character-1020509.jpg","src":"https:\/\/i0.wp.com\/lafuente.mx\/wp-content\/uploads\/2024\/05\/watercolor-portrait-character-1020509.jpg?fit=1200%2C881&ssl=1&resize=350%2C200","width":350,"height":200},"classes":[]},{"id":2327,"url":"https:\/\/lafuente.mx\/?p=2327","url_meta":{"origin":2213,"position":3},"title":"Cuidados emocionales para futuras mam\u00e1s. C\u00f3mo prevenir la depresi\u00f3n y la ansiedad en el embarazo y posparto\u00a0","date":"mayo 29, 2024","format":false,"excerpt":"Mar\u00eda Asunci\u00f3n Lara Teresa Garc\u00eda Hubard\u00a0 Colecci\u00f3n: Desarrollo humano\u00a0 EAN: 9786077135791\u00a0 ISBN: 9786077135791\u00a0 P\u00e1ginas: 208\u00a0 Fecha publicaci\u00f3n: 05-02-2024\u00a0 Un libro para experimentar el antes y el despu\u00e9s del embarazo con salud mental, ya que brinda a la futura mam\u00e1 los conocimientos y cuidados para prevenir la depresi\u00f3n y la ansiedad,\u2026","rel":"","context":"En &quot;Publicaciones&quot;","img":{"alt_text":"","src":"https:\/\/i0.wp.com\/lafuente.mx\/wp-content\/uploads\/2024\/05\/Captura-de-pantalla-2024-05-28-a-las-14.15.16.png?fit=881%2C1200&ssl=1&resize=350%2C200","width":350,"height":200},"classes":[]},{"id":3150,"url":"https:\/\/lafuente.mx\/?p=3150","url_meta":{"origin":2213,"position":4},"title":"Prevenci\u00f3n de la depresi\u00f3n posparto","date":"agosto 14, 2025","format":false,"excerpt":"Del 22 de septiembre al 23 de noviembre de 2025 Coordinan: Dra. Ma. Asunci\u00f3n Lara Cant\u00faMtra. en Psic. Erica Medina Serd\u00e1n Dirigido a: Profesionales de la salud y disciplinas psicosociales. Preferentemente con experiencia en el manejo de grupos y conocimientos de psicopatolog\u00eda, estudios sobre la mujer y de g\u00e9nero. Objetivo:\u2026","rel":"","context":"En &quot;Cursos&quot;","img":{"alt_text":"","src":"https:\/\/i0.wp.com\/lafuente.mx\/wp-content\/uploads\/2025\/08\/Depresion-postparto.jpg?fit=759%2C573&ssl=1&resize=350%2C200","width":350,"height":200},"classes":[]},{"id":1225,"url":"https:\/\/lafuente.mx\/?p=1225","url_meta":{"origin":2213,"position":5},"title":"Embarazo y posparto\u00a0","date":"mayo 17, 2023","format":false,"excerpt":"La p\u00e1gina brinda informaci\u00f3n veraz y herramientas para cuidar la salud mental de mujeres embarazadas o que en los \u00faltimos seis meses hayan tenido un beb\u00e9.\u00a0 La transici\u00f3n a la maternidad actualmente est\u00e1 rodeada de:\u00a0 \u2022 P\u00e9rdidas\u00a0 \u2022 Faltas\u00a0 \u2022 Carencias\u00a0 \u2022 Ausencias\u00a0 \u2022 Cambios\u00a0 \u2022 Reajustes\u00a0 \u2022 Falta de\u2026","rel":"","context":"En &quot;Informaci\u00f3n de inter\u00e9s&quot;","img":{"alt_text":"","src":"https:\/\/i0.wp.com\/lafuente.mx\/wp-content\/uploads\/2023\/05\/embarazo-scaled.webp?fit=1200%2C675&ssl=1&resize=350%2C200","width":350,"height":200},"classes":[]}],"jetpack_sharing_enabled":true,"jetpack_shortlink":"https:\/\/wp.me\/pe9WUx-zH","_links":{"self":[{"href":"https:\/\/lafuente.mx\/index.php?rest_route=\/wp\/v2\/posts\/2213"}],"collection":[{"href":"https:\/\/lafuente.mx\/index.php?rest_route=\/wp\/v2\/posts"}],"about":[{"href":"https:\/\/lafuente.mx\/index.php?rest_route=\/wp\/v2\/types\/post"}],"author":[{"embeddable":true,"href":"https:\/\/lafuente.mx\/index.php?rest_route=\/wp\/v2\/users\/3"}],"replies":[{"embeddable":true,"href":"https:\/\/lafuente.mx\/index.php?rest_route=%2Fwp%2Fv2%2Fcomments&post=2213"}],"version-history":[{"count":2,"href":"https:\/\/lafuente.mx\/index.php?rest_route=\/wp\/v2\/posts\/2213\/revisions"}],"predecessor-version":[{"id":2226,"href":"https:\/\/lafuente.mx\/index.php?rest_route=\/wp\/v2\/posts\/2213\/revisions\/2226"}],"wp:featuredmedia":[{"embeddable":true,"href":"https:\/\/lafuente.mx\/index.php?rest_route=\/wp\/v2\/media\/2214"}],"wp:attachment":[{"href":"https:\/\/lafuente.mx\/index.php?rest_route=%2Fwp%2Fv2%2Fmedia&parent=2213"}],"wp:term":[{"taxonomy":"category","embeddable":true,"href":"https:\/\/lafuente.mx\/index.php?rest_route=%2Fwp%2Fv2%2Fcategories&post=2213"},{"taxonomy":"post_tag","embeddable":true,"href":"https:\/\/lafuente.mx\/index.php?rest_route=%2Fwp%2Fv2%2Ftags&post=2213"}],"curies":[{"name":"wp","href":"https:\/\/api.w.org\/{rel}","templated":true}]}}