{"id":2201,"date":"2024-04-11T08:12:00","date_gmt":"2024-04-11T08:12:00","guid":{"rendered":"https:\/\/lafuente.mx\/?p=2201"},"modified":"2024-04-09T20:21:15","modified_gmt":"2024-04-09T20:21:15","slug":"borrador-automatico-https-www-cronica-com-mx-nacional-mujeres-mexico-son-violentadas-parejas-alcoholizadas-html","status":"publish","type":"post","link":"https:\/\/lafuente.mx\/?p=2201","title":{"rendered":"Las mujeres en M\u00e9xico son violentadas por sus parejas alcoholizadas\u00a0"},"content":{"rendered":"\n<p class=\"has-medium-font-size\"><strong>Mi\u00e9rcoles 6 de marzo<br>Ponentes: Mtra. Alejandra L\u00f3pez Montoya, Dra. Marta Romero, Dra. Claudia Ben\u00edtez Guzm\u00e1n y Dra. Raquel Mondrag\u00f3n<\/strong><\/p>\n\n\n\n<hr class=\"wp-block-separator has-alpha-channel-opacity\"\/>\n\n\n\n<p class=\"has-text-color has-large-font-size\" style=\"color:#333e44\">Durante el tercer d\u00eda y cierre del <strong>\u201cForo sobre alcohol del consumo a la violencia\u201d<\/strong> las especialistas Martha Romero G, investigadora del Instituto Nacional de Psiquiatr\u00eda, Raquel Mondrag\u00f3n y Alejandra L\u00f3pez, ambas profesoras en la Facultad de Psicolog\u00eda de la UNAM, as\u00ed como Claudia Benitez, Directora Ejecutiva para una Vida Libre de Violencia de la Secretar\u00eda de las Mujeres de la CDMX, destacaron el incremento de violencia, debido al consumo del alcohol y la cual es ejercida hac\u00eda las mujeres.\u00a0\u00a0\u00a0\u00a0\u00a0<\/p>\n\n\n\n<figure class=\"wp-block-image size-large\"><img decoding=\"async\" loading=\"lazy\" width=\"640\" height=\"340\" src=\"https:\/\/i0.wp.com\/lafuente.mx\/wp-content\/uploads\/2024\/04\/Captura-de-pantalla-2024-04-09-a-las-13.47.38-1024x544.png?resize=640%2C340&#038;ssl=1\" alt=\"\" class=\"wp-image-2202\" srcset=\"https:\/\/i0.wp.com\/lafuente.mx\/wp-content\/uploads\/2024\/04\/Captura-de-pantalla-2024-04-09-a-las-13.47.38.png?resize=1024%2C544&amp;ssl=1 1024w, https:\/\/i0.wp.com\/lafuente.mx\/wp-content\/uploads\/2024\/04\/Captura-de-pantalla-2024-04-09-a-las-13.47.38.png?resize=300%2C159&amp;ssl=1 300w, https:\/\/i0.wp.com\/lafuente.mx\/wp-content\/uploads\/2024\/04\/Captura-de-pantalla-2024-04-09-a-las-13.47.38.png?resize=768%2C408&amp;ssl=1 768w, https:\/\/i0.wp.com\/lafuente.mx\/wp-content\/uploads\/2024\/04\/Captura-de-pantalla-2024-04-09-a-las-13.47.38.png?resize=1536%2C816&amp;ssl=1 1536w, https:\/\/i0.wp.com\/lafuente.mx\/wp-content\/uploads\/2024\/04\/Captura-de-pantalla-2024-04-09-a-las-13.47.38.png?resize=2048%2C1088&amp;ssl=1 2048w, https:\/\/i0.wp.com\/lafuente.mx\/wp-content\/uploads\/2024\/04\/Captura-de-pantalla-2024-04-09-a-las-13.47.38.png?w=1280 1280w, https:\/\/i0.wp.com\/lafuente.mx\/wp-content\/uploads\/2024\/04\/Captura-de-pantalla-2024-04-09-a-las-13.47.38.png?w=1920 1920w\" sizes=\"(max-width: 640px) 100vw, 640px\" data-recalc-dims=\"1\" \/><\/figure>\n\n\n\n<p class=\"has-text-color has-large-font-size\" style=\"color:#38444a\">Por su parte, comentaron que el consumo de alcohol provoca efectos desinhibidos, los cuales disminuye el control de impulsos, llevando a realizar acciones violentas, que lamentablemente impacta en las mujeres. Asimismo, destacaron que hay grupos de mujeres m\u00e1s violentadas que otros, donde el 60 por ciento que se encuentran en una relaci\u00f3n sin estar casadas, sufren m\u00e1s violencia que aquellas que lo est\u00e1n.<\/p>\n\n\n\n<hr class=\"wp-block-separator has-alpha-channel-opacity\"\/>\n\n\n\n<div class=\"wp-block-buttons is-layout-flex wp-block-buttons-is-layout-flex\">\n<div class=\"wp-block-button\"><a class=\"wp-block-button__link wp-element-button\" href=\"https:\/\/www.cronica.com.mx\/nacional\/mujeres-mexico-son-violentadas-parejas-alcoholizadas.html\">M\u00e1s informaci\u00f3n<\/a><\/div>\n<\/div>\n","protected":false},"excerpt":{"rendered":"<p>Mi\u00e9rcoles 6 de marzoPonentes: Mtra. Alejandra L\u00f3pez Montoya, Dra. Marta Romero, Dra. Claudia Ben\u00edtez Guzm\u00e1n y Dra. Raquel Mondrag\u00f3n Durante el tercer d\u00eda y cierre<\/p>\n","protected":false},"author":3,"featured_media":2202,"comment_status":"closed","ping_status":"closed","sticky":false,"template":"","format":"standard","meta":{"footnotes":"","jetpack_publicize_message":"","jetpack_is_tweetstorm":false,"jetpack_publicize_feature_enabled":true},"categories":[9],"tags":[21,620,169,32,145],"jetpack_publicize_connections":[],"yoast_head":"<!-- This site is optimized with the Yoast SEO plugin v19.4 - https:\/\/yoast.com\/wordpress\/plugins\/seo\/ -->\n<title>Las mujeres en M\u00e9xico son violentadas por sus parejas alcoholizadas\u00a0 -<\/title>\n<meta name=\"description\" content=\"Durante el cierre del \u201cForo sobre alcohol del consumo a la violencia\u201d las especialistas Martha Romero G, Raquel Mondrag\u00f3n y Alejandra L\u00f3pez, destacaron el incremento de violencia, debido al consumo de alcohol\" \/>\n<meta name=\"robots\" content=\"index, follow, max-snippet:-1, max-image-preview:large, max-video-preview:-1\" \/>\n<link rel=\"canonical\" href=\"https:\/\/lafuente.mx\/?p=2201\" \/>\n<meta property=\"og:locale\" content=\"es_MX\" \/>\n<meta property=\"og:type\" content=\"article\" \/>\n<meta property=\"og:title\" content=\"Las mujeres en M\u00e9xico son violentadas por sus parejas alcoholizadas\u00a0\" \/>\n<meta property=\"og:description\" content=\"Durante el cierre del \u201cForo sobre alcohol del consumo a la violencia\u201d las especialistas Martha Romero G, Raquel Mondrag\u00f3n y Alejandra L\u00f3pez, destacaron el incremento de violencia, debido al consumo de alcohol\" \/>\n<meta property=\"og:url\" content=\"https:\/\/lafuente.mx\/?p=2201\" \/>\n<meta property=\"article:published_time\" content=\"2024-04-11T08:12:00+00:00\" \/>\n<meta property=\"article:modified_time\" content=\"2024-04-09T20:21:15+00:00\" \/>\n<meta property=\"og:image\" content=\"https:\/\/lafuente.mx\/wp-content\/uploads\/2024\/04\/Captura-de-pantalla-2024-04-09-a-las-13.47.38-1024x544.png\" \/>\n\t<meta property=\"og:image:width\" content=\"1024\" \/>\n\t<meta property=\"og:image:height\" content=\"544\" \/>\n\t<meta property=\"og:image:type\" content=\"image\/png\" \/>\n<meta name=\"author\" content=\"Claudia Gallardo\" \/>\n<meta name=\"twitter:card\" content=\"summary_large_image\" \/>\n<meta name=\"twitter:title\" content=\"Las mujeres en M\u00e9xico son violentadas por sus parejas alcoholizadas\u00a0\" \/>\n<meta name=\"twitter:description\" content=\"Durante el cierre del \u201cForo sobre alcohol del consumo a la violencia\u201d las especialistas Martha Romero G, Raquel Mondrag\u00f3n y Alejandra L\u00f3pez, destacaron el incremento de violencia, debido al consumo de alcohol\" \/>\n<meta name=\"twitter:image\" content=\"https:\/\/i0.wp.com\/lafuente.mx\/wp-content\/uploads\/2024\/04\/Captura-de-pantalla-2024-04-09-a-las-13.47.38.png?fit=2168%2C1152&ssl=1\" \/>\n<meta name=\"twitter:label1\" content=\"Escrito por\" \/>\n\t<meta name=\"twitter:data1\" content=\"Claudia Gallardo\" \/>\n\t<meta name=\"twitter:label2\" content=\"Tiempo de lectura\" \/>\n\t<meta name=\"twitter:data2\" content=\"1 minuto\" \/>\n<script type=\"application\/ld+json\" class=\"yoast-schema-graph\">{\"@context\":\"https:\/\/schema.org\",\"@graph\":[{\"@type\":\"WebSite\",\"@id\":\"https:\/\/lafuente.mx\/#website\",\"url\":\"https:\/\/lafuente.mx\/\",\"name\":\"\",\"description\":\"Informaci\u00f3n confiable sobre salud mental\",\"potentialAction\":[{\"@type\":\"SearchAction\",\"target\":{\"@type\":\"EntryPoint\",\"urlTemplate\":\"https:\/\/lafuente.mx\/?s={search_term_string}\"},\"query-input\":\"required name=search_term_string\"}],\"inLanguage\":\"es-MX\"},{\"@type\":\"WebPage\",\"@id\":\"https:\/\/lafuente.mx\/?p=2201\",\"url\":\"https:\/\/lafuente.mx\/?p=2201\",\"name\":\"Las mujeres en M\u00e9xico son violentadas por sus parejas alcoholizadas\u00a0 -\",\"isPartOf\":{\"@id\":\"https:\/\/lafuente.mx\/#website\"},\"datePublished\":\"2024-04-11T08:12:00+00:00\",\"dateModified\":\"2024-04-09T20:21:15+00:00\",\"author\":{\"@id\":\"https:\/\/lafuente.mx\/#\/schema\/person\/603f3aa8e2f6f7879021ab722d39d6b0\"},\"description\":\"Durante el cierre del \u201cForo sobre alcohol del consumo a la violencia\u201d las especialistas Martha Romero G, Raquel Mondrag\u00f3n y Alejandra L\u00f3pez, destacaron el incremento de violencia, debido al consumo de alcohol\",\"breadcrumb\":{\"@id\":\"https:\/\/lafuente.mx\/?p=2201#breadcrumb\"},\"inLanguage\":\"es-MX\",\"potentialAction\":[{\"@type\":\"ReadAction\",\"target\":[\"https:\/\/lafuente.mx\/?p=2201\"]}]},{\"@type\":\"BreadcrumbList\",\"@id\":\"https:\/\/lafuente.mx\/?p=2201#breadcrumb\",\"itemListElement\":[{\"@type\":\"ListItem\",\"position\":1,\"name\":\"Inicio\",\"item\":\"https:\/\/lafuente.mx\/\"},{\"@type\":\"ListItem\",\"position\":2,\"name\":\"Las mujeres en M\u00e9xico son violentadas por sus parejas alcoholizadas\u00a0\"}]},{\"@type\":\"Person\",\"@id\":\"https:\/\/lafuente.mx\/#\/schema\/person\/603f3aa8e2f6f7879021ab722d39d6b0\",\"name\":\"Claudia Gallardo\",\"image\":{\"@type\":\"ImageObject\",\"inLanguage\":\"es-MX\",\"@id\":\"https:\/\/lafuente.mx\/#\/schema\/person\/image\/\",\"url\":\"https:\/\/secure.gravatar.com\/avatar\/bfe9c966af1ccfb9d17bcdb9d04e8815?s=96&d=mm&r=g\",\"contentUrl\":\"https:\/\/secure.gravatar.com\/avatar\/bfe9c966af1ccfb9d17bcdb9d04e8815?s=96&d=mm&r=g\",\"caption\":\"Claudia Gallardo\"},\"url\":\"https:\/\/lafuente.mx\/?author=3\"}]}<\/script>\n<!-- \/ Yoast SEO plugin. -->","yoast_head_json":{"title":"Las mujeres en M\u00e9xico son violentadas por sus parejas alcoholizadas\u00a0 -","description":"Durante el cierre del \u201cForo sobre alcohol del consumo a la violencia\u201d las especialistas Martha Romero G, Raquel Mondrag\u00f3n y Alejandra L\u00f3pez, destacaron el incremento de violencia, debido al consumo de alcohol","robots":{"index":"index","follow":"follow","max-snippet":"max-snippet:-1","max-image-preview":"max-image-preview:large","max-video-preview":"max-video-preview:-1"},"canonical":"https:\/\/lafuente.mx\/?p=2201","og_locale":"es_MX","og_type":"article","og_title":"Las mujeres en M\u00e9xico son violentadas por sus parejas alcoholizadas\u00a0","og_description":"Durante el cierre del \u201cForo sobre alcohol del consumo a la violencia\u201d las especialistas Martha Romero G, Raquel Mondrag\u00f3n y Alejandra L\u00f3pez, destacaron el incremento de violencia, debido al consumo de alcohol","og_url":"https:\/\/lafuente.mx\/?p=2201","article_published_time":"2024-04-11T08:12:00+00:00","article_modified_time":"2024-04-09T20:21:15+00:00","og_image":[{"width":1024,"height":544,"url":"https:\/\/lafuente.mx\/wp-content\/uploads\/2024\/04\/Captura-de-pantalla-2024-04-09-a-las-13.47.38-1024x544.png","type":"image\/png"}],"author":"Claudia Gallardo","twitter_card":"summary_large_image","twitter_title":"Las mujeres en M\u00e9xico son violentadas por sus parejas alcoholizadas\u00a0","twitter_description":"Durante el cierre del \u201cForo sobre alcohol del consumo a la violencia\u201d las especialistas Martha Romero G, Raquel Mondrag\u00f3n y Alejandra L\u00f3pez, destacaron el incremento de violencia, debido al consumo de alcohol","twitter_image":"https:\/\/i0.wp.com\/lafuente.mx\/wp-content\/uploads\/2024\/04\/Captura-de-pantalla-2024-04-09-a-las-13.47.38.png?fit=2168%2C1152&ssl=1","twitter_misc":{"Escrito por":"Claudia Gallardo","Tiempo de lectura":"1 minuto"},"schema":{"@context":"https:\/\/schema.org","@graph":[{"@type":"WebSite","@id":"https:\/\/lafuente.mx\/#website","url":"https:\/\/lafuente.mx\/","name":"","description":"Informaci\u00f3n confiable sobre salud mental","potentialAction":[{"@type":"SearchAction","target":{"@type":"EntryPoint","urlTemplate":"https:\/\/lafuente.mx\/?s={search_term_string}"},"query-input":"required name=search_term_string"}],"inLanguage":"es-MX"},{"@type":"WebPage","@id":"https:\/\/lafuente.mx\/?p=2201","url":"https:\/\/lafuente.mx\/?p=2201","name":"Las mujeres en M\u00e9xico son violentadas por sus parejas alcoholizadas\u00a0 -","isPartOf":{"@id":"https:\/\/lafuente.mx\/#website"},"datePublished":"2024-04-11T08:12:00+00:00","dateModified":"2024-04-09T20:21:15+00:00","author":{"@id":"https:\/\/lafuente.mx\/#\/schema\/person\/603f3aa8e2f6f7879021ab722d39d6b0"},"description":"Durante el cierre del \u201cForo sobre alcohol del consumo a la violencia\u201d las especialistas Martha Romero G, Raquel Mondrag\u00f3n y Alejandra L\u00f3pez, destacaron el incremento de violencia, debido al consumo de alcohol","breadcrumb":{"@id":"https:\/\/lafuente.mx\/?p=2201#breadcrumb"},"inLanguage":"es-MX","potentialAction":[{"@type":"ReadAction","target":["https:\/\/lafuente.mx\/?p=2201"]}]},{"@type":"BreadcrumbList","@id":"https:\/\/lafuente.mx\/?p=2201#breadcrumb","itemListElement":[{"@type":"ListItem","position":1,"name":"Inicio","item":"https:\/\/lafuente.mx\/"},{"@type":"ListItem","position":2,"name":"Las mujeres en M\u00e9xico son violentadas por sus parejas alcoholizadas\u00a0"}]},{"@type":"Person","@id":"https:\/\/lafuente.mx\/#\/schema\/person\/603f3aa8e2f6f7879021ab722d39d6b0","name":"Claudia Gallardo","image":{"@type":"ImageObject","inLanguage":"es-MX","@id":"https:\/\/lafuente.mx\/#\/schema\/person\/image\/","url":"https:\/\/secure.gravatar.com\/avatar\/bfe9c966af1ccfb9d17bcdb9d04e8815?s=96&d=mm&r=g","contentUrl":"https:\/\/secure.gravatar.com\/avatar\/bfe9c966af1ccfb9d17bcdb9d04e8815?s=96&d=mm&r=g","caption":"Claudia Gallardo"},"url":"https:\/\/lafuente.mx\/?author=3"}]}},"jetpack_featured_media_url":"https:\/\/i0.wp.com\/lafuente.mx\/wp-content\/uploads\/2024\/04\/Captura-de-pantalla-2024-04-09-a-las-13.47.38.png?fit=2168%2C1152&ssl=1","jetpack-related-posts":[{"id":1343,"url":"https:\/\/lafuente.mx\/?p=1343","url_meta":{"origin":2201,"position":0},"title":"Explora H: Una intervenci\u00f3n de bajo costo para la prevenci\u00f3n en salud mental\u00a0","date":"junio 27, 2023","format":false,"excerpt":"Imagen Explora H Autores*: Jorge A. Villatoro Vel\u00e1zquez, Itzia Sayuri Soto Hern\u00e1ndez, Marycarmen Bustos Gami\u00f1o, Raquel Mondrag\u00f3n G\u00f3mez.\u00a0 Las prevalencias del consumo de alcohol, tabaco y otras drogas en poblaci\u00f3n adolescente de nuestro pa\u00eds\u00a0y, en general, del continente americano,\u00a0han mostrado un incremento importante. As\u00ed mismo, se observ\u00f3 un incremento en\u2026","rel":"","context":"En &quot;Informaci\u00f3n de inter\u00e9s&quot;","img":{"alt_text":"","src":"https:\/\/i0.wp.com\/lafuente.mx\/wp-content\/uploads\/2023\/06\/Captura-de-Pantalla-2023-06-27-a-las-10.32.09.png?fit=1200%2C690&ssl=1&resize=350%2C200","width":350,"height":200},"classes":[]},{"id":2683,"url":"https:\/\/lafuente.mx\/?p=2683","url_meta":{"origin":2201,"position":1},"title":"Por la eliminaci\u00f3n de la violencia contra las mujeres y las ni\u00f1as en la formaci\u00f3n y la pr\u00e1ctica m\u00e9dica\u00a0","date":"diciembre 3, 2024","format":false,"excerpt":"Nov 28, 2024\u00a0|\u00a0Academia\u00a0 Como parte de las actividades que realiza la Facultad de Medicina de la UNAM en el marco de la conmemoraci\u00f3n del D\u00eda Internacional de la Eliminaci\u00f3n de la Violencia contra las Mujeres y las Ni\u00f1as,\u00a0se realiz\u00f3 el conversatorio \u201cPor la Eliminaci\u00f3n de la Violencia contra las Mujeres\u2026","rel":"","context":"En &quot;Noticias&quot;","img":{"alt_text":"","src":"https:\/\/i0.wp.com\/lafuente.mx\/wp-content\/uploads\/2024\/12\/Captura-de-pantalla-2024-12-03-a-las-9.34.47.png?fit=1200%2C816&ssl=1&resize=350%2C200","width":350,"height":200},"classes":[]},{"id":365,"url":"https:\/\/lafuente.mx\/?p=365","url_meta":{"origin":2201,"position":2},"title":"Prevenci\u00f3n de violencia de pareja en j\u00f3venes","date":"septiembre 9, 2022","format":false,"excerpt":"Del 26 de septiembre al 28 de octubre de 2022 Coordinadoras acad\u00e9micas: Dra. Luciana Ramos Lira Dra. Patricia Fuentes de Iturbe Dirigido a: Profesionales de la salud, educaci\u00f3n y afines Objetivos: \u2022 Identificar transiciones, riesgos y oportunidades de la adolescencia \u2022 Sensibilizar sobre la violencia desde y hacia las y\u2026","rel":"","context":"En &quot;Cursos&quot;","img":{"alt_text":"","src":"https:\/\/i0.wp.com\/lafuente.mx\/wp-content\/uploads\/2022\/09\/Violenciaenlas.png?fit=425%2C662&ssl=1&resize=350%2C200","width":350,"height":200},"classes":[]},{"id":410,"url":"https:\/\/lafuente.mx\/?p=410","url_meta":{"origin":2201,"position":3},"title":"Inician en el Senado campa\u00f1a para prevenir consumo de alcohol\u00a0","date":"octubre 10, 2022","format":false,"excerpt":"Jorge Ameth Villatoro Vel\u00e1zquez, Investigador del Instituto Nacional de Psiquiatr\u00eda Ram\u00f3n de la Fuente Mu\u00f1iz, refiri\u00f3 que el consumo promedio de alcohol en el pa\u00eds es de 4.9 litros; el consumo per c\u00e1pita de los hombres de 15 a 65 a\u00f1os de edad es de 7.87 litros por persona, y\u2026","rel":"","context":"En &quot;Noticias&quot;","img":{"alt_text":"","src":"https:\/\/i0.wp.com\/lafuente.mx\/wp-content\/uploads\/2022\/10\/jovenes_4.jpeg?fit=560%2C368&ssl=1&resize=350%2C200","width":350,"height":200},"classes":[]},{"id":1612,"url":"https:\/\/lafuente.mx\/?p=1612","url_meta":{"origin":2201,"position":4},"title":"Simposio Salud mental y violencia colectiva\u00a0","date":"agosto 16, 2023","format":false,"excerpt":"\u00a0 Veranika Rokashevich, Pinky , 2022 Coordinador: Dr. Juan Ram\u00f3n de la Fuente\u00a0\u00a0 Mi\u00e9rcoles 16 de agosto\u00a0\u00a0 17:00 horas Sede: Auditorio de la Academia Nacional de Medicina\u00a0\u00a0 Programa\u00a0\u00a0 Crisis humanitaria: El papel de los organismos internacionales.\u00a0\u00a0 Dr. Juan Ram\u00f3n de la Fuente\u00a0 Un modelo de atenci\u00f3n en zonas de alto\u2026","rel":"","context":"En &quot;Eventos externos&quot;","img":{"alt_text":"","src":"https:\/\/i0.wp.com\/lafuente.mx\/wp-content\/uploads\/2023\/08\/Captura-de-Pantalla-2023-08-15-a-las-13.59.00-edited.png?fit=1200%2C553&ssl=1&resize=350%2C200","width":350,"height":200},"classes":[]},{"id":515,"url":"https:\/\/lafuente.mx\/?p=515","url_meta":{"origin":2201,"position":5},"title":"Salud Mental y Violencia Colectiva\u00a0","date":"octubre 28, 2022","format":false,"excerpt":"Juan Ram\u00f3n de la Fuente, Deni\u00a0Alv\u00e1rez Icaza Editorial: Debate\u00a0 A\u00f1o de edici\u00f3n: 2022\u00a0 Materia: Ensayo Cient\u00edfico\u00a0 ISBN: 9786073816847\u00a0 La violencia deja heridas por donde quiera que pasa: en el cuerpo de las personas, por supuesto, pero tambi\u00e9n en su psique, en su modo de relacionarse con el mundo y, por\u2026","rel":"","context":"En &quot;Publicaciones&quot;","img":{"alt_text":"","src":"https:\/\/i0.wp.com\/lafuente.mx\/wp-content\/uploads\/2022\/10\/Captura-de-Pantalla-2022-10-28-a-las-13.50.03.png?fit=789%2C1200&ssl=1&resize=350%2C200","width":350,"height":200},"classes":[]}],"jetpack_sharing_enabled":true,"jetpack_shortlink":"https:\/\/wp.me\/pe9WUx-zv","_links":{"self":[{"href":"https:\/\/lafuente.mx\/index.php?rest_route=\/wp\/v2\/posts\/2201"}],"collection":[{"href":"https:\/\/lafuente.mx\/index.php?rest_route=\/wp\/v2\/posts"}],"about":[{"href":"https:\/\/lafuente.mx\/index.php?rest_route=\/wp\/v2\/types\/post"}],"author":[{"embeddable":true,"href":"https:\/\/lafuente.mx\/index.php?rest_route=\/wp\/v2\/users\/3"}],"replies":[{"embeddable":true,"href":"https:\/\/lafuente.mx\/index.php?rest_route=%2Fwp%2Fv2%2Fcomments&post=2201"}],"version-history":[{"count":1,"href":"https:\/\/lafuente.mx\/index.php?rest_route=\/wp\/v2\/posts\/2201\/revisions"}],"predecessor-version":[{"id":2203,"href":"https:\/\/lafuente.mx\/index.php?rest_route=\/wp\/v2\/posts\/2201\/revisions\/2203"}],"wp:featuredmedia":[{"embeddable":true,"href":"https:\/\/lafuente.mx\/index.php?rest_route=\/wp\/v2\/media\/2202"}],"wp:attachment":[{"href":"https:\/\/lafuente.mx\/index.php?rest_route=%2Fwp%2Fv2%2Fmedia&parent=2201"}],"wp:term":[{"taxonomy":"category","embeddable":true,"href":"https:\/\/lafuente.mx\/index.php?rest_route=%2Fwp%2Fv2%2Fcategories&post=2201"},{"taxonomy":"post_tag","embeddable":true,"href":"https:\/\/lafuente.mx\/index.php?rest_route=%2Fwp%2Fv2%2Ftags&post=2201"}],"curies":[{"name":"wp","href":"https:\/\/api.w.org\/{rel}","templated":true}]}}