{"id":2197,"date":"2024-04-04T08:23:00","date_gmt":"2024-04-04T08:23:00","guid":{"rendered":"https:\/\/lafuente.mx\/?p=2197"},"modified":"2024-04-10T20:10:57","modified_gmt":"2024-04-10T20:10:57","slug":"borrador-automatico-criando-con-intencion-estrategias-para-promover-la-salud-mental-desde-la-infancia","status":"publish","type":"post","link":"https:\/\/lafuente.mx\/?p=2197","title":{"rendered":"Criando con Intenci\u00f3n: Estrategias para Promover la Salud Mental desde la infancia"},"content":{"rendered":"\n<hr class=\"wp-block-separator has-alpha-channel-opacity is-style-wide\"\/>\n\n\n\n<p class=\"has-text-align-center has-vivid-purple-color has-text-color has-larger-font-size\"><strong>CONFERENCIA<\/strong><\/p>\n\n\n\n<figure class=\"wp-block-image size-large\"><img decoding=\"async\" loading=\"lazy\" width=\"640\" height=\"480\" src=\"https:\/\/i0.wp.com\/lafuente.mx\/wp-content\/uploads\/2024\/04\/WhatsApp-Image-2024-04-01-at-9.38.48-AM-1-1024x768.jpeg?resize=640%2C480&#038;ssl=1\" alt=\"\" class=\"wp-image-2198\" srcset=\"https:\/\/i0.wp.com\/lafuente.mx\/wp-content\/uploads\/2024\/04\/WhatsApp-Image-2024-04-01-at-9.38.48-AM-1.jpeg?resize=1024%2C768&amp;ssl=1 1024w, https:\/\/i0.wp.com\/lafuente.mx\/wp-content\/uploads\/2024\/04\/WhatsApp-Image-2024-04-01-at-9.38.48-AM-1.jpeg?resize=300%2C225&amp;ssl=1 300w, https:\/\/i0.wp.com\/lafuente.mx\/wp-content\/uploads\/2024\/04\/WhatsApp-Image-2024-04-01-at-9.38.48-AM-1.jpeg?resize=768%2C576&amp;ssl=1 768w, https:\/\/i0.wp.com\/lafuente.mx\/wp-content\/uploads\/2024\/04\/WhatsApp-Image-2024-04-01-at-9.38.48-AM-1.jpeg?resize=1536%2C1152&amp;ssl=1 1536w, https:\/\/i0.wp.com\/lafuente.mx\/wp-content\/uploads\/2024\/04\/WhatsApp-Image-2024-04-01-at-9.38.48-AM-1.jpeg?resize=800%2C600&amp;ssl=1 800w, https:\/\/i0.wp.com\/lafuente.mx\/wp-content\/uploads\/2024\/04\/WhatsApp-Image-2024-04-01-at-9.38.48-AM-1.jpeg?w=1600&amp;ssl=1 1600w, https:\/\/i0.wp.com\/lafuente.mx\/wp-content\/uploads\/2024\/04\/WhatsApp-Image-2024-04-01-at-9.38.48-AM-1.jpeg?w=1280 1280w\" sizes=\"(max-width: 640px) 100vw, 640px\" data-recalc-dims=\"1\" \/><\/figure>\n\n\n\n<hr class=\"wp-block-separator has-alpha-channel-opacity\"\/>\n\n\n\n<p class=\"has-text-align-center has-vivid-purple-color has-text-color has-larger-font-size\"><strong>10 de abril<\/strong><\/p>\n\n\n\n<p class=\"has-text-align-center has-vivid-purple-color has-text-color has-larger-font-size\"><strong>12:00 horas<\/strong><\/p>\n\n\n\n<p class=\"has-text-align-left\"><strong>Hablemos de salud mental<\/strong><\/p>\n\n\n\n<p class=\"has-text-align-left has-large-font-size\">10 DE CADA MES<\/p>\n\n\n\n<hr class=\"wp-block-separator has-alpha-channel-opacity\"\/>\n\n\n\n<p class=\"has-medium-font-size\"><strong>Coordina<\/strong> Gabriela Cort\u00e9s Meda <\/p>\n\n\n\n<p class=\"has-medium-font-size\"><strong> Presenta <\/strong>Jorge Luis Reque Paz<\/p>\n","protected":false},"excerpt":{"rendered":"<p>CONFERENCIA 10 de abril 12:00 horas Hablemos de salud mental 10 DE CADA MES Coordina Gabriela Cort\u00e9s Meda Presenta Jorge Luis Reque Paz<\/p>\n","protected":false},"author":3,"featured_media":2198,"comment_status":"closed","ping_status":"closed","sticky":false,"template":"","format":"standard","meta":{"footnotes":"","jetpack_publicize_message":"","jetpack_is_tweetstorm":false,"jetpack_publicize_feature_enabled":true},"categories":[8],"tags":[615,614,77,21,75,32],"jetpack_publicize_connections":[],"yoast_head":"<!-- This site is optimized with the Yoast SEO plugin v19.4 - https:\/\/yoast.com\/wordpress\/plugins\/seo\/ -->\n<title>Criando con Intenci\u00f3n: Estrategias para Promover la Salud Mental desde la infancia -<\/title>\n<meta name=\"description\" content=\"Hablemos de salud mental 10 de cada mes\" \/>\n<meta name=\"robots\" content=\"index, follow, max-snippet:-1, max-image-preview:large, max-video-preview:-1\" \/>\n<link rel=\"canonical\" href=\"https:\/\/lafuente.mx\/?p=2197\" \/>\n<meta property=\"og:locale\" content=\"es_MX\" \/>\n<meta property=\"og:type\" content=\"article\" \/>\n<meta property=\"og:title\" content=\"Criando con Intenci\u00f3n: Estrategias para Promover la Salud Mental desde la infancia\" \/>\n<meta property=\"og:description\" content=\"Hablemos de salud mental 10 de cada mes\" \/>\n<meta property=\"og:url\" content=\"https:\/\/lafuente.mx\/?p=2197\" \/>\n<meta property=\"article:published_time\" content=\"2024-04-04T08:23:00+00:00\" \/>\n<meta property=\"article:modified_time\" content=\"2024-04-10T20:10:57+00:00\" \/>\n<meta property=\"og:image\" content=\"http:\/\/lafuente.mx\/wp-content\/uploads\/2024\/04\/WhatsApp-Image-2024-04-01-at-9.38.48-AM-1.jpeg\" \/>\n\t<meta property=\"og:image:width\" content=\"1600\" \/>\n\t<meta property=\"og:image:height\" content=\"1200\" \/>\n\t<meta property=\"og:image:type\" content=\"image\/jpeg\" \/>\n<meta name=\"author\" content=\"Claudia Gallardo\" \/>\n<meta name=\"twitter:card\" content=\"summary_large_image\" \/>\n<meta name=\"twitter:title\" content=\"Criando con Intenci\u00f3n: Estrategias para Promover la Salud Mental desde la infancia\" \/>\n<meta name=\"twitter:description\" content=\"Hablemos de salud mental 10 de cada mes\" \/>\n<meta name=\"twitter:image\" content=\"https:\/\/i0.wp.com\/lafuente.mx\/wp-content\/uploads\/2024\/04\/WhatsApp-Image-2024-04-01-at-9.38.48-AM-1.jpeg?fit=1600%2C1200&ssl=1\" \/>\n<meta name=\"twitter:label1\" content=\"Escrito por\" \/>\n\t<meta name=\"twitter:data1\" content=\"Claudia Gallardo\" \/>\n<script type=\"application\/ld+json\" class=\"yoast-schema-graph\">{\"@context\":\"https:\/\/schema.org\",\"@graph\":[{\"@type\":\"WebSite\",\"@id\":\"https:\/\/lafuente.mx\/#website\",\"url\":\"https:\/\/lafuente.mx\/\",\"name\":\"\",\"description\":\"Informaci\u00f3n confiable sobre salud mental\",\"potentialAction\":[{\"@type\":\"SearchAction\",\"target\":{\"@type\":\"EntryPoint\",\"urlTemplate\":\"https:\/\/lafuente.mx\/?s={search_term_string}\"},\"query-input\":\"required name=search_term_string\"}],\"inLanguage\":\"es-MX\"},{\"@type\":\"WebPage\",\"@id\":\"https:\/\/lafuente.mx\/?p=2197\",\"url\":\"https:\/\/lafuente.mx\/?p=2197\",\"name\":\"Criando con Intenci\u00f3n: Estrategias para Promover la Salud Mental desde la infancia -\",\"isPartOf\":{\"@id\":\"https:\/\/lafuente.mx\/#website\"},\"datePublished\":\"2024-04-04T08:23:00+00:00\",\"dateModified\":\"2024-04-10T20:10:57+00:00\",\"author\":{\"@id\":\"https:\/\/lafuente.mx\/#\/schema\/person\/603f3aa8e2f6f7879021ab722d39d6b0\"},\"description\":\"Hablemos de salud mental 10 de cada mes\",\"breadcrumb\":{\"@id\":\"https:\/\/lafuente.mx\/?p=2197#breadcrumb\"},\"inLanguage\":\"es-MX\",\"potentialAction\":[{\"@type\":\"ReadAction\",\"target\":[\"https:\/\/lafuente.mx\/?p=2197\"]}]},{\"@type\":\"BreadcrumbList\",\"@id\":\"https:\/\/lafuente.mx\/?p=2197#breadcrumb\",\"itemListElement\":[{\"@type\":\"ListItem\",\"position\":1,\"name\":\"Inicio\",\"item\":\"https:\/\/lafuente.mx\/\"},{\"@type\":\"ListItem\",\"position\":2,\"name\":\"Criando con Intenci\u00f3n: Estrategias para Promover la Salud Mental desde la infancia\"}]},{\"@type\":\"Person\",\"@id\":\"https:\/\/lafuente.mx\/#\/schema\/person\/603f3aa8e2f6f7879021ab722d39d6b0\",\"name\":\"Claudia Gallardo\",\"image\":{\"@type\":\"ImageObject\",\"inLanguage\":\"es-MX\",\"@id\":\"https:\/\/lafuente.mx\/#\/schema\/person\/image\/\",\"url\":\"https:\/\/secure.gravatar.com\/avatar\/bfe9c966af1ccfb9d17bcdb9d04e8815?s=96&d=mm&r=g\",\"contentUrl\":\"https:\/\/secure.gravatar.com\/avatar\/bfe9c966af1ccfb9d17bcdb9d04e8815?s=96&d=mm&r=g\",\"caption\":\"Claudia Gallardo\"},\"url\":\"https:\/\/lafuente.mx\/?author=3\"}]}<\/script>\n<!-- \/ Yoast SEO plugin. -->","yoast_head_json":{"title":"Criando con Intenci\u00f3n: Estrategias para Promover la Salud Mental desde la infancia -","description":"Hablemos de salud mental 10 de cada mes","robots":{"index":"index","follow":"follow","max-snippet":"max-snippet:-1","max-image-preview":"max-image-preview:large","max-video-preview":"max-video-preview:-1"},"canonical":"https:\/\/lafuente.mx\/?p=2197","og_locale":"es_MX","og_type":"article","og_title":"Criando con Intenci\u00f3n: Estrategias para Promover la Salud Mental desde la infancia","og_description":"Hablemos de salud mental 10 de cada mes","og_url":"https:\/\/lafuente.mx\/?p=2197","article_published_time":"2024-04-04T08:23:00+00:00","article_modified_time":"2024-04-10T20:10:57+00:00","og_image":[{"width":1600,"height":1200,"url":"http:\/\/lafuente.mx\/wp-content\/uploads\/2024\/04\/WhatsApp-Image-2024-04-01-at-9.38.48-AM-1.jpeg","type":"image\/jpeg"}],"author":"Claudia Gallardo","twitter_card":"summary_large_image","twitter_title":"Criando con Intenci\u00f3n: Estrategias para Promover la Salud Mental desde la infancia","twitter_description":"Hablemos de salud mental 10 de cada mes","twitter_image":"https:\/\/i0.wp.com\/lafuente.mx\/wp-content\/uploads\/2024\/04\/WhatsApp-Image-2024-04-01-at-9.38.48-AM-1.jpeg?fit=1600%2C1200&ssl=1","twitter_misc":{"Escrito por":"Claudia Gallardo"},"schema":{"@context":"https:\/\/schema.org","@graph":[{"@type":"WebSite","@id":"https:\/\/lafuente.mx\/#website","url":"https:\/\/lafuente.mx\/","name":"","description":"Informaci\u00f3n confiable sobre salud mental","potentialAction":[{"@type":"SearchAction","target":{"@type":"EntryPoint","urlTemplate":"https:\/\/lafuente.mx\/?s={search_term_string}"},"query-input":"required name=search_term_string"}],"inLanguage":"es-MX"},{"@type":"WebPage","@id":"https:\/\/lafuente.mx\/?p=2197","url":"https:\/\/lafuente.mx\/?p=2197","name":"Criando con Intenci\u00f3n: Estrategias para Promover la Salud Mental desde la infancia -","isPartOf":{"@id":"https:\/\/lafuente.mx\/#website"},"datePublished":"2024-04-04T08:23:00+00:00","dateModified":"2024-04-10T20:10:57+00:00","author":{"@id":"https:\/\/lafuente.mx\/#\/schema\/person\/603f3aa8e2f6f7879021ab722d39d6b0"},"description":"Hablemos de salud mental 10 de cada mes","breadcrumb":{"@id":"https:\/\/lafuente.mx\/?p=2197#breadcrumb"},"inLanguage":"es-MX","potentialAction":[{"@type":"ReadAction","target":["https:\/\/lafuente.mx\/?p=2197"]}]},{"@type":"BreadcrumbList","@id":"https:\/\/lafuente.mx\/?p=2197#breadcrumb","itemListElement":[{"@type":"ListItem","position":1,"name":"Inicio","item":"https:\/\/lafuente.mx\/"},{"@type":"ListItem","position":2,"name":"Criando con Intenci\u00f3n: Estrategias para Promover la Salud Mental desde la infancia"}]},{"@type":"Person","@id":"https:\/\/lafuente.mx\/#\/schema\/person\/603f3aa8e2f6f7879021ab722d39d6b0","name":"Claudia Gallardo","image":{"@type":"ImageObject","inLanguage":"es-MX","@id":"https:\/\/lafuente.mx\/#\/schema\/person\/image\/","url":"https:\/\/secure.gravatar.com\/avatar\/bfe9c966af1ccfb9d17bcdb9d04e8815?s=96&d=mm&r=g","contentUrl":"https:\/\/secure.gravatar.com\/avatar\/bfe9c966af1ccfb9d17bcdb9d04e8815?s=96&d=mm&r=g","caption":"Claudia Gallardo"},"url":"https:\/\/lafuente.mx\/?author=3"}]}},"jetpack_featured_media_url":"https:\/\/i0.wp.com\/lafuente.mx\/wp-content\/uploads\/2024\/04\/WhatsApp-Image-2024-04-01-at-9.38.48-AM-1.jpeg?fit=1600%2C1200&ssl=1","jetpack-related-posts":[{"id":935,"url":"https:\/\/lafuente.mx\/?p=935","url_meta":{"origin":2197,"position":0},"title":"Trastornos relacionados con el estr\u00e9s y trauma en la infancia","date":"marzo 7, 2023","format":false,"excerpt":"Imagen INPRFM CONFERENCIA 10 de marzo12:00 horas Hablemos de salud mental10 DE CADA MES Ponentes: Dra. Carolina Santill\u00e1n Torres TorijaDra. Gabriela M. Cort\u00e9s Meda @inprfm @ampi_ac FB live M\u00e1s informaci\u00f3n","rel":"","context":"En &quot;Eventos Acad\u00e9micos del INPRFM&quot;","img":{"alt_text":"","src":"https:\/\/i0.wp.com\/lafuente.mx\/wp-content\/uploads\/2023\/03\/WhatsApp-Image-2023-03-06-at-9.29.06-AM.jpeg?fit=1108%2C940&ssl=1&resize=350%2C200","width":350,"height":200},"classes":[]},{"id":1560,"url":"https:\/\/lafuente.mx\/?p=1560","url_meta":{"origin":2197,"position":1},"title":"Intervenci\u00f3n en crisis en el \u00e1mbito escolar","date":"agosto 3, 2023","format":false,"excerpt":"Imagen INPRFM CONFERENCIA 10 de agosto 12:00 horas Hablemos de salud mental 10 DE CADA MES Ponentes: Emmanuel Sarmiento Hern\u00e1ndezAlejandro Molina L\u00f3pez","rel":"","context":"En &quot;Eventos Acad\u00e9micos del INPRFM&quot;","img":{"alt_text":"","src":"https:\/\/i0.wp.com\/lafuente.mx\/wp-content\/uploads\/2023\/07\/mentalizarte.jpeg?fit=1107%2C939&ssl=1&resize=350%2C200","width":350,"height":200},"classes":[]},{"id":3152,"url":"https:\/\/lafuente.mx\/?p=3152","url_meta":{"origin":2197,"position":2},"title":"D\u00eda Mundial del Cerebro 2025\u00a0","date":"julio 22, 2025","format":false,"excerpt":"22 de julio\u00a0 Salud cerebral para todas las edades\u00a0 Este a\u00f1o, desde el INPRFM nos sumamos a la campa\u00f1a global que reconoce el papel central que tiene la salud cerebral en cada etapa de la vida.\u00a0\u00a0 Desde la infancia hasta la vejez, cuidar el cerebro es cuidar el bienestar f\u00edsico,\u2026","rel":"","context":"En &quot;Efem\u00e9rides de Salud Mental&quot;","img":{"alt_text":"jigsaw, puzzle, brain, mind, woman, head, colors, think, ai generated, mind, mind, mind, mind, mind-8808273.jpg","src":"https:\/\/i0.wp.com\/lafuente.mx\/wp-content\/uploads\/2025\/07\/jigsaw-puzzle-brain-mind-woman-head-colors-think-ai-generated-mind-mind-mind-mind-mind-8808273.jpg?fit=1200%2C1200&ssl=1&resize=350%2C200","width":350,"height":200},"classes":[]},{"id":2335,"url":"https:\/\/lafuente.mx\/?p=2335","url_meta":{"origin":2197,"position":3},"title":"Abordaje interdisciplinario de las diversidades sexogen\u00e9ricas: evidencias para el cuidado de su salud f\u00edsica y mental\u00a0","date":"mayo 31, 2024","format":false,"excerpt":"Del 10 al 21 de junio de 2024\u00a0 Coordinador titular: Dr. Hamid Vega Ram\u00edrez\u00a0 Coordinadora adjunta: Dra. Rebeca Robles Garc\u00eda\u00a0 Dirigido a: Profesionales de la educaci\u00f3n (docentes, prefecturas, directivos), de la salud (endocrinolog\u00eda, pediatr\u00eda, medicina interna, cirug\u00eda, ginecolog\u00eda, urolog\u00eda, psiquiatr\u00eda y psicolog\u00eda) y personal de otras disciplinas afines que est\u00e1n\u2026","rel":"","context":"En &quot;Cursos&quot;","img":{"alt_text":"diversity, people, heads-5582454.jpg","src":"https:\/\/i0.wp.com\/lafuente.mx\/wp-content\/uploads\/2024\/05\/diversity-people-heads-5582454.jpg?fit=1200%2C800&ssl=1&resize=350%2C200","width":350,"height":200},"classes":[]},{"id":1289,"url":"https:\/\/lafuente.mx\/?p=1289","url_meta":{"origin":2197,"position":4},"title":"Resiliencia, experiencias infantiles adversas y salud mental en estudiantes de Ciencias de la Salud durante la pandemia de COVID-19","date":"junio 12, 2023","format":false,"excerpt":"Felipe Agudelo Hern\u00e1ndez, Mar\u00eda Benavides Bastidas, Fernando Arango G\u00f3mez Resumen: Introducci\u00f3n. Se ha observado un aumento constante de problemas mentales en la poblaci\u00f3n universitaria, particularmente en el \u00e1rea de la salud, relacionados con la pandemia del COVID-19. Los factores de protecci\u00f3n como la resiliencia y los factores de riesgo como\u2026","rel":"","context":"En &quot;Revista Salud Mental&quot;","img":{"alt_text":"","src":"https:\/\/i0.wp.com\/lafuente.mx\/wp-content\/uploads\/2023\/06\/chicas-universitarias-estudiando-juntas-edited-1-scaled.jpg?fit=1200%2C675&ssl=1&resize=350%2C200","width":350,"height":200},"classes":[]},{"id":1365,"url":"https:\/\/lafuente.mx\/?p=1365","url_meta":{"origin":2197,"position":5},"title":"D\u00eda Internacional del Trastorno por D\u00e9ficit de Atenci\u00f3n e Hiperactividad","date":"julio 10, 2023","format":false,"excerpt":"Imagen INPRFM 13 de julio\u00a0 Cada 13 de julio conmemoramos uno de los trastornos m\u00e1s comunes de la infancia, que afecta a nivel mundial a 1 de cada 10 ni\u00f1os o j\u00f3venes en edad escolar. Se celebra el D\u00eda Internacional del Trastorno por D\u00e9ficit de Atenci\u00f3n e Hiperactividad.\u00a0 Con esta\u2026","rel":"","context":"En &quot;Efem\u00e9rides de Salud Mental&quot;","img":{"alt_text":"","src":"https:\/\/i0.wp.com\/lafuente.mx\/wp-content\/uploads\/2023\/07\/WhatsApp-Image-2023-07-11-at-12.48.17-PM.jpeg?fit=1200%2C679&ssl=1&resize=350%2C200","width":350,"height":200},"classes":[]}],"jetpack_sharing_enabled":true,"jetpack_shortlink":"https:\/\/wp.me\/pe9WUx-zr","_links":{"self":[{"href":"https:\/\/lafuente.mx\/index.php?rest_route=\/wp\/v2\/posts\/2197"}],"collection":[{"href":"https:\/\/lafuente.mx\/index.php?rest_route=\/wp\/v2\/posts"}],"about":[{"href":"https:\/\/lafuente.mx\/index.php?rest_route=\/wp\/v2\/types\/post"}],"author":[{"embeddable":true,"href":"https:\/\/lafuente.mx\/index.php?rest_route=\/wp\/v2\/users\/3"}],"replies":[{"embeddable":true,"href":"https:\/\/lafuente.mx\/index.php?rest_route=%2Fwp%2Fv2%2Fcomments&post=2197"}],"version-history":[{"count":1,"href":"https:\/\/lafuente.mx\/index.php?rest_route=\/wp\/v2\/posts\/2197\/revisions"}],"predecessor-version":[{"id":2199,"href":"https:\/\/lafuente.mx\/index.php?rest_route=\/wp\/v2\/posts\/2197\/revisions\/2199"}],"wp:featuredmedia":[{"embeddable":true,"href":"https:\/\/lafuente.mx\/index.php?rest_route=\/wp\/v2\/media\/2198"}],"wp:attachment":[{"href":"https:\/\/lafuente.mx\/index.php?rest_route=%2Fwp%2Fv2%2Fmedia&parent=2197"}],"wp:term":[{"taxonomy":"category","embeddable":true,"href":"https:\/\/lafuente.mx\/index.php?rest_route=%2Fwp%2Fv2%2Fcategories&post=2197"},{"taxonomy":"post_tag","embeddable":true,"href":"https:\/\/lafuente.mx\/index.php?rest_route=%2Fwp%2Fv2%2Ftags&post=2197"}],"curies":[{"name":"wp","href":"https:\/\/api.w.org\/{rel}","templated":true}]}}