{"id":2178,"date":"2024-03-30T21:10:59","date_gmt":"2024-03-30T21:10:59","guid":{"rendered":"https:\/\/lafuente.mx\/?p=2178"},"modified":"2024-04-09T20:50:30","modified_gmt":"2024-04-09T20:50:30","slug":"estres-puede-evolucionar-a-ansiedad-y-depresion-instituto-nacional-de-psiquiatria","status":"publish","type":"post","link":"https:\/\/lafuente.mx\/?p=2178","title":{"rendered":"Estr\u00e9s puede evolucionar a ansiedad y depresi\u00f3n: Instituto Nacional de Psiquiatr\u00eda\u00a0"},"content":{"rendered":"\n<hr class=\"wp-block-separator has-alpha-channel-opacity\"\/>\n\n\n\n<figure class=\"wp-block-image size-large\"><img decoding=\"async\" loading=\"lazy\" width=\"640\" height=\"427\" src=\"https:\/\/i0.wp.com\/lafuente.mx\/wp-content\/uploads\/2024\/03\/pexels-photo-6383158-1024x683.webp?resize=640%2C427&#038;ssl=1\" alt=\"\" class=\"wp-image-2179\" srcset=\"https:\/\/i0.wp.com\/lafuente.mx\/wp-content\/uploads\/2024\/03\/pexels-photo-6383158.webp?resize=1024%2C683&amp;ssl=1 1024w, https:\/\/i0.wp.com\/lafuente.mx\/wp-content\/uploads\/2024\/03\/pexels-photo-6383158.webp?resize=300%2C200&amp;ssl=1 300w, https:\/\/i0.wp.com\/lafuente.mx\/wp-content\/uploads\/2024\/03\/pexels-photo-6383158.webp?resize=768%2C512&amp;ssl=1 768w, https:\/\/i0.wp.com\/lafuente.mx\/wp-content\/uploads\/2024\/03\/pexels-photo-6383158.webp?w=1125&amp;ssl=1 1125w\" sizes=\"(max-width: 640px) 100vw, 640px\" data-recalc-dims=\"1\" \/><\/figure>\n\n\n\n<p>Las personas que est\u00e1n sometidas a situaciones de estr\u00e9s de forma constante pueden presentar alteraciones emocionales o psiqui\u00e1tricas que progresan a problemas m\u00e1s serios como ansiedad y depresi\u00f3n, por lo que es necesario que reciban atenci\u00f3n por un profesional de la salud mental para que les ayude a adaptarse a los cambios y enfrentar las dificultades.&nbsp;<\/p>\n\n\n\n<p>Los problemas de salud mental generados por el estr\u00e9s pueden ser prevenibles; no obstante, cuando se presentan, deben diagnosticarse y tratarse de forma oportuna, advirtieron especialistas en Neurobiolog\u00eda de la Direcci\u00f3n de Investigaci\u00f3n en Neurociencias del Instituto Nacional de Psiquiatr\u00eda Ram\u00f3n de la Fuente Mu\u00f1iz (INPRFM).<\/p>\n\n\n\n<p>En el segundo d\u00eda de actividades de la Semana del Cerebro, realizada en el INPRFM, alertaron que, en muchos casos, pasan hasta cinco a\u00f1os o m\u00e1s para que la o el paciente solicite atenci\u00f3n m\u00e9dica, debido a que creen que puede ser normal tener cambios en el estado de \u00e1nimo, tristeza y p\u00e9rdida del placer.<\/p>\n\n\n\n<hr class=\"wp-block-separator has-alpha-channel-opacity\"\/>\n\n\n\n<div class=\"wp-block-buttons is-layout-flex wp-block-buttons-is-layout-flex\">\n<div class=\"wp-block-button\"><a class=\"wp-block-button__link has-cyan-bluish-gray-background-color has-background wp-element-button\" href=\"https:\/\/www.masnoticias.mx\/estres-puede-evolucionar-a-ansiedad-y-depresion-instituto-nacional-de-psiquiatria\/\">M\u00e1s informaci\u00f3n <\/a><\/div>\n<\/div>\n\n\n\n<p><\/p>\n","protected":false},"excerpt":{"rendered":"<p>Las personas que est\u00e1n sometidas a situaciones de estr\u00e9s de forma constante pueden presentar alteraciones emocionales o psiqui\u00e1tricas que progresan a problemas m\u00e1s serios como<\/p>\n","protected":false},"author":4,"featured_media":2179,"comment_status":"closed","ping_status":"closed","sticky":false,"template":"","format":"standard","meta":{"footnotes":"","jetpack_publicize_message":"","jetpack_is_tweetstorm":false,"jetpack_publicize_feature_enabled":true},"categories":[3],"tags":[34,87,79,21,123,32],"jetpack_publicize_connections":[],"yoast_head":"<!-- This site is optimized with the Yoast SEO plugin v19.4 - https:\/\/yoast.com\/wordpress\/plugins\/seo\/ -->\n<title>Estr\u00e9s puede evolucionar a ansiedad y depresi\u00f3n: Instituto Nacional de Psiquiatr\u00eda\u00a0 -<\/title>\n<meta name=\"description\" content=\"Los problemas de salud mental generados por el estr\u00e9s pueden ser prevenibles; no obstante, cuando se presentan, deben diagnosticarse y tratarse de forma oportuna, advirtieron especialistas en Neurobiolog\u00eda de la Direcci\u00f3n de Investigaci\u00f3n en Neurociencias del Instituto Nacional de Psiquiatr\u00eda Ram\u00f3n de la Fuente Mu\u00f1iz (INPRFM).\" \/>\n<meta name=\"robots\" content=\"index, follow, max-snippet:-1, max-image-preview:large, max-video-preview:-1\" \/>\n<link rel=\"canonical\" href=\"https:\/\/lafuente.mx\/?p=2178\" \/>\n<meta property=\"og:locale\" content=\"es_MX\" \/>\n<meta property=\"og:type\" content=\"article\" \/>\n<meta property=\"og:title\" content=\"Estr\u00e9s puede evolucionar a ansiedad y depresi\u00f3n: Instituto Nacional de Psiquiatr\u00eda\" \/>\n<meta property=\"og:description\" content=\"Los problemas de salud mental generados por el estr\u00e9s pueden ser prevenibles; no obstante, cuando se presentan, deben diagnosticarse y tratarse de forma oportuna, advirtieron especialistas en Neurobiolog\u00eda de la Direcci\u00f3n de Investigaci\u00f3n en Neurociencias del Instituto Nacional de Psiquiatr\u00eda Ram\u00f3n de la Fuente Mu\u00f1iz (INPRFM).\" \/>\n<meta property=\"og:url\" content=\"https:\/\/lafuente.mx\/?p=2178\" \/>\n<meta property=\"article:published_time\" content=\"2024-03-30T21:10:59+00:00\" \/>\n<meta property=\"article:modified_time\" content=\"2024-04-09T20:50:30+00:00\" \/>\n<meta property=\"og:image\" content=\"http:\/\/lafuente.mx\/wp-content\/uploads\/2024\/03\/pexels-photo-6383158.webp\" \/>\n\t<meta property=\"og:image:width\" content=\"1125\" \/>\n\t<meta property=\"og:image:height\" content=\"750\" \/>\n\t<meta property=\"og:image:type\" content=\"image\/webp\" \/>\n<meta name=\"author\" content=\"Dulce Mej\u00eda\" \/>\n<meta name=\"twitter:card\" content=\"summary_large_image\" \/>\n<meta name=\"twitter:title\" content=\"Estr\u00e9s puede evolucionar a ansiedad y depresi\u00f3n: Instituto Nacional de Psiquiatr\u00eda\" \/>\n<meta name=\"twitter:description\" content=\"Los problemas de salud mental generados por el estr\u00e9s pueden ser prevenibles; no obstante, cuando se presentan, deben diagnosticarse y tratarse de forma oportuna, advirtieron especialistas en Neurobiolog\u00eda de la Direcci\u00f3n de Investigaci\u00f3n en Neurociencias del Instituto Nacional de Psiquiatr\u00eda Ram\u00f3n de la Fuente Mu\u00f1iz (INPRFM).\" \/>\n<meta name=\"twitter:image\" content=\"https:\/\/i0.wp.com\/lafuente.mx\/wp-content\/uploads\/2024\/03\/pexels-photo-6383158.webp?fit=1125%2C750&ssl=1\" \/>\n<meta name=\"twitter:label1\" content=\"Escrito por\" \/>\n\t<meta name=\"twitter:data1\" content=\"Dulce Mej\u00eda\" \/>\n\t<meta name=\"twitter:label2\" content=\"Tiempo de lectura\" \/>\n\t<meta name=\"twitter:data2\" content=\"1 minuto\" \/>\n<script type=\"application\/ld+json\" class=\"yoast-schema-graph\">{\"@context\":\"https:\/\/schema.org\",\"@graph\":[{\"@type\":\"WebSite\",\"@id\":\"https:\/\/lafuente.mx\/#website\",\"url\":\"https:\/\/lafuente.mx\/\",\"name\":\"\",\"description\":\"Informaci\u00f3n confiable sobre salud mental\",\"potentialAction\":[{\"@type\":\"SearchAction\",\"target\":{\"@type\":\"EntryPoint\",\"urlTemplate\":\"https:\/\/lafuente.mx\/?s={search_term_string}\"},\"query-input\":\"required name=search_term_string\"}],\"inLanguage\":\"es-MX\"},{\"@type\":\"WebPage\",\"@id\":\"https:\/\/lafuente.mx\/?p=2178\",\"url\":\"https:\/\/lafuente.mx\/?p=2178\",\"name\":\"Estr\u00e9s puede evolucionar a ansiedad y depresi\u00f3n: Instituto Nacional de Psiquiatr\u00eda\u00a0 -\",\"isPartOf\":{\"@id\":\"https:\/\/lafuente.mx\/#website\"},\"datePublished\":\"2024-03-30T21:10:59+00:00\",\"dateModified\":\"2024-04-09T20:50:30+00:00\",\"author\":{\"@id\":\"https:\/\/lafuente.mx\/#\/schema\/person\/3d955fc59bdde69c58c472f876eff3d0\"},\"description\":\"Los problemas de salud mental generados por el estr\u00e9s pueden ser prevenibles; no obstante, cuando se presentan, deben diagnosticarse y tratarse de forma oportuna, advirtieron especialistas en Neurobiolog\u00eda de la Direcci\u00f3n de Investigaci\u00f3n en Neurociencias del Instituto Nacional de Psiquiatr\u00eda Ram\u00f3n de la Fuente Mu\u00f1iz (INPRFM).\",\"breadcrumb\":{\"@id\":\"https:\/\/lafuente.mx\/?p=2178#breadcrumb\"},\"inLanguage\":\"es-MX\",\"potentialAction\":[{\"@type\":\"ReadAction\",\"target\":[\"https:\/\/lafuente.mx\/?p=2178\"]}]},{\"@type\":\"BreadcrumbList\",\"@id\":\"https:\/\/lafuente.mx\/?p=2178#breadcrumb\",\"itemListElement\":[{\"@type\":\"ListItem\",\"position\":1,\"name\":\"Inicio\",\"item\":\"https:\/\/lafuente.mx\/\"},{\"@type\":\"ListItem\",\"position\":2,\"name\":\"Estr\u00e9s puede evolucionar a ansiedad y depresi\u00f3n: Instituto Nacional de Psiquiatr\u00eda\u00a0\"}]},{\"@type\":\"Person\",\"@id\":\"https:\/\/lafuente.mx\/#\/schema\/person\/3d955fc59bdde69c58c472f876eff3d0\",\"name\":\"Dulce Mej\u00eda\",\"image\":{\"@type\":\"ImageObject\",\"inLanguage\":\"es-MX\",\"@id\":\"https:\/\/lafuente.mx\/#\/schema\/person\/image\/\",\"url\":\"https:\/\/secure.gravatar.com\/avatar\/ac18ba66bc268059d08604edcad3c82b?s=96&d=mm&r=g\",\"contentUrl\":\"https:\/\/secure.gravatar.com\/avatar\/ac18ba66bc268059d08604edcad3c82b?s=96&d=mm&r=g\",\"caption\":\"Dulce Mej\u00eda\"},\"url\":\"https:\/\/lafuente.mx\/?author=4\"}]}<\/script>\n<!-- \/ Yoast SEO plugin. -->","yoast_head_json":{"title":"Estr\u00e9s puede evolucionar a ansiedad y depresi\u00f3n: Instituto Nacional de Psiquiatr\u00eda\u00a0 -","description":"Los problemas de salud mental generados por el estr\u00e9s pueden ser prevenibles; no obstante, cuando se presentan, deben diagnosticarse y tratarse de forma oportuna, advirtieron especialistas en Neurobiolog\u00eda de la Direcci\u00f3n de Investigaci\u00f3n en Neurociencias del Instituto Nacional de Psiquiatr\u00eda Ram\u00f3n de la Fuente Mu\u00f1iz (INPRFM).","robots":{"index":"index","follow":"follow","max-snippet":"max-snippet:-1","max-image-preview":"max-image-preview:large","max-video-preview":"max-video-preview:-1"},"canonical":"https:\/\/lafuente.mx\/?p=2178","og_locale":"es_MX","og_type":"article","og_title":"Estr\u00e9s puede evolucionar a ansiedad y depresi\u00f3n: Instituto Nacional de Psiquiatr\u00eda","og_description":"Los problemas de salud mental generados por el estr\u00e9s pueden ser prevenibles; no obstante, cuando se presentan, deben diagnosticarse y tratarse de forma oportuna, advirtieron especialistas en Neurobiolog\u00eda de la Direcci\u00f3n de Investigaci\u00f3n en Neurociencias del Instituto Nacional de Psiquiatr\u00eda Ram\u00f3n de la Fuente Mu\u00f1iz (INPRFM).","og_url":"https:\/\/lafuente.mx\/?p=2178","article_published_time":"2024-03-30T21:10:59+00:00","article_modified_time":"2024-04-09T20:50:30+00:00","og_image":[{"width":1125,"height":750,"url":"http:\/\/lafuente.mx\/wp-content\/uploads\/2024\/03\/pexels-photo-6383158.webp","type":"image\/webp"}],"author":"Dulce Mej\u00eda","twitter_card":"summary_large_image","twitter_title":"Estr\u00e9s puede evolucionar a ansiedad y depresi\u00f3n: Instituto Nacional de Psiquiatr\u00eda","twitter_description":"Los problemas de salud mental generados por el estr\u00e9s pueden ser prevenibles; no obstante, cuando se presentan, deben diagnosticarse y tratarse de forma oportuna, advirtieron especialistas en Neurobiolog\u00eda de la Direcci\u00f3n de Investigaci\u00f3n en Neurociencias del Instituto Nacional de Psiquiatr\u00eda Ram\u00f3n de la Fuente Mu\u00f1iz (INPRFM).","twitter_image":"https:\/\/i0.wp.com\/lafuente.mx\/wp-content\/uploads\/2024\/03\/pexels-photo-6383158.webp?fit=1125%2C750&ssl=1","twitter_misc":{"Escrito por":"Dulce Mej\u00eda","Tiempo de lectura":"1 minuto"},"schema":{"@context":"https:\/\/schema.org","@graph":[{"@type":"WebSite","@id":"https:\/\/lafuente.mx\/#website","url":"https:\/\/lafuente.mx\/","name":"","description":"Informaci\u00f3n confiable sobre salud mental","potentialAction":[{"@type":"SearchAction","target":{"@type":"EntryPoint","urlTemplate":"https:\/\/lafuente.mx\/?s={search_term_string}"},"query-input":"required name=search_term_string"}],"inLanguage":"es-MX"},{"@type":"WebPage","@id":"https:\/\/lafuente.mx\/?p=2178","url":"https:\/\/lafuente.mx\/?p=2178","name":"Estr\u00e9s puede evolucionar a ansiedad y depresi\u00f3n: Instituto Nacional de Psiquiatr\u00eda\u00a0 -","isPartOf":{"@id":"https:\/\/lafuente.mx\/#website"},"datePublished":"2024-03-30T21:10:59+00:00","dateModified":"2024-04-09T20:50:30+00:00","author":{"@id":"https:\/\/lafuente.mx\/#\/schema\/person\/3d955fc59bdde69c58c472f876eff3d0"},"description":"Los problemas de salud mental generados por el estr\u00e9s pueden ser prevenibles; no obstante, cuando se presentan, deben diagnosticarse y tratarse de forma oportuna, advirtieron especialistas en Neurobiolog\u00eda de la Direcci\u00f3n de Investigaci\u00f3n en Neurociencias del Instituto Nacional de Psiquiatr\u00eda Ram\u00f3n de la Fuente Mu\u00f1iz (INPRFM).","breadcrumb":{"@id":"https:\/\/lafuente.mx\/?p=2178#breadcrumb"},"inLanguage":"es-MX","potentialAction":[{"@type":"ReadAction","target":["https:\/\/lafuente.mx\/?p=2178"]}]},{"@type":"BreadcrumbList","@id":"https:\/\/lafuente.mx\/?p=2178#breadcrumb","itemListElement":[{"@type":"ListItem","position":1,"name":"Inicio","item":"https:\/\/lafuente.mx\/"},{"@type":"ListItem","position":2,"name":"Estr\u00e9s puede evolucionar a ansiedad y depresi\u00f3n: Instituto Nacional de Psiquiatr\u00eda\u00a0"}]},{"@type":"Person","@id":"https:\/\/lafuente.mx\/#\/schema\/person\/3d955fc59bdde69c58c472f876eff3d0","name":"Dulce Mej\u00eda","image":{"@type":"ImageObject","inLanguage":"es-MX","@id":"https:\/\/lafuente.mx\/#\/schema\/person\/image\/","url":"https:\/\/secure.gravatar.com\/avatar\/ac18ba66bc268059d08604edcad3c82b?s=96&d=mm&r=g","contentUrl":"https:\/\/secure.gravatar.com\/avatar\/ac18ba66bc268059d08604edcad3c82b?s=96&d=mm&r=g","caption":"Dulce Mej\u00eda"},"url":"https:\/\/lafuente.mx\/?author=4"}]}},"jetpack_featured_media_url":"https:\/\/i0.wp.com\/lafuente.mx\/wp-content\/uploads\/2024\/03\/pexels-photo-6383158.webp?fit=1125%2C750&ssl=1","jetpack-related-posts":[{"id":548,"url":"https:\/\/lafuente.mx\/?p=548","url_meta":{"origin":2178,"position":0},"title":"Meta preocupaci\u00f3n, ansiedad y depresi\u00f3n en la pandemia del coronavirus 2019 (COVID-19): Brasil, junio de 2020","date":"noviembre 10, 2022","format":false,"excerpt":"Luana CristinaSilva-Santos,1 Ma\u00edsa Carvalho Silva,2 Andr\u00e9 Faro\u00a0 1 Post-Graduate Program in Psychology, Federal University of Sergipe, Psychology Department, University Center Est\u00e1cio of Sergipe, Sergipe, Brazil.\u00a0 2 Psychology Department, Federal University of Sergipe, Sergipe, Brazil.\u00a0 3 Post-Graduate Program in Psychology and Psychology Department, Federal University of Sergipe, Sergipe, Brazil.\u00a0 Introducci\u00f3n. Las\u2026","rel":"","context":"En &quot;Revista Salud Mental&quot;","img":{"alt_text":"","src":"https:\/\/i0.wp.com\/lafuente.mx\/wp-content\/uploads\/2022\/11\/DSC_0292-scaled-e1668114278872.jpg?fit=700%2C465&ssl=1&resize=350%2C200","width":350,"height":200},"classes":[]},{"id":1510,"url":"https:\/\/lafuente.mx\/?p=1510","url_meta":{"origin":2178,"position":1},"title":"En M\u00e9xico, 3.6 millones de personas adultas padecen depresi\u00f3n\u00a0","date":"julio 25, 2023","format":false,"excerpt":"Pandemia de COVID-19 aument\u00f3 a m\u00e1s del doble la prevalencia de estos problemas de salud, en comparaci\u00f3n con lo observado antes de 2019 Secretar\u00eda de Salud | 03 de julio de 2023\u00a0 La depresi\u00f3n es un trastorno mental caracterizado por disminuci\u00f3n del estado de \u00e1nimo, sentimientos de tristeza, dificultad para\u2026","rel":"","context":"En &quot;Noticias&quot;","img":{"alt_text":"","src":"https:\/\/i0.wp.com\/lafuente.mx\/wp-content\/uploads\/2023\/07\/depresion.jpeg?fit=1000%2C667&ssl=1&resize=350%2C200","width":350,"height":200},"classes":[]},{"id":3171,"url":"https:\/\/lafuente.mx\/?p=3171","url_meta":{"origin":2178,"position":2},"title":"No es s\u00f3lo estr\u00e9s: entendiendo la ansiedad","date":"agosto 4, 2025","format":false,"excerpt":"\u2060CONVERSATORIO Hablemos de salud mental 11 de agosto a las 12:00 horas, M\u00e9xico PONENTES: Dra. Sol Durand AriasDr. C\u00e9sar Amaury S\u00e1nchez Aguilar La ansiedad\u00a0es una emoci\u00f3n normal que experimentamos ante situaciones de peligro o estr\u00e9s, pero se convierte en un problema cuando es intensa, persistente y afecta la vida diaria.\u00a0\u2026","rel":"","context":"En &quot;Eventos Acad\u00e9micos del INPRFM&quot;","img":{"alt_text":"","src":"https:\/\/i0.wp.com\/lafuente.mx\/wp-content\/uploads\/2025\/08\/WhatsApp-Image-2025-07-29-at-1.22.10-PM.jpeg?fit=1200%2C900&ssl=1&resize=350%2C200","width":350,"height":200},"classes":[]},{"id":2039,"url":"https:\/\/lafuente.mx\/?p=2039","url_meta":{"origin":2178,"position":3},"title":"Consumo de productos ultraprocesados se asocia con cuadros de depresi\u00f3n y ansiedad\u00a0","date":"enero 24, 2024","format":false,"excerpt":"Activan un neurotransmisor llamado dopamina, que proporciona sensaci\u00f3n de placer; esto genera la necesidad de seguirlos consumiendo\u00a0 Secretar\u00eda de Salud | 16 de enero de 2024 | Nacional\u00a0 Es recomendable tomar como base de la alimentaci\u00f3n diaria el Plato del Bien Comer o las gu\u00edas alimentarias https:\/\/bit.ly\/3RYEHz2\u00a0 Ana Rosa Garc\u00eda,\u2026","rel":"","context":"En &quot;Noticias&quot;","img":{"alt_text":"","src":"https:\/\/i0.wp.com\/lafuente.mx\/wp-content\/uploads\/2024\/01\/platoBuen-comer.webp?fit=800%2C600&ssl=1&resize=350%2C200","width":350,"height":200},"classes":[]},{"id":1206,"url":"https:\/\/lafuente.mx\/?p=1206","url_meta":{"origin":2178,"position":4},"title":"En M\u00e9xico, dos de cada diez mujeres presentan depresi\u00f3n durante el embarazo o despu\u00e9s del parto\u00a0","date":"mayo 12, 2023","format":false,"excerpt":"En M\u00e9xico, dos de cada 10 mujeres\u00a0desarrollan\u00a0depresi\u00f3n\u00a0durante el embarazo y\u00a0durante\u00a0el primer a\u00f1o tras el parto,\u00a0y 75 por ciento\u00a0de ellas\u00a0no son diagnosticadas, no\u00a0reciben el tratamiento ni la atenci\u00f3n adecuada,\u00a0inform\u00f3\u00a0la investigadora en Ciencias M\u00e9dicas\u00a0del\u00a0Instituto Nacional de Psiquiatr\u00eda\u00a0Ram\u00f3n de la Fuente Mu\u00f1iz (INPRFM), Laura Elena Navarrete Reyes.\u00a0 Dijo que la falta de atenci\u00f3n\u2026","rel":"","context":"En &quot;Noticias&quot;","img":{"alt_text":"","src":"https:\/\/i0.wp.com\/lafuente.mx\/wp-content\/uploads\/2023\/05\/depresion_postparto.png?fit=1200%2C675&ssl=1&resize=350%2C200","width":350,"height":200},"classes":[]},{"id":2599,"url":"https:\/\/lafuente.mx\/?p=2599","url_meta":{"origin":2178,"position":5},"title":"Primer Encuentro de Psicodelia en M\u00e9xico a favor de la Salud Mental\u00a0","date":"octubre 22, 2024","format":false,"excerpt":"29 y 30 de noviembre, 2024 En un contexto donde la crisis de salud mental afecta a millones de personas a nivel global, M\u00e9xico se posiciona como un referente para la investigaci\u00f3n y el desarrollo de terapias alternativas con bases cient\u00edficas.\u00a0 15 de octubre Una soluci\u00f3n ancestral a una crisis\u2026","rel":"","context":"En &quot;Noticias&quot;","img":{"alt_text":"","src":"https:\/\/i0.wp.com\/lafuente.mx\/wp-content\/uploads\/2024\/10\/Captura-de-pantalla-2024-10-22-a-las-9.34.35.png?fit=1120%2C1200&ssl=1&resize=350%2C200","width":350,"height":200},"classes":[]}],"jetpack_sharing_enabled":true,"jetpack_shortlink":"https:\/\/wp.me\/pe9WUx-z8","_links":{"self":[{"href":"https:\/\/lafuente.mx\/index.php?rest_route=\/wp\/v2\/posts\/2178"}],"collection":[{"href":"https:\/\/lafuente.mx\/index.php?rest_route=\/wp\/v2\/posts"}],"about":[{"href":"https:\/\/lafuente.mx\/index.php?rest_route=\/wp\/v2\/types\/post"}],"author":[{"embeddable":true,"href":"https:\/\/lafuente.mx\/index.php?rest_route=\/wp\/v2\/users\/4"}],"replies":[{"embeddable":true,"href":"https:\/\/lafuente.mx\/index.php?rest_route=%2Fwp%2Fv2%2Fcomments&post=2178"}],"version-history":[{"count":2,"href":"https:\/\/lafuente.mx\/index.php?rest_route=\/wp\/v2\/posts\/2178\/revisions"}],"predecessor-version":[{"id":2184,"href":"https:\/\/lafuente.mx\/index.php?rest_route=\/wp\/v2\/posts\/2178\/revisions\/2184"}],"wp:featuredmedia":[{"embeddable":true,"href":"https:\/\/lafuente.mx\/index.php?rest_route=\/wp\/v2\/media\/2179"}],"wp:attachment":[{"href":"https:\/\/lafuente.mx\/index.php?rest_route=%2Fwp%2Fv2%2Fmedia&parent=2178"}],"wp:term":[{"taxonomy":"category","embeddable":true,"href":"https:\/\/lafuente.mx\/index.php?rest_route=%2Fwp%2Fv2%2Fcategories&post=2178"},{"taxonomy":"post_tag","embeddable":true,"href":"https:\/\/lafuente.mx\/index.php?rest_route=%2Fwp%2Fv2%2Ftags&post=2178"}],"curies":[{"name":"wp","href":"https:\/\/api.w.org\/{rel}","templated":true}]}}