{"id":2164,"date":"2024-03-24T04:08:46","date_gmt":"2024-03-24T04:08:46","guid":{"rendered":"https:\/\/lafuente.mx\/?p=2164"},"modified":"2024-04-03T19:35:46","modified_gmt":"2024-04-03T19:35:46","slug":"terapia-de-activacion-conductual-en-los-trastornos-depresivos","status":"publish","type":"post","link":"https:\/\/lafuente.mx\/?p=2164","title":{"rendered":"Terapia de Activaci\u00f3n Conductual en los trastornos depresivos"},"content":{"rendered":"\n<hr class=\"wp-block-separator has-alpha-channel-opacity\"\/>\n\n\n\n<p class=\"has-text-align-center has-text-color has-large-font-size\" style=\"color:#3f6477\"><strong>Del 1 al 12 de abril de 2024<\/strong><\/p>\n\n\n\n<p class=\"has-text-color has-medium-font-size\" style=\"color:#3f6477\">Coordina:<br><strong>Dra. Jessica Zapata T\u00e9llez<\/strong><\/p>\n\n\n\n<p class=\"has-text-color has-medium-font-size\" style=\"color:#3f6477\">Dirigido a:<strong><br>Dirigido a pasantes de psicolog\u00eda, (pr\u00e1cticas profesionales y servicio social), estudiantes de posgrado en psicoterapia, residentes y especialistas en psiquiatr\u00eda<\/strong><\/p>\n\n\n\n<hr class=\"wp-block-separator has-text-color has-vivid-cyan-blue-color has-alpha-channel-opacity has-vivid-cyan-blue-background-color has-background\"\/>\n\n\n\n<figure class=\"wp-block-image size-large\"><img decoding=\"async\" loading=\"lazy\" width=\"640\" height=\"427\" src=\"https:\/\/i0.wp.com\/lafuente.mx\/wp-content\/uploads\/2024\/03\/pexels-shvets-production-7176026-1024x683.jpg?resize=640%2C427&#038;ssl=1\" alt=\"\" class=\"wp-image-2165\" srcset=\"https:\/\/i0.wp.com\/lafuente.mx\/wp-content\/uploads\/2024\/03\/pexels-shvets-production-7176026-scaled.jpg?resize=1024%2C683&amp;ssl=1 1024w, https:\/\/i0.wp.com\/lafuente.mx\/wp-content\/uploads\/2024\/03\/pexels-shvets-production-7176026-scaled.jpg?resize=300%2C200&amp;ssl=1 300w, https:\/\/i0.wp.com\/lafuente.mx\/wp-content\/uploads\/2024\/03\/pexels-shvets-production-7176026-scaled.jpg?resize=768%2C512&amp;ssl=1 768w, https:\/\/i0.wp.com\/lafuente.mx\/wp-content\/uploads\/2024\/03\/pexels-shvets-production-7176026-scaled.jpg?resize=1536%2C1024&amp;ssl=1 1536w, https:\/\/i0.wp.com\/lafuente.mx\/wp-content\/uploads\/2024\/03\/pexels-shvets-production-7176026-scaled.jpg?resize=2048%2C1365&amp;ssl=1 2048w, https:\/\/i0.wp.com\/lafuente.mx\/wp-content\/uploads\/2024\/03\/pexels-shvets-production-7176026-scaled.jpg?w=1280 1280w, https:\/\/i0.wp.com\/lafuente.mx\/wp-content\/uploads\/2024\/03\/pexels-shvets-production-7176026-scaled.jpg?w=1920 1920w\" sizes=\"(max-width: 640px) 100vw, 640px\" data-recalc-dims=\"1\" \/><\/figure>\n\n\n\n<p class=\"has-text-color has-medium-font-size\" style=\"color:#385666\">Objetivo general:<br><strong>Revisar los procedimientos para la aplicaci\u00f3n de la terapia de activaci\u00f3n conductual, entidades diagn\u00f3sticas para su aplicaci\u00f3n y reconocer las estrategias para la resoluci\u00f3n de obst\u00e1culos en la activaci\u00f3n conductual<\/strong><\/p>\n\n\n\n<p class=\"has-text-color has-medium-font-size\" style=\"color:#385666\"><strong>Tem\u00e1ticas:<\/strong><\/p>\n\n\n\n<p class=\"has-text-color has-medium-font-size\" style=\"color:#385666\">Modelo conductual de la depresi\u00f3n<\/p>\n\n\n\n<p class=\"has-text-color has-medium-font-size\" style=\"color:#385666\">Monitorizaci\u00f3n de actividades<\/p>\n\n\n\n<p class=\"has-text-color has-medium-font-size\" style=\"color:#385666\">Valoraci\u00f3n de objetivos<\/p>\n\n\n\n<p class=\"has-text-color has-medium-font-size\" style=\"color:#385666\">Activaci\u00f3n simple y compleja<\/p>\n\n\n\n<hr class=\"wp-block-separator has-text-color has-cyan-bluish-gray-color has-alpha-channel-opacity has-cyan-bluish-gray-background-color has-background\"\/>\n\n\n\n<p class=\"has-text-color has-medium-font-size\" style=\"color:#385666\"><strong>Acceso libre las 24 horas en Google Classroom + sesiones interactivas en tiempo real&nbsp;<\/strong><\/p>\n\n\n\n<p class=\"has-text-color has-medium-font-size\" style=\"color:#385666\"><strong>Sin costo, cupo limitado&nbsp;<\/strong><\/p>\n\n\n\n<p class=\"has-text-color has-medium-font-size\" style=\"color:#385666\"><strong>20 h (aval INPRFM)&nbsp;<\/strong><\/p>\n\n\n\n<hr class=\"wp-block-separator has-text-color has-cyan-bluish-gray-color has-alpha-channel-opacity has-cyan-bluish-gray-background-color has-background\"\/>\n\n\n\n<p>Los invitamos a estar atentos a la inscripci\u00f3n de nuestros cursos que <strong>se abrir\u00e1 una semana previa de su inicio a las&nbsp;9:00 horas en nuestras redes sociales @INPRFM;<\/strong>&nbsp;es importante mencionarles que tiene cupo limitado, por lo que llega a cubrirse en cuesti\u00f3n de minutos despu\u00e9s de su publicaci\u00f3n, por lo que les recomendamos tener a la mano su t\u00edtulo y\/o c\u00e9dula porque se lo solicitar\u00e1n en el registro.&nbsp;&nbsp;<\/p>\n","protected":false},"excerpt":{"rendered":"<p>Del 1 al 12 de abril de 2024 Coordina:Dra. Jessica Zapata T\u00e9llez Dirigido a:Dirigido a pasantes de psicolog\u00eda, (pr\u00e1cticas profesionales y servicio social), estudiantes de<\/p>\n","protected":false},"author":4,"featured_media":2165,"comment_status":"closed","ping_status":"closed","sticky":false,"template":"","format":"standard","meta":{"footnotes":"","jetpack_publicize_message":"","jetpack_is_tweetstorm":false,"jetpack_publicize_feature_enabled":true},"categories":[6],"tags":[612,312,21,32,330],"jetpack_publicize_connections":[],"yoast_head":"<!-- This site is optimized with the Yoast SEO plugin v19.4 - https:\/\/yoast.com\/wordpress\/plugins\/seo\/ -->\n<title>Terapia de Activaci\u00f3n Conductual en los trastornos depresivos -<\/title>\n<meta name=\"robots\" content=\"index, follow, max-snippet:-1, max-image-preview:large, max-video-preview:-1\" \/>\n<link rel=\"canonical\" href=\"https:\/\/lafuente.mx\/?p=2164\" \/>\n<meta property=\"og:locale\" content=\"es_MX\" \/>\n<meta property=\"og:type\" content=\"article\" \/>\n<meta property=\"og:title\" content=\"Terapia de Activaci\u00f3n Conductual en los trastornos depresivos\" \/>\n<meta property=\"og:description\" content=\"Revisar los procedimientos para la aplicaci\u00f3n de la terapia de activaci\u00f3n conductual, entidades diagn\u00f3sticas para su aplicaci\u00f3n y reconocer las estrategias para la resoluci\u00f3n de obst\u00e1culos en la activaci\u00f3n conductual\" \/>\n<meta property=\"og:url\" content=\"https:\/\/lafuente.mx\/?p=2164\" \/>\n<meta property=\"article:published_time\" content=\"2024-03-24T04:08:46+00:00\" \/>\n<meta property=\"article:modified_time\" content=\"2024-04-03T19:35:46+00:00\" \/>\n<meta property=\"og:image\" content=\"http:\/\/lafuente.mx\/wp-content\/uploads\/2024\/03\/pexels-shvets-production-7176026-scaled.jpg\" \/>\n\t<meta property=\"og:image:width\" content=\"2560\" \/>\n\t<meta property=\"og:image:height\" content=\"1707\" \/>\n\t<meta property=\"og:image:type\" content=\"image\/jpeg\" \/>\n<meta name=\"author\" content=\"Dulce Mej\u00eda\" \/>\n<meta name=\"twitter:card\" content=\"summary_large_image\" \/>\n<meta name=\"twitter:title\" content=\"Terapia de Activaci\u00f3n Conductual en los trastornos depresivos\" \/>\n<meta name=\"twitter:description\" content=\"Revisar los procedimientos para la aplicaci\u00f3n de la terapia de activaci\u00f3n conductual, entidades diagn\u00f3sticas para su aplicaci\u00f3n y reconocer las estrategias para la resoluci\u00f3n de obst\u00e1culos en la activaci\u00f3n conductual\" \/>\n<meta name=\"twitter:image\" content=\"https:\/\/i0.wp.com\/lafuente.mx\/wp-content\/uploads\/2024\/03\/pexels-shvets-production-7176026-scaled.jpg?fit=2560%2C1707&ssl=1\" \/>\n<meta name=\"twitter:label1\" content=\"Escrito por\" \/>\n\t<meta name=\"twitter:data1\" content=\"Dulce Mej\u00eda\" \/>\n\t<meta name=\"twitter:label2\" content=\"Tiempo de lectura\" \/>\n\t<meta name=\"twitter:data2\" content=\"1 minuto\" \/>\n<script type=\"application\/ld+json\" class=\"yoast-schema-graph\">{\"@context\":\"https:\/\/schema.org\",\"@graph\":[{\"@type\":\"WebSite\",\"@id\":\"https:\/\/lafuente.mx\/#website\",\"url\":\"https:\/\/lafuente.mx\/\",\"name\":\"\",\"description\":\"Informaci\u00f3n confiable sobre salud mental\",\"potentialAction\":[{\"@type\":\"SearchAction\",\"target\":{\"@type\":\"EntryPoint\",\"urlTemplate\":\"https:\/\/lafuente.mx\/?s={search_term_string}\"},\"query-input\":\"required name=search_term_string\"}],\"inLanguage\":\"es-MX\"},{\"@type\":\"WebPage\",\"@id\":\"https:\/\/lafuente.mx\/?p=2164\",\"url\":\"https:\/\/lafuente.mx\/?p=2164\",\"name\":\"Terapia de Activaci\u00f3n Conductual en los trastornos depresivos -\",\"isPartOf\":{\"@id\":\"https:\/\/lafuente.mx\/#website\"},\"datePublished\":\"2024-03-24T04:08:46+00:00\",\"dateModified\":\"2024-04-03T19:35:46+00:00\",\"author\":{\"@id\":\"https:\/\/lafuente.mx\/#\/schema\/person\/3d955fc59bdde69c58c472f876eff3d0\"},\"breadcrumb\":{\"@id\":\"https:\/\/lafuente.mx\/?p=2164#breadcrumb\"},\"inLanguage\":\"es-MX\",\"potentialAction\":[{\"@type\":\"ReadAction\",\"target\":[\"https:\/\/lafuente.mx\/?p=2164\"]}]},{\"@type\":\"BreadcrumbList\",\"@id\":\"https:\/\/lafuente.mx\/?p=2164#breadcrumb\",\"itemListElement\":[{\"@type\":\"ListItem\",\"position\":1,\"name\":\"Inicio\",\"item\":\"https:\/\/lafuente.mx\/\"},{\"@type\":\"ListItem\",\"position\":2,\"name\":\"Terapia de Activaci\u00f3n Conductual en los trastornos depresivos\"}]},{\"@type\":\"Person\",\"@id\":\"https:\/\/lafuente.mx\/#\/schema\/person\/3d955fc59bdde69c58c472f876eff3d0\",\"name\":\"Dulce Mej\u00eda\",\"image\":{\"@type\":\"ImageObject\",\"inLanguage\":\"es-MX\",\"@id\":\"https:\/\/lafuente.mx\/#\/schema\/person\/image\/\",\"url\":\"https:\/\/secure.gravatar.com\/avatar\/ac18ba66bc268059d08604edcad3c82b?s=96&d=mm&r=g\",\"contentUrl\":\"https:\/\/secure.gravatar.com\/avatar\/ac18ba66bc268059d08604edcad3c82b?s=96&d=mm&r=g\",\"caption\":\"Dulce Mej\u00eda\"},\"url\":\"https:\/\/lafuente.mx\/?author=4\"}]}<\/script>\n<!-- \/ Yoast SEO plugin. -->","yoast_head_json":{"title":"Terapia de Activaci\u00f3n Conductual en los trastornos depresivos -","robots":{"index":"index","follow":"follow","max-snippet":"max-snippet:-1","max-image-preview":"max-image-preview:large","max-video-preview":"max-video-preview:-1"},"canonical":"https:\/\/lafuente.mx\/?p=2164","og_locale":"es_MX","og_type":"article","og_title":"Terapia de Activaci\u00f3n Conductual en los trastornos depresivos","og_description":"Revisar los procedimientos para la aplicaci\u00f3n de la terapia de activaci\u00f3n conductual, entidades diagn\u00f3sticas para su aplicaci\u00f3n y reconocer las estrategias para la resoluci\u00f3n de obst\u00e1culos en la activaci\u00f3n conductual","og_url":"https:\/\/lafuente.mx\/?p=2164","article_published_time":"2024-03-24T04:08:46+00:00","article_modified_time":"2024-04-03T19:35:46+00:00","og_image":[{"width":2560,"height":1707,"url":"http:\/\/lafuente.mx\/wp-content\/uploads\/2024\/03\/pexels-shvets-production-7176026-scaled.jpg","type":"image\/jpeg"}],"author":"Dulce Mej\u00eda","twitter_card":"summary_large_image","twitter_title":"Terapia de Activaci\u00f3n Conductual en los trastornos depresivos","twitter_description":"Revisar los procedimientos para la aplicaci\u00f3n de la terapia de activaci\u00f3n conductual, entidades diagn\u00f3sticas para su aplicaci\u00f3n y reconocer las estrategias para la resoluci\u00f3n de obst\u00e1culos en la activaci\u00f3n conductual","twitter_image":"https:\/\/i0.wp.com\/lafuente.mx\/wp-content\/uploads\/2024\/03\/pexels-shvets-production-7176026-scaled.jpg?fit=2560%2C1707&ssl=1","twitter_misc":{"Escrito por":"Dulce Mej\u00eda","Tiempo de lectura":"1 minuto"},"schema":{"@context":"https:\/\/schema.org","@graph":[{"@type":"WebSite","@id":"https:\/\/lafuente.mx\/#website","url":"https:\/\/lafuente.mx\/","name":"","description":"Informaci\u00f3n confiable sobre salud mental","potentialAction":[{"@type":"SearchAction","target":{"@type":"EntryPoint","urlTemplate":"https:\/\/lafuente.mx\/?s={search_term_string}"},"query-input":"required name=search_term_string"}],"inLanguage":"es-MX"},{"@type":"WebPage","@id":"https:\/\/lafuente.mx\/?p=2164","url":"https:\/\/lafuente.mx\/?p=2164","name":"Terapia de Activaci\u00f3n Conductual en los trastornos depresivos -","isPartOf":{"@id":"https:\/\/lafuente.mx\/#website"},"datePublished":"2024-03-24T04:08:46+00:00","dateModified":"2024-04-03T19:35:46+00:00","author":{"@id":"https:\/\/lafuente.mx\/#\/schema\/person\/3d955fc59bdde69c58c472f876eff3d0"},"breadcrumb":{"@id":"https:\/\/lafuente.mx\/?p=2164#breadcrumb"},"inLanguage":"es-MX","potentialAction":[{"@type":"ReadAction","target":["https:\/\/lafuente.mx\/?p=2164"]}]},{"@type":"BreadcrumbList","@id":"https:\/\/lafuente.mx\/?p=2164#breadcrumb","itemListElement":[{"@type":"ListItem","position":1,"name":"Inicio","item":"https:\/\/lafuente.mx\/"},{"@type":"ListItem","position":2,"name":"Terapia de Activaci\u00f3n Conductual en los trastornos depresivos"}]},{"@type":"Person","@id":"https:\/\/lafuente.mx\/#\/schema\/person\/3d955fc59bdde69c58c472f876eff3d0","name":"Dulce Mej\u00eda","image":{"@type":"ImageObject","inLanguage":"es-MX","@id":"https:\/\/lafuente.mx\/#\/schema\/person\/image\/","url":"https:\/\/secure.gravatar.com\/avatar\/ac18ba66bc268059d08604edcad3c82b?s=96&d=mm&r=g","contentUrl":"https:\/\/secure.gravatar.com\/avatar\/ac18ba66bc268059d08604edcad3c82b?s=96&d=mm&r=g","caption":"Dulce Mej\u00eda"},"url":"https:\/\/lafuente.mx\/?author=4"}]}},"jetpack_featured_media_url":"https:\/\/i0.wp.com\/lafuente.mx\/wp-content\/uploads\/2024\/03\/pexels-shvets-production-7176026-scaled.jpg?fit=2560%2C1707&ssl=1","jetpack-related-posts":[{"id":1374,"url":"https:\/\/lafuente.mx\/?p=1374","url_meta":{"origin":2164,"position":0},"title":"Fibromialgia: manejo cognitivo-conductual","date":"julio 5, 2023","format":false,"excerpt":"Curso en l\u00ednea\u00a0\u00a0 Del 24 de julio al 25 de agosto de 2023\u00a0 Coordinadora acad\u00e9mica: Dra. Ma. Isabel Barrera Villalpando\u00a0\u00a0 Dirigido a: Profesionales de la salud y afines\u00a0\u00a0 Objetivos: \u2022 Conocer los aspectos cl\u00ednicos y psicosociales de la fibromialgia \u2022 Identificar los tratamientos para la fibromialgia \u2022 Comprender el enfoque\u2026","rel":"","context":"En &quot;Cursos en l\u00ednea&quot;","img":{"alt_text":"","src":"https:\/\/i0.wp.com\/lafuente.mx\/wp-content\/uploads\/2023\/07\/fibromialgia-1.jpeg?fit=1024%2C683&ssl=1&resize=350%2C200","width":350,"height":200},"classes":[]},{"id":2160,"url":"https:\/\/lafuente.mx\/?p=2160","url_meta":{"origin":2164,"position":1},"title":"Actualizaci\u00f3n en el tratamiento integral de la depresi\u00f3n","date":"marzo 24, 2024","format":false,"excerpt":"Del 1 al 12 de abril de 2024 Coordinadora: Dra. Danelia Mendieta Cabrera Dirigido aProfesionales de la salud de las siguientes disciplinas: psicolog\u00eda, medicina general, especialidades m\u00e9dicas y otros profesionales. Objetivo generalEmplear los sistemas de clasificaci\u00f3n de las enfermedades mentales para el diagn\u00f3stico del trastorno depresivo, uso de instrumentos de\u2026","rel":"","context":"En &quot;Cursos en l\u00ednea&quot;","img":{"alt_text":"","src":"https:\/\/i0.wp.com\/lafuente.mx\/wp-content\/uploads\/2024\/03\/pexels-photo-247314.webp?fit=1124%2C750&ssl=1&resize=350%2C200","width":350,"height":200},"classes":[]},{"id":358,"url":"https:\/\/lafuente.mx\/?p=358","url_meta":{"origin":2164,"position":2},"title":"Estr\u00e9s y salud mental","date":"septiembre 9, 2022","format":false,"excerpt":"Del 3 al 28 de octubre de 2022 Coordinadora acad\u00e9mica: Dra. Ma. Isabel Barrera Villalpando Dirigido a: Profesionales de la salud, educaci\u00f3n y afines. Objetivos: \u00b7 Comprender qu\u00e9 es el estr\u00e9s, tipos de estr\u00e9s y estresores externos e internos \u00b7 Reconocer las fases del estr\u00e9s y sus manifestaciones fisiol\u00f3gicas, cognitivas,\u2026","rel":"","context":"En &quot;Cursos&quot;","img":{"alt_text":"","src":"https:\/\/i0.wp.com\/lafuente.mx\/wp-content\/uploads\/2022\/09\/EstresYsalud-1.png?fit=425%2C662&ssl=1&resize=350%2C200","width":350,"height":200},"classes":[]},{"id":3441,"url":"https:\/\/lafuente.mx\/?p=3441","url_meta":{"origin":2164,"position":3},"title":"Eficacia de la terapia cognitivo conductual centrada en el trauma en mujeres v\u00edctimas de violencia sexual: una revisi\u00f3n sistem\u00e1tica\u00a0","date":"octubre 30, 2025","format":false,"excerpt":"Volume 48, Issue 4, July-August 2025\u00a0 Dulce D\u00edaz\u00a0 Laboratorio de Psicolog\u00eda e Innovaci\u00f3n tecnol\u00f3gica, Facultad de Estudios Superiores Iztacala, Universidad Nacional Aut\u00f3noma de M\u00e9xico, Tlalnepantla, Edomex, M\u00e9xico; Divisi\u00f3n de Ciencias Biol\u00f3gicas y Salud, Universidad Aut\u00f3noma Metropolita, Unidad Lerma, Lerma, Edomex, M\u00e9xico.\u00a0 Anabel De la Rosa G\u00f3mez\u00a0 Laboratorio de Psicolog\u00eda e\u2026","rel":"","context":"En &quot;Revista Salud Mental&quot;","img":{"alt_text":"","src":"https:\/\/i0.wp.com\/lafuente.mx\/wp-content\/uploads\/2025\/10\/mujeres.jpg?fit=1046%2C921&ssl=1&resize=350%2C200","width":350,"height":200},"classes":[]},{"id":1602,"url":"https:\/\/lafuente.mx\/?p=1602","url_meta":{"origin":2164,"position":4},"title":"Estr\u00e9s y salud mental\u00a0","date":"agosto 15, 2023","format":false,"excerpt":"Curso en l\u00ednea\u00a0\u00a0 Del 18 de septiembre al 20 de octubre de 2023\u00a0 Coordinadora acad\u00e9mica:\u00a0 Dra. Ma. Isabel Barrera Villalpando\u00a0 Dirigido a:\u00a0 Profesionales de la salud, educaci\u00f3n y afines\u00a0 Objetivo:\u00a0 \u2022 Comprender qu\u00e9 es el estr\u00e9s, tipos de estr\u00e9s y estresores externos e internos\u00a0 \u2022 Reconocer las fases del estr\u00e9s\u2026","rel":"","context":"En &quot;Cursos en l\u00ednea&quot;","img":{"alt_text":"","src":"https:\/\/i0.wp.com\/lafuente.mx\/wp-content\/uploads\/2023\/08\/estres-laboral-desempleo-dolor-fisico-shutterstock.jpg_1257444089.webp?fit=480%2C281&ssl=1&resize=350%2C200","width":350,"height":200},"classes":[]},{"id":1708,"url":"https:\/\/lafuente.mx\/?p=1708","url_meta":{"origin":2164,"position":5},"title":"Intervenciones Educativas para la Prevenci\u00f3n del Comportamiento Suicida en Adolescentes en M\u00e9xico\u00a0","date":"septiembre 12, 2023","format":false,"excerpt":"El objetivo general es dise\u00f1ar, implementar y evaluar tres intervenciones para la detecci\u00f3n y atenci\u00f3n de adolescentes de secundaria con riesgo de conducta suicida y consumo de sustancias en cinco estados de M\u00e9xico.\u00a0 Intervenciones educativas\u00a0 Intervenci\u00f3n para Prevenci\u00f3n de Adicciones en J\u00f3venes\u00a0 Patricia Fuentes de Iturbe\u00a0\u00a0 Guardianes\u00a0 Carolina Santill\u00e1n Torres\u2026","rel":"","context":"En &quot;Informaci\u00f3n de inter\u00e9s&quot;","img":{"alt_text":"","src":"https:\/\/i0.wp.com\/lafuente.mx\/wp-content\/uploads\/2023\/09\/abrazo.jpeg?fit=1000%2C1000&ssl=1&resize=350%2C200","width":350,"height":200},"classes":[]}],"jetpack_sharing_enabled":true,"jetpack_shortlink":"https:\/\/wp.me\/pe9WUx-yU","_links":{"self":[{"href":"https:\/\/lafuente.mx\/index.php?rest_route=\/wp\/v2\/posts\/2164"}],"collection":[{"href":"https:\/\/lafuente.mx\/index.php?rest_route=\/wp\/v2\/posts"}],"about":[{"href":"https:\/\/lafuente.mx\/index.php?rest_route=\/wp\/v2\/types\/post"}],"author":[{"embeddable":true,"href":"https:\/\/lafuente.mx\/index.php?rest_route=\/wp\/v2\/users\/4"}],"replies":[{"embeddable":true,"href":"https:\/\/lafuente.mx\/index.php?rest_route=%2Fwp%2Fv2%2Fcomments&post=2164"}],"version-history":[{"count":2,"href":"https:\/\/lafuente.mx\/index.php?rest_route=\/wp\/v2\/posts\/2164\/revisions"}],"predecessor-version":[{"id":2189,"href":"https:\/\/lafuente.mx\/index.php?rest_route=\/wp\/v2\/posts\/2164\/revisions\/2189"}],"wp:featuredmedia":[{"embeddable":true,"href":"https:\/\/lafuente.mx\/index.php?rest_route=\/wp\/v2\/media\/2165"}],"wp:attachment":[{"href":"https:\/\/lafuente.mx\/index.php?rest_route=%2Fwp%2Fv2%2Fmedia&parent=2164"}],"wp:term":[{"taxonomy":"category","embeddable":true,"href":"https:\/\/lafuente.mx\/index.php?rest_route=%2Fwp%2Fv2%2Fcategories&post=2164"},{"taxonomy":"post_tag","embeddable":true,"href":"https:\/\/lafuente.mx\/index.php?rest_route=%2Fwp%2Fv2%2Ftags&post=2164"}],"curies":[{"name":"wp","href":"https:\/\/api.w.org\/{rel}","templated":true}]}}