{"id":214,"date":"2022-08-11T15:31:31","date_gmt":"2022-08-11T15:31:31","guid":{"rendered":"https:\/\/lafuente.mx\/?p=214"},"modified":"2023-03-28T20:34:42","modified_gmt":"2023-03-28T20:34:42","slug":"dia-internacional-de-la-juventud","status":"publish","type":"post","link":"https:\/\/lafuente.mx\/?p=214","title":{"rendered":"D\u00eda Internacional de la Juventud\u00a0"},"content":{"rendered":"\n<p class=\"has-text-color has-large-font-size\" style=\"color:#941111\"><strong>12 de agosto&nbsp;<\/strong><\/p>\n\n\n\n<hr class=\"wp-block-separator has-alpha-channel-opacity is-style-wide\"\/>\n\n\n\n<figure class=\"wp-block-gallery has-nested-images columns-default is-cropped wp-block-gallery-1 is-layout-flex wp-block-gallery-is-layout-flex\">\n<figure class=\"wp-block-image size-large\"><img decoding=\"async\" loading=\"lazy\" width=\"640\" height=\"427\" data-id=\"78\" src=\"https:\/\/i0.wp.com\/lafuente.mx\/wp-content\/uploads\/2022\/07\/pexels-photo-3063478.jpeg?resize=640%2C427\" alt=\"\" class=\"wp-image-78\" srcset=\"https:\/\/i0.wp.com\/lafuente.mx\/wp-content\/uploads\/2022\/07\/pexels-photo-3063478.jpeg?w=2250&amp;ssl=1 2250w, https:\/\/i0.wp.com\/lafuente.mx\/wp-content\/uploads\/2022\/07\/pexels-photo-3063478.jpeg?resize=300%2C200&amp;ssl=1 300w, https:\/\/i0.wp.com\/lafuente.mx\/wp-content\/uploads\/2022\/07\/pexels-photo-3063478.jpeg?resize=1024%2C683&amp;ssl=1 1024w, https:\/\/i0.wp.com\/lafuente.mx\/wp-content\/uploads\/2022\/07\/pexels-photo-3063478.jpeg?resize=768%2C512&amp;ssl=1 768w, https:\/\/i0.wp.com\/lafuente.mx\/wp-content\/uploads\/2022\/07\/pexels-photo-3063478.jpeg?resize=1536%2C1024&amp;ssl=1 1536w, https:\/\/i0.wp.com\/lafuente.mx\/wp-content\/uploads\/2022\/07\/pexels-photo-3063478.jpeg?resize=2048%2C1365&amp;ssl=1 2048w, https:\/\/i0.wp.com\/lafuente.mx\/wp-content\/uploads\/2022\/07\/pexels-photo-3063478.jpeg?w=1280 1280w, https:\/\/i0.wp.com\/lafuente.mx\/wp-content\/uploads\/2022\/07\/pexels-photo-3063478.jpeg?w=1920 1920w\" sizes=\"(max-width: 640px) 100vw, 640px\" data-recalc-dims=\"1\" \/><\/figure>\n<\/figure>\n\n\n\n<p class=\"has-text-align-center has-text-color has-medium-font-size\" style=\"color:#585d60\">El D\u00eda Internacional de la Juventud, lo celebramos el 12 de agosto, <br>una fecha promovida por la ONU<\/p>\n\n\n\n<hr class=\"wp-block-separator has-text-color has-alpha-channel-opacity has-background\" style=\"background-color:#0c5a88;color:#0c5a88\"\/>\n\n\n\n<p class=\"has-text-align-center has-black-color has-text-color has-medium-font-size\">Solidaridad intergeneracional: <br>Creando un mundo para todas las edades<\/p>\n\n\n\n<p class=\"has-text-align-left has-text-color\" style=\"color:#4e5964\">El objetivo del D\u00eda Internacional de la Juventud 2022 es conseguir que todas las generaciones entren en acci\u00f3n para alcanzar los Objetivos de Desarrollo Sostenible (ODS) y no dejar a nadie atr\u00e1s. Tambi\u00e9n pretende concienciar sobre ciertas barreras a la solidaridad intergeneracional, en particular la discriminaci\u00f3n por edad, que afecta a personas j\u00f3venes y mayores, al mismo tiempo que tiene efectos perjudiciales para la sociedad en su conjunto.<\/p>\n\n\n\n<div class=\"wp-block-buttons is-layout-flex wp-block-buttons-is-layout-flex\">\n<div class=\"wp-block-button\"><a class=\"wp-block-button__link\">M\u00e1s informaci\u00f3n<\/a><\/div>\n<\/div>\n","protected":false},"excerpt":{"rendered":"<p>12 de agosto&nbsp; El D\u00eda Internacional de la Juventud, lo celebramos el 12 de agosto, una fecha promovida por la ONU Solidaridad intergeneracional: Creando un<\/p>\n","protected":false},"author":3,"featured_media":78,"comment_status":"closed","ping_status":"closed","sticky":false,"template":"","format":"standard","meta":{"footnotes":"","jetpack_publicize_message":"","jetpack_is_tweetstorm":false,"jetpack_publicize_feature_enabled":true},"categories":[13],"tags":[66,168,21,167,32],"jetpack_publicize_connections":[],"yoast_head":"<!-- This site is optimized with the Yoast SEO plugin v19.4 - https:\/\/yoast.com\/wordpress\/plugins\/seo\/ -->\n<title>D\u00eda Internacional de la Juventud\u00a0 -<\/title>\n<meta name=\"description\" content=\"Solidaridad intergeneracional: Creando un mundo para todas las edades\" \/>\n<meta name=\"robots\" content=\"index, follow, max-snippet:-1, max-image-preview:large, max-video-preview:-1\" \/>\n<link rel=\"canonical\" href=\"https:\/\/lafuente.mx\/?p=214\" \/>\n<meta property=\"og:locale\" content=\"es_MX\" \/>\n<meta property=\"og:type\" content=\"article\" \/>\n<meta property=\"og:title\" content=\"D\u00eda Internacional de la Juventud\u00a0\" \/>\n<meta property=\"og:description\" content=\"Solidaridad intergeneracional: Creando un mundo para todas las edades\" \/>\n<meta property=\"og:url\" content=\"https:\/\/lafuente.mx\/?p=214\" \/>\n<meta property=\"article:published_time\" content=\"2022-08-11T15:31:31+00:00\" \/>\n<meta property=\"article:modified_time\" content=\"2023-03-28T20:34:42+00:00\" \/>\n<meta property=\"og:image\" content=\"http:\/\/lafuente.mx\/wp-content\/uploads\/2022\/07\/pexels-photo-3063478.jpeg\" \/>\n\t<meta property=\"og:image:width\" content=\"2250\" \/>\n\t<meta property=\"og:image:height\" content=\"1500\" \/>\n\t<meta property=\"og:image:type\" content=\"image\/jpeg\" \/>\n<meta name=\"author\" content=\"Claudia Gallardo\" \/>\n<meta name=\"twitter:card\" content=\"summary_large_image\" \/>\n<meta name=\"twitter:title\" content=\"D\u00eda Internacional de la Juventud\u00a0\" \/>\n<meta name=\"twitter:description\" content=\"Solidaridad intergeneracional: Creando un mundo para todas las edades\" \/>\n<meta name=\"twitter:image\" content=\"https:\/\/i0.wp.com\/lafuente.mx\/wp-content\/uploads\/2022\/07\/pexels-photo-3063478.jpeg?fit=2250%2C1500&ssl=1\" \/>\n<meta name=\"twitter:label1\" content=\"Escrito por\" \/>\n\t<meta name=\"twitter:data1\" content=\"Claudia Gallardo\" \/>\n\t<meta name=\"twitter:label2\" content=\"Tiempo de lectura\" \/>\n\t<meta name=\"twitter:data2\" content=\"1 minuto\" \/>\n<script type=\"application\/ld+json\" class=\"yoast-schema-graph\">{\"@context\":\"https:\/\/schema.org\",\"@graph\":[{\"@type\":\"WebSite\",\"@id\":\"https:\/\/lafuente.mx\/#website\",\"url\":\"https:\/\/lafuente.mx\/\",\"name\":\"\",\"description\":\"Informaci\u00f3n confiable sobre salud mental\",\"potentialAction\":[{\"@type\":\"SearchAction\",\"target\":{\"@type\":\"EntryPoint\",\"urlTemplate\":\"https:\/\/lafuente.mx\/?s={search_term_string}\"},\"query-input\":\"required name=search_term_string\"}],\"inLanguage\":\"es-MX\"},{\"@type\":\"WebPage\",\"@id\":\"https:\/\/lafuente.mx\/?p=214\",\"url\":\"https:\/\/lafuente.mx\/?p=214\",\"name\":\"D\u00eda Internacional de la Juventud\u00a0 -\",\"isPartOf\":{\"@id\":\"https:\/\/lafuente.mx\/#website\"},\"datePublished\":\"2022-08-11T15:31:31+00:00\",\"dateModified\":\"2023-03-28T20:34:42+00:00\",\"author\":{\"@id\":\"https:\/\/lafuente.mx\/#\/schema\/person\/603f3aa8e2f6f7879021ab722d39d6b0\"},\"description\":\"Solidaridad intergeneracional: Creando un mundo para todas las edades\",\"breadcrumb\":{\"@id\":\"https:\/\/lafuente.mx\/?p=214#breadcrumb\"},\"inLanguage\":\"es-MX\",\"potentialAction\":[{\"@type\":\"ReadAction\",\"target\":[\"https:\/\/lafuente.mx\/?p=214\"]}]},{\"@type\":\"BreadcrumbList\",\"@id\":\"https:\/\/lafuente.mx\/?p=214#breadcrumb\",\"itemListElement\":[{\"@type\":\"ListItem\",\"position\":1,\"name\":\"Inicio\",\"item\":\"https:\/\/lafuente.mx\/\"},{\"@type\":\"ListItem\",\"position\":2,\"name\":\"D\u00eda Internacional de la Juventud\u00a0\"}]},{\"@type\":\"Person\",\"@id\":\"https:\/\/lafuente.mx\/#\/schema\/person\/603f3aa8e2f6f7879021ab722d39d6b0\",\"name\":\"Claudia Gallardo\",\"image\":{\"@type\":\"ImageObject\",\"inLanguage\":\"es-MX\",\"@id\":\"https:\/\/lafuente.mx\/#\/schema\/person\/image\/\",\"url\":\"https:\/\/secure.gravatar.com\/avatar\/bfe9c966af1ccfb9d17bcdb9d04e8815?s=96&d=mm&r=g\",\"contentUrl\":\"https:\/\/secure.gravatar.com\/avatar\/bfe9c966af1ccfb9d17bcdb9d04e8815?s=96&d=mm&r=g\",\"caption\":\"Claudia Gallardo\"},\"url\":\"https:\/\/lafuente.mx\/?author=3\"}]}<\/script>\n<!-- \/ Yoast SEO plugin. -->","yoast_head_json":{"title":"D\u00eda Internacional de la Juventud\u00a0 -","description":"Solidaridad intergeneracional: Creando un mundo para todas las edades","robots":{"index":"index","follow":"follow","max-snippet":"max-snippet:-1","max-image-preview":"max-image-preview:large","max-video-preview":"max-video-preview:-1"},"canonical":"https:\/\/lafuente.mx\/?p=214","og_locale":"es_MX","og_type":"article","og_title":"D\u00eda Internacional de la Juventud\u00a0","og_description":"Solidaridad intergeneracional: Creando un mundo para todas las edades","og_url":"https:\/\/lafuente.mx\/?p=214","article_published_time":"2022-08-11T15:31:31+00:00","article_modified_time":"2023-03-28T20:34:42+00:00","og_image":[{"width":2250,"height":1500,"url":"http:\/\/lafuente.mx\/wp-content\/uploads\/2022\/07\/pexels-photo-3063478.jpeg","type":"image\/jpeg"}],"author":"Claudia Gallardo","twitter_card":"summary_large_image","twitter_title":"D\u00eda Internacional de la Juventud\u00a0","twitter_description":"Solidaridad intergeneracional: Creando un mundo para todas las edades","twitter_image":"https:\/\/i0.wp.com\/lafuente.mx\/wp-content\/uploads\/2022\/07\/pexels-photo-3063478.jpeg?fit=2250%2C1500&ssl=1","twitter_misc":{"Escrito por":"Claudia Gallardo","Tiempo de lectura":"1 minuto"},"schema":{"@context":"https:\/\/schema.org","@graph":[{"@type":"WebSite","@id":"https:\/\/lafuente.mx\/#website","url":"https:\/\/lafuente.mx\/","name":"","description":"Informaci\u00f3n confiable sobre salud mental","potentialAction":[{"@type":"SearchAction","target":{"@type":"EntryPoint","urlTemplate":"https:\/\/lafuente.mx\/?s={search_term_string}"},"query-input":"required name=search_term_string"}],"inLanguage":"es-MX"},{"@type":"WebPage","@id":"https:\/\/lafuente.mx\/?p=214","url":"https:\/\/lafuente.mx\/?p=214","name":"D\u00eda Internacional de la Juventud\u00a0 -","isPartOf":{"@id":"https:\/\/lafuente.mx\/#website"},"datePublished":"2022-08-11T15:31:31+00:00","dateModified":"2023-03-28T20:34:42+00:00","author":{"@id":"https:\/\/lafuente.mx\/#\/schema\/person\/603f3aa8e2f6f7879021ab722d39d6b0"},"description":"Solidaridad intergeneracional: Creando un mundo para todas las edades","breadcrumb":{"@id":"https:\/\/lafuente.mx\/?p=214#breadcrumb"},"inLanguage":"es-MX","potentialAction":[{"@type":"ReadAction","target":["https:\/\/lafuente.mx\/?p=214"]}]},{"@type":"BreadcrumbList","@id":"https:\/\/lafuente.mx\/?p=214#breadcrumb","itemListElement":[{"@type":"ListItem","position":1,"name":"Inicio","item":"https:\/\/lafuente.mx\/"},{"@type":"ListItem","position":2,"name":"D\u00eda Internacional de la Juventud\u00a0"}]},{"@type":"Person","@id":"https:\/\/lafuente.mx\/#\/schema\/person\/603f3aa8e2f6f7879021ab722d39d6b0","name":"Claudia Gallardo","image":{"@type":"ImageObject","inLanguage":"es-MX","@id":"https:\/\/lafuente.mx\/#\/schema\/person\/image\/","url":"https:\/\/secure.gravatar.com\/avatar\/bfe9c966af1ccfb9d17bcdb9d04e8815?s=96&d=mm&r=g","contentUrl":"https:\/\/secure.gravatar.com\/avatar\/bfe9c966af1ccfb9d17bcdb9d04e8815?s=96&d=mm&r=g","caption":"Claudia Gallardo"},"url":"https:\/\/lafuente.mx\/?author=3"}]}},"jetpack_featured_media_url":"https:\/\/i0.wp.com\/lafuente.mx\/wp-content\/uploads\/2022\/07\/pexels-photo-3063478.jpeg?fit=2250%2C1500&ssl=1","jetpack-related-posts":[{"id":1594,"url":"https:\/\/lafuente.mx\/?p=1594","url_meta":{"origin":214,"position":0},"title":"D\u00eda Internacional de la Juventud\u00a0","date":"agosto 11, 2023","format":false,"excerpt":"12 de agosto\u00a0 El D\u00eda Internacional de la Juventud se celebra el 12 de agosto de cada a\u00f1o. Fue establecido por la Organizaci\u00f3n de las Naciones Unidas (ONU) en 1999 como una forma de aumentar la conciencia entre la poblaci\u00f3n mundial sobre los problemas que afectan a los j\u00f3venes en\u2026","rel":"","context":"En &quot;Efem\u00e9rides de Salud Mental&quot;","img":{"alt_text":"","src":"https:\/\/i0.wp.com\/lafuente.mx\/wp-content\/uploads\/2023\/08\/mundo-2.jpeg?fit=730%2C407&ssl=1&resize=350%2C200","width":350,"height":200},"classes":[]},{"id":3208,"url":"https:\/\/lafuente.mx\/?p=3208","url_meta":{"origin":214,"position":1},"title":"12 de agosto, D\u00eda Internacional de la Juventud","date":"agosto 12, 2025","format":false,"excerpt":"Cada 12 de agosto, el mundo celebra el D\u00eda Internacional de la Juventud, una fecha para reconocer los desaf\u00edos y oportunidades que enfrentan las y los j\u00f3venes, pero tambi\u00e9n para visibilizar su papel clave en la transformaci\u00f3n social, el desarrollo y la construcci\u00f3n de la paz. Tema 2025: Acciones locales\u2026","rel":"","context":"En &quot;Efem\u00e9rides de Salud Mental&quot;","img":{"alt_text":"","src":"https:\/\/i0.wp.com\/lafuente.mx\/wp-content\/uploads\/2025\/08\/juventud_Mesa-de-trabajo-1.png?fit=1200%2C622&ssl=1&resize=350%2C200","width":350,"height":200},"classes":[]},{"id":2330,"url":"https:\/\/lafuente.mx\/?p=2330","url_meta":{"origin":214,"position":2},"title":"D\u00eda Mundial Sin Tabaco\u00a0","date":"mayo 31, 2024","format":false,"excerpt":"31 de mayo Proteger a los ni\u00f1os de la interferencia de la industria tabacalera\u00a0 El D\u00eda Mundial Sin Tabaco 2024 brindar\u00e1 una plataforma a la juventud de todo el mundo, que demandan que la industria tabacalera cese de dirigirse a este grupo con productos nocivos para su salud. La juventud\u2026","rel":"","context":"En &quot;Efem\u00e9rides de Salud Mental&quot;","img":{"alt_text":"non-smoking, stop smoking, glow sticks-2497308.jpg","src":"https:\/\/i0.wp.com\/lafuente.mx\/wp-content\/uploads\/2024\/05\/non-smoking-stop-smoking-glow-sticks-2497308.jpg?fit=1200%2C900&ssl=1&resize=350%2C200","width":350,"height":200},"classes":[]},{"id":1821,"url":"https:\/\/lafuente.mx\/?p=1821","url_meta":{"origin":214,"position":3},"title":"12 de noviembre. D\u00eda Mundial Contra la Obesidad","date":"octubre 30, 2023","format":false,"excerpt":"Con el objetivo principal de informar y sensibilizar a la poblaci\u00f3n en general y de manera particular, a ni\u00f1as, ni\u00f1os, adolescentes y j\u00f3venes sobre la necesidad de la adopci\u00f3n de medidas para prevenir y tratar el sobrepeso y la obesidad, el 12 de noviembre de cada a\u00f1o se celebra el\u2026","rel":"","context":"En &quot;Efem\u00e9rides de Salud Mental&quot;","img":{"alt_text":"","src":"https:\/\/i0.wp.com\/lafuente.mx\/wp-content\/uploads\/2023\/10\/concepto-dieta-cientifica-comida-sana-scaled.jpg?fit=1200%2C675&ssl=1&resize=350%2C200","width":350,"height":200},"classes":[]},{"id":3437,"url":"https:\/\/lafuente.mx\/?p=3437","url_meta":{"origin":214,"position":4},"title":"D\u00eda Internacional del Hombre\u00a0","date":"noviembre 18, 2025","format":false,"excerpt":"19 de noviembre\u00a0 Foto INPRFM Esta fecha se conmemora desde 1992 con el prop\u00f3sito de reconocer el papel positivo de los hombres en la sociedad y promover su salud f\u00edsica y emocional.\u00a0El D\u00eda Internacional del Hombre busca tambi\u00e9n fomentar la igualdad de g\u00e9nero, la paz, la no violencia, la equidad,\u2026","rel":"","context":"En &quot;Efem\u00e9rides de Salud Mental&quot;","img":{"alt_text":"","src":"https:\/\/i0.wp.com\/lafuente.mx\/wp-content\/uploads\/2025\/10\/Fco-enriquez-scaled.jpg?fit=1200%2C1143&ssl=1&resize=350%2C200","width":350,"height":200},"classes":[]},{"id":3296,"url":"https:\/\/lafuente.mx\/?p=3296","url_meta":{"origin":214,"position":5},"title":"Tema del mes: Salud mental y uso de tecnolog\u00eda","date":"octubre 6, 2025","format":false,"excerpt":"AGOSTO Durante este mes, hablaremos sobre salud mental y el uso de tecnolog\u00eda en las personas m\u00e1s j\u00f3venes. Mentalizarte","rel":"","context":"En &quot;T\u00f3picos de salud mental&quot;","img":{"alt_text":"","src":"https:\/\/i0.wp.com\/lafuente.mx\/wp-content\/uploads\/2025\/10\/Captura-de-pantalla-2025-10-06-a-las-14.10.43.png?fit=1200%2C602&ssl=1&resize=350%2C200","width":350,"height":200},"classes":[]}],"jetpack_sharing_enabled":true,"jetpack_shortlink":"https:\/\/wp.me\/pe9WUx-3s","_links":{"self":[{"href":"https:\/\/lafuente.mx\/index.php?rest_route=\/wp\/v2\/posts\/214"}],"collection":[{"href":"https:\/\/lafuente.mx\/index.php?rest_route=\/wp\/v2\/posts"}],"about":[{"href":"https:\/\/lafuente.mx\/index.php?rest_route=\/wp\/v2\/types\/post"}],"author":[{"embeddable":true,"href":"https:\/\/lafuente.mx\/index.php?rest_route=\/wp\/v2\/users\/3"}],"replies":[{"embeddable":true,"href":"https:\/\/lafuente.mx\/index.php?rest_route=%2Fwp%2Fv2%2Fcomments&post=214"}],"version-history":[{"count":2,"href":"https:\/\/lafuente.mx\/index.php?rest_route=\/wp\/v2\/posts\/214\/revisions"}],"predecessor-version":[{"id":217,"href":"https:\/\/lafuente.mx\/index.php?rest_route=\/wp\/v2\/posts\/214\/revisions\/217"}],"wp:featuredmedia":[{"embeddable":true,"href":"https:\/\/lafuente.mx\/index.php?rest_route=\/wp\/v2\/media\/78"}],"wp:attachment":[{"href":"https:\/\/lafuente.mx\/index.php?rest_route=%2Fwp%2Fv2%2Fmedia&parent=214"}],"wp:term":[{"taxonomy":"category","embeddable":true,"href":"https:\/\/lafuente.mx\/index.php?rest_route=%2Fwp%2Fv2%2Fcategories&post=214"},{"taxonomy":"post_tag","embeddable":true,"href":"https:\/\/lafuente.mx\/index.php?rest_route=%2Fwp%2Fv2%2Ftags&post=214"}],"curies":[{"name":"wp","href":"https:\/\/api.w.org\/{rel}","templated":true}]}}