{"id":2117,"date":"2024-03-04T11:00:00","date_gmt":"2024-03-04T11:00:00","guid":{"rendered":"https:\/\/lafuente.mx\/?p=2117"},"modified":"2024-04-11T18:22:29","modified_gmt":"2024-04-11T18:22:29","slug":"borrador-automatico-te-de-mente-4","status":"publish","type":"post","link":"https:\/\/lafuente.mx\/?p=2117","title":{"rendered":"T\u00e9 de mente"},"content":{"rendered":"\n<hr class=\"wp-block-separator has-alpha-channel-opacity\"\/>\n\n\n\n<p class=\"has-text-align-center has-text-color has-large-font-size\" style=\"color:#4c276f\"><strong>Segunda temporada<\/strong><\/p>\n\n\n\n<p class=\"has-medium-font-size\">T\u00e9 de Mente regresa con una segunda temporada a mostrar que las neurociencias y la nutrici\u00f3n son una combinaci\u00f3n ganadora. <\/p>\n\n\n\n<p class=\"has-medium-font-size\">Acomp\u00e1\u00f1anos en este viaje a trav\u00e9s de las etapas en la vida de la mujer, donde descubriremos esos detalles que hacen de la salud mental y la alimentaci\u00f3n, dos de los pilares para nuestro bienestar de la mano de Dannia Islas del Instituto Nacional de Psiquiatr\u00eda y de F\u00e9lix D\u00edaz de la Licenciatura en Nutrici\u00f3n Humana de la UAM.<\/p>\n\n\n\n<hr class=\"wp-block-separator has-alpha-channel-opacity\"\/>\n\n\n\n<p class=\"has-text-align-center has-text-color has-large-font-size\" style=\"color:#5d387f\"><strong><br>Episodio 1<\/strong><\/p>\n\n\n\n<p class=\"has-text-align-center has-text-color has-larger-font-size\" style=\"color:#562a7f\"><strong>Adolescencia y Menarca<\/strong><\/p>\n\n\n\n<p class=\"has-medium-font-size\">Prep\u00e1rate un tecito para platicar sobre la importancia de la alimentaci\u00f3n para el crecimiento y desarrollo, tanto en lo f\u00edsico como en lo mental, durante la transici\u00f3n \u201cde ni\u00f1a a mujer\u201d.<\/p>\n\n\n\n<p><\/p>\n\n\n\n<figure class=\"wp-block-image size-large\"><img decoding=\"async\" loading=\"lazy\" width=\"640\" height=\"427\" src=\"https:\/\/i0.wp.com\/lafuente.mx\/wp-content\/uploads\/2024\/03\/adolescentes-edited.webp?resize=640%2C427&#038;ssl=1\" alt=\"\" class=\"wp-image-2121\" srcset=\"https:\/\/i0.wp.com\/lafuente.mx\/wp-content\/uploads\/2024\/03\/adolescentes-edited.webp?w=842&amp;ssl=1 842w, https:\/\/i0.wp.com\/lafuente.mx\/wp-content\/uploads\/2024\/03\/adolescentes-edited.webp?resize=300%2C200&amp;ssl=1 300w, https:\/\/i0.wp.com\/lafuente.mx\/wp-content\/uploads\/2024\/03\/adolescentes-edited.webp?resize=768%2C513&amp;ssl=1 768w\" sizes=\"(max-width: 640px) 100vw, 640px\" data-recalc-dims=\"1\" \/><\/figure>\n\n\n\n<figure class=\"wp-block-audio\"><audio controls src=\"https:\/\/lafuente.mx\/wp-content\/uploads\/2024\/03\/Te-de-Mente-2x01-Adolescencia-y-menarca-1.mp3\"><\/audio><\/figure>\n","protected":false},"excerpt":{"rendered":"<p>Segunda temporada T\u00e9 de Mente regresa con una segunda temporada a mostrar que las neurociencias y la nutrici\u00f3n son una combinaci\u00f3n ganadora. Acomp\u00e1\u00f1anos en este<\/p>\n","protected":false},"author":3,"featured_media":2120,"comment_status":"closed","ping_status":"closed","sticky":false,"template":"","format":"standard","meta":{"footnotes":"","jetpack_publicize_message":"","jetpack_is_tweetstorm":false,"jetpack_publicize_feature_enabled":true},"categories":[426,626],"tags":[66,597,88,21,598,20,90,415,414,32,443],"jetpack_publicize_connections":[],"yoast_head":"<!-- This site is optimized with the Yoast SEO plugin v19.4 - https:\/\/yoast.com\/wordpress\/plugins\/seo\/ -->\n<title>T\u00e9 de mente -<\/title>\n<meta name=\"description\" content=\"T\u00e9 de Mente regresa con una segunda temporada a mostrar que las neurociencias y la nutrici\u00f3n son una combinaci\u00f3n ganadora.\" \/>\n<meta name=\"robots\" content=\"index, follow, max-snippet:-1, max-image-preview:large, max-video-preview:-1\" \/>\n<link rel=\"canonical\" href=\"https:\/\/lafuente.mx\/?p=2117\" \/>\n<meta property=\"og:locale\" content=\"es_MX\" \/>\n<meta property=\"og:type\" content=\"article\" \/>\n<meta property=\"og:title\" content=\"T\u00e9 de mente Adolescencia y menarca\" \/>\n<meta property=\"og:description\" content=\"T\u00e9 de Mente regresa con una segunda temporada a mostrar que las neurociencias y la nutrici\u00f3n son una combinaci\u00f3n ganadora.\" \/>\n<meta property=\"og:url\" content=\"https:\/\/lafuente.mx\/?p=2117\" \/>\n<meta property=\"article:published_time\" content=\"2024-03-04T11:00:00+00:00\" \/>\n<meta property=\"article:modified_time\" content=\"2024-04-11T18:22:29+00:00\" \/>\n<meta property=\"og:image\" content=\"http:\/\/lafuente.mx\/wp-content\/uploads\/2024\/03\/girl-child-teenager-5087960.jpg\" \/>\n\t<meta property=\"og:image:width\" content=\"1280\" \/>\n\t<meta property=\"og:image:height\" content=\"853\" \/>\n\t<meta property=\"og:image:type\" content=\"image\/jpeg\" \/>\n<meta name=\"author\" content=\"Claudia Gallardo\" \/>\n<meta name=\"twitter:card\" content=\"summary_large_image\" \/>\n<meta name=\"twitter:title\" content=\"T\u00e9 de mente Adolescencia y menarca\" \/>\n<meta name=\"twitter:description\" content=\"T\u00e9 de Mente regresa con una segunda temporada a mostrar que las neurociencias y la nutrici\u00f3n son una combinaci\u00f3n ganadora.\" \/>\n<meta name=\"twitter:image\" content=\"https:\/\/i0.wp.com\/lafuente.mx\/wp-content\/uploads\/2024\/03\/girl-child-teenager-5087960.jpg?fit=1280%2C853&ssl=1\" \/>\n<meta name=\"twitter:label1\" content=\"Escrito por\" \/>\n\t<meta name=\"twitter:data1\" content=\"Claudia Gallardo\" \/>\n\t<meta name=\"twitter:label2\" content=\"Tiempo de lectura\" \/>\n\t<meta name=\"twitter:data2\" content=\"1 minuto\" \/>\n<script type=\"application\/ld+json\" class=\"yoast-schema-graph\">{\"@context\":\"https:\/\/schema.org\",\"@graph\":[{\"@type\":\"WebSite\",\"@id\":\"https:\/\/lafuente.mx\/#website\",\"url\":\"https:\/\/lafuente.mx\/\",\"name\":\"\",\"description\":\"Informaci\u00f3n confiable sobre salud mental\",\"potentialAction\":[{\"@type\":\"SearchAction\",\"target\":{\"@type\":\"EntryPoint\",\"urlTemplate\":\"https:\/\/lafuente.mx\/?s={search_term_string}\"},\"query-input\":\"required name=search_term_string\"}],\"inLanguage\":\"es-MX\"},{\"@type\":\"WebPage\",\"@id\":\"https:\/\/lafuente.mx\/?p=2117\",\"url\":\"https:\/\/lafuente.mx\/?p=2117\",\"name\":\"T\u00e9 de mente -\",\"isPartOf\":{\"@id\":\"https:\/\/lafuente.mx\/#website\"},\"datePublished\":\"2024-03-04T11:00:00+00:00\",\"dateModified\":\"2024-04-11T18:22:29+00:00\",\"author\":{\"@id\":\"https:\/\/lafuente.mx\/#\/schema\/person\/603f3aa8e2f6f7879021ab722d39d6b0\"},\"description\":\"T\u00e9 de Mente regresa con una segunda temporada a mostrar que las neurociencias y la nutrici\u00f3n son una combinaci\u00f3n ganadora.\",\"breadcrumb\":{\"@id\":\"https:\/\/lafuente.mx\/?p=2117#breadcrumb\"},\"inLanguage\":\"es-MX\",\"potentialAction\":[{\"@type\":\"ReadAction\",\"target\":[\"https:\/\/lafuente.mx\/?p=2117\"]}]},{\"@type\":\"BreadcrumbList\",\"@id\":\"https:\/\/lafuente.mx\/?p=2117#breadcrumb\",\"itemListElement\":[{\"@type\":\"ListItem\",\"position\":1,\"name\":\"Inicio\",\"item\":\"https:\/\/lafuente.mx\/\"},{\"@type\":\"ListItem\",\"position\":2,\"name\":\"T\u00e9 de mente\"}]},{\"@type\":\"Person\",\"@id\":\"https:\/\/lafuente.mx\/#\/schema\/person\/603f3aa8e2f6f7879021ab722d39d6b0\",\"name\":\"Claudia Gallardo\",\"image\":{\"@type\":\"ImageObject\",\"inLanguage\":\"es-MX\",\"@id\":\"https:\/\/lafuente.mx\/#\/schema\/person\/image\/\",\"url\":\"https:\/\/secure.gravatar.com\/avatar\/bfe9c966af1ccfb9d17bcdb9d04e8815?s=96&d=mm&r=g\",\"contentUrl\":\"https:\/\/secure.gravatar.com\/avatar\/bfe9c966af1ccfb9d17bcdb9d04e8815?s=96&d=mm&r=g\",\"caption\":\"Claudia Gallardo\"},\"url\":\"https:\/\/lafuente.mx\/?author=3\"}]}<\/script>\n<!-- \/ Yoast SEO plugin. -->","yoast_head_json":{"title":"T\u00e9 de mente -","description":"T\u00e9 de Mente regresa con una segunda temporada a mostrar que las neurociencias y la nutrici\u00f3n son una combinaci\u00f3n ganadora.","robots":{"index":"index","follow":"follow","max-snippet":"max-snippet:-1","max-image-preview":"max-image-preview:large","max-video-preview":"max-video-preview:-1"},"canonical":"https:\/\/lafuente.mx\/?p=2117","og_locale":"es_MX","og_type":"article","og_title":"T\u00e9 de mente Adolescencia y menarca","og_description":"T\u00e9 de Mente regresa con una segunda temporada a mostrar que las neurociencias y la nutrici\u00f3n son una combinaci\u00f3n ganadora.","og_url":"https:\/\/lafuente.mx\/?p=2117","article_published_time":"2024-03-04T11:00:00+00:00","article_modified_time":"2024-04-11T18:22:29+00:00","og_image":[{"width":1280,"height":853,"url":"http:\/\/lafuente.mx\/wp-content\/uploads\/2024\/03\/girl-child-teenager-5087960.jpg","type":"image\/jpeg"}],"author":"Claudia Gallardo","twitter_card":"summary_large_image","twitter_title":"T\u00e9 de mente Adolescencia y menarca","twitter_description":"T\u00e9 de Mente regresa con una segunda temporada a mostrar que las neurociencias y la nutrici\u00f3n son una combinaci\u00f3n ganadora.","twitter_image":"https:\/\/i0.wp.com\/lafuente.mx\/wp-content\/uploads\/2024\/03\/girl-child-teenager-5087960.jpg?fit=1280%2C853&ssl=1","twitter_misc":{"Escrito por":"Claudia Gallardo","Tiempo de lectura":"1 minuto"},"schema":{"@context":"https:\/\/schema.org","@graph":[{"@type":"WebSite","@id":"https:\/\/lafuente.mx\/#website","url":"https:\/\/lafuente.mx\/","name":"","description":"Informaci\u00f3n confiable sobre salud mental","potentialAction":[{"@type":"SearchAction","target":{"@type":"EntryPoint","urlTemplate":"https:\/\/lafuente.mx\/?s={search_term_string}"},"query-input":"required name=search_term_string"}],"inLanguage":"es-MX"},{"@type":"WebPage","@id":"https:\/\/lafuente.mx\/?p=2117","url":"https:\/\/lafuente.mx\/?p=2117","name":"T\u00e9 de mente -","isPartOf":{"@id":"https:\/\/lafuente.mx\/#website"},"datePublished":"2024-03-04T11:00:00+00:00","dateModified":"2024-04-11T18:22:29+00:00","author":{"@id":"https:\/\/lafuente.mx\/#\/schema\/person\/603f3aa8e2f6f7879021ab722d39d6b0"},"description":"T\u00e9 de Mente regresa con una segunda temporada a mostrar que las neurociencias y la nutrici\u00f3n son una combinaci\u00f3n ganadora.","breadcrumb":{"@id":"https:\/\/lafuente.mx\/?p=2117#breadcrumb"},"inLanguage":"es-MX","potentialAction":[{"@type":"ReadAction","target":["https:\/\/lafuente.mx\/?p=2117"]}]},{"@type":"BreadcrumbList","@id":"https:\/\/lafuente.mx\/?p=2117#breadcrumb","itemListElement":[{"@type":"ListItem","position":1,"name":"Inicio","item":"https:\/\/lafuente.mx\/"},{"@type":"ListItem","position":2,"name":"T\u00e9 de mente"}]},{"@type":"Person","@id":"https:\/\/lafuente.mx\/#\/schema\/person\/603f3aa8e2f6f7879021ab722d39d6b0","name":"Claudia Gallardo","image":{"@type":"ImageObject","inLanguage":"es-MX","@id":"https:\/\/lafuente.mx\/#\/schema\/person\/image\/","url":"https:\/\/secure.gravatar.com\/avatar\/bfe9c966af1ccfb9d17bcdb9d04e8815?s=96&d=mm&r=g","contentUrl":"https:\/\/secure.gravatar.com\/avatar\/bfe9c966af1ccfb9d17bcdb9d04e8815?s=96&d=mm&r=g","caption":"Claudia Gallardo"},"url":"https:\/\/lafuente.mx\/?author=3"}]}},"jetpack_featured_media_url":"https:\/\/i0.wp.com\/lafuente.mx\/wp-content\/uploads\/2024\/03\/girl-child-teenager-5087960.jpg?fit=1280%2C853&ssl=1","jetpack-related-posts":[{"id":1729,"url":"https:\/\/lafuente.mx\/?p=1729","url_meta":{"origin":2117,"position":0},"title":"T\u00e9 de mente","date":"septiembre 26, 2023","format":false,"excerpt":"Aompa\u00f1anos a disfrutar de un T\u00e9 de mente con mucho sabor. En nuestro episodio 3 T\u00e9 de mente, el podcast donde las neurociencias y la nutrici\u00f3n se mezclan y se fusionan, resultando en una combinaci\u00f3n ganadora. Acompa\u00f1a a Dannia Islas del Instituto Nacional de Psiquiatr\u00eda y Aurora Avila de la\u2026","rel":"","context":"En &quot;Podcasts&quot;","img":{"alt_text":"","src":"https:\/\/i0.wp.com\/lafuente.mx\/wp-content\/uploads\/2023\/09\/Logo-TE-D-Mente-fondo.jpg?fit=1200%2C1140&ssl=1&resize=350%2C200","width":350,"height":200},"classes":[]},{"id":2144,"url":"https:\/\/lafuente.mx\/?p=2144","url_meta":{"origin":2117,"position":1},"title":"T\u00e9 de mente","date":"marzo 21, 2024","format":false,"excerpt":"Segundo episodio Menstruaci\u00f3n \u00a1Es la hora del t\u00e9!, platiquemos sobre esos d\u00edas complicados, descubramos algunos minerales y su relaci\u00f3n con la menstruaci\u00f3n y la salud mental. Segunda temporada T\u00e9 de Mente regresa con una segunda temporada a mostrar que las neurociencias y la nutrici\u00f3n son una combinaci\u00f3n ganadora. Acomp\u00e1\u00f1anos en\u2026","rel":"","context":"En &quot;Podcasts&quot;","img":{"alt_text":"apple, fruit, wet-8591539.jpg","src":"https:\/\/i0.wp.com\/lafuente.mx\/wp-content\/uploads\/2024\/03\/apple-fruit-wet-8591539.jpg?fit=1200%2C800&ssl=1&resize=350%2C200","width":350,"height":200},"classes":[]},{"id":1644,"url":"https:\/\/lafuente.mx\/?p=1644","url_meta":{"origin":2117,"position":2},"title":"T\u00e9 de mente","date":"septiembre 4, 2023","format":false,"excerpt":"El podcast donde las neurociencias y la nutrici\u00f3n se mezclan y se fusionan, resultando en una combinaci\u00f3n ganadora. Acompa\u00f1a a Dannia Islas del Instituto Nacional de Psiquiatr\u00eda y Aurora Avila de la carrera de nutriolog\u00eda de la UNAM a descubrir c\u00f3mo tu salud mental y tu alimentaci\u00f3n est\u00e1n m\u00e1s conectadas\u2026","rel":"","context":"En &quot;Podcasts&quot;","img":{"alt_text":"","src":"https:\/\/i0.wp.com\/lafuente.mx\/wp-content\/uploads\/2023\/09\/Logo-TE-D-Mente-fondo.jpg?fit=1200%2C1140&ssl=1&resize=350%2C200","width":350,"height":200},"classes":[]},{"id":1806,"url":"https:\/\/lafuente.mx\/?p=1806","url_meta":{"origin":2117,"position":3},"title":"T\u00e9 de mente","date":"octubre 23, 2023","format":false,"excerpt":"Acomp\u00e1\u00f1anos a disfrutar de un T\u00e9 de mente con mucho sabor. En nuestro\u00a0episodio 5 T\u00e9 de mente, el podcast donde las neurociencias y la nutrici\u00f3n se mezclan y se fusionan, resultando en una combinaci\u00f3n ganadora. 5.- Mujeres: Depresi\u00f3n y Alimentaci\u00f3n Ac\u00e9rquense su tecito para platicar sobre algunos factores medioambientales que\u2026","rel":"","context":"En &quot;Podcasts&quot;","img":{"alt_text":"","src":"https:\/\/i0.wp.com\/lafuente.mx\/wp-content\/uploads\/2023\/10\/the.jpeg?fit=800%2C550&ssl=1&resize=350%2C200","width":350,"height":200},"classes":[]},{"id":1705,"url":"https:\/\/lafuente.mx\/?p=1705","url_meta":{"origin":2117,"position":4},"title":"T\u00e9 de mente","date":"septiembre 11, 2023","format":false,"excerpt":"Te de mente, el podcast donde las neurociencias y la nutrici\u00f3n se mezclan y se fusionan, resultando en una combinaci\u00f3n ganadora. Acompa\u00f1a a Dannia Islas del Instituto Nacional de Psiquiatr\u00eda y Aurora Avila de la carrera de nutriolog\u00eda de la UNAM a descubrir c\u00f3mo tu salud mental y tu alimentaci\u00f3n\u2026","rel":"","context":"En &quot;Podcasts&quot;","img":{"alt_text":"","src":"https:\/\/i0.wp.com\/lafuente.mx\/wp-content\/uploads\/2023\/09\/Logo-TE-D-Mente-fondo.jpg?fit=1200%2C1140&ssl=1&resize=350%2C200","width":350,"height":200},"classes":[]},{"id":1757,"url":"https:\/\/lafuente.mx\/?p=1757","url_meta":{"origin":2117,"position":5},"title":"T\u00e9 de mente","date":"octubre 10, 2023","format":false,"excerpt":"Acomp\u00e1\u00f1anos a disfrutar de un T\u00e9 de mente con mucho sabor. En nuestro\u00a0episodio 4 T\u00e9 de mente, el podcast donde las neurociencias y la nutrici\u00f3n se mezclan y se fusionan, resultando en una combinaci\u00f3n ganadora. 4..- Tipos de Dieta y Salud Mental Ac\u00e9rquense su tecito para platicar sobre c\u00f3mo algunos\u2026","rel":"","context":"En &quot;Podcasts&quot;","img":{"alt_text":"","src":"https:\/\/i0.wp.com\/lafuente.mx\/wp-content\/uploads\/2023\/10\/Te-Mente.jpeg?fit=640%2C360&ssl=1&resize=350%2C200","width":350,"height":200},"classes":[]}],"jetpack_sharing_enabled":true,"jetpack_shortlink":"https:\/\/wp.me\/pe9WUx-y9","_links":{"self":[{"href":"https:\/\/lafuente.mx\/index.php?rest_route=\/wp\/v2\/posts\/2117"}],"collection":[{"href":"https:\/\/lafuente.mx\/index.php?rest_route=\/wp\/v2\/posts"}],"about":[{"href":"https:\/\/lafuente.mx\/index.php?rest_route=\/wp\/v2\/types\/post"}],"author":[{"embeddable":true,"href":"https:\/\/lafuente.mx\/index.php?rest_route=\/wp\/v2\/users\/3"}],"replies":[{"embeddable":true,"href":"https:\/\/lafuente.mx\/index.php?rest_route=%2Fwp%2Fv2%2Fcomments&post=2117"}],"version-history":[{"count":3,"href":"https:\/\/lafuente.mx\/index.php?rest_route=\/wp\/v2\/posts\/2117\/revisions"}],"predecessor-version":[{"id":2224,"href":"https:\/\/lafuente.mx\/index.php?rest_route=\/wp\/v2\/posts\/2117\/revisions\/2224"}],"wp:featuredmedia":[{"embeddable":true,"href":"https:\/\/lafuente.mx\/index.php?rest_route=\/wp\/v2\/media\/2120"}],"wp:attachment":[{"href":"https:\/\/lafuente.mx\/index.php?rest_route=%2Fwp%2Fv2%2Fmedia&parent=2117"}],"wp:term":[{"taxonomy":"category","embeddable":true,"href":"https:\/\/lafuente.mx\/index.php?rest_route=%2Fwp%2Fv2%2Fcategories&post=2117"},{"taxonomy":"post_tag","embeddable":true,"href":"https:\/\/lafuente.mx\/index.php?rest_route=%2Fwp%2Fv2%2Ftags&post=2117"}],"curies":[{"name":"wp","href":"https:\/\/api.w.org\/{rel}","templated":true}]}}