{"id":2110,"date":"2024-02-28T20:18:44","date_gmt":"2024-02-28T20:18:44","guid":{"rendered":"https:\/\/lafuente.mx\/?p=2110"},"modified":"2024-02-28T20:18:46","modified_gmt":"2024-02-28T20:18:46","slug":"abordaje-interdisciplinario-en-el-acompanamiento-para-la-perdida-de-peso-una-vision-desde-la-salud-mental","status":"publish","type":"post","link":"https:\/\/lafuente.mx\/?p=2110","title":{"rendered":"Abordaje interdisciplinario en el acompa\u00f1amiento para la p\u00e9rdida de peso: una visi\u00f3n desde la salud mental"},"content":{"rendered":"\n<hr class=\"wp-block-separator has-alpha-channel-opacity is-style-wide\"\/>\n\n\n<div class=\"wp-block-image\">\n<figure class=\"aligncenter size-large\"><img decoding=\"async\" loading=\"lazy\" width=\"640\" height=\"360\" src=\"https:\/\/i0.wp.com\/lafuente.mx\/wp-content\/uploads\/2024\/02\/240228-edited.jpg?resize=640%2C360&#038;ssl=1\" alt=\"\" class=\"wp-image-2112\" srcset=\"https:\/\/i0.wp.com\/lafuente.mx\/wp-content\/uploads\/2024\/02\/240228-edited.jpg?w=1380&amp;ssl=1 1380w, https:\/\/i0.wp.com\/lafuente.mx\/wp-content\/uploads\/2024\/02\/240228-edited.jpg?resize=300%2C169&amp;ssl=1 300w, https:\/\/i0.wp.com\/lafuente.mx\/wp-content\/uploads\/2024\/02\/240228-edited.jpg?resize=1024%2C576&amp;ssl=1 1024w, https:\/\/i0.wp.com\/lafuente.mx\/wp-content\/uploads\/2024\/02\/240228-edited.jpg?resize=768%2C432&amp;ssl=1 768w, https:\/\/i0.wp.com\/lafuente.mx\/wp-content\/uploads\/2024\/02\/240228-edited.jpg?w=1280 1280w\" sizes=\"(max-width: 640px) 100vw, 640px\" data-recalc-dims=\"1\" \/><\/figure><\/div>\n\n\n<hr class=\"wp-block-separator aligncenter has-alpha-channel-opacity is-style-wide\"\/>\n\n\n\n<p class=\"has-medium-font-size\"><strong>Del 4 al 15 de marzo de 2024<\/strong>\u00a0<br><strong>Acceso ilimitado 24 horas en Google Classroom + sesiones interactivas en tiempo real\u00a0<\/strong><\/p>\n\n\n\n<hr class=\"wp-block-separator aligncenter has-alpha-channel-opacity is-style-wide\"\/>\n\n\n\n<p><br><strong>Coordinan<\/strong>:\u00a0<\/p>\n\n\n\n<p>Dra. Mar\u00eda Magdalena Ocampo Regla&nbsp;<\/p>\n\n\n\n<p>Dr. H\u00e9ctor V. Esquivias Zavala&nbsp;<\/p>\n\n\n\n<p><\/p>\n\n\n\n<p><strong>Dirigido a:\u00a0<\/strong><\/p>\n\n\n\n<p>Profesionales de la salud de las siguientes disciplinas: medicina, psicolog\u00eda, nutrici\u00f3n, activaci\u00f3n f\u00edsica, trabajo social y enfermer\u00eda&nbsp;<\/p>\n\n\n\n<p><strong>Objetivo general<\/strong>:<\/p>\n\n\n\n<p>Revisar estrategias para el abordaje y el tratamiento multidisciplinario de las personas que viven con obesidad con \u00e9nfasis en las principales condiciones de salud mental y en las estrategias farmacol\u00f3gicas y psicoterap\u00e9uticas para la p\u00e9rdida de peso&nbsp;<\/p>\n\n\n\n<p><strong>Temas a tratar:\u00a0<\/strong><\/p>\n\n\n\n<ul>\n<li>Panorama epidemiol\u00f3gico\u00a0<\/li>\n<\/ul>\n\n\n\n<ul>\n<li>Sistema de estadificaci\u00f3n EOSS\u00a0<\/li>\n<\/ul>\n\n\n\n<ul>\n<li>Psicometr\u00eda en bariatr\u00eda\u00a0<\/li>\n<\/ul>\n\n\n\n<ul>\n<li>Obesidad en salud mental\u00a0<\/li>\n<\/ul>\n\n\n\n<ul>\n<li>\u00bfAdicci\u00f3n a la comida?\u00a0<br><\/li>\n<\/ul>\n\n\n\n<p><strong>INPRFM ( 20 horas cr\u00e9dito )\u00a0<\/strong><\/p>\n\n\n\n<p><strong>Cupo limitado, sin costo\u00a0<\/strong><\/p>\n","protected":false},"excerpt":{"rendered":"<p>Del 4 al 15 de marzo de 2024\u00a0Acceso ilimitado 24 horas en Google Classroom + sesiones interactivas en tiempo real\u00a0 Coordinan:\u00a0 Dra. Mar\u00eda Magdalena Ocampo<\/p>\n","protected":false},"author":5,"featured_media":2112,"comment_status":"closed","ping_status":"closed","sticky":false,"template":"","format":"standard","meta":{"footnotes":"","jetpack_publicize_message":"","jetpack_is_tweetstorm":false,"jetpack_publicize_feature_enabled":true},"categories":[4,6],"tags":[135,88,479,21,596,32],"jetpack_publicize_connections":[],"yoast_head":"<!-- This site is optimized with the Yoast SEO plugin v19.4 - https:\/\/yoast.com\/wordpress\/plugins\/seo\/ -->\n<title>Abordaje interdisciplinario en el acompa\u00f1amiento para la p\u00e9rdida de peso: una visi\u00f3n desde la salud mental -<\/title>\n<meta name=\"description\" content=\"Abordaje interdisciplinario en el acompa\u00f1amiento para la p\u00e9rdida de peso: una visi\u00f3n desde la salud mental\" \/>\n<meta name=\"robots\" content=\"index, follow, max-snippet:-1, max-image-preview:large, max-video-preview:-1\" \/>\n<link rel=\"canonical\" href=\"https:\/\/lafuente.mx\/?p=2110\" \/>\n<meta property=\"og:locale\" content=\"es_MX\" \/>\n<meta property=\"og:type\" content=\"article\" \/>\n<meta property=\"og:title\" content=\"Abordaje interdisciplinario en el acompa\u00f1amiento para la p\u00e9rdida de peso: una visi\u00f3n desde la salud mental\" \/>\n<meta property=\"og:description\" content=\"Abordaje interdisciplinario en el acompa\u00f1amiento para la p\u00e9rdida de peso: una visi\u00f3n desde la salud mental\" \/>\n<meta property=\"og:url\" content=\"https:\/\/lafuente.mx\/?p=2110\" \/>\n<meta property=\"article:published_time\" content=\"2024-02-28T20:18:44+00:00\" \/>\n<meta property=\"article:modified_time\" content=\"2024-02-28T20:18:46+00:00\" \/>\n<meta property=\"og:image\" content=\"http:\/\/lafuente.mx\/wp-content\/uploads\/2024\/02\/240228-edited.jpg\" \/>\n\t<meta property=\"og:image:width\" content=\"1380\" \/>\n\t<meta property=\"og:image:height\" content=\"776\" \/>\n\t<meta property=\"og:image:type\" content=\"image\/jpeg\" \/>\n<meta name=\"author\" content=\"Dar\u00edo Ram\u00edrez\" \/>\n<meta name=\"twitter:card\" content=\"summary_large_image\" \/>\n<meta name=\"twitter:title\" content=\"Abordaje interdisciplinario en el acompa\u00f1amiento para la p\u00e9rdida de peso: una visi\u00f3n desde la salud mental\" \/>\n<meta name=\"twitter:description\" content=\"Abordaje interdisciplinario en el acompa\u00f1amiento para la p\u00e9rdida de peso: una visi\u00f3n desde la salud mental\" \/>\n<meta name=\"twitter:image\" content=\"https:\/\/i0.wp.com\/lafuente.mx\/wp-content\/uploads\/2024\/02\/240228-edited.jpg?fit=1380%2C776&ssl=1\" \/>\n<meta name=\"twitter:label1\" content=\"Escrito por\" \/>\n\t<meta name=\"twitter:data1\" content=\"Dar\u00edo Ram\u00edrez\" \/>\n\t<meta name=\"twitter:label2\" content=\"Tiempo de lectura\" \/>\n\t<meta name=\"twitter:data2\" content=\"1 minuto\" \/>\n<script type=\"application\/ld+json\" class=\"yoast-schema-graph\">{\"@context\":\"https:\/\/schema.org\",\"@graph\":[{\"@type\":\"WebSite\",\"@id\":\"https:\/\/lafuente.mx\/#website\",\"url\":\"https:\/\/lafuente.mx\/\",\"name\":\"\",\"description\":\"Informaci\u00f3n confiable sobre salud mental\",\"potentialAction\":[{\"@type\":\"SearchAction\",\"target\":{\"@type\":\"EntryPoint\",\"urlTemplate\":\"https:\/\/lafuente.mx\/?s={search_term_string}\"},\"query-input\":\"required name=search_term_string\"}],\"inLanguage\":\"es-MX\"},{\"@type\":\"WebPage\",\"@id\":\"https:\/\/lafuente.mx\/?p=2110\",\"url\":\"https:\/\/lafuente.mx\/?p=2110\",\"name\":\"Abordaje interdisciplinario en el acompa\u00f1amiento para la p\u00e9rdida de peso: una visi\u00f3n desde la salud mental -\",\"isPartOf\":{\"@id\":\"https:\/\/lafuente.mx\/#website\"},\"datePublished\":\"2024-02-28T20:18:44+00:00\",\"dateModified\":\"2024-02-28T20:18:46+00:00\",\"author\":{\"@id\":\"https:\/\/lafuente.mx\/#\/schema\/person\/b9cc1ac3941245ec61c80638a92abfb6\"},\"description\":\"Abordaje interdisciplinario en el acompa\u00f1amiento para la p\u00e9rdida de peso: una visi\u00f3n desde la salud mental\",\"breadcrumb\":{\"@id\":\"https:\/\/lafuente.mx\/?p=2110#breadcrumb\"},\"inLanguage\":\"es-MX\",\"potentialAction\":[{\"@type\":\"ReadAction\",\"target\":[\"https:\/\/lafuente.mx\/?p=2110\"]}]},{\"@type\":\"BreadcrumbList\",\"@id\":\"https:\/\/lafuente.mx\/?p=2110#breadcrumb\",\"itemListElement\":[{\"@type\":\"ListItem\",\"position\":1,\"name\":\"Inicio\",\"item\":\"https:\/\/lafuente.mx\/\"},{\"@type\":\"ListItem\",\"position\":2,\"name\":\"Abordaje interdisciplinario en el acompa\u00f1amiento para la p\u00e9rdida de peso: una visi\u00f3n desde la salud mental\"}]},{\"@type\":\"Person\",\"@id\":\"https:\/\/lafuente.mx\/#\/schema\/person\/b9cc1ac3941245ec61c80638a92abfb6\",\"name\":\"Dar\u00edo Ram\u00edrez\",\"image\":{\"@type\":\"ImageObject\",\"inLanguage\":\"es-MX\",\"@id\":\"https:\/\/lafuente.mx\/#\/schema\/person\/image\/\",\"url\":\"https:\/\/secure.gravatar.com\/avatar\/bd5441528d8085d08a897e5789079259?s=96&d=mm&r=g\",\"contentUrl\":\"https:\/\/secure.gravatar.com\/avatar\/bd5441528d8085d08a897e5789079259?s=96&d=mm&r=g\",\"caption\":\"Dar\u00edo Ram\u00edrez\"},\"url\":\"https:\/\/lafuente.mx\/?author=5\"}]}<\/script>\n<!-- \/ Yoast SEO plugin. -->","yoast_head_json":{"title":"Abordaje interdisciplinario en el acompa\u00f1amiento para la p\u00e9rdida de peso: una visi\u00f3n desde la salud mental -","description":"Abordaje interdisciplinario en el acompa\u00f1amiento para la p\u00e9rdida de peso: una visi\u00f3n desde la salud mental","robots":{"index":"index","follow":"follow","max-snippet":"max-snippet:-1","max-image-preview":"max-image-preview:large","max-video-preview":"max-video-preview:-1"},"canonical":"https:\/\/lafuente.mx\/?p=2110","og_locale":"es_MX","og_type":"article","og_title":"Abordaje interdisciplinario en el acompa\u00f1amiento para la p\u00e9rdida de peso: una visi\u00f3n desde la salud mental","og_description":"Abordaje interdisciplinario en el acompa\u00f1amiento para la p\u00e9rdida de peso: una visi\u00f3n desde la salud mental","og_url":"https:\/\/lafuente.mx\/?p=2110","article_published_time":"2024-02-28T20:18:44+00:00","article_modified_time":"2024-02-28T20:18:46+00:00","og_image":[{"width":1380,"height":776,"url":"http:\/\/lafuente.mx\/wp-content\/uploads\/2024\/02\/240228-edited.jpg","type":"image\/jpeg"}],"author":"Dar\u00edo Ram\u00edrez","twitter_card":"summary_large_image","twitter_title":"Abordaje interdisciplinario en el acompa\u00f1amiento para la p\u00e9rdida de peso: una visi\u00f3n desde la salud mental","twitter_description":"Abordaje interdisciplinario en el acompa\u00f1amiento para la p\u00e9rdida de peso: una visi\u00f3n desde la salud mental","twitter_image":"https:\/\/i0.wp.com\/lafuente.mx\/wp-content\/uploads\/2024\/02\/240228-edited.jpg?fit=1380%2C776&ssl=1","twitter_misc":{"Escrito por":"Dar\u00edo Ram\u00edrez","Tiempo de lectura":"1 minuto"},"schema":{"@context":"https:\/\/schema.org","@graph":[{"@type":"WebSite","@id":"https:\/\/lafuente.mx\/#website","url":"https:\/\/lafuente.mx\/","name":"","description":"Informaci\u00f3n confiable sobre salud mental","potentialAction":[{"@type":"SearchAction","target":{"@type":"EntryPoint","urlTemplate":"https:\/\/lafuente.mx\/?s={search_term_string}"},"query-input":"required name=search_term_string"}],"inLanguage":"es-MX"},{"@type":"WebPage","@id":"https:\/\/lafuente.mx\/?p=2110","url":"https:\/\/lafuente.mx\/?p=2110","name":"Abordaje interdisciplinario en el acompa\u00f1amiento para la p\u00e9rdida de peso: una visi\u00f3n desde la salud mental -","isPartOf":{"@id":"https:\/\/lafuente.mx\/#website"},"datePublished":"2024-02-28T20:18:44+00:00","dateModified":"2024-02-28T20:18:46+00:00","author":{"@id":"https:\/\/lafuente.mx\/#\/schema\/person\/b9cc1ac3941245ec61c80638a92abfb6"},"description":"Abordaje interdisciplinario en el acompa\u00f1amiento para la p\u00e9rdida de peso: una visi\u00f3n desde la salud mental","breadcrumb":{"@id":"https:\/\/lafuente.mx\/?p=2110#breadcrumb"},"inLanguage":"es-MX","potentialAction":[{"@type":"ReadAction","target":["https:\/\/lafuente.mx\/?p=2110"]}]},{"@type":"BreadcrumbList","@id":"https:\/\/lafuente.mx\/?p=2110#breadcrumb","itemListElement":[{"@type":"ListItem","position":1,"name":"Inicio","item":"https:\/\/lafuente.mx\/"},{"@type":"ListItem","position":2,"name":"Abordaje interdisciplinario en el acompa\u00f1amiento para la p\u00e9rdida de peso: una visi\u00f3n desde la salud mental"}]},{"@type":"Person","@id":"https:\/\/lafuente.mx\/#\/schema\/person\/b9cc1ac3941245ec61c80638a92abfb6","name":"Dar\u00edo Ram\u00edrez","image":{"@type":"ImageObject","inLanguage":"es-MX","@id":"https:\/\/lafuente.mx\/#\/schema\/person\/image\/","url":"https:\/\/secure.gravatar.com\/avatar\/bd5441528d8085d08a897e5789079259?s=96&d=mm&r=g","contentUrl":"https:\/\/secure.gravatar.com\/avatar\/bd5441528d8085d08a897e5789079259?s=96&d=mm&r=g","caption":"Dar\u00edo Ram\u00edrez"},"url":"https:\/\/lafuente.mx\/?author=5"}]}},"jetpack_featured_media_url":"https:\/\/i0.wp.com\/lafuente.mx\/wp-content\/uploads\/2024\/02\/240228-edited.jpg?fit=1380%2C776&ssl=1","jetpack-related-posts":[{"id":3649,"url":"https:\/\/lafuente.mx\/?p=3649","url_meta":{"origin":2110,"position":0},"title":"Abordaje interdisciplinario en el acompa\u00f1amiento para la p\u00e9rdida de peso:  Una visis\u00f3n desde la salud mental","date":"abril 13, 2026","format":false,"excerpt":"REQUISITOS PARA LA INSCRIPCI\u00d3N A CURSOS DEL PROGRAMA ANUAL DE EDUCACI\u00d3N CONTINUA Del 20 de abril al 1\u00ba de mayo, 2026 COORDINAN: Dr. H\u00e9ctor V. Esquivias ZavalaCoordinador titularDra. Julieta Berm\u00fadez G\u00f3mezCoordinadora adjunta\u00a0 INFORMACI\u00d3N: https:\/\/bit.ly\/4sOSNU5 INSCRIPCI\u00d3N: 13 de abril, 9:00 h En el siguiente link:\u00a0https:\/\/docs.google.com\/forms\/d\/e\/1FAIpQLSeIReHL2pexlCAdnx-CybdXP0t-FKja-au2GAySQwXx0YFrcg\/closedform DIRIGIDO A:Profesionales de la salud de\u2026","rel":"","context":"En &quot;Eventos Acad\u00e9micos del INPRFM&quot;","img":{"alt_text":"","src":"https:\/\/i0.wp.com\/lafuente.mx\/wp-content\/uploads\/2026\/04\/lf.jpg?fit=1081%2C737&ssl=1&resize=350%2C200","width":350,"height":200},"classes":[]},{"id":807,"url":"https:\/\/lafuente.mx\/?p=807","url_meta":{"origin":2110,"position":1},"title":"Convocatoria de Maestr\u00eda y Doctorado en Ciencias de la Salud\u00a0","date":"febrero 9, 2023","format":false,"excerpt":"Foto INPRFM Foto INPRFM Foto INPRFM Campo del Conocimiento: Salud Mental P\u00fablica\u00a0 La salud mental es fundamental en el desarrollo equilibrado de la vida, siendo pieza clave en las relaciones interpersonales, la vida familiar y la integraci\u00f3n social. Este factor es de vital importancia para la inclusi\u00f3n social y la\u2026","rel":"","context":"En &quot;Cursos&quot;","img":{"alt_text":"","src":"https:\/\/i0.wp.com\/lafuente.mx\/wp-content\/uploads\/2023\/02\/DSC_0290-scaled.jpg?fit=1200%2C797&ssl=1&resize=350%2C200","width":350,"height":200},"classes":[]},{"id":1766,"url":"https:\/\/lafuente.mx\/?p=1766","url_meta":{"origin":2110,"position":2},"title":"Fundamentos en tanatolog\u00eda","date":"octubre 16, 2023","format":false,"excerpt":"Curso en l\u00ednea (CUPO LLENO, siendo las 9:20 h) Los invitamos a estar atentos a la inscripci\u00f3n de nuestros cursos que se abrir\u00e1 una semana previa de su inicio a las 9:00 horas en nuestras redes sociales @INPRFM; es importante mencionarles que tiene cupo limitado, por lo que llega a\u2026","rel":"","context":"En &quot;Cursos en l\u00ednea&quot;","img":{"alt_text":"","src":"https:\/\/i0.wp.com\/lafuente.mx\/wp-content\/uploads\/2023\/10\/WhatsApp-Image-2023-10-16-at-9.11.27-AM.jpeg?fit=1200%2C927&ssl=1&resize=350%2C200","width":350,"height":200},"classes":[]},{"id":2711,"url":"https:\/\/lafuente.mx\/?p=2711","url_meta":{"origin":2110,"position":3},"title":"Salud Mental de las Ni\u00f1as, Ni\u00f1os y Adolescentes en el contexto familiar\u00a0","date":"diciembre 16, 2024","format":false,"excerpt":"DIPLOMADO EN L\u00cdNEA COORDINADORA ACAD\u00c9MICA\u00a0 Dra. Diana Patricia Gu\u00edzar S\u00e1nchez \u00a0 Dirigido a: personal de medicina general, medicina especializada, psicolog\u00eda y terapia del \u00e1rea de la salud mental\u00a0 Objetivo general: Evaluar las \u00e1reas de oportunidad en las ni\u00f1as, ni\u00f1os y adolescentes dentro del contexto familiar e implementar modelos de intervenci\u00f3n\u2026","rel":"","context":"En &quot;Cursos en l\u00ednea&quot;","img":{"alt_text":"","src":"https:\/\/i0.wp.com\/lafuente.mx\/wp-content\/uploads\/2024\/12\/Captura-de-pantalla-2024-12-16-a-las-10.53.16.png?fit=1200%2C636&ssl=1&resize=350%2C200","width":350,"height":200},"classes":[]},{"id":587,"url":"https:\/\/lafuente.mx\/?p=587","url_meta":{"origin":2110,"position":4},"title":"Con el apoyo del Instituto Nacional de Psiquiatr\u00eda, personal de SSC se capacit\u00f3 para atender la salud mental de los cuerpos policiales\u00a0","date":"noviembre 28, 2022","format":false,"excerpt":"Publicado el 24 Noviembre 2022 Como parte de las acciones de colaboraci\u00f3n interinstitucional que realiza la Secretar\u00eda de Seguridad Ciudadana (SSC) de la Ciudad de M\u00e9xico para promover la salud mental y f\u00edsica de las y los polic\u00edas, en el auditorio del Instituto Nacional de Psiquiatr\u00eda Ram\u00f3n de la Fuente\u2026","rel":"","context":"En &quot;Noticias&quot;","img":{"alt_text":"","src":"https:\/\/i0.wp.com\/lafuente.mx\/wp-content\/uploads\/2022\/11\/diplomas_0007_DSC_0152.jpg?fit=1181%2C784&ssl=1&resize=350%2C200","width":350,"height":200},"classes":[]},{"id":974,"url":"https:\/\/lafuente.mx\/?p=974","url_meta":{"origin":2110,"position":5},"title":"\u00bfQU\u00c9 PASA SI TE PASAS?","date":"marzo 27, 2023","format":false,"excerpt":"Aumenta la percepci\u00f3n de riesgo por usar alcohol, tabaco o drogas.\u00a0 Red Internacional de Salud Mental y Apoyo Psicosocial. La pandemia de COVID-19, a pesar de ser una crisis de salud f\u00edsica, tambi\u00e9n est\u00e1 impactando en la salud mental de las personas. Es innegable el esfuerzo que se vienen realizando\u2026","rel":"","context":"En &quot;Informaci\u00f3n de inter\u00e9s&quot;","img":{"alt_text":"","src":"https:\/\/i0.wp.com\/lafuente.mx\/wp-content\/uploads\/2023\/03\/Captura-de-Pantalla-2023-03-23-a-las-11.40.21.png?fit=932%2C670&ssl=1&resize=350%2C200","width":350,"height":200},"classes":[]}],"jetpack_sharing_enabled":true,"jetpack_shortlink":"https:\/\/wp.me\/pe9WUx-y2","_links":{"self":[{"href":"https:\/\/lafuente.mx\/index.php?rest_route=\/wp\/v2\/posts\/2110"}],"collection":[{"href":"https:\/\/lafuente.mx\/index.php?rest_route=\/wp\/v2\/posts"}],"about":[{"href":"https:\/\/lafuente.mx\/index.php?rest_route=\/wp\/v2\/types\/post"}],"author":[{"embeddable":true,"href":"https:\/\/lafuente.mx\/index.php?rest_route=\/wp\/v2\/users\/5"}],"replies":[{"embeddable":true,"href":"https:\/\/lafuente.mx\/index.php?rest_route=%2Fwp%2Fv2%2Fcomments&post=2110"}],"version-history":[{"count":2,"href":"https:\/\/lafuente.mx\/index.php?rest_route=\/wp\/v2\/posts\/2110\/revisions"}],"predecessor-version":[{"id":2114,"href":"https:\/\/lafuente.mx\/index.php?rest_route=\/wp\/v2\/posts\/2110\/revisions\/2114"}],"wp:featuredmedia":[{"embeddable":true,"href":"https:\/\/lafuente.mx\/index.php?rest_route=\/wp\/v2\/media\/2112"}],"wp:attachment":[{"href":"https:\/\/lafuente.mx\/index.php?rest_route=%2Fwp%2Fv2%2Fmedia&parent=2110"}],"wp:term":[{"taxonomy":"category","embeddable":true,"href":"https:\/\/lafuente.mx\/index.php?rest_route=%2Fwp%2Fv2%2Fcategories&post=2110"},{"taxonomy":"post_tag","embeddable":true,"href":"https:\/\/lafuente.mx\/index.php?rest_route=%2Fwp%2Fv2%2Ftags&post=2110"}],"curies":[{"name":"wp","href":"https:\/\/api.w.org\/{rel}","templated":true}]}}