{"id":2053,"date":"2024-02-06T15:10:57","date_gmt":"2024-02-06T15:10:57","guid":{"rendered":"https:\/\/lafuente.mx\/?p=2053"},"modified":"2024-02-06T15:10:58","modified_gmt":"2024-02-06T15:10:58","slug":"guia-simplificada-para-la-atencion-a-victimas-de-trata-de-personas","status":"publish","type":"post","link":"https:\/\/lafuente.mx\/?p=2053","title":{"rendered":"Gu\u00eda simplificada para la atenci\u00f3n a v\u00edctimas de trata de personas\u00a0"},"content":{"rendered":"\n<hr class=\"wp-block-separator aligncenter has-alpha-channel-opacity is-style-wide\"\/>\n\n\n\n<figure class=\"wp-block-image size-large\"><img decoding=\"async\" loading=\"lazy\" width=\"640\" height=\"360\" src=\"https:\/\/i0.wp.com\/lafuente.mx\/wp-content\/uploads\/2024\/02\/mujer-primer-plano-leyendo-revista-maquetas-edited-scaled.jpg?resize=640%2C360&#038;ssl=1\" alt=\"\" class=\"wp-image-2055\" srcset=\"https:\/\/i0.wp.com\/lafuente.mx\/wp-content\/uploads\/2024\/02\/mujer-primer-plano-leyendo-revista-maquetas-edited-scaled.jpg?w=2560&amp;ssl=1 2560w, https:\/\/i0.wp.com\/lafuente.mx\/wp-content\/uploads\/2024\/02\/mujer-primer-plano-leyendo-revista-maquetas-edited-scaled.jpg?resize=300%2C169&amp;ssl=1 300w, https:\/\/i0.wp.com\/lafuente.mx\/wp-content\/uploads\/2024\/02\/mujer-primer-plano-leyendo-revista-maquetas-edited-scaled.jpg?resize=1024%2C576&amp;ssl=1 1024w, https:\/\/i0.wp.com\/lafuente.mx\/wp-content\/uploads\/2024\/02\/mujer-primer-plano-leyendo-revista-maquetas-edited-scaled.jpg?resize=768%2C432&amp;ssl=1 768w, https:\/\/i0.wp.com\/lafuente.mx\/wp-content\/uploads\/2024\/02\/mujer-primer-plano-leyendo-revista-maquetas-edited-scaled.jpg?resize=1536%2C864&amp;ssl=1 1536w, https:\/\/i0.wp.com\/lafuente.mx\/wp-content\/uploads\/2024\/02\/mujer-primer-plano-leyendo-revista-maquetas-edited-scaled.jpg?resize=2048%2C1152&amp;ssl=1 2048w, https:\/\/i0.wp.com\/lafuente.mx\/wp-content\/uploads\/2024\/02\/mujer-primer-plano-leyendo-revista-maquetas-edited-scaled.jpg?w=1280 1280w, https:\/\/i0.wp.com\/lafuente.mx\/wp-content\/uploads\/2024\/02\/mujer-primer-plano-leyendo-revista-maquetas-edited-scaled.jpg?w=1920 1920w\" sizes=\"(max-width: 640px) 100vw, 640px\" data-recalc-dims=\"1\" \/><\/figure>\n\n\n\n<hr class=\"wp-block-separator aligncenter has-alpha-channel-opacity is-style-wide\"\/>\n\n\n\n<p class=\"has-medium-font-size\"><strong>Dirigido a:<\/strong><\/p>\n\n\n\n<p>\u2022 Personal adscrito a instancias p\u00fablicas de los tres \u00f3rdenes de gobierno que por la naturaleza de sus funciones brindan servicios de atenci\u00f3n al p\u00fablico en general y las \u00e1reas de atenci\u00f3n ciudadana y que por tanto podr\u00edan entrar en contacto con posibles v\u00edctimas del delito de trata.&nbsp;&nbsp;<\/p>\n\n\n\n<p>\u2022 Personal de las instancias que en los t\u00e9rminos de la Ley General de V\u00edctimas forman parte integral del Sistema Nacional de Atenci\u00f3n a V\u00edctimas.&nbsp;<\/p>\n\n\n\n<p>Esta Gu\u00eda simplificada y su ruta de atenci\u00f3n plantea acciones de ayuda inmediata, asistencia y de reparaci\u00f3n integral a v\u00edctimas, para lo cual, se mencionan a las instancias a las que deber\u00e1n ser canalizadas, a efecto de garantizar el respeto efectivo de sus derechos humanos de acuerdo con el art\u00edculo primero constitucional. Asimismo, se prev\u00e9 la responsabilidad de brindar seguimiento para constatar las atenciones otorgadas.\u00a0<\/p>\n\n\n\n<div class=\"wp-block-buttons is-layout-flex wp-block-buttons-is-layout-flex\">\n<div class=\"wp-block-button\"><a class=\"wp-block-button__link has-background wp-element-button\" href=\"https:\/\/inprf.gob.mx\/inprfnew\/archivos\/guia_trata.pdf\" style=\"background-color:#921111\" target=\"_blank\" rel=\"noreferrer noopener\">Consulta la gu\u00eda aqu\u00ed<\/a><\/div>\n<\/div>\n","protected":false},"excerpt":{"rendered":"<p>Dirigido a: \u2022 Personal adscrito a instancias p\u00fablicas de los tres \u00f3rdenes de gobierno que por la naturaleza de sus funciones brindan servicios de atenci\u00f3n<\/p>\n","protected":false},"author":5,"featured_media":2055,"comment_status":"closed","ping_status":"closed","sticky":false,"template":"","format":"standard","meta":{"footnotes":"","jetpack_publicize_message":"","jetpack_is_tweetstorm":false,"jetpack_publicize_feature_enabled":true},"categories":[14],"tags":[584,583,21,382],"jetpack_publicize_connections":[],"yoast_head":"<!-- This site is optimized with the Yoast SEO plugin v19.4 - https:\/\/yoast.com\/wordpress\/plugins\/seo\/ -->\n<title>Gu\u00eda simplificada para la atenci\u00f3n a v\u00edctimas de trata de personas\u00a0 -<\/title>\n<meta name=\"description\" content=\"Gu\u00eda simplificada para la atenci\u00f3n a v\u00edctimas de trata de personas\" \/>\n<meta name=\"robots\" content=\"index, follow, max-snippet:-1, max-image-preview:large, max-video-preview:-1\" \/>\n<link rel=\"canonical\" href=\"https:\/\/lafuente.mx\/?p=2053\" \/>\n<meta property=\"og:locale\" content=\"es_MX\" \/>\n<meta property=\"og:type\" content=\"article\" \/>\n<meta property=\"og:title\" content=\"Gu\u00eda simplificada para la atenci\u00f3n a v\u00edctimas de trata de personas\" \/>\n<meta property=\"og:description\" content=\"Gu\u00eda simplificada para la atenci\u00f3n a v\u00edctimas de trata de personas\" \/>\n<meta property=\"og:url\" content=\"https:\/\/lafuente.mx\/?p=2053\" \/>\n<meta property=\"article:published_time\" content=\"2024-02-06T15:10:57+00:00\" \/>\n<meta property=\"article:modified_time\" content=\"2024-02-06T15:10:58+00:00\" \/>\n<meta property=\"og:image\" content=\"http:\/\/lafuente.mx\/wp-content\/uploads\/2024\/02\/mujer-primer-plano-leyendo-revista-maquetas-edited-scaled.jpg\" \/>\n\t<meta property=\"og:image:width\" content=\"2560\" \/>\n\t<meta property=\"og:image:height\" content=\"1440\" \/>\n\t<meta property=\"og:image:type\" content=\"image\/jpeg\" \/>\n<meta name=\"author\" content=\"Dar\u00edo Ram\u00edrez\" \/>\n<meta name=\"twitter:card\" content=\"summary_large_image\" \/>\n<meta name=\"twitter:title\" content=\"Gu\u00eda simplificada para la atenci\u00f3n a v\u00edctimas de trata de personas\" \/>\n<meta name=\"twitter:description\" content=\"Gu\u00eda simplificada para la atenci\u00f3n a v\u00edctimas de trata de personas\" \/>\n<meta name=\"twitter:image\" content=\"https:\/\/i0.wp.com\/lafuente.mx\/wp-content\/uploads\/2024\/02\/mujer-primer-plano-leyendo-revista-maquetas-edited-scaled.jpg?fit=2560%2C1440&ssl=1\" \/>\n<meta name=\"twitter:label1\" content=\"Escrito por\" \/>\n\t<meta name=\"twitter:data1\" content=\"Dar\u00edo Ram\u00edrez\" \/>\n\t<meta name=\"twitter:label2\" content=\"Tiempo de lectura\" \/>\n\t<meta name=\"twitter:data2\" content=\"1 minuto\" \/>\n<script type=\"application\/ld+json\" class=\"yoast-schema-graph\">{\"@context\":\"https:\/\/schema.org\",\"@graph\":[{\"@type\":\"WebSite\",\"@id\":\"https:\/\/lafuente.mx\/#website\",\"url\":\"https:\/\/lafuente.mx\/\",\"name\":\"\",\"description\":\"Informaci\u00f3n confiable sobre salud mental\",\"potentialAction\":[{\"@type\":\"SearchAction\",\"target\":{\"@type\":\"EntryPoint\",\"urlTemplate\":\"https:\/\/lafuente.mx\/?s={search_term_string}\"},\"query-input\":\"required name=search_term_string\"}],\"inLanguage\":\"es-MX\"},{\"@type\":\"WebPage\",\"@id\":\"https:\/\/lafuente.mx\/?p=2053\",\"url\":\"https:\/\/lafuente.mx\/?p=2053\",\"name\":\"Gu\u00eda simplificada para la atenci\u00f3n a v\u00edctimas de trata de personas\u00a0 -\",\"isPartOf\":{\"@id\":\"https:\/\/lafuente.mx\/#website\"},\"datePublished\":\"2024-02-06T15:10:57+00:00\",\"dateModified\":\"2024-02-06T15:10:58+00:00\",\"author\":{\"@id\":\"https:\/\/lafuente.mx\/#\/schema\/person\/b9cc1ac3941245ec61c80638a92abfb6\"},\"description\":\"Gu\u00eda simplificada para la atenci\u00f3n a v\u00edctimas de trata de personas\",\"breadcrumb\":{\"@id\":\"https:\/\/lafuente.mx\/?p=2053#breadcrumb\"},\"inLanguage\":\"es-MX\",\"potentialAction\":[{\"@type\":\"ReadAction\",\"target\":[\"https:\/\/lafuente.mx\/?p=2053\"]}]},{\"@type\":\"BreadcrumbList\",\"@id\":\"https:\/\/lafuente.mx\/?p=2053#breadcrumb\",\"itemListElement\":[{\"@type\":\"ListItem\",\"position\":1,\"name\":\"Inicio\",\"item\":\"https:\/\/lafuente.mx\/\"},{\"@type\":\"ListItem\",\"position\":2,\"name\":\"Gu\u00eda simplificada para la atenci\u00f3n a v\u00edctimas de trata de personas\u00a0\"}]},{\"@type\":\"Person\",\"@id\":\"https:\/\/lafuente.mx\/#\/schema\/person\/b9cc1ac3941245ec61c80638a92abfb6\",\"name\":\"Dar\u00edo Ram\u00edrez\",\"image\":{\"@type\":\"ImageObject\",\"inLanguage\":\"es-MX\",\"@id\":\"https:\/\/lafuente.mx\/#\/schema\/person\/image\/\",\"url\":\"https:\/\/secure.gravatar.com\/avatar\/bd5441528d8085d08a897e5789079259?s=96&d=mm&r=g\",\"contentUrl\":\"https:\/\/secure.gravatar.com\/avatar\/bd5441528d8085d08a897e5789079259?s=96&d=mm&r=g\",\"caption\":\"Dar\u00edo Ram\u00edrez\"},\"url\":\"https:\/\/lafuente.mx\/?author=5\"}]}<\/script>\n<!-- \/ Yoast SEO plugin. -->","yoast_head_json":{"title":"Gu\u00eda simplificada para la atenci\u00f3n a v\u00edctimas de trata de personas\u00a0 -","description":"Gu\u00eda simplificada para la atenci\u00f3n a v\u00edctimas de trata de personas","robots":{"index":"index","follow":"follow","max-snippet":"max-snippet:-1","max-image-preview":"max-image-preview:large","max-video-preview":"max-video-preview:-1"},"canonical":"https:\/\/lafuente.mx\/?p=2053","og_locale":"es_MX","og_type":"article","og_title":"Gu\u00eda simplificada para la atenci\u00f3n a v\u00edctimas de trata de personas","og_description":"Gu\u00eda simplificada para la atenci\u00f3n a v\u00edctimas de trata de personas","og_url":"https:\/\/lafuente.mx\/?p=2053","article_published_time":"2024-02-06T15:10:57+00:00","article_modified_time":"2024-02-06T15:10:58+00:00","og_image":[{"width":2560,"height":1440,"url":"http:\/\/lafuente.mx\/wp-content\/uploads\/2024\/02\/mujer-primer-plano-leyendo-revista-maquetas-edited-scaled.jpg","type":"image\/jpeg"}],"author":"Dar\u00edo Ram\u00edrez","twitter_card":"summary_large_image","twitter_title":"Gu\u00eda simplificada para la atenci\u00f3n a v\u00edctimas de trata de personas","twitter_description":"Gu\u00eda simplificada para la atenci\u00f3n a v\u00edctimas de trata de personas","twitter_image":"https:\/\/i0.wp.com\/lafuente.mx\/wp-content\/uploads\/2024\/02\/mujer-primer-plano-leyendo-revista-maquetas-edited-scaled.jpg?fit=2560%2C1440&ssl=1","twitter_misc":{"Escrito por":"Dar\u00edo Ram\u00edrez","Tiempo de lectura":"1 minuto"},"schema":{"@context":"https:\/\/schema.org","@graph":[{"@type":"WebSite","@id":"https:\/\/lafuente.mx\/#website","url":"https:\/\/lafuente.mx\/","name":"","description":"Informaci\u00f3n confiable sobre salud mental","potentialAction":[{"@type":"SearchAction","target":{"@type":"EntryPoint","urlTemplate":"https:\/\/lafuente.mx\/?s={search_term_string}"},"query-input":"required name=search_term_string"}],"inLanguage":"es-MX"},{"@type":"WebPage","@id":"https:\/\/lafuente.mx\/?p=2053","url":"https:\/\/lafuente.mx\/?p=2053","name":"Gu\u00eda simplificada para la atenci\u00f3n a v\u00edctimas de trata de personas\u00a0 -","isPartOf":{"@id":"https:\/\/lafuente.mx\/#website"},"datePublished":"2024-02-06T15:10:57+00:00","dateModified":"2024-02-06T15:10:58+00:00","author":{"@id":"https:\/\/lafuente.mx\/#\/schema\/person\/b9cc1ac3941245ec61c80638a92abfb6"},"description":"Gu\u00eda simplificada para la atenci\u00f3n a v\u00edctimas de trata de personas","breadcrumb":{"@id":"https:\/\/lafuente.mx\/?p=2053#breadcrumb"},"inLanguage":"es-MX","potentialAction":[{"@type":"ReadAction","target":["https:\/\/lafuente.mx\/?p=2053"]}]},{"@type":"BreadcrumbList","@id":"https:\/\/lafuente.mx\/?p=2053#breadcrumb","itemListElement":[{"@type":"ListItem","position":1,"name":"Inicio","item":"https:\/\/lafuente.mx\/"},{"@type":"ListItem","position":2,"name":"Gu\u00eda simplificada para la atenci\u00f3n a v\u00edctimas de trata de personas\u00a0"}]},{"@type":"Person","@id":"https:\/\/lafuente.mx\/#\/schema\/person\/b9cc1ac3941245ec61c80638a92abfb6","name":"Dar\u00edo Ram\u00edrez","image":{"@type":"ImageObject","inLanguage":"es-MX","@id":"https:\/\/lafuente.mx\/#\/schema\/person\/image\/","url":"https:\/\/secure.gravatar.com\/avatar\/bd5441528d8085d08a897e5789079259?s=96&d=mm&r=g","contentUrl":"https:\/\/secure.gravatar.com\/avatar\/bd5441528d8085d08a897e5789079259?s=96&d=mm&r=g","caption":"Dar\u00edo Ram\u00edrez"},"url":"https:\/\/lafuente.mx\/?author=5"}]}},"jetpack_featured_media_url":"https:\/\/i0.wp.com\/lafuente.mx\/wp-content\/uploads\/2024\/02\/mujer-primer-plano-leyendo-revista-maquetas-edited-scaled.jpg?fit=2560%2C1440&ssl=1","jetpack-related-posts":[{"id":2470,"url":"https:\/\/lafuente.mx\/?p=2470","url_meta":{"origin":2053,"position":0},"title":"D\u00eda Mundial contra la Trata\u00a0","date":"julio 30, 2024","format":false,"excerpt":"30 de julio No podemos dejar a ning\u00fan ni\u00f1o o ni\u00f1a atr\u00e1s en la lucha contra la trata\u00a0 En todo el mundo, una de cada tres v\u00edctimas de trata de seres humanos es un ni\u00f1o, en su mayor\u00eda, ni\u00f1as.\u00a0 Seg\u00fan el Informe Mundial sobre la Trata de Personas de la\u2026","rel":"","context":"En &quot;Efem\u00e9rides de Salud Mental&quot;","img":{"alt_text":"children, infant, girl-306607.jpg","src":"https:\/\/i0.wp.com\/lafuente.mx\/wp-content\/uploads\/2024\/07\/children-infant-girl-306607.jpg?fit=1200%2C800&ssl=1&resize=350%2C200","width":350,"height":200},"classes":[]},{"id":957,"url":"https:\/\/lafuente.mx\/?p=957","url_meta":{"origin":2053,"position":1},"title":"Pronunciamiento en contra del Acoso y Hostigamiento Sexual en los Institutos Nacionales de Salud, Hospitales Regionales de Alta Especialidad\u00a0","date":"marzo 23, 2023","format":false,"excerpt":"Instituto Nacional de las Mujeres | 07 de marzo de 2023\u00a0| Nacional\u00a0 De forma enunciativa, m\u00e1s no limitativa, en los Institutos Nacionales de Salud y Hospitales de Alta Especialidad, est\u00e1n prohibidas las siguientes conductas:\u00a0 PRONUNCIAMIENTO\u00a0 DIRECTORAS Y DIRECTORES GENERALES DE LOS INSTITUTOS NACIONALES DE SALUD Y HOSPITALES DE ALTA ESPECIALIDAD\u2026","rel":"","context":"En &quot;Noticias&quot;","img":{"alt_text":"","src":"https:\/\/i0.wp.com\/lafuente.mx\/wp-content\/uploads\/2023\/03\/Sexual-harassment-1.jpeg?fit=1200%2C798&ssl=1&resize=350%2C200","width":350,"height":200},"classes":[]},{"id":1814,"url":"https:\/\/lafuente.mx\/?p=1814","url_meta":{"origin":2053,"position":2},"title":"Programa Nacional de Prevenci\u00f3n del Suicidio: C\u00f3digo 100\u00a0","date":"octubre 27, 2023","format":false,"excerpt":"Presentaci\u00f3n acerca de las diferentes acciones que implica codificar el comportamiento suicida.\u00a0 El C\u00f3digo 100 es una un sistema de apoyo a la toma de decisiones cl\u00ednicas en\u00a0el comportamiento suicida en hospitales generales o centros de atenci\u00f3n\u00a0dentro de las redes integradas del sistema de salud (RISS).\u00a0 Permite equiparar la atenci\u00f3n\u2026","rel":"","context":"En &quot;Informaci\u00f3n de inter\u00e9s&quot;","img":{"alt_text":"","src":"https:\/\/i0.wp.com\/lafuente.mx\/wp-content\/uploads\/2023\/10\/cita-psicologo2-scaled.jpg?fit=1200%2C747&ssl=1&resize=350%2C200","width":350,"height":200},"classes":[]},{"id":666,"url":"https:\/\/lafuente.mx\/?p=666","url_meta":{"origin":2053,"position":3},"title":"V\u00eda de Atenci\u00f3n Integrada para la mejora de la atenci\u00f3n de la depresi\u00f3n resistente al tratamiento en el Instituto Nacional de Psiquiatr\u00eda Ram\u00f3n de la Fuente Mu\u00f1iz&nbsp;","date":"enero 19, 2023","format":false,"excerpt":"Dra. Claudia Becerra Palars, Dr. Raul Ivan Escamilla Orozco, Dra. Joanna Jimenez Pav\u00f3n, Dr. Hiram Ortega Ortiz, Dra. Elsa Georgina Tirado Dur\u00e1n, Dra. Jessica Zapata Tellez, Lic. T.S. Guadalupe Copado\u00a0 P\u00e1ginas: 120 \u2022 Tama\u00f1o: 21.6 x 28cm \u2022 Formato: Electr\u00f3nico \u2022 A\u00f1o: 2021 \u2022 ISBN: 978-607-511-214-5\u00a0 La Depresi\u00f3n Resistente al\u2026","rel":"","context":"En &quot;Publicaciones&quot;","img":{"alt_text":"","src":"https:\/\/i0.wp.com\/lafuente.mx\/wp-content\/uploads\/2023\/01\/depresion_2.webp?fit=1200%2C558&ssl=1&resize=350%2C200","width":350,"height":200},"classes":[]},{"id":3086,"url":"https:\/\/lafuente.mx\/?p=3086","url_meta":{"origin":2053,"position":4},"title":"\u00bfQu\u00e9 es la violencia?\u00a0","date":"julio 11, 2025","format":false,"excerpt":"La violencia es toda acci\u00f3n que se utiliza para obligar, intimidar o amenazar a alguien, limitando su libertad de decisi\u00f3n.\u00a0 Puede presentarse en diferentes \u00e1mbitos y contextos como el hogar, la familia, los espacios p\u00fablicos, la calle, el trabajo y la escuela, etc.\u00a0\u00a0 Cualquier persona puede ser v\u00edctima de violencia,\u2026","rel":"","context":"En &quot;Informaci\u00f3n de inter\u00e9s&quot;","img":{"alt_text":"family, parents, children, hand, tomato-9447574.jpg","src":"https:\/\/i0.wp.com\/lafuente.mx\/wp-content\/uploads\/2025\/07\/family-parents-children-hand-tomato-9447574.jpg?fit=1200%2C800&ssl=1&resize=350%2C200","width":350,"height":200},"classes":[]},{"id":2178,"url":"https:\/\/lafuente.mx\/?p=2178","url_meta":{"origin":2053,"position":5},"title":"Estr\u00e9s puede evolucionar a ansiedad y depresi\u00f3n: Instituto Nacional de Psiquiatr\u00eda\u00a0","date":"marzo 30, 2024","format":false,"excerpt":"Las personas que est\u00e1n sometidas a situaciones de estr\u00e9s de forma constante pueden presentar alteraciones emocionales o psiqui\u00e1tricas que progresan a problemas m\u00e1s serios como ansiedad y depresi\u00f3n, por lo que es necesario que reciban atenci\u00f3n por un profesional de la salud mental para que les ayude a adaptarse a\u2026","rel":"","context":"En &quot;Noticias&quot;","img":{"alt_text":"","src":"https:\/\/i0.wp.com\/lafuente.mx\/wp-content\/uploads\/2024\/03\/pexels-photo-6383158.webp?fit=1125%2C750&ssl=1&resize=350%2C200","width":350,"height":200},"classes":[]}],"jetpack_sharing_enabled":true,"jetpack_shortlink":"https:\/\/wp.me\/pe9WUx-x7","_links":{"self":[{"href":"https:\/\/lafuente.mx\/index.php?rest_route=\/wp\/v2\/posts\/2053"}],"collection":[{"href":"https:\/\/lafuente.mx\/index.php?rest_route=\/wp\/v2\/posts"}],"about":[{"href":"https:\/\/lafuente.mx\/index.php?rest_route=\/wp\/v2\/types\/post"}],"author":[{"embeddable":true,"href":"https:\/\/lafuente.mx\/index.php?rest_route=\/wp\/v2\/users\/5"}],"replies":[{"embeddable":true,"href":"https:\/\/lafuente.mx\/index.php?rest_route=%2Fwp%2Fv2%2Fcomments&post=2053"}],"version-history":[{"count":1,"href":"https:\/\/lafuente.mx\/index.php?rest_route=\/wp\/v2\/posts\/2053\/revisions"}],"predecessor-version":[{"id":2056,"href":"https:\/\/lafuente.mx\/index.php?rest_route=\/wp\/v2\/posts\/2053\/revisions\/2056"}],"wp:featuredmedia":[{"embeddable":true,"href":"https:\/\/lafuente.mx\/index.php?rest_route=\/wp\/v2\/media\/2055"}],"wp:attachment":[{"href":"https:\/\/lafuente.mx\/index.php?rest_route=%2Fwp%2Fv2%2Fmedia&parent=2053"}],"wp:term":[{"taxonomy":"category","embeddable":true,"href":"https:\/\/lafuente.mx\/index.php?rest_route=%2Fwp%2Fv2%2Fcategories&post=2053"},{"taxonomy":"post_tag","embeddable":true,"href":"https:\/\/lafuente.mx\/index.php?rest_route=%2Fwp%2Fv2%2Ftags&post=2053"}],"curies":[{"name":"wp","href":"https:\/\/api.w.org\/{rel}","templated":true}]}}