{"id":2039,"date":"2024-01-24T18:47:26","date_gmt":"2024-01-24T18:47:26","guid":{"rendered":"https:\/\/lafuente.mx\/?p=2039"},"modified":"2024-01-24T18:47:28","modified_gmt":"2024-01-24T18:47:28","slug":"borrador-automatico-consumo-de-productos-ultraprocesados-se-asocia-con-cuadros-de-depresion-y-ansiedad","status":"publish","type":"post","link":"https:\/\/lafuente.mx\/?p=2039","title":{"rendered":"Consumo de productos ultraprocesados se asocia con cuadros de depresi\u00f3n y ansiedad\u00a0"},"content":{"rendered":"\n<hr class=\"wp-block-separator has-text-color has-alpha-channel-opacity has-background\" style=\"background-color:#208777;color:#208777\"\/>\n\n\n\n<p class=\"has-text-align-center has-large-font-size\"><strong>Activan un neurotransmisor llamado dopamina, que proporciona sensaci\u00f3n de placer; esto genera la necesidad de seguirlos consumiendo\u00a0<\/strong><\/p>\n\n\n\n<p class=\"has-text-color has-medium-font-size\" style=\"color:#2c5546\">Secretar\u00eda de Salud | 16 de enero de 2024 | Nacional\u00a0<\/p>\n\n\n\n<hr class=\"wp-block-separator has-text-color has-alpha-channel-opacity has-background\" style=\"background-color:#2b8871;color:#2b8871\"\/>\n\n\n\n<ul>\n<li><strong>Es recomendable tomar como base de la alimentaci\u00f3n diaria el Plato del Bien Comer o las gu\u00edas alimentarias <\/strong><a href=\"https:\/\/bit.ly\/3RYEHz2\" target=\"_blank\" rel=\"noreferrer noopener\"><strong>https:\/\/bit.ly\/3RYEHz2<\/strong><\/a>\u00a0<\/li>\n<\/ul>\n\n\n\n<figure class=\"wp-block-image size-full\"><img decoding=\"async\" loading=\"lazy\" width=\"640\" height=\"480\" src=\"https:\/\/i0.wp.com\/lafuente.mx\/wp-content\/uploads\/2024\/01\/platoBuen-comer.webp?resize=640%2C480&#038;ssl=1\" alt=\"\" class=\"wp-image-2040\" srcset=\"https:\/\/i0.wp.com\/lafuente.mx\/wp-content\/uploads\/2024\/01\/platoBuen-comer.webp?w=800&amp;ssl=1 800w, https:\/\/i0.wp.com\/lafuente.mx\/wp-content\/uploads\/2024\/01\/platoBuen-comer.webp?resize=300%2C225&amp;ssl=1 300w, https:\/\/i0.wp.com\/lafuente.mx\/wp-content\/uploads\/2024\/01\/platoBuen-comer.webp?resize=768%2C576&amp;ssl=1 768w\" sizes=\"(max-width: 640px) 100vw, 640px\" data-recalc-dims=\"1\" \/><\/figure>\n\n\n\n<p class=\"has-medium-font-size\">Ana Rosa Garc\u00eda, especialista del Hospital Psiqui\u00e1trico Infantil \u201cDr. Juan N. Navarro\u201d, que pertenece a la Comisi\u00f3n Nacional de Salud Mental y Adicciones (Conasama) de la Secretar\u00eda de Salud, explic\u00f3 que los ultraprocesados se preparan a partir de sustratos o compuestos previamente procesados. \u201cEsto quiere decir que llevan dos procesos de transformaci\u00f3n, que hace que contengan mayor cantidad de sustancias qu\u00edmicas, como saborizantes, az\u00facares, harinas y aceites\u201d.&nbsp;<\/p>\n\n\n\n<p class=\"has-medium-font-size\">Mencion\u00f3 que el consumo de este tipo de productos genera un estado proinflamatorio en el organismo, debido a la sensibilidad a todos los compuestos qu\u00edmicos ingeridos; \u201ces una situaci\u00f3n similar a la exposici\u00f3n a niveles altos de estr\u00e9s; esto provoca mayor predisposici\u00f3n a padecer trastornos afectivos como la depresi\u00f3n y la ansiedad.\u201d&nbsp;<\/p>\n\n\n\n<p class=\"has-medium-font-size\">La especialista en Nutrici\u00f3n adscrita a la Cl\u00ednica de los Trastornos de la Conducta Alimentaria del Instituto Nacional de Psiquiatr\u00eda Ram\u00f3n de la Fuente Mu\u00f1iz, Blanca G\u00f3mez Tello, se\u00f1al\u00f3 que datos de la Encuesta Nacional de Salud y Nutrici\u00f3n (Ensanut) Continua 2022 muestran que, despu\u00e9s del agua, los l\u00edquidos m\u00e1s consumidos por la poblaci\u00f3n mexicana son las bebidas endulzadas, considerados como productos ultraprocesados por su alto contenido de az\u00facar a\u00f1adido.\u00a0<\/p>\n\n\n\n<p class=\"has-medium-font-size\">La Ensanut Continua 2022 se\u00f1ala tambi\u00e9n que m\u00e1s de la mitad de los cuatro mil 088 preescolares y escolares de quienes se obtuvo informaci\u00f3n para la encuesta report\u00f3 ser consumidor de botanas, dulces y postres, y 20 por ciento de los mil 445 adolescentes comi\u00f3 carne procesada.&nbsp;<\/p>\n\n\n\n<div class=\"wp-block-buttons is-layout-flex wp-block-buttons-is-layout-flex\">\n<div class=\"wp-block-button\"><a class=\"wp-block-button__link has-background wp-element-button\" href=\"https:\/\/www.gob.mx\/salud\/prensa\/018-consumo-de-productos-ultraprocesados-se-asocia-con-cuadros-de-depresion-y-ansiedad\" style=\"background-color:#316e65\">M\u00e1s informaci\u00f3n<\/a><\/div>\n<\/div>\n","protected":false},"excerpt":{"rendered":"<p>Activan un neurotransmisor llamado dopamina, que proporciona sensaci\u00f3n de placer; esto genera la necesidad de seguirlos consumiendo\u00a0 Secretar\u00eda de Salud | 16 de enero de<\/p>\n","protected":false},"author":3,"featured_media":2040,"comment_status":"closed","ping_status":"closed","sticky":false,"template":"","format":"standard","meta":{"footnotes":"","jetpack_publicize_message":"","jetpack_is_tweetstorm":false,"jetpack_publicize_feature_enabled":true},"categories":[3],"tags":[88,575,34,87,576,21,577,90,63,32],"jetpack_publicize_connections":[],"yoast_head":"<!-- This site is optimized with the Yoast SEO plugin v19.4 - https:\/\/yoast.com\/wordpress\/plugins\/seo\/ -->\n<title>Consumo de productos ultraprocesados se asocia con cuadros de depresi\u00f3n y ansiedad\u00a0 -<\/title>\n<meta name=\"description\" content=\"El consumo de este tipo de productos genera un estado proinflamatorio en el organismo, debido a la sensibilidad a todos los compuestos qu\u00edmicos ingeridos\" \/>\n<meta name=\"robots\" content=\"index, follow, max-snippet:-1, max-image-preview:large, max-video-preview:-1\" \/>\n<link rel=\"canonical\" href=\"https:\/\/lafuente.mx\/?p=2039\" \/>\n<meta property=\"og:locale\" content=\"es_MX\" \/>\n<meta property=\"og:type\" content=\"article\" \/>\n<meta property=\"og:title\" content=\"Consumo de productos ultraprocesados se asocia con cuadros de depresi\u00f3n y ansiedad\" \/>\n<meta property=\"og:description\" content=\"El consumo de este tipo de productos genera un estado proinflamatorio en el organismo, debido a la sensibilidad a todos los compuestos qu\u00edmicos ingeridos\" \/>\n<meta property=\"og:url\" content=\"https:\/\/lafuente.mx\/?p=2039\" \/>\n<meta property=\"article:published_time\" content=\"2024-01-24T18:47:26+00:00\" \/>\n<meta property=\"article:modified_time\" content=\"2024-01-24T18:47:28+00:00\" \/>\n<meta property=\"og:image\" content=\"http:\/\/lafuente.mx\/wp-content\/uploads\/2024\/01\/platoBuen-comer.webp\" \/>\n\t<meta property=\"og:image:width\" content=\"800\" \/>\n\t<meta property=\"og:image:height\" content=\"600\" \/>\n\t<meta property=\"og:image:type\" content=\"image\/webp\" \/>\n<meta name=\"author\" content=\"Claudia Gallardo\" \/>\n<meta name=\"twitter:card\" content=\"summary_large_image\" \/>\n<meta name=\"twitter:title\" content=\"Consumo de productos ultraprocesados se asocia con cuadros de depresi\u00f3n y ansiedad\" \/>\n<meta name=\"twitter:description\" content=\"El consumo de este tipo de productos genera un estado proinflamatorio en el organismo, debido a la sensibilidad a todos los compuestos qu\u00edmicos ingeridos\" \/>\n<meta name=\"twitter:image\" content=\"https:\/\/i0.wp.com\/lafuente.mx\/wp-content\/uploads\/2024\/01\/platoBuen-comer.webp?fit=800%2C600&ssl=1\" \/>\n<meta name=\"twitter:label1\" content=\"Escrito por\" \/>\n\t<meta name=\"twitter:data1\" content=\"Claudia Gallardo\" \/>\n\t<meta name=\"twitter:label2\" content=\"Tiempo de lectura\" \/>\n\t<meta name=\"twitter:data2\" content=\"2 minutos\" \/>\n<script type=\"application\/ld+json\" class=\"yoast-schema-graph\">{\"@context\":\"https:\/\/schema.org\",\"@graph\":[{\"@type\":\"WebSite\",\"@id\":\"https:\/\/lafuente.mx\/#website\",\"url\":\"https:\/\/lafuente.mx\/\",\"name\":\"\",\"description\":\"Informaci\u00f3n confiable sobre salud mental\",\"potentialAction\":[{\"@type\":\"SearchAction\",\"target\":{\"@type\":\"EntryPoint\",\"urlTemplate\":\"https:\/\/lafuente.mx\/?s={search_term_string}\"},\"query-input\":\"required name=search_term_string\"}],\"inLanguage\":\"es-MX\"},{\"@type\":\"WebPage\",\"@id\":\"https:\/\/lafuente.mx\/?p=2039\",\"url\":\"https:\/\/lafuente.mx\/?p=2039\",\"name\":\"Consumo de productos ultraprocesados se asocia con cuadros de depresi\u00f3n y ansiedad\u00a0 -\",\"isPartOf\":{\"@id\":\"https:\/\/lafuente.mx\/#website\"},\"datePublished\":\"2024-01-24T18:47:26+00:00\",\"dateModified\":\"2024-01-24T18:47:28+00:00\",\"author\":{\"@id\":\"https:\/\/lafuente.mx\/#\/schema\/person\/603f3aa8e2f6f7879021ab722d39d6b0\"},\"description\":\"El consumo de este tipo de productos genera un estado proinflamatorio en el organismo, debido a la sensibilidad a todos los compuestos qu\u00edmicos ingeridos\",\"breadcrumb\":{\"@id\":\"https:\/\/lafuente.mx\/?p=2039#breadcrumb\"},\"inLanguage\":\"es-MX\",\"potentialAction\":[{\"@type\":\"ReadAction\",\"target\":[\"https:\/\/lafuente.mx\/?p=2039\"]}]},{\"@type\":\"BreadcrumbList\",\"@id\":\"https:\/\/lafuente.mx\/?p=2039#breadcrumb\",\"itemListElement\":[{\"@type\":\"ListItem\",\"position\":1,\"name\":\"Inicio\",\"item\":\"https:\/\/lafuente.mx\/\"},{\"@type\":\"ListItem\",\"position\":2,\"name\":\"Consumo de productos ultraprocesados se asocia con cuadros de depresi\u00f3n y ansiedad\u00a0\"}]},{\"@type\":\"Person\",\"@id\":\"https:\/\/lafuente.mx\/#\/schema\/person\/603f3aa8e2f6f7879021ab722d39d6b0\",\"name\":\"Claudia Gallardo\",\"image\":{\"@type\":\"ImageObject\",\"inLanguage\":\"es-MX\",\"@id\":\"https:\/\/lafuente.mx\/#\/schema\/person\/image\/\",\"url\":\"https:\/\/secure.gravatar.com\/avatar\/bfe9c966af1ccfb9d17bcdb9d04e8815?s=96&d=mm&r=g\",\"contentUrl\":\"https:\/\/secure.gravatar.com\/avatar\/bfe9c966af1ccfb9d17bcdb9d04e8815?s=96&d=mm&r=g\",\"caption\":\"Claudia Gallardo\"},\"url\":\"https:\/\/lafuente.mx\/?author=3\"}]}<\/script>\n<!-- \/ Yoast SEO plugin. -->","yoast_head_json":{"title":"Consumo de productos ultraprocesados se asocia con cuadros de depresi\u00f3n y ansiedad\u00a0 -","description":"El consumo de este tipo de productos genera un estado proinflamatorio en el organismo, debido a la sensibilidad a todos los compuestos qu\u00edmicos ingeridos","robots":{"index":"index","follow":"follow","max-snippet":"max-snippet:-1","max-image-preview":"max-image-preview:large","max-video-preview":"max-video-preview:-1"},"canonical":"https:\/\/lafuente.mx\/?p=2039","og_locale":"es_MX","og_type":"article","og_title":"Consumo de productos ultraprocesados se asocia con cuadros de depresi\u00f3n y ansiedad","og_description":"El consumo de este tipo de productos genera un estado proinflamatorio en el organismo, debido a la sensibilidad a todos los compuestos qu\u00edmicos ingeridos","og_url":"https:\/\/lafuente.mx\/?p=2039","article_published_time":"2024-01-24T18:47:26+00:00","article_modified_time":"2024-01-24T18:47:28+00:00","og_image":[{"width":800,"height":600,"url":"http:\/\/lafuente.mx\/wp-content\/uploads\/2024\/01\/platoBuen-comer.webp","type":"image\/webp"}],"author":"Claudia Gallardo","twitter_card":"summary_large_image","twitter_title":"Consumo de productos ultraprocesados se asocia con cuadros de depresi\u00f3n y ansiedad","twitter_description":"El consumo de este tipo de productos genera un estado proinflamatorio en el organismo, debido a la sensibilidad a todos los compuestos qu\u00edmicos ingeridos","twitter_image":"https:\/\/i0.wp.com\/lafuente.mx\/wp-content\/uploads\/2024\/01\/platoBuen-comer.webp?fit=800%2C600&ssl=1","twitter_misc":{"Escrito por":"Claudia Gallardo","Tiempo de lectura":"2 minutos"},"schema":{"@context":"https:\/\/schema.org","@graph":[{"@type":"WebSite","@id":"https:\/\/lafuente.mx\/#website","url":"https:\/\/lafuente.mx\/","name":"","description":"Informaci\u00f3n confiable sobre salud mental","potentialAction":[{"@type":"SearchAction","target":{"@type":"EntryPoint","urlTemplate":"https:\/\/lafuente.mx\/?s={search_term_string}"},"query-input":"required name=search_term_string"}],"inLanguage":"es-MX"},{"@type":"WebPage","@id":"https:\/\/lafuente.mx\/?p=2039","url":"https:\/\/lafuente.mx\/?p=2039","name":"Consumo de productos ultraprocesados se asocia con cuadros de depresi\u00f3n y ansiedad\u00a0 -","isPartOf":{"@id":"https:\/\/lafuente.mx\/#website"},"datePublished":"2024-01-24T18:47:26+00:00","dateModified":"2024-01-24T18:47:28+00:00","author":{"@id":"https:\/\/lafuente.mx\/#\/schema\/person\/603f3aa8e2f6f7879021ab722d39d6b0"},"description":"El consumo de este tipo de productos genera un estado proinflamatorio en el organismo, debido a la sensibilidad a todos los compuestos qu\u00edmicos ingeridos","breadcrumb":{"@id":"https:\/\/lafuente.mx\/?p=2039#breadcrumb"},"inLanguage":"es-MX","potentialAction":[{"@type":"ReadAction","target":["https:\/\/lafuente.mx\/?p=2039"]}]},{"@type":"BreadcrumbList","@id":"https:\/\/lafuente.mx\/?p=2039#breadcrumb","itemListElement":[{"@type":"ListItem","position":1,"name":"Inicio","item":"https:\/\/lafuente.mx\/"},{"@type":"ListItem","position":2,"name":"Consumo de productos ultraprocesados se asocia con cuadros de depresi\u00f3n y ansiedad\u00a0"}]},{"@type":"Person","@id":"https:\/\/lafuente.mx\/#\/schema\/person\/603f3aa8e2f6f7879021ab722d39d6b0","name":"Claudia Gallardo","image":{"@type":"ImageObject","inLanguage":"es-MX","@id":"https:\/\/lafuente.mx\/#\/schema\/person\/image\/","url":"https:\/\/secure.gravatar.com\/avatar\/bfe9c966af1ccfb9d17bcdb9d04e8815?s=96&d=mm&r=g","contentUrl":"https:\/\/secure.gravatar.com\/avatar\/bfe9c966af1ccfb9d17bcdb9d04e8815?s=96&d=mm&r=g","caption":"Claudia Gallardo"},"url":"https:\/\/lafuente.mx\/?author=3"}]}},"jetpack_featured_media_url":"https:\/\/i0.wp.com\/lafuente.mx\/wp-content\/uploads\/2024\/01\/platoBuen-comer.webp?fit=800%2C600&ssl=1","jetpack-related-posts":[{"id":2933,"url":"https:\/\/lafuente.mx\/?p=2933","url_meta":{"origin":2039,"position":0},"title":"Factores asociados al consumo de psicof\u00e1rmacos, ansiedad y depresi\u00f3n en estudiantes universitarios\u00a0","date":"junio 20, 2025","format":false,"excerpt":"Aline Regiane Coscrato de Lima Oliveira\u00a0 Escola de enfermagem de Ribeir\u00e3o Preto da Universidade de S\u00e3o Paulo - EERP USP. Ribeirao Pretro. Brasil.\u00a0 Adriana Inocenti Miasso\u00a0 Escola de enfermagem de Ribeir\u00e3o Preto da Universidade de S\u00e3o Paulo - EERP USP. Ribeirao Pretro. Brasil.\u00a0 Assis do Carmo Pereira J\u00fanior\u00a0 Escuela de\u2026","rel":"","context":"En &quot;Revista Salud Mental&quot;","img":{"alt_text":"stop, drug addiction-3541821.jpg","src":"https:\/\/i0.wp.com\/lafuente.mx\/wp-content\/uploads\/2025\/06\/stop-drug-addiction-3541821.jpg?fit=1200%2C800&ssl=1&resize=350%2C200","width":350,"height":200},"classes":[]},{"id":2739,"url":"https:\/\/lafuente.mx\/?p=2739","url_meta":{"origin":2039,"position":1},"title":"Estudios epidemiol\u00f3gicos sobre COVID-19 y salud mental en M\u00e9xico: mejor metodolog\u00eda para mejores resultados: una revisi\u00f3n de la literatura\u00a0","date":"enero 23, 2025","format":false,"excerpt":"Guillermo Borges\u00a0 Direcci\u00f3n de Investigaciones Epidemiol\u00f3gicas y Psicosociales, Instituto Nacional de Psiquiatr\u00eda Ram\u00f3n de la Fuente Mu\u00f1iz, Ciudad de M\u00e9xico, M\u00e9xico.\u00a0 Ricardo Orozco\u00a0 Direcci\u00f3n de Investigaciones Epidemiol\u00f3gicas y Psicosociales, Instituto Nacional de Psiquiatr\u00eda Ram\u00f3n de la Fuente Mu\u00f1iz, Ciudad de M\u00e9xico, M\u00e9xico.\u00a0 Brenda Salas\u00a0 Direcci\u00f3n de Investigaciones Epidemiol\u00f3gicas y Psicosociales,\u2026","rel":"","context":"En &quot;Revista Salud Mental&quot;","img":{"alt_text":"","src":"https:\/\/i0.wp.com\/lafuente.mx\/wp-content\/uploads\/2025\/01\/001-1-scaled.jpg?fit=1200%2C758&ssl=1&resize=350%2C200","width":350,"height":200},"classes":[]},{"id":1488,"url":"https:\/\/lafuente.mx\/?p=1488","url_meta":{"origin":2039,"position":2},"title":"Los factores de riesgo de la pandemia de COVID-19 para la depresi\u00f3n entre los estudiantes de posgrado en salud\u00a0","date":"julio 21, 2023","format":false,"excerpt":"Fernanda Rocha Anjos de Oliveira Souza, Vagner Ferreira do Nascimento, Mariano Martinez Espinosa, Sandra Cristina Pillon, Chris Wagstaff, Ana Cl\u00e1udia Pereira Ter\u00e7as-Trettel Introducci\u00f3n.\u00a0La pandemia ha generado desaf\u00edos que impactan en la salud mental de la poblaci\u00f3n, incluidos los estudiantes de posgrado en salud.\u00a0\u00a0Objetivo.\u00a0Evaluar los factores asociados a la depresi\u00f3n en\u2026","rel":"","context":"En &quot;Revista Salud Mental&quot;","img":{"alt_text":"","src":"https:\/\/i0.wp.com\/lafuente.mx\/wp-content\/uploads\/2023\/07\/doctor-triste-tiro-medio-mascara-edited-scaled.jpg?fit=1200%2C675&ssl=1&resize=350%2C200","width":350,"height":200},"classes":[]},{"id":2178,"url":"https:\/\/lafuente.mx\/?p=2178","url_meta":{"origin":2039,"position":3},"title":"Estr\u00e9s puede evolucionar a ansiedad y depresi\u00f3n: Instituto Nacional de Psiquiatr\u00eda\u00a0","date":"marzo 30, 2024","format":false,"excerpt":"Las personas que est\u00e1n sometidas a situaciones de estr\u00e9s de forma constante pueden presentar alteraciones emocionales o psiqui\u00e1tricas que progresan a problemas m\u00e1s serios como ansiedad y depresi\u00f3n, por lo que es necesario que reciban atenci\u00f3n por un profesional de la salud mental para que les ayude a adaptarse a\u2026","rel":"","context":"En &quot;Noticias&quot;","img":{"alt_text":"","src":"https:\/\/i0.wp.com\/lafuente.mx\/wp-content\/uploads\/2024\/03\/pexels-photo-6383158.webp?fit=1125%2C750&ssl=1&resize=350%2C200","width":350,"height":200},"classes":[]},{"id":1860,"url":"https:\/\/lafuente.mx\/?p=1860","url_meta":{"origin":2039,"position":4},"title":"\u00bfQu\u00e9 tanto influye la obesidad en la salud mental?\u00a0","date":"noviembre 10, 2023","format":false,"excerpt":"Entre el 30 y el 60% de las personas con obesidad experimentan condiciones de salud mental, como depresi\u00f3n, ansiedad, baja autoestima o alteraciones en su comportamiento alimentario.\u00a0 Por\u00a0Redacci\u00f3n\/GH\u00a0 11 de Octubre de 2023\u00a0 Ciudad de M\u00e9xico Expertos alertan sobre la conexi\u00f3n entre\u00a0la obesidad y la salud mental,\u00a0una preocupaci\u00f3n cada vez\u2026","rel":"","context":"En &quot;Noticias&quot;","img":{"alt_text":"","src":"https:\/\/i0.wp.com\/lafuente.mx\/wp-content\/uploads\/2023\/11\/600x400_hambre-emocional-dreamstime.jpeg?fit=600%2C400&ssl=1&resize=350%2C200","width":350,"height":200},"classes":[]},{"id":1510,"url":"https:\/\/lafuente.mx\/?p=1510","url_meta":{"origin":2039,"position":5},"title":"En M\u00e9xico, 3.6 millones de personas adultas padecen depresi\u00f3n\u00a0","date":"julio 25, 2023","format":false,"excerpt":"Pandemia de COVID-19 aument\u00f3 a m\u00e1s del doble la prevalencia de estos problemas de salud, en comparaci\u00f3n con lo observado antes de 2019 Secretar\u00eda de Salud | 03 de julio de 2023\u00a0 La depresi\u00f3n es un trastorno mental caracterizado por disminuci\u00f3n del estado de \u00e1nimo, sentimientos de tristeza, dificultad para\u2026","rel":"","context":"En &quot;Noticias&quot;","img":{"alt_text":"","src":"https:\/\/i0.wp.com\/lafuente.mx\/wp-content\/uploads\/2023\/07\/depresion.jpeg?fit=1000%2C667&ssl=1&resize=350%2C200","width":350,"height":200},"classes":[]}],"jetpack_sharing_enabled":true,"jetpack_shortlink":"https:\/\/wp.me\/pe9WUx-wT","_links":{"self":[{"href":"https:\/\/lafuente.mx\/index.php?rest_route=\/wp\/v2\/posts\/2039"}],"collection":[{"href":"https:\/\/lafuente.mx\/index.php?rest_route=\/wp\/v2\/posts"}],"about":[{"href":"https:\/\/lafuente.mx\/index.php?rest_route=\/wp\/v2\/types\/post"}],"author":[{"embeddable":true,"href":"https:\/\/lafuente.mx\/index.php?rest_route=\/wp\/v2\/users\/3"}],"replies":[{"embeddable":true,"href":"https:\/\/lafuente.mx\/index.php?rest_route=%2Fwp%2Fv2%2Fcomments&post=2039"}],"version-history":[{"count":1,"href":"https:\/\/lafuente.mx\/index.php?rest_route=\/wp\/v2\/posts\/2039\/revisions"}],"predecessor-version":[{"id":2041,"href":"https:\/\/lafuente.mx\/index.php?rest_route=\/wp\/v2\/posts\/2039\/revisions\/2041"}],"wp:featuredmedia":[{"embeddable":true,"href":"https:\/\/lafuente.mx\/index.php?rest_route=\/wp\/v2\/media\/2040"}],"wp:attachment":[{"href":"https:\/\/lafuente.mx\/index.php?rest_route=%2Fwp%2Fv2%2Fmedia&parent=2039"}],"wp:term":[{"taxonomy":"category","embeddable":true,"href":"https:\/\/lafuente.mx\/index.php?rest_route=%2Fwp%2Fv2%2Fcategories&post=2039"},{"taxonomy":"post_tag","embeddable":true,"href":"https:\/\/lafuente.mx\/index.php?rest_route=%2Fwp%2Fv2%2Ftags&post=2039"}],"curies":[{"name":"wp","href":"https:\/\/api.w.org\/{rel}","templated":true}]}}