{"id":2033,"date":"2024-01-25T08:03:00","date_gmt":"2024-01-25T08:03:00","guid":{"rendered":"https:\/\/lafuente.mx\/?p=2033"},"modified":"2024-01-29T13:59:32","modified_gmt":"2024-01-29T13:59:32","slug":"dia-del-profesional-en-nutricion","status":"publish","type":"post","link":"https:\/\/lafuente.mx\/?p=2033","title":{"rendered":"D\u00eda del Profesional en Nutrici\u00f3n"},"content":{"rendered":"\n<hr class=\"wp-block-separator has-text-color has-alpha-channel-opacity has-background is-style-wide\" style=\"background-color:#f30909;color:#f30909\"\/>\n\n\n\n<p class=\"has-text-color has-large-font-size wp-block-paragraph\" style=\"color:#f60202\"><strong>27 de enero&nbsp;<\/strong><\/p>\n\n\n\n<p class=\"has-medium-font-size wp-block-paragraph\">Las y los nutri\u00f3logos brindan herramientas a la poblaci\u00f3n para que tengan un peso adecuado, a trav\u00e9s de una alimentaci\u00f3n saludable y, de esta manera, evitar la desnutrici\u00f3n, o bien, la obesidad y el sobrepeso.&nbsp;<\/p>\n\n\n\n<figure class=\"wp-block-image size-large\"><img data-recalc-dims=\"1\" fetchpriority=\"high\" decoding=\"async\" width=\"640\" height=\"222\" src=\"https:\/\/i0.wp.com\/lafuente.mx\/wp-content\/uploads\/2024\/01\/Captura-de-Pantalla-2024-01-24-a-las-12.07.59-1024x355.png?resize=640%2C222&#038;ssl=1\" alt=\"\" class=\"wp-image-2034\" srcset=\"https:\/\/i0.wp.com\/lafuente.mx\/wp-content\/uploads\/2024\/01\/Captura-de-Pantalla-2024-01-24-a-las-12.07.59.png?resize=1024%2C355&amp;ssl=1 1024w, https:\/\/i0.wp.com\/lafuente.mx\/wp-content\/uploads\/2024\/01\/Captura-de-Pantalla-2024-01-24-a-las-12.07.59.png?resize=300%2C104&amp;ssl=1 300w, https:\/\/i0.wp.com\/lafuente.mx\/wp-content\/uploads\/2024\/01\/Captura-de-Pantalla-2024-01-24-a-las-12.07.59.png?resize=768%2C266&amp;ssl=1 768w, https:\/\/i0.wp.com\/lafuente.mx\/wp-content\/uploads\/2024\/01\/Captura-de-Pantalla-2024-01-24-a-las-12.07.59.png?resize=1536%2C532&amp;ssl=1 1536w, https:\/\/i0.wp.com\/lafuente.mx\/wp-content\/uploads\/2024\/01\/Captura-de-Pantalla-2024-01-24-a-las-12.07.59.png?resize=2048%2C709&amp;ssl=1 2048w, https:\/\/i0.wp.com\/lafuente.mx\/wp-content\/uploads\/2024\/01\/Captura-de-Pantalla-2024-01-24-a-las-12.07.59.png?w=1280 1280w, https:\/\/i0.wp.com\/lafuente.mx\/wp-content\/uploads\/2024\/01\/Captura-de-Pantalla-2024-01-24-a-las-12.07.59.png?w=1920 1920w\" sizes=\"(max-width: 640px) 100vw, 640px\" \/><\/figure>\n\n\n\n<p class=\"has-text-color has-medium-font-size wp-block-paragraph\" style=\"color:#ec0c0c\">En M\u00e9xico, el D\u00eda del Profesional en Nutrici\u00f3n se conmemora cada 27 de enero desde 1975, fecha en el que se fund\u00f3 la Asociaci\u00f3n Mexicana de Nutriolog\u00eda A.C. (AMENAC).&nbsp;<\/p>\n\n\n\n<hr class=\"wp-block-separator has-text-color has-alpha-channel-opacity has-background\" style=\"background-color:#f40202;color:#f40202\"\/>\n\n\n\n<p class=\"has-medium-font-size wp-block-paragraph\">Este d\u00eda se celebra con el prop\u00f3sito de reconocer la labor de las y los nutri\u00f3logos, la cual va m\u00e1s all\u00e1 de elaborar dietas para perder peso.&nbsp;<\/p>\n\n\n\n<p class=\"has-medium-font-size wp-block-paragraph\">Las y los nutri\u00f3logos son los profesionales de la salud que establecen planes de alimentaci\u00f3n, dependiendo de la etapa de vida en la que se encuentre el paciente (infancia, adolescencia, embarazo, edad adulta o personas mayores) o bien, cuando por alguna enfermedad la persona tiene triglic\u00e9ridos altos, colesterol elevado, \u00e1cido \u00farico, VIH\/ SIDA, c\u00e1ncer, lupus o padecimientos reumatol\u00f3gicos.&nbsp;<\/p>\n\n\n\n<p class=\"has-medium-font-size wp-block-paragraph\">Tambi\u00e9n, las y los nutri\u00f3logos se desempe\u00f1an en diferentes campos, tales como nutrici\u00f3n cl\u00ednica, administraci\u00f3n de comedores industriales, alimentaci\u00f3n comunitaria, deportiva, dise\u00f1o de pol\u00edticas p\u00fablicas, investigaci\u00f3n y docencia.&nbsp;<\/p>\n\n\n\n<p class=\"has-medium-font-size wp-block-paragraph\">La Organizaci\u00f3n Panamericana de la Salud (OPS) enfatiza que una nutrici\u00f3n saludable es fundamental para la prevenci\u00f3n de factores de riesgo relacionados con la dieta, como el sobrepeso y la obesidad, y las enfermedades no transmisibles asociadas.&nbsp;<\/p>\n\n\n\n<div class=\"wp-block-buttons is-layout-flex wp-block-buttons-is-layout-flex\">\n<div class=\"wp-block-button\"><a class=\"wp-block-button__link has-background wp-element-button\" href=\"https:\/\/bit.ly\/47Tu5an\" style=\"background-color:#f80404\">M\u00e1s informaci\u00f3n<\/a><\/div>\n<\/div>\n\n\n<div class=\"wp-block-image\">\n<figure class=\"aligncenter size-large is-resized\"><img data-recalc-dims=\"1\" decoding=\"async\" width=\"640\" height=\"302\" src=\"https:\/\/i0.wp.com\/lafuente.mx\/wp-content\/uploads\/2024\/01\/Captura-de-Pantalla-2024-01-24-a-las-12.12.15-1024x483.png?resize=640%2C302&#038;ssl=1\" alt=\"\" class=\"wp-image-2035\" style=\"aspect-ratio:2.119186046511628;width:521px;height:auto\" srcset=\"https:\/\/i0.wp.com\/lafuente.mx\/wp-content\/uploads\/2024\/01\/Captura-de-Pantalla-2024-01-24-a-las-12.12.15.png?resize=1024%2C483&amp;ssl=1 1024w, https:\/\/i0.wp.com\/lafuente.mx\/wp-content\/uploads\/2024\/01\/Captura-de-Pantalla-2024-01-24-a-las-12.12.15.png?resize=300%2C142&amp;ssl=1 300w, https:\/\/i0.wp.com\/lafuente.mx\/wp-content\/uploads\/2024\/01\/Captura-de-Pantalla-2024-01-24-a-las-12.12.15.png?resize=768%2C362&amp;ssl=1 768w, https:\/\/i0.wp.com\/lafuente.mx\/wp-content\/uploads\/2024\/01\/Captura-de-Pantalla-2024-01-24-a-las-12.12.15.png?w=1458&amp;ssl=1 1458w, https:\/\/i0.wp.com\/lafuente.mx\/wp-content\/uploads\/2024\/01\/Captura-de-Pantalla-2024-01-24-a-las-12.12.15.png?w=1280 1280w\" sizes=\"(max-width: 640px) 100vw, 640px\" \/><\/figure>\n<\/div>","protected":false},"excerpt":{"rendered":"<p>27 de enero&nbsp; Las y los nutri\u00f3logos brindan herramientas a la poblaci\u00f3n para que tengan un peso adecuado, a trav\u00e9s de una alimentaci\u00f3n saludable y,<\/p>\n","protected":false},"author":3,"featured_media":2035,"comment_status":"closed","ping_status":"closed","sticky":false,"template":"","format":"standard","meta":{"_jetpack_memberships_contains_paid_content":false,"footnotes":"","jetpack_publicize_message":"","jetpack_publicize_feature_enabled":true,"jetpack_social_post_already_shared":true,"jetpack_social_options":{"image_generator_settings":{"template":"highway","default_image_id":0,"font":"","enabled":false},"version":2}},"categories":[13],"tags":[574,88,569,98,21,90,573,242,488,571,32,572,570],"class_list":["post-2033","post","type-post","status-publish","format-standard","has-post-thumbnail","hentry","category-efemerides","tag-27-de-enero","tag-alimentacion","tag-asociacion-mexicana-de-nutriologia","tag-efemeride","tag-inprfm","tag-nutricion","tag-nutriologos","tag-obesidad","tag-ops","tag-peso-adecuado","tag-salud-mental","tag-saludable","tag-sobrepeseo"],"yoast_head":"<!-- This site is optimized with the Yoast SEO plugin v19.4 - https:\/\/yoast.com\/wordpress\/plugins\/seo\/ -->\n<title>D\u00eda del Profesional en Nutrici\u00f3n -<\/title>\n<meta name=\"description\" content=\"En M\u00e9xico, el D\u00eda del Profesional en Nutrici\u00f3n se conmemora cada 27 de enero desde 1975, fecha en el que se fund\u00f3 la Asociaci\u00f3n Mexicana de Nutriolog\u00eda A.C. (AMENAC).\" \/>\n<meta name=\"robots\" content=\"index, follow, max-snippet:-1, max-image-preview:large, max-video-preview:-1\" \/>\n<link rel=\"canonical\" href=\"https:\/\/lafuente.mx\/?p=2033\" \/>\n<meta property=\"og:locale\" content=\"es_MX\" \/>\n<meta property=\"og:type\" content=\"article\" \/>\n<meta property=\"og:title\" content=\"D\u00eda del Profesional en Nutrici\u00f3n -\" \/>\n<meta property=\"og:description\" content=\"En M\u00e9xico, el D\u00eda del Profesional en Nutrici\u00f3n se conmemora cada 27 de enero desde 1975, fecha en el que se fund\u00f3 la Asociaci\u00f3n Mexicana de Nutriolog\u00eda A.C. (AMENAC).\" \/>\n<meta property=\"og:url\" content=\"https:\/\/lafuente.mx\/?p=2033\" \/>\n<meta property=\"article:published_time\" content=\"2024-01-25T08:03:00+00:00\" \/>\n<meta property=\"article:modified_time\" content=\"2024-01-29T13:59:32+00:00\" \/>\n<meta property=\"og:image\" content=\"http:\/\/lafuente.mx\/wp-content\/uploads\/2024\/01\/Captura-de-Pantalla-2024-01-24-a-las-12.12.15.png\" \/>\n\t<meta property=\"og:image:width\" content=\"1458\" \/>\n\t<meta property=\"og:image:height\" content=\"688\" \/>\n\t<meta property=\"og:image:type\" content=\"image\/png\" \/>\n<meta name=\"author\" content=\"Claudia Gallardo\" \/>\n<meta name=\"twitter:card\" content=\"summary_large_image\" \/>\n<meta name=\"twitter:label1\" content=\"Escrito por\" \/>\n\t<meta name=\"twitter:data1\" content=\"Claudia Gallardo\" \/>\n\t<meta name=\"twitter:label2\" content=\"Tiempo de lectura\" \/>\n\t<meta name=\"twitter:data2\" content=\"1 minuto\" \/>\n<script type=\"application\/ld+json\" class=\"yoast-schema-graph\">{\"@context\":\"https:\/\/schema.org\",\"@graph\":[{\"@type\":\"WebSite\",\"@id\":\"https:\/\/lafuente.mx\/#website\",\"url\":\"https:\/\/lafuente.mx\/\",\"name\":\"\",\"description\":\"Informaci\u00f3n confiable sobre salud mental\",\"potentialAction\":[{\"@type\":\"SearchAction\",\"target\":{\"@type\":\"EntryPoint\",\"urlTemplate\":\"https:\/\/lafuente.mx\/?s={search_term_string}\"},\"query-input\":\"required name=search_term_string\"}],\"inLanguage\":\"es\"},{\"@type\":\"WebPage\",\"@id\":\"https:\/\/lafuente.mx\/?p=2033\",\"url\":\"https:\/\/lafuente.mx\/?p=2033\",\"name\":\"D\u00eda del Profesional en Nutrici\u00f3n -\",\"isPartOf\":{\"@id\":\"https:\/\/lafuente.mx\/#website\"},\"datePublished\":\"2024-01-25T08:03:00+00:00\",\"dateModified\":\"2024-01-29T13:59:32+00:00\",\"author\":{\"@id\":\"https:\/\/lafuente.mx\/#\/schema\/person\/603f3aa8e2f6f7879021ab722d39d6b0\"},\"description\":\"En M\u00e9xico, el D\u00eda del Profesional en Nutrici\u00f3n se conmemora cada 27 de enero desde 1975, fecha en el que se fund\u00f3 la Asociaci\u00f3n Mexicana de Nutriolog\u00eda A.C. (AMENAC).\",\"breadcrumb\":{\"@id\":\"https:\/\/lafuente.mx\/?p=2033#breadcrumb\"},\"inLanguage\":\"es\",\"potentialAction\":[{\"@type\":\"ReadAction\",\"target\":[\"https:\/\/lafuente.mx\/?p=2033\"]}]},{\"@type\":\"BreadcrumbList\",\"@id\":\"https:\/\/lafuente.mx\/?p=2033#breadcrumb\",\"itemListElement\":[{\"@type\":\"ListItem\",\"position\":1,\"name\":\"Inicio\",\"item\":\"https:\/\/lafuente.mx\/\"},{\"@type\":\"ListItem\",\"position\":2,\"name\":\"D\u00eda del Profesional en Nutrici\u00f3n\"}]},{\"@type\":\"Person\",\"@id\":\"https:\/\/lafuente.mx\/#\/schema\/person\/603f3aa8e2f6f7879021ab722d39d6b0\",\"name\":\"Claudia Gallardo\",\"image\":{\"@type\":\"ImageObject\",\"inLanguage\":\"es\",\"@id\":\"https:\/\/lafuente.mx\/#\/schema\/person\/image\/\",\"url\":\"https:\/\/secure.gravatar.com\/avatar\/57e359df01b381c34a24d792c1867f6e9888011b76e86673f8dd53994603714d?s=96&d=mm&r=g\",\"contentUrl\":\"https:\/\/secure.gravatar.com\/avatar\/57e359df01b381c34a24d792c1867f6e9888011b76e86673f8dd53994603714d?s=96&d=mm&r=g\",\"caption\":\"Claudia Gallardo\"},\"url\":\"https:\/\/lafuente.mx\/?author=3\"}]}<\/script>\n<!-- \/ Yoast SEO plugin. -->","yoast_head_json":{"title":"D\u00eda del Profesional en Nutrici\u00f3n -","description":"En M\u00e9xico, el D\u00eda del Profesional en Nutrici\u00f3n se conmemora cada 27 de enero desde 1975, fecha en el que se fund\u00f3 la Asociaci\u00f3n Mexicana de Nutriolog\u00eda A.C. (AMENAC).","robots":{"index":"index","follow":"follow","max-snippet":"max-snippet:-1","max-image-preview":"max-image-preview:large","max-video-preview":"max-video-preview:-1"},"canonical":"https:\/\/lafuente.mx\/?p=2033","og_locale":"es_MX","og_type":"article","og_title":"D\u00eda del Profesional en Nutrici\u00f3n -","og_description":"En M\u00e9xico, el D\u00eda del Profesional en Nutrici\u00f3n se conmemora cada 27 de enero desde 1975, fecha en el que se fund\u00f3 la Asociaci\u00f3n Mexicana de Nutriolog\u00eda A.C. (AMENAC).","og_url":"https:\/\/lafuente.mx\/?p=2033","article_published_time":"2024-01-25T08:03:00+00:00","article_modified_time":"2024-01-29T13:59:32+00:00","og_image":[{"width":1458,"height":688,"url":"http:\/\/lafuente.mx\/wp-content\/uploads\/2024\/01\/Captura-de-Pantalla-2024-01-24-a-las-12.12.15.png","type":"image\/png"}],"author":"Claudia Gallardo","twitter_card":"summary_large_image","twitter_misc":{"Escrito por":"Claudia Gallardo","Tiempo de lectura":"1 minuto"},"schema":{"@context":"https:\/\/schema.org","@graph":[{"@type":"WebSite","@id":"https:\/\/lafuente.mx\/#website","url":"https:\/\/lafuente.mx\/","name":"","description":"Informaci\u00f3n confiable sobre salud mental","potentialAction":[{"@type":"SearchAction","target":{"@type":"EntryPoint","urlTemplate":"https:\/\/lafuente.mx\/?s={search_term_string}"},"query-input":"required name=search_term_string"}],"inLanguage":"es"},{"@type":"WebPage","@id":"https:\/\/lafuente.mx\/?p=2033","url":"https:\/\/lafuente.mx\/?p=2033","name":"D\u00eda del Profesional en Nutrici\u00f3n -","isPartOf":{"@id":"https:\/\/lafuente.mx\/#website"},"datePublished":"2024-01-25T08:03:00+00:00","dateModified":"2024-01-29T13:59:32+00:00","author":{"@id":"https:\/\/lafuente.mx\/#\/schema\/person\/603f3aa8e2f6f7879021ab722d39d6b0"},"description":"En M\u00e9xico, el D\u00eda del Profesional en Nutrici\u00f3n se conmemora cada 27 de enero desde 1975, fecha en el que se fund\u00f3 la Asociaci\u00f3n Mexicana de Nutriolog\u00eda A.C. (AMENAC).","breadcrumb":{"@id":"https:\/\/lafuente.mx\/?p=2033#breadcrumb"},"inLanguage":"es","potentialAction":[{"@type":"ReadAction","target":["https:\/\/lafuente.mx\/?p=2033"]}]},{"@type":"BreadcrumbList","@id":"https:\/\/lafuente.mx\/?p=2033#breadcrumb","itemListElement":[{"@type":"ListItem","position":1,"name":"Inicio","item":"https:\/\/lafuente.mx\/"},{"@type":"ListItem","position":2,"name":"D\u00eda del Profesional en Nutrici\u00f3n"}]},{"@type":"Person","@id":"https:\/\/lafuente.mx\/#\/schema\/person\/603f3aa8e2f6f7879021ab722d39d6b0","name":"Claudia Gallardo","image":{"@type":"ImageObject","inLanguage":"es","@id":"https:\/\/lafuente.mx\/#\/schema\/person\/image\/","url":"https:\/\/secure.gravatar.com\/avatar\/57e359df01b381c34a24d792c1867f6e9888011b76e86673f8dd53994603714d?s=96&d=mm&r=g","contentUrl":"https:\/\/secure.gravatar.com\/avatar\/57e359df01b381c34a24d792c1867f6e9888011b76e86673f8dd53994603714d?s=96&d=mm&r=g","caption":"Claudia Gallardo"},"url":"https:\/\/lafuente.mx\/?author=3"}]}},"jetpack_publicize_connections":[],"jetpack_featured_media_url":"https:\/\/i0.wp.com\/lafuente.mx\/wp-content\/uploads\/2024\/01\/Captura-de-Pantalla-2024-01-24-a-las-12.12.15.png?fit=1458%2C688&ssl=1","jetpack-related-posts":[],"jetpack_sharing_enabled":true,"jetpack_shortlink":"https:\/\/wp.me\/pe9WUx-wN","_links":{"self":[{"href":"https:\/\/lafuente.mx\/index.php?rest_route=\/wp\/v2\/posts\/2033","targetHints":{"allow":["GET"]}}],"collection":[{"href":"https:\/\/lafuente.mx\/index.php?rest_route=\/wp\/v2\/posts"}],"about":[{"href":"https:\/\/lafuente.mx\/index.php?rest_route=\/wp\/v2\/types\/post"}],"author":[{"embeddable":true,"href":"https:\/\/lafuente.mx\/index.php?rest_route=\/wp\/v2\/users\/3"}],"replies":[{"embeddable":true,"href":"https:\/\/lafuente.mx\/index.php?rest_route=%2Fwp%2Fv2%2Fcomments&post=2033"}],"version-history":[{"count":3,"href":"https:\/\/lafuente.mx\/index.php?rest_route=\/wp\/v2\/posts\/2033\/revisions"}],"predecessor-version":[{"id":2043,"href":"https:\/\/lafuente.mx\/index.php?rest_route=\/wp\/v2\/posts\/2033\/revisions\/2043"}],"wp:featuredmedia":[{"embeddable":true,"href":"https:\/\/lafuente.mx\/index.php?rest_route=\/wp\/v2\/media\/2035"}],"wp:attachment":[{"href":"https:\/\/lafuente.mx\/index.php?rest_route=%2Fwp%2Fv2%2Fmedia&parent=2033"}],"wp:term":[{"taxonomy":"category","embeddable":true,"href":"https:\/\/lafuente.mx\/index.php?rest_route=%2Fwp%2Fv2%2Fcategories&post=2033"},{"taxonomy":"post_tag","embeddable":true,"href":"https:\/\/lafuente.mx\/index.php?rest_route=%2Fwp%2Fv2%2Ftags&post=2033"}],"curies":[{"name":"wp","href":"https:\/\/api.w.org\/{rel}","templated":true}]}}