{"id":2027,"date":"2024-01-23T17:09:09","date_gmt":"2024-01-23T17:09:09","guid":{"rendered":"https:\/\/lafuente.mx\/?p=2027"},"modified":"2024-06-26T20:57:09","modified_gmt":"2024-06-26T20:57:09","slug":"borrador-automatico-hay-interes-de-los-adultos-mexicanos-en-estar-preparados-en-caso-de-desarrollar-alzheimer-u-otra-demencia-2","status":"publish","type":"post","link":"https:\/\/lafuente.mx\/?p=2027","title":{"rendered":"\u00bfHay inter\u00e9s de los adultos mexicanos en estar preparados en caso de desarrollar Alzheimer u otra demencia?\u00a0"},"content":{"rendered":"\n<hr class=\"wp-block-separator has-text-color has-vivid-red-color has-alpha-channel-opacity has-vivid-red-background-color has-background\"\/>\n\n\n\n<p class=\"has-text-color has-large-font-size\" style=\"color:#444c54\">Ma. Luisa Marv\u00e1n,1 Rosa Lilia Castillo-L\u00f3pez,2 Dennys Onofre-Corredor, 3 Ingrid Vargas-Huicochea,3 Asunci\u00f3n \u00c1lvarez-del-R\u00edo 3&nbsp;<\/p>\n\n\n\n<p class=\"has-text-color has-medium-font-size\" style=\"color:#495056\">Instituto de Investigaciones Psicol\u00f3gicas, Universidad Veracruzana, Veracruz, M\u00e9xico.2 Departamento de Psicolog\u00eda, Centro Estatal de Cancerolog\u00eda Dr. Miguel Dorantes Mesa, Veracruz, M\u00e9xico.3 Departmento de Psiquiatr\u00eda y Salud Mental, Facultad de Medicina, Universidad Nacional Aut\u00f3noma de M\u00e9xico, Ciudad de M\u00e9xico, M\u00e9xico&nbsp;<\/p>\n\n\n\n<p>Salud Mental, Vol. 46, Issue 6, November-December 2023&nbsp;<\/p>\n\n\n\n<hr class=\"wp-block-separator has-text-color has-vivid-red-color has-alpha-channel-opacity has-vivid-red-background-color has-background\"\/>\n\n\n\n<figure class=\"wp-block-image size-large\"><img decoding=\"async\" loading=\"lazy\" width=\"640\" height=\"476\" src=\"https:\/\/i0.wp.com\/lafuente.mx\/wp-content\/uploads\/2024\/01\/adulto-mayor-1024x761.png?resize=640%2C476&#038;ssl=1\" alt=\"\" class=\"wp-image-2029\" srcset=\"https:\/\/i0.wp.com\/lafuente.mx\/wp-content\/uploads\/2024\/01\/adulto-mayor.png?resize=1024%2C761&amp;ssl=1 1024w, https:\/\/i0.wp.com\/lafuente.mx\/wp-content\/uploads\/2024\/01\/adulto-mayor.png?resize=300%2C223&amp;ssl=1 300w, https:\/\/i0.wp.com\/lafuente.mx\/wp-content\/uploads\/2024\/01\/adulto-mayor.png?resize=768%2C571&amp;ssl=1 768w, https:\/\/i0.wp.com\/lafuente.mx\/wp-content\/uploads\/2024\/01\/adulto-mayor.png?w=1120&amp;ssl=1 1120w\" sizes=\"(max-width: 640px) 100vw, 640px\" data-recalc-dims=\"1\" \/><\/figure>\n\n\n\n<p class=\"has-medium-font-size\">I<strong>ntroducci\u00f3n. <\/strong>La enfermedad de Alzheimer, as\u00ed como otras demencias, provocan un deterioro progresivo de las funciones cognitivas, impidiendo a los pacientes tomar decisiones y tener control sobre s\u00ed mismos en un estadio avanzado de la enfermedad.&nbsp;<br>&nbsp;<br><strong>Objetivo.<\/strong> Explorar algunas expectativas, deseos y preferencias en una muestra de adultos maduros en caso de que desarrollen Alzheimer u otra demencia.&nbsp;<br>&nbsp;<br><strong>M\u00e9todo.<\/strong> Encuestamos a 368 adultos mexicanos maduros sin demencia utilizando una encuesta grande creada por los autores y utilizada en un estudio anterior; Los datos se recolectaron en algunos lugares p\u00fablicos donde se invit\u00f3 a participar a personas maduras. La encuesta se realiz\u00f3 desde julio de 2019 hasta agosto de 2020.&nbsp;<br>&nbsp;<br><strong>Resultados.<\/strong> Aunque la mayor\u00eda de los participantes hab\u00edan considerado que podr\u00edan sufrir demencia en el futuro, menos de la mitad hab\u00edan comunicado sus deseos a sus familiares sobre futuros tratamientos m\u00e9dicos en caso de que ya no pudieran decidir por s\u00ed mismos; muy pocos hab\u00edan preparado una directiva anticipada por escrito. La mayor\u00eda de los participantes coincidieron en que los pacientes deben conocer su diagn\u00f3stico inicial, principalmente para poder prepararse. El principal motivo esgrimido por quienes preferir\u00edan ocultar el diagn\u00f3stico fue evitar el sufrimiento.&nbsp;<br>&nbsp;<br><strong>Discusi\u00f3n y conclusi\u00f3n. <\/strong>Nuestros resultados resaltan la necesidad de que los profesionales de la salud promuevan el debate con las personas sobre la posibilidad de sufrir demencia, as\u00ed como la importancia de tomar decisiones con antelaci\u00f3n y comunicarlas a sus familiares.&nbsp;<\/p>\n\n\n\n<hr class=\"wp-block-separator has-text-color has-vivid-red-color has-alpha-channel-opacity has-vivid-red-background-color has-background\"\/>\n\n\n\n<div class=\"wp-block-buttons is-layout-flex wp-block-buttons-is-layout-flex\">\n<div class=\"wp-block-button\"><a class=\"wp-block-button__link has-vivid-red-background-color has-background wp-element-button\" href=\"http:\/\/revistasaludmental.ddns.net\/index.php\/salud_mental\/article\/view\/SM.0185-3325.2023.039\">M\u00e1s informaci\u00f3n<\/a><\/div>\n<\/div>\n","protected":false},"excerpt":{"rendered":"<p>Ma. Luisa Marv\u00e1n,1 Rosa Lilia Castillo-L\u00f3pez,2 Dennys Onofre-Corredor, 3 Ingrid Vargas-Huicochea,3 Asunci\u00f3n \u00c1lvarez-del-R\u00edo 3&nbsp; Instituto de Investigaciones Psicol\u00f3gicas, Universidad Veracruzana, Veracruz, M\u00e9xico.2 Departamento de Psicolog\u00eda,<\/p>\n","protected":false},"author":3,"featured_media":2029,"comment_status":"open","ping_status":"open","sticky":false,"template":"","format":"standard","meta":{"footnotes":"","jetpack_publicize_message":"","jetpack_is_tweetstorm":false,"jetpack_publicize_feature_enabled":true},"categories":[11],"tags":[437,568,567,445,446,21,32,172],"jetpack_publicize_connections":[],"yoast_head":"<!-- This site is optimized with the Yoast SEO plugin v19.4 - https:\/\/yoast.com\/wordpress\/plugins\/seo\/ -->\n<title>\u00bfHay inter\u00e9s de los adultos mexicanos en estar preparados en caso de desarrollar Alzheimer u otra demencia?\u00a0 -<\/title>\n<meta name=\"description\" content=\"Explorar algunas expectativas, deseos y preferencias en una muestra de adultos maduros en caso de que desarrollen Alzheimer u otra demencia.\u00a0\" \/>\n<meta name=\"robots\" content=\"index, follow, max-snippet:-1, max-image-preview:large, max-video-preview:-1\" \/>\n<link rel=\"canonical\" href=\"https:\/\/lafuente.mx\/?p=2027\" \/>\n<meta property=\"og:locale\" content=\"es_MX\" \/>\n<meta property=\"og:type\" content=\"article\" \/>\n<meta property=\"og:title\" content=\"\u00bfHay inter\u00e9s de los adultos mexicanos en estar preparados en caso de desarrollar Alzheimer u otra demencia?\" \/>\n<meta property=\"og:description\" content=\"Explorar algunas expectativas, deseos y preferencias en una muestra de adultos maduros en caso de que desarrollen Alzheimer u otra demencia.\u00a0\" \/>\n<meta property=\"og:url\" content=\"https:\/\/lafuente.mx\/?p=2027\" \/>\n<meta property=\"article:published_time\" content=\"2024-01-23T17:09:09+00:00\" \/>\n<meta property=\"article:modified_time\" content=\"2024-06-26T20:57:09+00:00\" \/>\n<meta property=\"og:image\" content=\"http:\/\/lafuente.mx\/wp-content\/uploads\/2024\/01\/adulto-mayor.png\" \/>\n\t<meta property=\"og:image:width\" content=\"1120\" \/>\n\t<meta property=\"og:image:height\" content=\"832\" \/>\n\t<meta property=\"og:image:type\" content=\"image\/png\" \/>\n<meta name=\"author\" content=\"Claudia Gallardo\" \/>\n<meta name=\"twitter:card\" content=\"summary_large_image\" \/>\n<meta name=\"twitter:title\" content=\"\u00bfHay inter\u00e9s de los adultos mexicanos en estar preparados en caso de desarrollar Alzheimer u otra demencia?\" \/>\n<meta name=\"twitter:description\" content=\"Explorar algunas expectativas, deseos y preferencias en una muestra de adultos maduros en caso de que desarrollen Alzheimer u otra demencia.\u00a0\" \/>\n<meta name=\"twitter:label1\" content=\"Escrito por\" \/>\n\t<meta name=\"twitter:data1\" content=\"Claudia Gallardo\" \/>\n\t<meta name=\"twitter:label2\" content=\"Tiempo de lectura\" \/>\n\t<meta name=\"twitter:data2\" content=\"2 minutos\" \/>\n<script type=\"application\/ld+json\" class=\"yoast-schema-graph\">{\"@context\":\"https:\/\/schema.org\",\"@graph\":[{\"@type\":\"WebSite\",\"@id\":\"https:\/\/lafuente.mx\/#website\",\"url\":\"https:\/\/lafuente.mx\/\",\"name\":\"\",\"description\":\"Informaci\u00f3n confiable sobre salud mental\",\"potentialAction\":[{\"@type\":\"SearchAction\",\"target\":{\"@type\":\"EntryPoint\",\"urlTemplate\":\"https:\/\/lafuente.mx\/?s={search_term_string}\"},\"query-input\":\"required name=search_term_string\"}],\"inLanguage\":\"es-MX\"},{\"@type\":\"WebPage\",\"@id\":\"https:\/\/lafuente.mx\/?p=2027\",\"url\":\"https:\/\/lafuente.mx\/?p=2027\",\"name\":\"\u00bfHay inter\u00e9s de los adultos mexicanos en estar preparados en caso de desarrollar Alzheimer u otra demencia?\u00a0 -\",\"isPartOf\":{\"@id\":\"https:\/\/lafuente.mx\/#website\"},\"datePublished\":\"2024-01-23T17:09:09+00:00\",\"dateModified\":\"2024-06-26T20:57:09+00:00\",\"author\":{\"@id\":\"https:\/\/lafuente.mx\/#\/schema\/person\/603f3aa8e2f6f7879021ab722d39d6b0\"},\"description\":\"Explorar algunas expectativas, deseos y preferencias en una muestra de adultos maduros en caso de que desarrollen Alzheimer u otra demencia.\u00a0\",\"breadcrumb\":{\"@id\":\"https:\/\/lafuente.mx\/?p=2027#breadcrumb\"},\"inLanguage\":\"es-MX\",\"potentialAction\":[{\"@type\":\"ReadAction\",\"target\":[\"https:\/\/lafuente.mx\/?p=2027\"]}]},{\"@type\":\"BreadcrumbList\",\"@id\":\"https:\/\/lafuente.mx\/?p=2027#breadcrumb\",\"itemListElement\":[{\"@type\":\"ListItem\",\"position\":1,\"name\":\"Inicio\",\"item\":\"https:\/\/lafuente.mx\/\"},{\"@type\":\"ListItem\",\"position\":2,\"name\":\"\u00bfHay inter\u00e9s de los adultos mexicanos en estar preparados en caso de desarrollar Alzheimer u otra demencia?\u00a0\"}]},{\"@type\":\"Person\",\"@id\":\"https:\/\/lafuente.mx\/#\/schema\/person\/603f3aa8e2f6f7879021ab722d39d6b0\",\"name\":\"Claudia Gallardo\",\"image\":{\"@type\":\"ImageObject\",\"inLanguage\":\"es-MX\",\"@id\":\"https:\/\/lafuente.mx\/#\/schema\/person\/image\/\",\"url\":\"https:\/\/secure.gravatar.com\/avatar\/bfe9c966af1ccfb9d17bcdb9d04e8815?s=96&d=mm&r=g\",\"contentUrl\":\"https:\/\/secure.gravatar.com\/avatar\/bfe9c966af1ccfb9d17bcdb9d04e8815?s=96&d=mm&r=g\",\"caption\":\"Claudia Gallardo\"},\"url\":\"https:\/\/lafuente.mx\/?author=3\"}]}<\/script>\n<!-- \/ Yoast SEO plugin. -->","yoast_head_json":{"title":"\u00bfHay inter\u00e9s de los adultos mexicanos en estar preparados en caso de desarrollar Alzheimer u otra demencia?\u00a0 -","description":"Explorar algunas expectativas, deseos y preferencias en una muestra de adultos maduros en caso de que desarrollen Alzheimer u otra demencia.\u00a0","robots":{"index":"index","follow":"follow","max-snippet":"max-snippet:-1","max-image-preview":"max-image-preview:large","max-video-preview":"max-video-preview:-1"},"canonical":"https:\/\/lafuente.mx\/?p=2027","og_locale":"es_MX","og_type":"article","og_title":"\u00bfHay inter\u00e9s de los adultos mexicanos en estar preparados en caso de desarrollar Alzheimer u otra demencia?","og_description":"Explorar algunas expectativas, deseos y preferencias en una muestra de adultos maduros en caso de que desarrollen Alzheimer u otra demencia.\u00a0","og_url":"https:\/\/lafuente.mx\/?p=2027","article_published_time":"2024-01-23T17:09:09+00:00","article_modified_time":"2024-06-26T20:57:09+00:00","og_image":[{"width":1120,"height":832,"url":"http:\/\/lafuente.mx\/wp-content\/uploads\/2024\/01\/adulto-mayor.png","type":"image\/png"}],"author":"Claudia Gallardo","twitter_card":"summary_large_image","twitter_title":"\u00bfHay inter\u00e9s de los adultos mexicanos en estar preparados en caso de desarrollar Alzheimer u otra demencia?","twitter_description":"Explorar algunas expectativas, deseos y preferencias en una muestra de adultos maduros en caso de que desarrollen Alzheimer u otra demencia.\u00a0","twitter_misc":{"Escrito por":"Claudia Gallardo","Tiempo de lectura":"2 minutos"},"schema":{"@context":"https:\/\/schema.org","@graph":[{"@type":"WebSite","@id":"https:\/\/lafuente.mx\/#website","url":"https:\/\/lafuente.mx\/","name":"","description":"Informaci\u00f3n confiable sobre salud mental","potentialAction":[{"@type":"SearchAction","target":{"@type":"EntryPoint","urlTemplate":"https:\/\/lafuente.mx\/?s={search_term_string}"},"query-input":"required name=search_term_string"}],"inLanguage":"es-MX"},{"@type":"WebPage","@id":"https:\/\/lafuente.mx\/?p=2027","url":"https:\/\/lafuente.mx\/?p=2027","name":"\u00bfHay inter\u00e9s de los adultos mexicanos en estar preparados en caso de desarrollar Alzheimer u otra demencia?\u00a0 -","isPartOf":{"@id":"https:\/\/lafuente.mx\/#website"},"datePublished":"2024-01-23T17:09:09+00:00","dateModified":"2024-06-26T20:57:09+00:00","author":{"@id":"https:\/\/lafuente.mx\/#\/schema\/person\/603f3aa8e2f6f7879021ab722d39d6b0"},"description":"Explorar algunas expectativas, deseos y preferencias en una muestra de adultos maduros en caso de que desarrollen Alzheimer u otra demencia.\u00a0","breadcrumb":{"@id":"https:\/\/lafuente.mx\/?p=2027#breadcrumb"},"inLanguage":"es-MX","potentialAction":[{"@type":"ReadAction","target":["https:\/\/lafuente.mx\/?p=2027"]}]},{"@type":"BreadcrumbList","@id":"https:\/\/lafuente.mx\/?p=2027#breadcrumb","itemListElement":[{"@type":"ListItem","position":1,"name":"Inicio","item":"https:\/\/lafuente.mx\/"},{"@type":"ListItem","position":2,"name":"\u00bfHay inter\u00e9s de los adultos mexicanos en estar preparados en caso de desarrollar Alzheimer u otra demencia?\u00a0"}]},{"@type":"Person","@id":"https:\/\/lafuente.mx\/#\/schema\/person\/603f3aa8e2f6f7879021ab722d39d6b0","name":"Claudia Gallardo","image":{"@type":"ImageObject","inLanguage":"es-MX","@id":"https:\/\/lafuente.mx\/#\/schema\/person\/image\/","url":"https:\/\/secure.gravatar.com\/avatar\/bfe9c966af1ccfb9d17bcdb9d04e8815?s=96&d=mm&r=g","contentUrl":"https:\/\/secure.gravatar.com\/avatar\/bfe9c966af1ccfb9d17bcdb9d04e8815?s=96&d=mm&r=g","caption":"Claudia Gallardo"},"url":"https:\/\/lafuente.mx\/?author=3"}]}},"jetpack_featured_media_url":"https:\/\/i0.wp.com\/lafuente.mx\/wp-content\/uploads\/2024\/01\/adulto-mayor.png?fit=1120%2C832&ssl=1","jetpack-related-posts":[{"id":1911,"url":"https:\/\/lafuente.mx\/?p=1911","url_meta":{"origin":2027,"position":0},"title":"\u00bfHay inter\u00e9s de los adultos mexicanos en estar preparados en caso de desarrollar Alzheimer u otra demencia?\u00a0","date":"noviembre 30, 2023","format":false,"excerpt":"Ma. LuisaMarv\u00e1n,1Rosa LiliaCastillo-L\u00f3pez,2DennysOnofre-Corredor,3IngridVargas-Huicochea,3Asunci\u00f3n\u00c1lvarez-del-R\u00edo 3\u00a0 1 Instituto de Investigaciones Psicol\u00f3gicas, Universidad Veracruzana, Veracruz, M\u00e9xico.\u00a0 2 Departamento de Psicolog\u00eda, Centro Estatal de Cancerolog\u00eda Dr. Miguel Dorantes Mesa, Veracruz, M\u00e9xico.\u00a0 3 Departmento de Psiquiatr\u00eda y Salud Mental, Facultad de Medicina, Universidad Nacional Aut\u00f3noma de M\u00e9xico, Ciudad de M\u00e9xico, M\u00e9xico\u00a0 Introducci\u00f3n. La enfermedad de\u2026","rel":"","context":"En &quot;Revista Salud Mental&quot;","img":{"alt_text":"","src":"https:\/\/i0.wp.com\/lafuente.mx\/wp-content\/uploads\/2023\/11\/alzheimer.jpeg?fit=792%2C626&ssl=1&resize=350%2C200","width":350,"height":200},"classes":[]},{"id":1719,"url":"https:\/\/lafuente.mx\/?p=1719","url_meta":{"origin":2027,"position":1},"title":"D\u00eda Mundial del Alzheimer\u00a0\u00a0","date":"septiembre 21, 2023","format":false,"excerpt":"21 de septiembre\u00a0 Nunca demasiado temprano, nunca demasiado tarde: Mes Mundial del Alzheimer 2023\u00a0 El 21 de septiembre se celebra el D\u00eda Mundial del Alzheimer, proclamado por la Organizaci\u00f3n Mundial de la Salud (OMS) y auspiciado por Alzheimer's Disease International (ADI).\u00a0 La campa\u00f1a del Mes Mundial del Alzheimer 2023, 'Nunca\u2026","rel":"","context":"En &quot;Efem\u00e9rides de Salud Mental&quot;","img":{"alt_text":"","src":"https:\/\/i0.wp.com\/lafuente.mx\/wp-content\/uploads\/2023\/09\/Captura-de-Pantalla-2023-09-21-a-las-10.55.47.png?fit=1200%2C682&ssl=1&resize=350%2C200","width":350,"height":200},"classes":[]},{"id":1686,"url":"https:\/\/lafuente.mx\/?p=1686","url_meta":{"origin":2027,"position":2},"title":"\u00bfQu\u00e9 enfermedades afectan a la poblaci\u00f3n mexicana de edad avanzada?","date":"septiembre 8, 2023","format":false,"excerpt":"Caracter\u00edsticas cl\u00ednicas y sociodemogr\u00e1ficas de los pacientes de la cl\u00ednica psicogeri\u00e1trica del Instituto Nacional de Psiquiatr\u00eda\u00a0 Luis Fernando Collazos Marin, Guillermo Vel\u00e1zquez Lopez, Ismael Aguilar Salas\u00a0 Introducci\u00f3n. La transici\u00f3n demogr\u00e1fica y epidemiol\u00f3gica, as\u00ed como el envejecimiento de la poblaci\u00f3n, han cambiado la forma en que se trata a los adultos\u2026","rel":"","context":"En &quot;Revista Salud Mental&quot;","img":{"alt_text":"","src":"https:\/\/i0.wp.com\/lafuente.mx\/wp-content\/uploads\/2023\/09\/hombre-mayor-casual-casa-medico-edited-scaled.jpg?fit=1200%2C675&ssl=1&resize=350%2C200","width":350,"height":200},"classes":[]},{"id":3548,"url":"https:\/\/lafuente.mx\/?p=3548","url_meta":{"origin":2027,"position":3},"title":"La carga de cuidado entre los cuidadores de adultos mayores con enfermedad de Alzheimer perjudica su calidad de vida: un estudio transversal en Brasil\u00a0","date":"enero 20, 2026","format":false,"excerpt":"Chia\u00a0Chen Lin\u00a0 Departamento de Fisioterapia,\u00a0Universidade\u00a0Cesumar,\u00a0Maring\u00e1, Paran\u00e1, Brasil.\u00a0 Izabela\u00a0Vit\u00f3ria Pereira Marques\u00a0 Departamento de Fisioterapia,\u00a0Universidade\u00a0Cesumar,\u00a0Maring\u00e1, Paran\u00e1, Brasil.\u00a0 Jos\u00e9 Roberto Andrade do Nascimento\u00a0J\u00fanio\u00a0 Departamento de Educaci\u00f3n F\u00edsica,\u00a0Universidade\u00a0Federal do Vale do S\u00e3o Francisco,\u00a0Petrolina, Pernambuco, Brasil.\u00a0 Carolina\u00a0Rodrigues\u00a0Lyra\u00a0 Departamento de Fisioterapia,\u00a0Universidade\u00a0Cesumar,\u00a0Maring\u00e1, Paran\u00e1, Brasil.\u00a0 Eduardo\u00a0Quadros\u00a0da Silva\u00a0 Departamento de Educaci\u00f3n F\u00edsica,\u00a0Universidade\u00a0Federal do Vale do S\u00e3o Francisco,\u00a0Petrolina, Pernambuco, Brasil.\u00a0\u2026","rel":"","context":"En &quot;Revista Salud Mental&quot;","img":{"alt_text":"ai generated, man, masculine, face, beard, person, old, senior, thoughtful, think, grey-haired, charisma, expression, portrait-9416091.jpg","src":"https:\/\/i0.wp.com\/lafuente.mx\/wp-content\/uploads\/2026\/01\/ai-generated-man-masculine-face-beard-person-old-senior-thoughtful-think-grey-haired-charisma-expression-portrait-9416091.jpg?fit=1200%2C796&ssl=1&resize=350%2C200","width":350,"height":200},"classes":[]},{"id":3441,"url":"https:\/\/lafuente.mx\/?p=3441","url_meta":{"origin":2027,"position":4},"title":"Eficacia de la terapia cognitivo conductual centrada en el trauma en mujeres v\u00edctimas de violencia sexual: una revisi\u00f3n sistem\u00e1tica\u00a0","date":"octubre 30, 2025","format":false,"excerpt":"Volume 48, Issue 4, July-August 2025\u00a0 Dulce D\u00edaz\u00a0 Laboratorio de Psicolog\u00eda e Innovaci\u00f3n tecnol\u00f3gica, Facultad de Estudios Superiores Iztacala, Universidad Nacional Aut\u00f3noma de M\u00e9xico, Tlalnepantla, Edomex, M\u00e9xico; Divisi\u00f3n de Ciencias Biol\u00f3gicas y Salud, Universidad Aut\u00f3noma Metropolita, Unidad Lerma, Lerma, Edomex, M\u00e9xico.\u00a0 Anabel De la Rosa G\u00f3mez\u00a0 Laboratorio de Psicolog\u00eda e\u2026","rel":"","context":"En &quot;Revista Salud Mental&quot;","img":{"alt_text":"","src":"https:\/\/i0.wp.com\/lafuente.mx\/wp-content\/uploads\/2025\/10\/mujeres.jpg?fit=1046%2C921&ssl=1&resize=350%2C200","width":350,"height":200},"classes":[]},{"id":2704,"url":"https:\/\/lafuente.mx\/?p=2704","url_meta":{"origin":2027,"position":5},"title":"Desregulaci\u00f3n emocional y preocupaci\u00f3n como mediadores entre eventos vitales estresantes y s\u00edntomas de estr\u00e9s postraum\u00e1tico en mujeres mexicanas adultas: un estudio transversal\u00a0","date":"diciembre 6, 2024","format":false,"excerpt":"Revista Salud Mental\u00a0\u00a0 Anabel de la Rosa G\u00f3mez,1, Alejandrina Hern\u00e1ndez Posadas,1, Pablo D. Valencia,1,Lorena A. Flores Plata,1, Alicia Flores Elvira1, 1 Facultad de Estudios Superiores Iztacala, Universidad Nacional Aut\u00f3noma de M\u00e9xico, Estado de M\u00e9xico, M\u00e9xico.\u00a0 Introducci\u00f3n.\u00a0\u00a0 Las mujeres experimentan numerosos episodios de eventos adversos, a menudo vinculados con la violencia,\u2026","rel":"","context":"En &quot;Revista Salud Mental&quot;","img":{"alt_text":"","src":"https:\/\/i0.wp.com\/lafuente.mx\/wp-content\/uploads\/2024\/12\/Captura-de-pantalla-2024-12-05-a-las-13.09.35.png?fit=1200%2C805&ssl=1&resize=350%2C200","width":350,"height":200},"classes":[]}],"jetpack_sharing_enabled":true,"jetpack_shortlink":"https:\/\/wp.me\/pe9WUx-wH","_links":{"self":[{"href":"https:\/\/lafuente.mx\/index.php?rest_route=\/wp\/v2\/posts\/2027"}],"collection":[{"href":"https:\/\/lafuente.mx\/index.php?rest_route=\/wp\/v2\/posts"}],"about":[{"href":"https:\/\/lafuente.mx\/index.php?rest_route=\/wp\/v2\/types\/post"}],"author":[{"embeddable":true,"href":"https:\/\/lafuente.mx\/index.php?rest_route=\/wp\/v2\/users\/3"}],"replies":[{"embeddable":true,"href":"https:\/\/lafuente.mx\/index.php?rest_route=%2Fwp%2Fv2%2Fcomments&post=2027"}],"version-history":[{"count":3,"href":"https:\/\/lafuente.mx\/index.php?rest_route=\/wp\/v2\/posts\/2027\/revisions"}],"predecessor-version":[{"id":2403,"href":"https:\/\/lafuente.mx\/index.php?rest_route=\/wp\/v2\/posts\/2027\/revisions\/2403"}],"wp:featuredmedia":[{"embeddable":true,"href":"https:\/\/lafuente.mx\/index.php?rest_route=\/wp\/v2\/media\/2029"}],"wp:attachment":[{"href":"https:\/\/lafuente.mx\/index.php?rest_route=%2Fwp%2Fv2%2Fmedia&parent=2027"}],"wp:term":[{"taxonomy":"category","embeddable":true,"href":"https:\/\/lafuente.mx\/index.php?rest_route=%2Fwp%2Fv2%2Fcategories&post=2027"},{"taxonomy":"post_tag","embeddable":true,"href":"https:\/\/lafuente.mx\/index.php?rest_route=%2Fwp%2Fv2%2Ftags&post=2027"}],"curies":[{"name":"wp","href":"https:\/\/api.w.org\/{rel}","templated":true}]}}