{"id":2002,"date":"2024-01-16T19:22:04","date_gmt":"2024-01-16T19:22:04","guid":{"rendered":"https:\/\/lafuente.mx\/?p=2002"},"modified":"2024-01-18T18:53:31","modified_gmt":"2024-01-18T18:53:31","slug":"borrador-automatico-programa-anual-de-educacion-continua","status":"publish","type":"post","link":"https:\/\/lafuente.mx\/?p=2002","title":{"rendered":"Programa Anual de Educaci\u00f3n Continua 2024"},"content":{"rendered":"\n<hr class=\"wp-block-separator has-text-color has-alpha-channel-opacity has-background\" style=\"background-color:#3e288a;color:#3e288a\"\/>\n\n\n\n<p class=\"has-text-color has-medium-font-size\" style=\"color:#484c99\">Las actividades de Educaci\u00f3n Continua de la Direcci\u00f3n de Ense\u00f1anza son parte de la estrategia integral del Instituto Nacional de Psiquiatr\u00eda Ram\u00f3n de la Fuente Mu\u00f1iz (INPRFM) para mejorar la formaci\u00f3n y profesionalizaci\u00f3n del personal de salud en psiquiatr\u00eda y salud mental.<\/p>\n\n\n\n<p class=\"has-text-color has-medium-font-size\" style=\"color:#704995\"><strong>Dirigido a: profesionales de salud (revisar en la convocatoria los per\ufb01les de cada curso)<\/strong><\/p>\n\n\n<div class=\"wp-block-image\">\n<figure class=\"aligncenter size-large is-resized\"><img decoding=\"async\" loading=\"lazy\" width=\"640\" height=\"964\" src=\"https:\/\/i0.wp.com\/lafuente.mx\/wp-content\/uploads\/2024\/01\/AulasBiblio_0004_DSC_0211-680x1024.jpg?resize=640%2C964&#038;ssl=1\" alt=\"\" class=\"wp-image-2004\" style=\"aspect-ratio:0.6640625;width:537px;height:auto\" srcset=\"https:\/\/i0.wp.com\/lafuente.mx\/wp-content\/uploads\/2024\/01\/AulasBiblio_0004_DSC_0211-rotated.jpg?resize=680%2C1024&amp;ssl=1 680w, https:\/\/i0.wp.com\/lafuente.mx\/wp-content\/uploads\/2024\/01\/AulasBiblio_0004_DSC_0211-rotated.jpg?resize=199%2C300&amp;ssl=1 199w, https:\/\/i0.wp.com\/lafuente.mx\/wp-content\/uploads\/2024\/01\/AulasBiblio_0004_DSC_0211-rotated.jpg?resize=768%2C1157&amp;ssl=1 768w, https:\/\/i0.wp.com\/lafuente.mx\/wp-content\/uploads\/2024\/01\/AulasBiblio_0004_DSC_0211-rotated.jpg?w=784&amp;ssl=1 784w\" sizes=\"(max-width: 640px) 100vw, 640px\" data-recalc-dims=\"1\" \/><\/figure><\/div>\n\n\n<hr class=\"wp-block-separator has-text-color has-vivid-purple-color has-alpha-channel-opacity has-vivid-purple-background-color has-background\"\/>\n\n\n\n<p class=\"has-text-color has-medium-font-size\" style=\"color:#423867\">Acceso ilimitado 24 horas en Google Classroom + sesiones interactivas en tiempo real<\/p>\n\n\n\n<p class=\"has-text-color has-medium-font-size\" style=\"color:#423867\"><br>Cupo limitado, sin costo.<\/p>\n\n\n\n<p class=\"has-text-color has-medium-font-size\" style=\"color:#423867\"><strong>Programaci\u00f3n anual (sujeta a cambios)<\/strong><\/p>\n\n\n\n<hr class=\"wp-block-separator has-text-color has-vivid-purple-color has-alpha-channel-opacity has-vivid-purple-background-color has-background\"\/>\n\n\n\n<div class=\"wp-block-buttons is-layout-flex wp-block-buttons-is-layout-flex\">\n<div class=\"wp-block-button\"><a class=\"wp-block-button__link has-background wp-element-button\" href=\"https:\/\/bit.ly\/4936FAB\" style=\"background-color:#3e2396\">Calendario 2024<\/a><\/div>\n<\/div>\n","protected":false},"excerpt":{"rendered":"<p>Las actividades de Educaci\u00f3n Continua de la Direcci\u00f3n de Ense\u00f1anza son parte de la estrategia integral del Instituto Nacional de Psiquiatr\u00eda Ram\u00f3n de la Fuente<\/p>\n","protected":false},"author":3,"featured_media":2004,"comment_status":"open","ping_status":"open","sticky":false,"template":"","format":"standard","meta":{"footnotes":"","jetpack_publicize_message":"","jetpack_is_tweetstorm":false,"jetpack_publicize_feature_enabled":true},"categories":[4],"tags":[561,560,559,21,557,558,397,40,32],"jetpack_publicize_connections":[],"yoast_head":"<!-- This site is optimized with the Yoast SEO plugin v19.4 - https:\/\/yoast.com\/wordpress\/plugins\/seo\/ -->\n<title>Programa Anual de Educaci\u00f3n Continua 2024 -<\/title>\n<meta name=\"description\" content=\"Programa Anual de Educaci\u00f3n Continua 2024 INPRFM\" \/>\n<meta name=\"robots\" content=\"index, follow, max-snippet:-1, max-image-preview:large, max-video-preview:-1\" \/>\n<link rel=\"canonical\" href=\"https:\/\/lafuente.mx\/?p=2002\" \/>\n<meta property=\"og:locale\" content=\"es_MX\" \/>\n<meta property=\"og:type\" content=\"article\" \/>\n<meta property=\"og:title\" content=\"Programa Anual de Educaci\u00f3n Continua\" \/>\n<meta property=\"og:description\" content=\"Programa Anual de Educaci\u00f3n Continua 2024 INPRFM. Para profesionales de la salud\" \/>\n<meta property=\"og:url\" content=\"https:\/\/lafuente.mx\/?p=2002\" \/>\n<meta property=\"article:published_time\" content=\"2024-01-16T19:22:04+00:00\" \/>\n<meta property=\"article:modified_time\" content=\"2024-01-18T18:53:31+00:00\" \/>\n<meta property=\"og:image\" content=\"http:\/\/lafuente.mx\/wp-content\/uploads\/2024\/01\/AulasBiblio_0004_DSC_0211-rotated.jpg\" \/>\n\t<meta property=\"og:image:width\" content=\"784\" \/>\n\t<meta property=\"og:image:height\" content=\"1181\" \/>\n\t<meta property=\"og:image:type\" content=\"image\/jpeg\" \/>\n<meta name=\"author\" content=\"Claudia Gallardo\" \/>\n<meta name=\"twitter:card\" content=\"summary_large_image\" \/>\n<meta name=\"twitter:title\" content=\"Programa Anual de Educaci\u00f3n Continua\" \/>\n<meta name=\"twitter:description\" content=\"Programa Anual de Educaci\u00f3n Continua 2024 INPRFM Para profesionales de la salud\" \/>\n<meta name=\"twitter:image\" content=\"https:\/\/i0.wp.com\/lafuente.mx\/wp-content\/uploads\/2024\/01\/AulasBiblio_0004_DSC_0211-rotated.jpg?fit=784%2C1181&ssl=1\" \/>\n<meta name=\"twitter:label1\" content=\"Escrito por\" \/>\n\t<meta name=\"twitter:data1\" content=\"Claudia Gallardo\" \/>\n<script type=\"application\/ld+json\" class=\"yoast-schema-graph\">{\"@context\":\"https:\/\/schema.org\",\"@graph\":[{\"@type\":\"WebSite\",\"@id\":\"https:\/\/lafuente.mx\/#website\",\"url\":\"https:\/\/lafuente.mx\/\",\"name\":\"\",\"description\":\"Informaci\u00f3n confiable sobre salud mental\",\"potentialAction\":[{\"@type\":\"SearchAction\",\"target\":{\"@type\":\"EntryPoint\",\"urlTemplate\":\"https:\/\/lafuente.mx\/?s={search_term_string}\"},\"query-input\":\"required name=search_term_string\"}],\"inLanguage\":\"es-MX\"},{\"@type\":\"WebPage\",\"@id\":\"https:\/\/lafuente.mx\/?p=2002\",\"url\":\"https:\/\/lafuente.mx\/?p=2002\",\"name\":\"Programa Anual de Educaci\u00f3n Continua 2024 -\",\"isPartOf\":{\"@id\":\"https:\/\/lafuente.mx\/#website\"},\"datePublished\":\"2024-01-16T19:22:04+00:00\",\"dateModified\":\"2024-01-18T18:53:31+00:00\",\"author\":{\"@id\":\"https:\/\/lafuente.mx\/#\/schema\/person\/603f3aa8e2f6f7879021ab722d39d6b0\"},\"description\":\"Programa Anual de Educaci\u00f3n Continua 2024 INPRFM\",\"breadcrumb\":{\"@id\":\"https:\/\/lafuente.mx\/?p=2002#breadcrumb\"},\"inLanguage\":\"es-MX\",\"potentialAction\":[{\"@type\":\"ReadAction\",\"target\":[\"https:\/\/lafuente.mx\/?p=2002\"]}]},{\"@type\":\"BreadcrumbList\",\"@id\":\"https:\/\/lafuente.mx\/?p=2002#breadcrumb\",\"itemListElement\":[{\"@type\":\"ListItem\",\"position\":1,\"name\":\"Inicio\",\"item\":\"https:\/\/lafuente.mx\/\"},{\"@type\":\"ListItem\",\"position\":2,\"name\":\"Programa Anual de Educaci\u00f3n Continua 2024\"}]},{\"@type\":\"Person\",\"@id\":\"https:\/\/lafuente.mx\/#\/schema\/person\/603f3aa8e2f6f7879021ab722d39d6b0\",\"name\":\"Claudia Gallardo\",\"image\":{\"@type\":\"ImageObject\",\"inLanguage\":\"es-MX\",\"@id\":\"https:\/\/lafuente.mx\/#\/schema\/person\/image\/\",\"url\":\"https:\/\/secure.gravatar.com\/avatar\/bfe9c966af1ccfb9d17bcdb9d04e8815?s=96&d=mm&r=g\",\"contentUrl\":\"https:\/\/secure.gravatar.com\/avatar\/bfe9c966af1ccfb9d17bcdb9d04e8815?s=96&d=mm&r=g\",\"caption\":\"Claudia Gallardo\"},\"url\":\"https:\/\/lafuente.mx\/?author=3\"}]}<\/script>\n<!-- \/ Yoast SEO plugin. -->","yoast_head_json":{"title":"Programa Anual de Educaci\u00f3n Continua 2024 -","description":"Programa Anual de Educaci\u00f3n Continua 2024 INPRFM","robots":{"index":"index","follow":"follow","max-snippet":"max-snippet:-1","max-image-preview":"max-image-preview:large","max-video-preview":"max-video-preview:-1"},"canonical":"https:\/\/lafuente.mx\/?p=2002","og_locale":"es_MX","og_type":"article","og_title":"Programa Anual de Educaci\u00f3n Continua","og_description":"Programa Anual de Educaci\u00f3n Continua 2024 INPRFM. Para profesionales de la salud","og_url":"https:\/\/lafuente.mx\/?p=2002","article_published_time":"2024-01-16T19:22:04+00:00","article_modified_time":"2024-01-18T18:53:31+00:00","og_image":[{"width":784,"height":1181,"url":"http:\/\/lafuente.mx\/wp-content\/uploads\/2024\/01\/AulasBiblio_0004_DSC_0211-rotated.jpg","type":"image\/jpeg"}],"author":"Claudia Gallardo","twitter_card":"summary_large_image","twitter_title":"Programa Anual de Educaci\u00f3n Continua","twitter_description":"Programa Anual de Educaci\u00f3n Continua 2024 INPRFM Para profesionales de la salud","twitter_image":"https:\/\/i0.wp.com\/lafuente.mx\/wp-content\/uploads\/2024\/01\/AulasBiblio_0004_DSC_0211-rotated.jpg?fit=784%2C1181&ssl=1","twitter_misc":{"Escrito por":"Claudia Gallardo"},"schema":{"@context":"https:\/\/schema.org","@graph":[{"@type":"WebSite","@id":"https:\/\/lafuente.mx\/#website","url":"https:\/\/lafuente.mx\/","name":"","description":"Informaci\u00f3n confiable sobre salud mental","potentialAction":[{"@type":"SearchAction","target":{"@type":"EntryPoint","urlTemplate":"https:\/\/lafuente.mx\/?s={search_term_string}"},"query-input":"required name=search_term_string"}],"inLanguage":"es-MX"},{"@type":"WebPage","@id":"https:\/\/lafuente.mx\/?p=2002","url":"https:\/\/lafuente.mx\/?p=2002","name":"Programa Anual de Educaci\u00f3n Continua 2024 -","isPartOf":{"@id":"https:\/\/lafuente.mx\/#website"},"datePublished":"2024-01-16T19:22:04+00:00","dateModified":"2024-01-18T18:53:31+00:00","author":{"@id":"https:\/\/lafuente.mx\/#\/schema\/person\/603f3aa8e2f6f7879021ab722d39d6b0"},"description":"Programa Anual de Educaci\u00f3n Continua 2024 INPRFM","breadcrumb":{"@id":"https:\/\/lafuente.mx\/?p=2002#breadcrumb"},"inLanguage":"es-MX","potentialAction":[{"@type":"ReadAction","target":["https:\/\/lafuente.mx\/?p=2002"]}]},{"@type":"BreadcrumbList","@id":"https:\/\/lafuente.mx\/?p=2002#breadcrumb","itemListElement":[{"@type":"ListItem","position":1,"name":"Inicio","item":"https:\/\/lafuente.mx\/"},{"@type":"ListItem","position":2,"name":"Programa Anual de Educaci\u00f3n Continua 2024"}]},{"@type":"Person","@id":"https:\/\/lafuente.mx\/#\/schema\/person\/603f3aa8e2f6f7879021ab722d39d6b0","name":"Claudia Gallardo","image":{"@type":"ImageObject","inLanguage":"es-MX","@id":"https:\/\/lafuente.mx\/#\/schema\/person\/image\/","url":"https:\/\/secure.gravatar.com\/avatar\/bfe9c966af1ccfb9d17bcdb9d04e8815?s=96&d=mm&r=g","contentUrl":"https:\/\/secure.gravatar.com\/avatar\/bfe9c966af1ccfb9d17bcdb9d04e8815?s=96&d=mm&r=g","caption":"Claudia Gallardo"},"url":"https:\/\/lafuente.mx\/?author=3"}]}},"jetpack_featured_media_url":"https:\/\/i0.wp.com\/lafuente.mx\/wp-content\/uploads\/2024\/01\/AulasBiblio_0004_DSC_0211-rotated.jpg?fit=784%2C1181&ssl=1","jetpack-related-posts":[{"id":2068,"url":"https:\/\/lafuente.mx\/?p=2068","url_meta":{"origin":2002,"position":0},"title":"Educaci\u00f3n Continua","date":"febrero 9, 2024","format":false,"excerpt":"Las actividades de Educaci\u00f3n Continua de la Direcci\u00f3n de Ense\u00f1anza son parte de la estrategia integral del Instituto Nacional de Psiquiatr\u00eda Ram\u00f3n de la Fuente Mu\u00f1iz (INPRFM) para mejorar la formaci\u00f3n y profesionalizaci\u00f3n del personal de salud en psiquiatr\u00eda y salud mental. Acceso ilimitado 24 horas en Google Classroom. Sesiones\u2026","rel":"","context":"En &quot;Cursos&quot;","img":{"alt_text":"","src":"https:\/\/i0.wp.com\/lafuente.mx\/wp-content\/uploads\/2024\/02\/ropa-casual-joven-empresaria-independiente-usando-computadora-portatil-que-trabaja-sala-estar-casa-scaled.jpg?fit=1200%2C480&ssl=1&resize=350%2C200","width":350,"height":200},"classes":[]},{"id":2750,"url":"https:\/\/lafuente.mx\/?p=2750","url_meta":{"origin":2002,"position":1},"title":"\u00a1Conoce nuestra oferta acad\u00e9mica! \u00a0","date":"enero 28, 2025","format":false,"excerpt":"En el Instituto Nacional de Psiquiatr\u00eda Ram\u00f3n de la Fuente Mu\u00f1iz (INPRFM), a trav\u00e9s de la Direcci\u00f3n de Ense\u00f1anza, nos comprometemos con la formaci\u00f3n y profesionalizaci\u00f3n del personal de salud en psiquiatr\u00eda y salud mental. Ofrecemos acceso ilimitado las 24 horas en Google Classroom, junto con sesiones interactivas en tiempo\u2026","rel":"","context":"En &quot;Cursos&quot;","img":{"alt_text":"","src":"https:\/\/i0.wp.com\/lafuente.mx\/wp-content\/uploads\/2025\/01\/Seminario-Taller-estigma_0014_DSC_0193.jpg?fit=1181%2C784&ssl=1&resize=350%2C200","width":350,"height":200},"classes":[]},{"id":3498,"url":"https:\/\/lafuente.mx\/?p=3498","url_meta":{"origin":2002,"position":2},"title":"46\u00b0 Aniversario del Instituto Nacional de Psiquiatr\u00eda Ram\u00f3n de la Fuente Mu\u00f1iz","date":"diciembre 26, 2025","format":false,"excerpt":"Concebido por el Dr. Ram\u00f3n de la Fuente Mu\u00f1iz como un espacio para transformar la manera de comprender y atender la enfermedad mental, el Instituto Nacional de Psiquiatr\u00eda Ram\u00f3n de la Fuente Mu\u00f1iz celebra 46 a\u00f1os de historia, ciencia y compromiso social. Desde sus or\u00edgenes, el Instituto ha apostado por\u2026","rel":"","context":"En &quot;Efem\u00e9rides de Salud Mental&quot;","img":{"alt_text":"","src":"https:\/\/i0.wp.com\/lafuente.mx\/wp-content\/uploads\/2025\/12\/135560131_217238569991007_135080209465938120_n-1.jpg?fit=1082%2C417&ssl=1&resize=350%2C200","width":350,"height":200},"classes":[]},{"id":2538,"url":"https:\/\/lafuente.mx\/?p=2538","url_meta":{"origin":2002,"position":3},"title":"CONVOCATORIA PARA EL EXAMEN DE LA PROMOCI\u00d3N LXXX DE CERTIFICACI\u00d3N EN PSIQUIATR\u00cdA\u00a0","date":"septiembre 10, 2024","format":false,"excerpt":"PROMOCI\u00d3N LV DE CERTIFICACI\u00d3N EN PSIQUIATR\u00cdA INFANTIL Y DE LA ADOLESCENCIA\u00a0 PROMOCI\u00d3N XVII DE CERTIFICACI\u00d3N EN MEDICINA DEL SUE\u00d1O\u00a0 CONSEJO MEXICANO DE PSIQUIATR\u00cdA, A. C.\u00a0 El Consejo Mexicano de Psiquiatr\u00eda, A. C. en cumplimiento de sus estatutos generales y por medio de su Comisi\u00f3n de Ex\u00e1menes, convoca a los m\u00e9dicos\u2026","rel":"","context":"En &quot;Informaci\u00f3n de inter\u00e9s&quot;","img":{"alt_text":"jamila polatova, oncology, crayfish-7261803.jpg","src":"https:\/\/i0.wp.com\/lafuente.mx\/wp-content\/uploads\/2024\/09\/jamila-polatova-oncology-crayfish-7261803.jpg?fit=1200%2C794&ssl=1&resize=350%2C200","width":350,"height":200},"classes":[]},{"id":3649,"url":"https:\/\/lafuente.mx\/?p=3649","url_meta":{"origin":2002,"position":4},"title":"Abordaje interdisciplinario en el acompa\u00f1amiento para la p\u00e9rdida de peso:  Una visis\u00f3n desde la salud mental","date":"abril 13, 2026","format":false,"excerpt":"REQUISITOS PARA LA INSCRIPCI\u00d3N A CURSOS DEL PROGRAMA ANUAL DE EDUCACI\u00d3N CONTINUA Del 20 de abril al 1\u00ba de mayo, 2026 COORDINAN: Dr. H\u00e9ctor V. Esquivias ZavalaCoordinador titularDra. Julieta Berm\u00fadez G\u00f3mezCoordinadora adjunta\u00a0 INFORMACI\u00d3N: https:\/\/bit.ly\/4sOSNU5 INSCRIPCI\u00d3N: 13 de abril, 9:00 h En el siguiente link:\u00a0https:\/\/docs.google.com\/forms\/d\/e\/1FAIpQLSeIReHL2pexlCAdnx-CybdXP0t-FKja-au2GAySQwXx0YFrcg\/closedform DIRIGIDO A:Profesionales de la salud de\u2026","rel":"","context":"En &quot;Eventos Acad\u00e9micos del INPRFM&quot;","img":{"alt_text":"","src":"https:\/\/i0.wp.com\/lafuente.mx\/wp-content\/uploads\/2026\/04\/lf.jpg?fit=1081%2C737&ssl=1&resize=350%2C200","width":350,"height":200},"classes":[]},{"id":671,"url":"https:\/\/lafuente.mx\/?p=671","url_meta":{"origin":2002,"position":5},"title":"Enfermer\u00eda en Psiquiatr\u00eda y Salud Mental\u00a0","date":"enero 20, 2023","format":false,"excerpt":"Diplomados en l\u00ednea 9\u00aa Generaci\u00f3n, 2023 COORDINADORA ACAD\u00c9MICA: Dra. Susana Gallegos S\u00e1nchez\u00a0 Dirigido a personal de enfermer\u00eda (nivel t\u00e9cnico y licenciatura con c\u00e9dula profesional) Objetivo general y tem\u00e1tica Emplear estrategias para el desarrollo profesional y \u00e9tico en favor de la promoci\u00f3n, prevenci\u00f3n, atenci\u00f3n y rehabilitaci\u00f3n de la persona que vive\u2026","rel":"","context":"En &quot;Cursos&quot;","img":{"alt_text":"","src":"https:\/\/i0.wp.com\/lafuente.mx\/wp-content\/uploads\/2023\/01\/imagenEnfermeria.jpg?fit=1074%2C605&ssl=1&resize=350%2C200","width":350,"height":200},"classes":[]}],"jetpack_sharing_enabled":true,"jetpack_shortlink":"https:\/\/wp.me\/pe9WUx-wi","_links":{"self":[{"href":"https:\/\/lafuente.mx\/index.php?rest_route=\/wp\/v2\/posts\/2002"}],"collection":[{"href":"https:\/\/lafuente.mx\/index.php?rest_route=\/wp\/v2\/posts"}],"about":[{"href":"https:\/\/lafuente.mx\/index.php?rest_route=\/wp\/v2\/types\/post"}],"author":[{"embeddable":true,"href":"https:\/\/lafuente.mx\/index.php?rest_route=\/wp\/v2\/users\/3"}],"replies":[{"embeddable":true,"href":"https:\/\/lafuente.mx\/index.php?rest_route=%2Fwp%2Fv2%2Fcomments&post=2002"}],"version-history":[{"count":5,"href":"https:\/\/lafuente.mx\/index.php?rest_route=\/wp\/v2\/posts\/2002\/revisions"}],"predecessor-version":[{"id":2010,"href":"https:\/\/lafuente.mx\/index.php?rest_route=\/wp\/v2\/posts\/2002\/revisions\/2010"}],"wp:featuredmedia":[{"embeddable":true,"href":"https:\/\/lafuente.mx\/index.php?rest_route=\/wp\/v2\/media\/2004"}],"wp:attachment":[{"href":"https:\/\/lafuente.mx\/index.php?rest_route=%2Fwp%2Fv2%2Fmedia&parent=2002"}],"wp:term":[{"taxonomy":"category","embeddable":true,"href":"https:\/\/lafuente.mx\/index.php?rest_route=%2Fwp%2Fv2%2Fcategories&post=2002"},{"taxonomy":"post_tag","embeddable":true,"href":"https:\/\/lafuente.mx\/index.php?rest_route=%2Fwp%2Fv2%2Ftags&post=2002"}],"curies":[{"name":"wp","href":"https:\/\/api.w.org\/{rel}","templated":true}]}}