{"id":1998,"date":"2024-01-12T20:35:17","date_gmt":"2024-01-12T20:35:17","guid":{"rendered":"https:\/\/lafuente.mx\/?p=1998"},"modified":"2024-01-12T20:36:50","modified_gmt":"2024-01-12T20:36:50","slug":"borrador-automatico-dia-mundial-de-la-lucha-contra-la-depresion","status":"publish","type":"post","link":"https:\/\/lafuente.mx\/?p=1998","title":{"rendered":"D\u00eda Mundial de la Lucha contra la Depresi\u00f3n\u00a0"},"content":{"rendered":"\n<hr class=\"wp-block-separator has-text-color has-vivid-cyan-blue-color has-alpha-channel-opacity has-vivid-cyan-blue-background-color has-background is-style-wide\"\/>\n\n\n\n<p class=\"has-vivid-cyan-blue-color has-text-color has-large-font-size\"><strong>13 de enero<\/strong><\/p>\n\n\n<div class=\"wp-block-image\">\n<figure class=\"aligncenter size-full is-resized\"><img decoding=\"async\" loading=\"lazy\" width=\"640\" height=\"459\" src=\"https:\/\/i0.wp.com\/lafuente.mx\/wp-content\/uploads\/2024\/01\/descarga.jpeg?resize=640%2C459&#038;ssl=1\" alt=\"\" class=\"wp-image-1999\" style=\"aspect-ratio:1.394700139470014;width:760px;height:auto\" srcset=\"https:\/\/i0.wp.com\/lafuente.mx\/wp-content\/uploads\/2024\/01\/descarga.jpeg?w=1000&amp;ssl=1 1000w, https:\/\/i0.wp.com\/lafuente.mx\/wp-content\/uploads\/2024\/01\/descarga.jpeg?resize=300%2C215&amp;ssl=1 300w, https:\/\/i0.wp.com\/lafuente.mx\/wp-content\/uploads\/2024\/01\/descarga.jpeg?resize=768%2C551&amp;ssl=1 768w\" sizes=\"(max-width: 640px) 100vw, 640px\" data-recalc-dims=\"1\" \/><\/figure><\/div>\n\n\n<p>La conmemoraci\u00f3n de esta fecha fue establecida por la&nbsp;Federaci\u00f3n Mundial de Psiquiatr\u00eda&nbsp;(WPA, por sus siglas en ingl\u00e9s) en el a\u00f1o 1992, con el objetivo de concientizar sobre esta enfermedad y promover la comprensi\u00f3n y el apoyo para las personas que la padecen.&nbsp;<\/p>\n\n\n\n<p>A pesar de que no se conocen las causas exactas que provocan la depresi\u00f3n, existen diversos factores que contribuyen a la aparici\u00f3n de este trastorno, siendo la interacci\u00f3n entre factores sociales, psicol\u00f3gicos y biol\u00f3gicos los principales causantes de esta enfermedad.&nbsp;<\/p>\n\n\n\n<p><strong>Sobre este tema, la coordinadora de la Cl\u00ednica de la Adolescencia del Instituto Nacional de Psiquiatr\u00eda Ram\u00f3n de la Fuente Mu\u00f1iz (INPRFM), Miriam Feria Aranda, inform\u00f3 que la depresi\u00f3n se puede presentar en todas las etapas de la vida, aunque hay grupos m\u00e1s vulnerables como son ni\u00f1as, ni\u00f1os, adolescentes y personas adultas mayores. &nbsp;<\/strong><\/p>\n\n\n\n<p>La especialista abund\u00f3 que la depresi\u00f3n tiene un origen multifactorial e incluye alteraciones qu\u00edmicas en el cerebro, para lo cual es necesario utilizar f\u00e1rmacos. Tambi\u00e9n est\u00e1 asociada la herencia gen\u00e9tica que hace m\u00e1s vulnerables a algunas personas para presentar s\u00edntomas de la enfermedad, a que tengan un mayor n\u00famero de episodios o la padezcan desde la infancia o adolescencia, aunque \u201ctodos podemos cursar o vamos a cursar con un episodio depresivo a lo largo de la vida\u201d, aclar\u00f3.&nbsp;<\/p>\n\n\n\n<p>Otros factores son los cambios hormonales, enfermedades cr\u00f3nicas y uso de algunos f\u00e1rmacos.&nbsp;<\/p>\n\n\n\n<p>A\u00f1adi\u00f3 que el origen psicosocial o medio ambiental de la depresi\u00f3n tiene que ver con las experiencias negativas a lo largo de la vida en el \u00e1mbito personal, familiar, escolar, social o laboral que dejan huella psicol\u00f3gica. La presencia de la depresi\u00f3n depende de la capacidad de respuesta de cada persona a estos factores estresantes y su combinaci\u00f3n con elementos biol\u00f3gicos.&nbsp;<\/p>\n\n\n\n<hr class=\"wp-block-separator has-text-color has-vivid-cyan-blue-color has-alpha-channel-opacity has-vivid-cyan-blue-background-color has-background is-style-wide\"\/>\n\n\n\n<div class=\"wp-block-buttons is-layout-flex wp-block-buttons-is-layout-flex\">\n<div class=\"wp-block-button\"><a class=\"wp-block-button__link has-vivid-cyan-blue-background-color has-background wp-element-button\" href=\"https:\/\/www.gob.mx\/salud\/prensa\/014-secretaria-de-salud-ofrece-infraestructura-medica-para-atencion-gratuita-de-depresion\">M\u00e1s informaci\u00f3n<\/a><\/div>\n<\/div>\n","protected":false},"excerpt":{"rendered":"<p>13 de enero La conmemoraci\u00f3n de esta fecha fue establecida por la&nbsp;Federaci\u00f3n Mundial de Psiquiatr\u00eda&nbsp;(WPA, por sus siglas en ingl\u00e9s) en el a\u00f1o 1992, con<\/p>\n","protected":false},"author":3,"featured_media":1999,"comment_status":"closed","ping_status":"closed","sticky":false,"template":"","format":"standard","meta":{"footnotes":"","jetpack_publicize_message":"","jetpack_is_tweetstorm":false,"jetpack_publicize_feature_enabled":true},"categories":[13],"tags":[87,554,556,21,555,32],"jetpack_publicize_connections":[],"yoast_head":"<!-- This site is optimized with the Yoast SEO plugin v19.4 - https:\/\/yoast.com\/wordpress\/plugins\/seo\/ -->\n<title>D\u00eda Mundial de la Lucha contra la Depresi\u00f3n\u00a0 -<\/title>\n<meta name=\"description\" content=\"La conmemoraci\u00f3n de esta fecha fue establecida por la\u00a0Federaci\u00f3n Mundial de Psiquiatr\u00eda\u00a0(WPA, por sus siglas en ingl\u00e9s) en el a\u00f1o 1992, con el objetivo de concientizar sobre esta enfermedad y promover la comprensi\u00f3n y el apoyo para las personas que la padecen.\u00a0\" \/>\n<meta name=\"robots\" content=\"index, follow, max-snippet:-1, max-image-preview:large, max-video-preview:-1\" \/>\n<link rel=\"canonical\" href=\"https:\/\/lafuente.mx\/?p=1998\" \/>\n<meta property=\"og:locale\" content=\"es_MX\" \/>\n<meta property=\"og:type\" content=\"article\" \/>\n<meta property=\"og:title\" content=\"D\u00eda Mundial de la Lucha contra la Depresi\u00f3n\u00a0\" \/>\n<meta property=\"og:description\" content=\"La conmemoraci\u00f3n de esta fecha fue establecida por la\u00a0Federaci\u00f3n Mundial de Psiquiatr\u00eda\u00a0(WPA, por sus siglas en ingl\u00e9s) en el a\u00f1o 1992, con el objetivo de concientizar sobre esta enfermedad y promover la comprensi\u00f3n y el apoyo para las personas que la padecen.\u00a0\" \/>\n<meta property=\"og:url\" content=\"https:\/\/lafuente.mx\/?p=1998\" \/>\n<meta property=\"article:published_time\" content=\"2024-01-12T20:35:17+00:00\" \/>\n<meta property=\"article:modified_time\" content=\"2024-01-12T20:36:50+00:00\" \/>\n<meta property=\"og:image\" content=\"http:\/\/lafuente.mx\/wp-content\/uploads\/2024\/01\/descarga.jpeg\" \/>\n\t<meta property=\"og:image:width\" content=\"1000\" \/>\n\t<meta property=\"og:image:height\" content=\"717\" \/>\n\t<meta property=\"og:image:type\" content=\"image\/jpeg\" \/>\n<meta name=\"author\" content=\"Claudia Gallardo\" \/>\n<meta name=\"twitter:card\" content=\"summary_large_image\" \/>\n<meta name=\"twitter:title\" content=\"D\u00eda Mundial de la Lucha contra la Depresi\u00f3n\u00a0\" \/>\n<meta name=\"twitter:description\" content=\"La conmemoraci\u00f3n de esta fecha fue establecida por la\u00a0Federaci\u00f3n Mundial de Psiquiatr\u00eda\u00a0(WPA, por sus siglas en ingl\u00e9s) en el a\u00f1o 1992, con el objetivo de concientizar sobre esta enfermedad y promover la comprensi\u00f3n y el apoyo para las personas que la padecen.\u00a0\" \/>\n<meta name=\"twitter:image\" content=\"https:\/\/i0.wp.com\/lafuente.mx\/wp-content\/uploads\/2024\/01\/descarga.jpeg?fit=1000%2C717&ssl=1\" \/>\n<meta name=\"twitter:label1\" content=\"Escrito por\" \/>\n\t<meta name=\"twitter:data1\" content=\"Claudia Gallardo\" \/>\n\t<meta name=\"twitter:label2\" content=\"Tiempo de lectura\" \/>\n\t<meta name=\"twitter:data2\" content=\"2 minutos\" \/>\n<script type=\"application\/ld+json\" class=\"yoast-schema-graph\">{\"@context\":\"https:\/\/schema.org\",\"@graph\":[{\"@type\":\"WebSite\",\"@id\":\"https:\/\/lafuente.mx\/#website\",\"url\":\"https:\/\/lafuente.mx\/\",\"name\":\"\",\"description\":\"Informaci\u00f3n confiable sobre salud mental\",\"potentialAction\":[{\"@type\":\"SearchAction\",\"target\":{\"@type\":\"EntryPoint\",\"urlTemplate\":\"https:\/\/lafuente.mx\/?s={search_term_string}\"},\"query-input\":\"required name=search_term_string\"}],\"inLanguage\":\"es-MX\"},{\"@type\":\"WebPage\",\"@id\":\"https:\/\/lafuente.mx\/?p=1998\",\"url\":\"https:\/\/lafuente.mx\/?p=1998\",\"name\":\"D\u00eda Mundial de la Lucha contra la Depresi\u00f3n\u00a0 -\",\"isPartOf\":{\"@id\":\"https:\/\/lafuente.mx\/#website\"},\"datePublished\":\"2024-01-12T20:35:17+00:00\",\"dateModified\":\"2024-01-12T20:36:50+00:00\",\"author\":{\"@id\":\"https:\/\/lafuente.mx\/#\/schema\/person\/603f3aa8e2f6f7879021ab722d39d6b0\"},\"description\":\"La conmemoraci\u00f3n de esta fecha fue establecida por la\u00a0Federaci\u00f3n Mundial de Psiquiatr\u00eda\u00a0(WPA, por sus siglas en ingl\u00e9s) en el a\u00f1o 1992, con el objetivo de concientizar sobre esta enfermedad y promover la comprensi\u00f3n y el apoyo para las personas que la padecen.\u00a0\",\"breadcrumb\":{\"@id\":\"https:\/\/lafuente.mx\/?p=1998#breadcrumb\"},\"inLanguage\":\"es-MX\",\"potentialAction\":[{\"@type\":\"ReadAction\",\"target\":[\"https:\/\/lafuente.mx\/?p=1998\"]}]},{\"@type\":\"BreadcrumbList\",\"@id\":\"https:\/\/lafuente.mx\/?p=1998#breadcrumb\",\"itemListElement\":[{\"@type\":\"ListItem\",\"position\":1,\"name\":\"Inicio\",\"item\":\"https:\/\/lafuente.mx\/\"},{\"@type\":\"ListItem\",\"position\":2,\"name\":\"D\u00eda Mundial de la Lucha contra la Depresi\u00f3n\u00a0\"}]},{\"@type\":\"Person\",\"@id\":\"https:\/\/lafuente.mx\/#\/schema\/person\/603f3aa8e2f6f7879021ab722d39d6b0\",\"name\":\"Claudia Gallardo\",\"image\":{\"@type\":\"ImageObject\",\"inLanguage\":\"es-MX\",\"@id\":\"https:\/\/lafuente.mx\/#\/schema\/person\/image\/\",\"url\":\"https:\/\/secure.gravatar.com\/avatar\/bfe9c966af1ccfb9d17bcdb9d04e8815?s=96&d=mm&r=g\",\"contentUrl\":\"https:\/\/secure.gravatar.com\/avatar\/bfe9c966af1ccfb9d17bcdb9d04e8815?s=96&d=mm&r=g\",\"caption\":\"Claudia Gallardo\"},\"url\":\"https:\/\/lafuente.mx\/?author=3\"}]}<\/script>\n<!-- \/ Yoast SEO plugin. -->","yoast_head_json":{"title":"D\u00eda Mundial de la Lucha contra la Depresi\u00f3n\u00a0 -","description":"La conmemoraci\u00f3n de esta fecha fue establecida por la\u00a0Federaci\u00f3n Mundial de Psiquiatr\u00eda\u00a0(WPA, por sus siglas en ingl\u00e9s) en el a\u00f1o 1992, con el objetivo de concientizar sobre esta enfermedad y promover la comprensi\u00f3n y el apoyo para las personas que la padecen.\u00a0","robots":{"index":"index","follow":"follow","max-snippet":"max-snippet:-1","max-image-preview":"max-image-preview:large","max-video-preview":"max-video-preview:-1"},"canonical":"https:\/\/lafuente.mx\/?p=1998","og_locale":"es_MX","og_type":"article","og_title":"D\u00eda Mundial de la Lucha contra la Depresi\u00f3n\u00a0","og_description":"La conmemoraci\u00f3n de esta fecha fue establecida por la\u00a0Federaci\u00f3n Mundial de Psiquiatr\u00eda\u00a0(WPA, por sus siglas en ingl\u00e9s) en el a\u00f1o 1992, con el objetivo de concientizar sobre esta enfermedad y promover la comprensi\u00f3n y el apoyo para las personas que la padecen.\u00a0","og_url":"https:\/\/lafuente.mx\/?p=1998","article_published_time":"2024-01-12T20:35:17+00:00","article_modified_time":"2024-01-12T20:36:50+00:00","og_image":[{"width":1000,"height":717,"url":"http:\/\/lafuente.mx\/wp-content\/uploads\/2024\/01\/descarga.jpeg","type":"image\/jpeg"}],"author":"Claudia Gallardo","twitter_card":"summary_large_image","twitter_title":"D\u00eda Mundial de la Lucha contra la Depresi\u00f3n\u00a0","twitter_description":"La conmemoraci\u00f3n de esta fecha fue establecida por la\u00a0Federaci\u00f3n Mundial de Psiquiatr\u00eda\u00a0(WPA, por sus siglas en ingl\u00e9s) en el a\u00f1o 1992, con el objetivo de concientizar sobre esta enfermedad y promover la comprensi\u00f3n y el apoyo para las personas que la padecen.\u00a0","twitter_image":"https:\/\/i0.wp.com\/lafuente.mx\/wp-content\/uploads\/2024\/01\/descarga.jpeg?fit=1000%2C717&ssl=1","twitter_misc":{"Escrito por":"Claudia Gallardo","Tiempo de lectura":"2 minutos"},"schema":{"@context":"https:\/\/schema.org","@graph":[{"@type":"WebSite","@id":"https:\/\/lafuente.mx\/#website","url":"https:\/\/lafuente.mx\/","name":"","description":"Informaci\u00f3n confiable sobre salud mental","potentialAction":[{"@type":"SearchAction","target":{"@type":"EntryPoint","urlTemplate":"https:\/\/lafuente.mx\/?s={search_term_string}"},"query-input":"required name=search_term_string"}],"inLanguage":"es-MX"},{"@type":"WebPage","@id":"https:\/\/lafuente.mx\/?p=1998","url":"https:\/\/lafuente.mx\/?p=1998","name":"D\u00eda Mundial de la Lucha contra la Depresi\u00f3n\u00a0 -","isPartOf":{"@id":"https:\/\/lafuente.mx\/#website"},"datePublished":"2024-01-12T20:35:17+00:00","dateModified":"2024-01-12T20:36:50+00:00","author":{"@id":"https:\/\/lafuente.mx\/#\/schema\/person\/603f3aa8e2f6f7879021ab722d39d6b0"},"description":"La conmemoraci\u00f3n de esta fecha fue establecida por la\u00a0Federaci\u00f3n Mundial de Psiquiatr\u00eda\u00a0(WPA, por sus siglas en ingl\u00e9s) en el a\u00f1o 1992, con el objetivo de concientizar sobre esta enfermedad y promover la comprensi\u00f3n y el apoyo para las personas que la padecen.\u00a0","breadcrumb":{"@id":"https:\/\/lafuente.mx\/?p=1998#breadcrumb"},"inLanguage":"es-MX","potentialAction":[{"@type":"ReadAction","target":["https:\/\/lafuente.mx\/?p=1998"]}]},{"@type":"BreadcrumbList","@id":"https:\/\/lafuente.mx\/?p=1998#breadcrumb","itemListElement":[{"@type":"ListItem","position":1,"name":"Inicio","item":"https:\/\/lafuente.mx\/"},{"@type":"ListItem","position":2,"name":"D\u00eda Mundial de la Lucha contra la Depresi\u00f3n\u00a0"}]},{"@type":"Person","@id":"https:\/\/lafuente.mx\/#\/schema\/person\/603f3aa8e2f6f7879021ab722d39d6b0","name":"Claudia Gallardo","image":{"@type":"ImageObject","inLanguage":"es-MX","@id":"https:\/\/lafuente.mx\/#\/schema\/person\/image\/","url":"https:\/\/secure.gravatar.com\/avatar\/bfe9c966af1ccfb9d17bcdb9d04e8815?s=96&d=mm&r=g","contentUrl":"https:\/\/secure.gravatar.com\/avatar\/bfe9c966af1ccfb9d17bcdb9d04e8815?s=96&d=mm&r=g","caption":"Claudia Gallardo"},"url":"https:\/\/lafuente.mx\/?author=3"}]}},"jetpack_featured_media_url":"https:\/\/i0.wp.com\/lafuente.mx\/wp-content\/uploads\/2024\/01\/descarga.jpeg?fit=1000%2C717&ssl=1","jetpack-related-posts":[{"id":3051,"url":"https:\/\/lafuente.mx\/?p=3051","url_meta":{"origin":1998,"position":0},"title":"Tema del mes: Depresi\u00f3n","date":"julio 9, 2025","format":false,"excerpt":"ENERO 2025 De acuerdo con datos de la Organizaci\u00f3n Mundial de la Salud (OMS), la depresi\u00f3n es un trastorno mental que afecta a m\u00e1s de 300 millones de personas en el mundo. El objetivo de la conmemoraci\u00f3n de este d\u00eda es la de sensibilizar, orientar y prevenir a la poblaci\u00f3n\u2026","rel":"","context":"En &quot;T\u00f3picos de salud mental&quot;","img":{"alt_text":"","src":"https:\/\/i0.wp.com\/lafuente.mx\/wp-content\/uploads\/2025\/07\/Captura-de-pantalla-2025-07-09-a-las-12.08.59.png?fit=1200%2C560&ssl=1&resize=350%2C200","width":350,"height":200},"classes":[]},{"id":1860,"url":"https:\/\/lafuente.mx\/?p=1860","url_meta":{"origin":1998,"position":1},"title":"\u00bfQu\u00e9 tanto influye la obesidad en la salud mental?\u00a0","date":"noviembre 10, 2023","format":false,"excerpt":"Entre el 30 y el 60% de las personas con obesidad experimentan condiciones de salud mental, como depresi\u00f3n, ansiedad, baja autoestima o alteraciones en su comportamiento alimentario.\u00a0 Por\u00a0Redacci\u00f3n\/GH\u00a0 11 de Octubre de 2023\u00a0 Ciudad de M\u00e9xico Expertos alertan sobre la conexi\u00f3n entre\u00a0la obesidad y la salud mental,\u00a0una preocupaci\u00f3n cada vez\u2026","rel":"","context":"En &quot;Noticias&quot;","img":{"alt_text":"","src":"https:\/\/i0.wp.com\/lafuente.mx\/wp-content\/uploads\/2023\/11\/600x400_hambre-emocional-dreamstime.jpeg?fit=600%2C400&ssl=1&resize=350%2C200","width":350,"height":200},"classes":[]},{"id":2874,"url":"https:\/\/lafuente.mx\/?p=2874","url_meta":{"origin":1998,"position":2},"title":"7 de mayo, D\u00eda Mundial de la Salud Mental Materna","date":"mayo 7, 2025","format":false,"excerpt":"1 de cada 5 mujeres experimentan un trastorno perinatal del estado de \u00e1nimo y la ansiedad\u00a0\u00a0 Las estad\u00edsticas var\u00edan seg\u00fan el pa\u00eds, pero esta es una preocupaci\u00f3n mundial. Incluyen depresi\u00f3n posparto, ansiedad posparto, trastorno obsesivo compulsivo posparto, trastorno bipolar posparto y psicosis posparto.\u00a0 7 de cada 10\u00a0mujeres ocultan o minimizan\u2026","rel":"","context":"En &quot;Efem\u00e9rides de Salud Mental&quot;","img":{"alt_text":"","src":"https:\/\/i0.wp.com\/lafuente.mx\/wp-content\/uploads\/2025\/05\/Dia-Mundial-de-la-Salud-Mental-Materna.jpg?fit=1200%2C613&ssl=1&resize=350%2C200","width":350,"height":200},"classes":[]},{"id":3531,"url":"https:\/\/lafuente.mx\/?p=3531","url_meta":{"origin":1998,"position":3},"title":"Uno de cada siete j\u00f3venes entre 10 y 19 a\u00f1os sufre un trastorno mental: OMS\u00a0","date":"enero 13, 2026","format":false,"excerpt":"Laura Poy Solano\u00a0 Peri\u00f3dico La Jornada\u00a0Domingo 23 de noviembre de 2025, p. 6\u00a0 La Organizaci\u00f3n Mundial de la Salud (OMS) estima que uno de cada siete j\u00f3venes de entre 10 y 19 a\u00f1os en el mundo padece alg\u00fan tipo de trastorno mental, lo que representa 15 por ciento de la\u2026","rel":"","context":"En &quot;Noticias&quot;","img":{"alt_text":"kids, boys, children, poverty, happiness, smiling, mexico, portrait-6610964.jpg","src":"https:\/\/i0.wp.com\/lafuente.mx\/wp-content\/uploads\/2026\/01\/kids-boys-children-poverty-happiness-smiling-mexico-portrait-6610964.jpg?fit=1200%2C800&ssl=1&resize=350%2C200","width":350,"height":200},"classes":[]},{"id":1488,"url":"https:\/\/lafuente.mx\/?p=1488","url_meta":{"origin":1998,"position":4},"title":"Los factores de riesgo de la pandemia de COVID-19 para la depresi\u00f3n entre los estudiantes de posgrado en salud\u00a0","date":"julio 21, 2023","format":false,"excerpt":"Fernanda Rocha Anjos de Oliveira Souza, Vagner Ferreira do Nascimento, Mariano Martinez Espinosa, Sandra Cristina Pillon, Chris Wagstaff, Ana Cl\u00e1udia Pereira Ter\u00e7as-Trettel Introducci\u00f3n.\u00a0La pandemia ha generado desaf\u00edos que impactan en la salud mental de la poblaci\u00f3n, incluidos los estudiantes de posgrado en salud.\u00a0\u00a0Objetivo.\u00a0Evaluar los factores asociados a la depresi\u00f3n en\u2026","rel":"","context":"En &quot;Revista Salud Mental&quot;","img":{"alt_text":"","src":"https:\/\/i0.wp.com\/lafuente.mx\/wp-content\/uploads\/2023\/07\/doctor-triste-tiro-medio-mascara-edited-scaled.jpg?fit=1200%2C675&ssl=1&resize=350%2C200","width":350,"height":200},"classes":[]},{"id":3257,"url":"https:\/\/lafuente.mx\/?p=3257","url_meta":{"origin":1998,"position":5},"title":"Tema del mes: Salud Mental Materna","date":"septiembre 12, 2025","format":false,"excerpt":"MAYO En el INPRFM trabajamos cada d\u00eda para generar conocimiento, brindar atenci\u00f3n especializada y promover la salud mental de la poblaci\u00f3n. En esta secci\u00f3n hablaremos de la depresi\u00f3n posparto la cu\u00e1l es com\u00fan, y una de cada cinco mam\u00e1s y uno de cada 10 pap\u00e1s, la padecen.","rel":"","context":"En &quot;T\u00f3picos de salud mental&quot;","img":{"alt_text":"","src":"https:\/\/i0.wp.com\/lafuente.mx\/wp-content\/uploads\/2025\/09\/Captura-de-pantalla-2025-09-11-a-las-13.05.34.png?fit=1200%2C550&ssl=1&resize=350%2C200","width":350,"height":200},"classes":[]}],"jetpack_sharing_enabled":true,"jetpack_shortlink":"https:\/\/wp.me\/pe9WUx-we","_links":{"self":[{"href":"https:\/\/lafuente.mx\/index.php?rest_route=\/wp\/v2\/posts\/1998"}],"collection":[{"href":"https:\/\/lafuente.mx\/index.php?rest_route=\/wp\/v2\/posts"}],"about":[{"href":"https:\/\/lafuente.mx\/index.php?rest_route=\/wp\/v2\/types\/post"}],"author":[{"embeddable":true,"href":"https:\/\/lafuente.mx\/index.php?rest_route=\/wp\/v2\/users\/3"}],"replies":[{"embeddable":true,"href":"https:\/\/lafuente.mx\/index.php?rest_route=%2Fwp%2Fv2%2Fcomments&post=1998"}],"version-history":[{"count":2,"href":"https:\/\/lafuente.mx\/index.php?rest_route=\/wp\/v2\/posts\/1998\/revisions"}],"predecessor-version":[{"id":2001,"href":"https:\/\/lafuente.mx\/index.php?rest_route=\/wp\/v2\/posts\/1998\/revisions\/2001"}],"wp:featuredmedia":[{"embeddable":true,"href":"https:\/\/lafuente.mx\/index.php?rest_route=\/wp\/v2\/media\/1999"}],"wp:attachment":[{"href":"https:\/\/lafuente.mx\/index.php?rest_route=%2Fwp%2Fv2%2Fmedia&parent=1998"}],"wp:term":[{"taxonomy":"category","embeddable":true,"href":"https:\/\/lafuente.mx\/index.php?rest_route=%2Fwp%2Fv2%2Fcategories&post=1998"},{"taxonomy":"post_tag","embeddable":true,"href":"https:\/\/lafuente.mx\/index.php?rest_route=%2Fwp%2Fv2%2Ftags&post=1998"}],"curies":[{"name":"wp","href":"https:\/\/api.w.org\/{rel}","templated":true}]}}