{"id":1991,"date":"2024-01-12T17:30:42","date_gmt":"2024-01-12T17:30:42","guid":{"rendered":"https:\/\/lafuente.mx\/?p=1991"},"modified":"2024-01-12T17:30:43","modified_gmt":"2024-01-12T17:30:43","slug":"borrador-automatico-exposicion-a-la-violencia-familiar-y-violencia-en-el-noviazgo-en-adolescentes-de-ciudad-de-mexico-factores-protectores-y-riesgo","status":"publish","type":"post","link":"https:\/\/lafuente.mx\/?p=1991","title":{"rendered":"Exposici\u00f3n a la violencia familiar y violencia en el noviazgo en adolescentes de Ciudad de M\u00e9xico: factores\u00a0protectores y riesgo\u00a0"},"content":{"rendered":"\n<hr class=\"wp-block-separator has-text-color has-vivid-purple-color has-alpha-channel-opacity has-vivid-purple-background-color has-background\"\/>\n\n\n\n<p class=\"has-large-font-size\"><strong>Gabriela Josefina Sald\u00edvar Hern\u00e1ndez\u00a0\u00a0<\/strong><\/p>\n\n\n\n<p class=\"has-text-color has-small-font-size\" style=\"color:#333537\">Instituto Nacional de Psiquiatr\u00eda Ram\u00f3n de la Fuente Mu\u00f1iz, M\u00e9xico&nbsp;<\/p>\n\n\n\n<p class=\"has-large-font-size\"><strong>Areli Moreno Reyes\u00a0\u00a0<\/strong><\/p>\n\n\n\n<p class=\"has-text-color has-small-font-size\" style=\"color:#5c656d\">Instituto Nacional de Psiquiatr\u00eda Ram\u00f3n de la Fuente Mu\u00f1iz, M\u00e9xico&nbsp;<\/p>\n\n\n\n<p class=\"has-large-font-size\"><strong>Jonathan Giovanni Trejo Arizmendi\u00a0<\/strong><\/p>\n\n\n\n<p class=\"has-text-color has-small-font-size\" style=\"color:#4d5861\">Instituto Nacional de Psiquiatr\u00eda Ram\u00f3n de la Fuente Mu\u00f1iz, M\u00e9xico&nbsp;<\/p>\n\n\n\n<p class=\"has-medium-font-size\">Revista. Psicolog\u00eda Iberoamericana, vol. 30, n\u00fam. 2, 2022&nbsp;<\/p>\n\n\n\n<p class=\"has-medium-font-size\">Universidad Iberoamericana, Ciudad de M\u00e9xico, M\u00e9xico<\/p>\n\n\n\n<p>DOI: https:\/\/doi.org\/10.48102\/pi.v30i2.475\u00a0<\/p>\n\n\n\n<hr class=\"wp-block-separator has-text-color has-vivid-purple-color has-alpha-channel-opacity has-vivid-purple-background-color has-background\"\/>\n\n\n\n<figure class=\"wp-block-image size-large\"><img decoding=\"async\" loading=\"lazy\" width=\"640\" height=\"317\" src=\"https:\/\/i0.wp.com\/lafuente.mx\/wp-content\/uploads\/2024\/01\/Captura-de-Pantalla-2024-01-12-a-las-11.27.20-1024x507.png?resize=640%2C317&#038;ssl=1\" alt=\"\" class=\"wp-image-1996\" srcset=\"https:\/\/i0.wp.com\/lafuente.mx\/wp-content\/uploads\/2024\/01\/Captura-de-Pantalla-2024-01-12-a-las-11.27.20.png?resize=1024%2C507&amp;ssl=1 1024w, https:\/\/i0.wp.com\/lafuente.mx\/wp-content\/uploads\/2024\/01\/Captura-de-Pantalla-2024-01-12-a-las-11.27.20.png?resize=300%2C148&amp;ssl=1 300w, https:\/\/i0.wp.com\/lafuente.mx\/wp-content\/uploads\/2024\/01\/Captura-de-Pantalla-2024-01-12-a-las-11.27.20.png?resize=768%2C380&amp;ssl=1 768w, https:\/\/i0.wp.com\/lafuente.mx\/wp-content\/uploads\/2024\/01\/Captura-de-Pantalla-2024-01-12-a-las-11.27.20.png?w=1366&amp;ssl=1 1366w, https:\/\/i0.wp.com\/lafuente.mx\/wp-content\/uploads\/2024\/01\/Captura-de-Pantalla-2024-01-12-a-las-11.27.20.png?w=1280 1280w\" sizes=\"(max-width: 640px) 100vw, 640px\" data-recalc-dims=\"1\" \/><\/figure>\n\n\n\n<p><strong>Resumen:<\/strong> <\/p>\n\n\n\n<p>La mayor\u00eda de los adolescentes que viven violencia en el noviazgo reportan ser testigos de violencia interparental o haber sufrido alg\u00fan tipo de abuso infantil.\u00a0<\/p>\n\n\n\n<p>En contraparte, se ha encontrado que las relaciones familiares pueden ser un factor protector. El objetivo de esta investigaci\u00f3n cuantitativa es determinar si la violencia interparental y la exposici\u00f3n al abuso infantil predicen la violencia en el noviazgo y si los estilos de comunicaci\u00f3n interparental no violentos protegen contra esta. El estudio fue transversal descriptivo y los datos se recolectaron mediante una encuesta con escalas espec\u00edficas para medir las variables. La muestra fue no probabil\u00edstica e incluy\u00f3 a 870 estudiantes de ambos sexos (rango de edad 12-16 a\u00f1os, M=13, SD=.99); la informaci\u00f3n se recopil\u00f3 a trav\u00e9s de un cuestionario autoaplicable. Los an\u00e1lisis de regresi\u00f3n mostraron que quienes atestiguaron violencia interparental y\/o sufrieron violencia infantil cuentan con un mayor riesgo de ser agresores o v\u00edctimas y quienes observaron estilos de comunicaci\u00f3n sin violencia interparental tuvieron menos riesgo.&nbsp;<\/p>\n\n\n\n<p>Se concluy\u00f3 que es necesario trabajar con cuidadores primarios de adolescentes en programas de prevenci\u00f3n.\u00a0<\/p>\n\n\n\n<div class=\"wp-block-buttons is-layout-flex wp-block-buttons-is-layout-flex\">\n<div class=\"wp-block-button\"><a class=\"wp-block-button__link has-background wp-element-button\" href=\"https:\/\/www.redalyc.org\/articulo.oa?id=133972771009\" style=\"background-color:#22536f\">M\u00e1s informaci\u00f3n<\/a><\/div>\n<\/div>\n","protected":false},"excerpt":{"rendered":"<p>Gabriela Josefina Sald\u00edvar Hern\u00e1ndez\u00a0\u00a0 Instituto Nacional de Psiquiatr\u00eda Ram\u00f3n de la Fuente Mu\u00f1iz, M\u00e9xico&nbsp; Areli Moreno Reyes\u00a0\u00a0 Instituto Nacional de Psiquiatr\u00eda Ram\u00f3n de la Fuente<\/p>\n","protected":false},"author":3,"featured_media":1996,"comment_status":"closed","ping_status":"closed","sticky":false,"template":"","format":"standard","meta":{"footnotes":"","jetpack_publicize_message":"","jetpack_is_tweetstorm":false,"jetpack_publicize_feature_enabled":true},"categories":[10],"tags":[66,553,21,552,63,32,145],"jetpack_publicize_connections":[],"yoast_head":"<!-- This site is optimized with the Yoast SEO plugin v19.4 - https:\/\/yoast.com\/wordpress\/plugins\/seo\/ -->\n<title>Exposici\u00f3n a la violencia familiar y violencia en el noviazgo en adolescentes de Ciudad de M\u00e9xico: factores\u00a0protectores y riesgo\u00a0 -<\/title>\n<meta name=\"robots\" content=\"index, follow, max-snippet:-1, max-image-preview:large, max-video-preview:-1\" \/>\n<link rel=\"canonical\" href=\"https:\/\/lafuente.mx\/?p=1991\" \/>\n<meta property=\"og:locale\" content=\"es_MX\" \/>\n<meta property=\"og:type\" content=\"article\" \/>\n<meta property=\"og:title\" content=\"Exposici\u00f3n a la violencia familiar y violencia en el noviazgo en adolescentes de Ciudad de M\u00e9xico: factores\u00a0protectores y riesgo\u00a0 -\" \/>\n<meta property=\"og:description\" content=\"Gabriela Josefina Sald\u00edvar Hern\u00e1ndez\u00a0\u00a0 Instituto Nacional de Psiquiatr\u00eda Ram\u00f3n de la Fuente Mu\u00f1iz, M\u00e9xico&nbsp; Areli Moreno Reyes\u00a0\u00a0 Instituto Nacional de Psiquiatr\u00eda Ram\u00f3n de la Fuente\" \/>\n<meta property=\"og:url\" content=\"https:\/\/lafuente.mx\/?p=1991\" \/>\n<meta property=\"article:published_time\" content=\"2024-01-12T17:30:42+00:00\" \/>\n<meta property=\"article:modified_time\" content=\"2024-01-12T17:30:43+00:00\" \/>\n<meta property=\"og:image\" content=\"https:\/\/lafuente.mx\/wp-content\/uploads\/2024\/01\/Captura-de-Pantalla-2024-01-12-a-las-11.27.20-1024x507.png\" \/>\n<meta name=\"author\" content=\"Claudia Gallardo\" \/>\n<meta name=\"twitter:card\" content=\"summary_large_image\" \/>\n<meta name=\"twitter:label1\" content=\"Escrito por\" \/>\n\t<meta name=\"twitter:data1\" content=\"Claudia Gallardo\" \/>\n\t<meta name=\"twitter:label2\" content=\"Tiempo de lectura\" \/>\n\t<meta name=\"twitter:data2\" content=\"1 minuto\" \/>\n<script type=\"application\/ld+json\" class=\"yoast-schema-graph\">{\"@context\":\"https:\/\/schema.org\",\"@graph\":[{\"@type\":\"WebSite\",\"@id\":\"https:\/\/lafuente.mx\/#website\",\"url\":\"https:\/\/lafuente.mx\/\",\"name\":\"\",\"description\":\"Informaci\u00f3n confiable sobre salud mental\",\"potentialAction\":[{\"@type\":\"SearchAction\",\"target\":{\"@type\":\"EntryPoint\",\"urlTemplate\":\"https:\/\/lafuente.mx\/?s={search_term_string}\"},\"query-input\":\"required name=search_term_string\"}],\"inLanguage\":\"es-MX\"},{\"@type\":\"WebPage\",\"@id\":\"https:\/\/lafuente.mx\/?p=1991\",\"url\":\"https:\/\/lafuente.mx\/?p=1991\",\"name\":\"Exposici\u00f3n a la violencia familiar y violencia en el noviazgo en adolescentes de Ciudad de M\u00e9xico: factores\u00a0protectores y riesgo\u00a0 -\",\"isPartOf\":{\"@id\":\"https:\/\/lafuente.mx\/#website\"},\"datePublished\":\"2024-01-12T17:30:42+00:00\",\"dateModified\":\"2024-01-12T17:30:43+00:00\",\"author\":{\"@id\":\"https:\/\/lafuente.mx\/#\/schema\/person\/603f3aa8e2f6f7879021ab722d39d6b0\"},\"breadcrumb\":{\"@id\":\"https:\/\/lafuente.mx\/?p=1991#breadcrumb\"},\"inLanguage\":\"es-MX\",\"potentialAction\":[{\"@type\":\"ReadAction\",\"target\":[\"https:\/\/lafuente.mx\/?p=1991\"]}]},{\"@type\":\"BreadcrumbList\",\"@id\":\"https:\/\/lafuente.mx\/?p=1991#breadcrumb\",\"itemListElement\":[{\"@type\":\"ListItem\",\"position\":1,\"name\":\"Inicio\",\"item\":\"https:\/\/lafuente.mx\/\"},{\"@type\":\"ListItem\",\"position\":2,\"name\":\"Exposici\u00f3n a la violencia familiar y violencia en el noviazgo en adolescentes de Ciudad de M\u00e9xico: factores\u00a0protectores y riesgo\u00a0\"}]},{\"@type\":\"Person\",\"@id\":\"https:\/\/lafuente.mx\/#\/schema\/person\/603f3aa8e2f6f7879021ab722d39d6b0\",\"name\":\"Claudia Gallardo\",\"image\":{\"@type\":\"ImageObject\",\"inLanguage\":\"es-MX\",\"@id\":\"https:\/\/lafuente.mx\/#\/schema\/person\/image\/\",\"url\":\"https:\/\/secure.gravatar.com\/avatar\/bfe9c966af1ccfb9d17bcdb9d04e8815?s=96&d=mm&r=g\",\"contentUrl\":\"https:\/\/secure.gravatar.com\/avatar\/bfe9c966af1ccfb9d17bcdb9d04e8815?s=96&d=mm&r=g\",\"caption\":\"Claudia Gallardo\"},\"url\":\"https:\/\/lafuente.mx\/?author=3\"}]}<\/script>\n<!-- \/ Yoast SEO plugin. -->","yoast_head_json":{"title":"Exposici\u00f3n a la violencia familiar y violencia en el noviazgo en adolescentes de Ciudad de M\u00e9xico: factores\u00a0protectores y riesgo\u00a0 -","robots":{"index":"index","follow":"follow","max-snippet":"max-snippet:-1","max-image-preview":"max-image-preview:large","max-video-preview":"max-video-preview:-1"},"canonical":"https:\/\/lafuente.mx\/?p=1991","og_locale":"es_MX","og_type":"article","og_title":"Exposici\u00f3n a la violencia familiar y violencia en el noviazgo en adolescentes de Ciudad de M\u00e9xico: factores\u00a0protectores y riesgo\u00a0 -","og_description":"Gabriela Josefina Sald\u00edvar Hern\u00e1ndez\u00a0\u00a0 Instituto Nacional de Psiquiatr\u00eda Ram\u00f3n de la Fuente Mu\u00f1iz, M\u00e9xico&nbsp; Areli Moreno Reyes\u00a0\u00a0 Instituto Nacional de Psiquiatr\u00eda Ram\u00f3n de la Fuente","og_url":"https:\/\/lafuente.mx\/?p=1991","article_published_time":"2024-01-12T17:30:42+00:00","article_modified_time":"2024-01-12T17:30:43+00:00","og_image":[{"url":"https:\/\/lafuente.mx\/wp-content\/uploads\/2024\/01\/Captura-de-Pantalla-2024-01-12-a-las-11.27.20-1024x507.png"}],"author":"Claudia Gallardo","twitter_card":"summary_large_image","twitter_misc":{"Escrito por":"Claudia Gallardo","Tiempo de lectura":"1 minuto"},"schema":{"@context":"https:\/\/schema.org","@graph":[{"@type":"WebSite","@id":"https:\/\/lafuente.mx\/#website","url":"https:\/\/lafuente.mx\/","name":"","description":"Informaci\u00f3n confiable sobre salud mental","potentialAction":[{"@type":"SearchAction","target":{"@type":"EntryPoint","urlTemplate":"https:\/\/lafuente.mx\/?s={search_term_string}"},"query-input":"required name=search_term_string"}],"inLanguage":"es-MX"},{"@type":"WebPage","@id":"https:\/\/lafuente.mx\/?p=1991","url":"https:\/\/lafuente.mx\/?p=1991","name":"Exposici\u00f3n a la violencia familiar y violencia en el noviazgo en adolescentes de Ciudad de M\u00e9xico: factores\u00a0protectores y riesgo\u00a0 -","isPartOf":{"@id":"https:\/\/lafuente.mx\/#website"},"datePublished":"2024-01-12T17:30:42+00:00","dateModified":"2024-01-12T17:30:43+00:00","author":{"@id":"https:\/\/lafuente.mx\/#\/schema\/person\/603f3aa8e2f6f7879021ab722d39d6b0"},"breadcrumb":{"@id":"https:\/\/lafuente.mx\/?p=1991#breadcrumb"},"inLanguage":"es-MX","potentialAction":[{"@type":"ReadAction","target":["https:\/\/lafuente.mx\/?p=1991"]}]},{"@type":"BreadcrumbList","@id":"https:\/\/lafuente.mx\/?p=1991#breadcrumb","itemListElement":[{"@type":"ListItem","position":1,"name":"Inicio","item":"https:\/\/lafuente.mx\/"},{"@type":"ListItem","position":2,"name":"Exposici\u00f3n a la violencia familiar y violencia en el noviazgo en adolescentes de Ciudad de M\u00e9xico: factores\u00a0protectores y riesgo\u00a0"}]},{"@type":"Person","@id":"https:\/\/lafuente.mx\/#\/schema\/person\/603f3aa8e2f6f7879021ab722d39d6b0","name":"Claudia Gallardo","image":{"@type":"ImageObject","inLanguage":"es-MX","@id":"https:\/\/lafuente.mx\/#\/schema\/person\/image\/","url":"https:\/\/secure.gravatar.com\/avatar\/bfe9c966af1ccfb9d17bcdb9d04e8815?s=96&d=mm&r=g","contentUrl":"https:\/\/secure.gravatar.com\/avatar\/bfe9c966af1ccfb9d17bcdb9d04e8815?s=96&d=mm&r=g","caption":"Claudia Gallardo"},"url":"https:\/\/lafuente.mx\/?author=3"}]}},"jetpack_featured_media_url":"https:\/\/i0.wp.com\/lafuente.mx\/wp-content\/uploads\/2024\/01\/Captura-de-Pantalla-2024-01-12-a-las-11.27.20.png?fit=1366%2C676&ssl=1","jetpack-related-posts":[{"id":3248,"url":"https:\/\/lafuente.mx\/?p=3248","url_meta":{"origin":1991,"position":0},"title":"Propiedades psicom\u00e9tricas de la Escala Breve de Habilidades para la Vida para Adolescentes\u00a0","date":"septiembre 9, 2025","format":false,"excerpt":"Volume 48, Issue 3, May-June 2025 Patricia Mar\u00eda del Carmen Fuentes A.\u00a0 Direcci\u00f3n de Investigaciones Epidemiol\u00f3gicas y Psicosociales, Departamento de Modelos de Intervenci\u00f3n Psicosocial, Instituto Nacional de Psiquiatr\u00eda Ram\u00f3n de la Fuente Mu\u00f1iz, Ciudad de M\u00e9xico, M\u00e9xico.\u00a0 Catalina Gonz\u00e1lez-Forteza\u00a0 Direcci\u00f3n de Investigaciones Epidemiol\u00f3gicas y Psicosociales, Departamento de Modelos de Intervenci\u00f3n\u2026","rel":"","context":"En &quot;Revista Salud Mental&quot;","img":{"alt_text":"woman, mobile phone, listening to music, listening, fashion, adolescence, mobile phone, mobile phone, mobile phone, mobile phone, mobile phone, listening, listening, listening, listening-3236059.jpg","src":"https:\/\/i0.wp.com\/lafuente.mx\/wp-content\/uploads\/2025\/09\/woman-mobile-phone-listening-to-music-listening-fashion-adolescence-mobile-phone-mobile-phone-mobile-phone-mobile-phone-mobile-phone-listening-listening-listening-listening-3236059.jpg?fit=1200%2C800&ssl=1&resize=350%2C200","width":350,"height":200},"classes":[]},{"id":1960,"url":"https:\/\/lafuente.mx\/?p=1960","url_meta":{"origin":1991,"position":1},"title":"M\u00e9xico en las Naciones Unidas: Un paso adelante para la salud mental\u00a0","date":"diciembre 18, 2023","format":false,"excerpt":"Eduardo A.Madrigal de Le\u00f3n,1\u00a0 ShoshanaBerenzon Gorn,2\u00a0 1 Direcci\u00f3n General, Instituto Nacional de Psiquiatr\u00eda Ram\u00f3n de la Fuente Mu\u00f1iz, Ciudad de M\u00e9xico, M\u00e9xico.\u00a0 2 Direcci\u00f3n de Investigaciones Epidemiol\u00f3gicas y Psicosociales, Instituto Nacional de Psiquiatr\u00eda Ram\u00f3n de la Fuente Mu\u00f1iz, Ciudad de M\u00e9xico, M\u00e9xico\u00a0 Salud Mental, Vol. 46, Issue 6, November-December 2023\u00a0\u2026","rel":"","context":"En &quot;Revista Salud Mental&quot;","img":{"alt_text":"","src":"https:\/\/i0.wp.com\/lafuente.mx\/wp-content\/uploads\/2023\/12\/consejo-seguridad-onu.jpg?fit=1067%2C557&ssl=1&resize=350%2C200","width":350,"height":200},"classes":[]},{"id":2892,"url":"https:\/\/lafuente.mx\/?p=2892","url_meta":{"origin":1991,"position":2},"title":"Adaptaci\u00f3n y validaci\u00f3n de un instrumento para la medici\u00f3n del estigma hacia problemas de salud mental en ni\u00f1os entre profesionales de la salud\u00a0","date":"mayo 12, 2025","format":false,"excerpt":"Jorge Javier Caraveo-AnduagaDirecci\u00f3n de Investigaciones Epidemiol\u00f3gicas y Psicosociales, Instituto Nacional de Psiquiatr\u00eda Ram\u00f3n de la Fuente Mu\u00f1iz, Ciudad de M\u00e9xico, M\u00e9xico.\u00a0 Mart\u00ednez-V\u00e9lez NA.\u00a0Direcci\u00f3n de Investigaciones Epidemiol\u00f3gicas y Psicosociales, Instituto Nacional de Psiquiatr\u00eda Ram\u00f3n de la Fuente Mu\u00f1iz, Ciudad de M\u00e9xico, M\u00e9xico.\u00a0 Miriam Arroyo-BelmonteDirecci\u00f3n de Investigaciones Epidemiol\u00f3gicas y Psicosociales, Instituto Nacional\u2026","rel":"","context":"En &quot;Revista Salud Mental&quot;","img":{"alt_text":"","src":"https:\/\/i0.wp.com\/lafuente.mx\/wp-content\/uploads\/2025\/05\/Adaptacion-y-validacion-de-un-instrumento_Mesa-de-trabajo-1.jpg?fit=1200%2C613&ssl=1&resize=350%2C200","width":350,"height":200},"classes":[]},{"id":1598,"url":"https:\/\/lafuente.mx\/?p=1598","url_meta":{"origin":1991,"position":3},"title":"Especializaci\u00f3n en Psiquiatr\u00eda Infantil y de la Adolescencia","date":"agosto 14, 2023","format":false,"excerpt":"El Instituto Nacional de Psiquiatr\u00eda Ram\u00f3n de la Fuente Mu\u00f1iz ofrece dos\u00a0 plazas para realizar la Especializaci\u00f3n en Psiquiatr\u00eda Infantil y de la Adolescencia\u00a0 Objetivo\u00a0 Formar psiquiatras especialistas en ni\u00f1as, ni\u00f1os y adolescentes que sean capaces de aplicar el conocimiento cient\u00edfico actual para identificar, realizar intervenciones preventivas y brindar atenci\u00f3n\u2026","rel":"","context":"En &quot;Cursos&quot;","img":{"alt_text":"","src":"https:\/\/i0.wp.com\/lafuente.mx\/wp-content\/uploads\/2023\/08\/Captura-de-Pantalla-2023-08-10-a-las-11.43.11.png?fit=642%2C858&ssl=1&resize=350%2C200","width":350,"height":200},"classes":[]},{"id":3182,"url":"https:\/\/lafuente.mx\/?p=3182","url_meta":{"origin":1991,"position":4},"title":"\u00bfTe interesa fortalecer las habilidades parentales y promover la salud mental en tu comunidad?\u00a0","date":"agosto 7, 2025","format":false,"excerpt":"Programa Crianza con Conciencia Positiva (CC+)\u00a0 Inicio Lunes 7 de octubre Horario de 8:00 a 14:30 horas Cupo limitado a 150 personas\u00a0 Coordina: Nancy Amador\u00a0 Objetivo general: El presente curso permitir\u00e1 a las y los asistentes, desarrollar las habilidades para usar el programa de Crianza con Conciencia Positiva en su\u2026","rel":"","context":"En &quot;Cursos&quot;","img":{"alt_text":"family, baby, crawling, mother, smiling, happy, happy children, smile, joy, parents, family, family, family, family, family, parents-1237701.jpg","src":"https:\/\/i0.wp.com\/lafuente.mx\/wp-content\/uploads\/2025\/08\/family-baby-crawling-mother-smiling-happy-happy-children-smile-joy-parents-family-family-family-family-family-parents-1237701.jpg?fit=1200%2C960&ssl=1&resize=350%2C200","width":350,"height":200},"classes":[]},{"id":952,"url":"https:\/\/lafuente.mx\/?p=952","url_meta":{"origin":1991,"position":5},"title":"D\u00eda Nacional de las y los Psiquiatras","date":"marzo 22, 2023","format":false,"excerpt":"31 de marzo\u00a0 Imagen INPRFM \u201cEn el grado en que la salud y las enfermedades de los hombres est\u00e1n influidas por sus motivos, sus esperanzas, sus temores y sus contradicciones, el humanismo, no es s\u00f3lo un complemento, sino una dimensi\u00f3n necesaria de la medicina\u201d.\u00a0 En M\u00e9xico se instaur\u00f3 el 31\u2026","rel":"","context":"En &quot;Efem\u00e9rides de Salud Mental&quot;","img":{"alt_text":"","src":"https:\/\/i0.wp.com\/lafuente.mx\/wp-content\/uploads\/2023\/03\/INPRFM06.jpg?fit=800%2C500&ssl=1&resize=350%2C200","width":350,"height":200},"classes":[]}],"jetpack_sharing_enabled":true,"jetpack_shortlink":"https:\/\/wp.me\/pe9WUx-w7","_links":{"self":[{"href":"https:\/\/lafuente.mx\/index.php?rest_route=\/wp\/v2\/posts\/1991"}],"collection":[{"href":"https:\/\/lafuente.mx\/index.php?rest_route=\/wp\/v2\/posts"}],"about":[{"href":"https:\/\/lafuente.mx\/index.php?rest_route=\/wp\/v2\/types\/post"}],"author":[{"embeddable":true,"href":"https:\/\/lafuente.mx\/index.php?rest_route=\/wp\/v2\/users\/3"}],"replies":[{"embeddable":true,"href":"https:\/\/lafuente.mx\/index.php?rest_route=%2Fwp%2Fv2%2Fcomments&post=1991"}],"version-history":[{"count":1,"href":"https:\/\/lafuente.mx\/index.php?rest_route=\/wp\/v2\/posts\/1991\/revisions"}],"predecessor-version":[{"id":1997,"href":"https:\/\/lafuente.mx\/index.php?rest_route=\/wp\/v2\/posts\/1991\/revisions\/1997"}],"wp:featuredmedia":[{"embeddable":true,"href":"https:\/\/lafuente.mx\/index.php?rest_route=\/wp\/v2\/media\/1996"}],"wp:attachment":[{"href":"https:\/\/lafuente.mx\/index.php?rest_route=%2Fwp%2Fv2%2Fmedia&parent=1991"}],"wp:term":[{"taxonomy":"category","embeddable":true,"href":"https:\/\/lafuente.mx\/index.php?rest_route=%2Fwp%2Fv2%2Fcategories&post=1991"},{"taxonomy":"post_tag","embeddable":true,"href":"https:\/\/lafuente.mx\/index.php?rest_route=%2Fwp%2Fv2%2Ftags&post=1991"}],"curies":[{"name":"wp","href":"https:\/\/api.w.org\/{rel}","templated":true}]}}