{"id":1952,"date":"2023-12-15T17:54:11","date_gmt":"2023-12-15T17:54:11","guid":{"rendered":"https:\/\/lafuente.mx\/?p=1952"},"modified":"2023-12-19T18:47:10","modified_gmt":"2023-12-19T18:47:10","slug":"borrador-automatico-maestria-y-doctorado-en-salud-mental-publica","status":"publish","type":"post","link":"https:\/\/lafuente.mx\/?p=1952","title":{"rendered":"MAESTR\u00cdA Y DOCTORADO EN SALUD MENTAL P\u00daBLICA\u00a0"},"content":{"rendered":"\n<p class=\"has-larger-font-size\"><strong>Posgrado&nbsp;<\/strong><\/p>\n\n\n\n<p class=\"has-text-color has-medium-font-size\" style=\"color:#323537\">La salud mental es fundamental en el desarrollo equilibrado de la vida, siendo pieza clave en las relaciones interpersonales, la vida familiar y la integraci\u00f3n social. Este factor es de vital importancia para la inclusi\u00f3n social y la participaci\u00f3n plena en la comunidad. El concepto se\u00f1alado implica que m\u00e1s que la ausencia de enfermedades mentales, es parte indivisible de la salud integral y la base del bienestar y el funcionamiento adecuado de las personas. Se relaciona tambi\u00e9n con la capacidad de adaptarse al cambio, hacer frente a las crisis, y al establecimiento de relaciones satisfactorias con otros miembros de la comunidad. A pesar de la importancia de la salud mental en la calidad de vida de las personas y comunidades, es a\u00fan un \u00e1rea poco desarrollada en el campo de la salud p\u00fablica, por ejemplo, el Informe Mundial de la Salud de 2001 se\u00f1al\u00f3; que m\u00e1s del 25% de la poblaci\u00f3n presentaba en alg\u00fan momento de su vida alg\u00fan trastorno mental o conductual. <\/p>\n\n\n\n<p class=\"has-text-color has-medium-font-size\" style=\"color:#323537\">Estos problemas afectaban a personas de todos los pa\u00edses y sociedades, sin importar la edad, g\u00e9nero, posici\u00f3n econ\u00f3mica o ubicaci\u00f3n geogr\u00e1fica. Este informe tambi\u00e9n identific\u00f3 un impacto econ\u00f3mico sobre la sociedad y sobre la calidad de vida de los individuos y familias. La inclusi\u00f3n del tema de salud mental en las pr\u00e1cticas sanitarias es un aporte a la visi\u00f3n integral impl\u00edcita en la definici\u00f3n de salud de la OMS. Este campo disciplinario se enmarca desde una perspectiva de la salud p\u00fablica, teniendo en cuenta la construcci\u00f3n transdisciplinar que se requiere para el desarrollo de estrategias integrales en las intervenciones psicosociales.&nbsp;<\/p>\n\n\n\n<hr class=\"wp-block-separator has-text-color has-vivid-cyan-blue-color has-alpha-channel-opacity has-vivid-cyan-blue-background-color has-background\"\/>\n\n\n<div class=\"wp-block-image\">\n<figure class=\"aligncenter size-large is-resized\"><img decoding=\"async\" loading=\"lazy\" width=\"640\" height=\"480\" src=\"https:\/\/i0.wp.com\/lafuente.mx\/wp-content\/uploads\/2023\/12\/DSC_0054-edited-scaled.jpg?resize=640%2C480&#038;ssl=1\" alt=\"\" class=\"wp-image-1958\" style=\"aspect-ratio:1.3333333333333333;width:741px;height:auto\" srcset=\"https:\/\/i0.wp.com\/lafuente.mx\/wp-content\/uploads\/2023\/12\/DSC_0054-edited-scaled.jpg?w=2560&amp;ssl=1 2560w, https:\/\/i0.wp.com\/lafuente.mx\/wp-content\/uploads\/2023\/12\/DSC_0054-edited-scaled.jpg?resize=300%2C225&amp;ssl=1 300w, https:\/\/i0.wp.com\/lafuente.mx\/wp-content\/uploads\/2023\/12\/DSC_0054-edited-scaled.jpg?resize=1024%2C768&amp;ssl=1 1024w, https:\/\/i0.wp.com\/lafuente.mx\/wp-content\/uploads\/2023\/12\/DSC_0054-edited-scaled.jpg?resize=768%2C576&amp;ssl=1 768w, https:\/\/i0.wp.com\/lafuente.mx\/wp-content\/uploads\/2023\/12\/DSC_0054-edited-scaled.jpg?resize=1536%2C1152&amp;ssl=1 1536w, https:\/\/i0.wp.com\/lafuente.mx\/wp-content\/uploads\/2023\/12\/DSC_0054-edited-scaled.jpg?resize=2048%2C1536&amp;ssl=1 2048w, https:\/\/i0.wp.com\/lafuente.mx\/wp-content\/uploads\/2023\/12\/DSC_0054-edited-scaled.jpg?resize=800%2C600&amp;ssl=1 800w, https:\/\/i0.wp.com\/lafuente.mx\/wp-content\/uploads\/2023\/12\/DSC_0054-edited-scaled.jpg?w=1280 1280w, https:\/\/i0.wp.com\/lafuente.mx\/wp-content\/uploads\/2023\/12\/DSC_0054-edited-scaled.jpg?w=1920 1920w\" sizes=\"(max-width: 640px) 100vw, 640px\" data-recalc-dims=\"1\" \/><\/figure><\/div>\n\n\n<hr class=\"wp-block-separator has-text-color has-vivid-cyan-blue-color has-alpha-channel-opacity has-vivid-cyan-blue-background-color has-background is-style-wide\"\/>\n\n\n\n<p><strong>OBJETIVO<\/strong>&nbsp;<br><strong>Formar investigadores en el campo de la Salud Mental P\u00fablica con una elevada calidad cient\u00edfica y humana, que sean capaces de planear y participar en programas de servicio p\u00fablico.<\/strong>&nbsp;<\/p>\n\n\n\n<hr class=\"wp-block-separator has-text-color has-vivid-cyan-blue-color has-alpha-channel-opacity has-vivid-cyan-blue-background-color has-background\"\/>\n\n\n\n<p class=\"has-large-font-size\"><strong>Registro: <\/strong><\/p>\n\n\n\n<p class=\"has-large-font-size\">Del 29 de enero al 12 de febrero &nbsp;<\/p>\n\n\n\n<p><strong>Modalidad:<\/strong> Presencial\u00a0<\/p>\n\n\n\n<p><strong>Sede:<\/strong> Instituto Nacional de Psiquiatr\u00eda Ram\u00f3n de la Fuente Mu\u00f1iz <\/p>\n\n\n\n<p><strong>Duraci\u00f3n maestr\u00eda:<\/strong> 4 semestres &nbsp;<\/p>\n\n\n\n<p><strong>Duraci\u00f3n doctorado:<\/strong> 8 semestres&nbsp;<\/p>\n\n\n\n<p><strong>INICIO: <\/strong>5 de agosto de 2024&nbsp;<\/p>\n\n\n\n<hr class=\"wp-block-separator has-text-color has-pale-cyan-blue-color has-alpha-channel-opacity has-pale-cyan-blue-background-color has-background is-style-wide\"\/>\n\n\n\n<figure class=\"wp-block-embed\"><div class=\"wp-block-embed__wrapper\">\nhttps:\/\/www.pmdcmos.unam.mx\/wp-content\/uploads\/2023\/11\/Instructivo_2025-1_MAE_Cs.Medicas_Cs.Salud_VF.pdf\n<\/div><\/figure>\n\n\n\n<p>Doctorado&nbsp;<\/p>\n\n\n\n<figure class=\"wp-block-embed\"><div class=\"wp-block-embed__wrapper\">\nhttps:\/\/www.pmdcmos.unam.mx\/wp-content\/uploads\/2023\/11\/Instructivo_2025-1_DOC_Cs.Medicas_Cs.Salud_VF.pdf\n<\/div><\/figure>\n\n\n\n<p><\/p>\n\n\n\n<div class=\"wp-block-buttons is-layout-flex wp-block-buttons-is-layout-flex\">\n<div class=\"wp-block-button\"><a class=\"wp-block-button__link wp-element-button\" href=\"https:\/\/www.facebook.com\/PsicUrgGea\/videos\/954307522471613\">Conoce m\u00e1s en:<\/a><\/div>\n<\/div>\n","protected":false},"excerpt":{"rendered":"<p>Posgrado&nbsp; La salud mental es fundamental en el desarrollo equilibrado de la vida, siendo pieza clave en las relaciones interpersonales, la vida familiar y la<\/p>\n","protected":false},"author":3,"featured_media":1958,"comment_status":"closed","ping_status":"closed","sticky":false,"template":"","format":"standard","meta":{"footnotes":"","jetpack_publicize_message":"","jetpack_is_tweetstorm":false,"jetpack_publicize_feature_enabled":true},"categories":[9],"tags":[534,21,533,537,536,32,535],"jetpack_publicize_connections":[],"yoast_head":"<!-- This site is optimized with the Yoast SEO plugin v19.4 - https:\/\/yoast.com\/wordpress\/plugins\/seo\/ -->\n<title>MAESTR\u00cdA Y DOCTORADO EN SALUD MENTAL P\u00daBLICA\u00a0 -<\/title>\n<meta name=\"description\" content=\"La salud mental es fundamental en el desarrollo equilibrado de la vida, siendo pieza clave en las relaciones interpersonales, la vida familiar y la integraci\u00f3n social. Este factor es de vital importancia para la inclusi\u00f3n social y la participaci\u00f3n plena en la comunidad.\" \/>\n<meta name=\"robots\" content=\"index, follow, max-snippet:-1, max-image-preview:large, max-video-preview:-1\" \/>\n<link rel=\"canonical\" href=\"https:\/\/lafuente.mx\/?p=1952\" \/>\n<meta property=\"og:locale\" content=\"es_MX\" \/>\n<meta property=\"og:type\" content=\"article\" \/>\n<meta property=\"og:title\" content=\"MAESTR\u00cdA Y DOCTORADO EN SALUD MENTAL P\u00daBLICA\" \/>\n<meta property=\"og:description\" content=\"La salud mental es fundamental en el desarrollo equilibrado de la vida, siendo pieza clave en las relaciones interpersonales, la vida familiar y la integraci\u00f3n social. Este factor es de vital importancia para la inclusi\u00f3n social y la participaci\u00f3n plena en la comunidad.\" \/>\n<meta property=\"og:url\" content=\"https:\/\/lafuente.mx\/?p=1952\" \/>\n<meta property=\"article:published_time\" content=\"2023-12-15T17:54:11+00:00\" \/>\n<meta property=\"article:modified_time\" content=\"2023-12-19T18:47:10+00:00\" \/>\n<meta property=\"og:image\" content=\"http:\/\/lafuente.mx\/wp-content\/uploads\/2023\/12\/DSC_0054-edited-scaled.jpg\" \/>\n\t<meta property=\"og:image:width\" content=\"2560\" \/>\n\t<meta property=\"og:image:height\" content=\"1920\" \/>\n\t<meta property=\"og:image:type\" content=\"image\/jpeg\" \/>\n<meta name=\"author\" content=\"Claudia Gallardo\" \/>\n<meta name=\"twitter:card\" content=\"summary_large_image\" \/>\n<meta name=\"twitter:title\" content=\"MAESTR\u00cdA Y DOCTORADO EN SALUD MENTAL P\u00daBLICA\" \/>\n<meta name=\"twitter:description\" content=\"La salud mental es fundamental en el desarrollo equilibrado de la vida, siendo pieza clave en las relaciones interpersonales, la vida familiar y la integraci\u00f3n social. Este factor es de vital importancia para la inclusi\u00f3n social y la participaci\u00f3n plena en la comunidad.\" \/>\n<meta name=\"twitter:image\" content=\"https:\/\/i0.wp.com\/lafuente.mx\/wp-content\/uploads\/2023\/12\/DSC_0054-edited-scaled.jpg?fit=2560%2C1920&ssl=1\" \/>\n<meta name=\"twitter:label1\" content=\"Escrito por\" \/>\n\t<meta name=\"twitter:data1\" content=\"Claudia Gallardo\" \/>\n\t<meta name=\"twitter:label2\" content=\"Tiempo de lectura\" \/>\n\t<meta name=\"twitter:data2\" content=\"2 minutos\" \/>\n<script type=\"application\/ld+json\" class=\"yoast-schema-graph\">{\"@context\":\"https:\/\/schema.org\",\"@graph\":[{\"@type\":\"WebSite\",\"@id\":\"https:\/\/lafuente.mx\/#website\",\"url\":\"https:\/\/lafuente.mx\/\",\"name\":\"\",\"description\":\"Informaci\u00f3n confiable sobre salud mental\",\"potentialAction\":[{\"@type\":\"SearchAction\",\"target\":{\"@type\":\"EntryPoint\",\"urlTemplate\":\"https:\/\/lafuente.mx\/?s={search_term_string}\"},\"query-input\":\"required name=search_term_string\"}],\"inLanguage\":\"es-MX\"},{\"@type\":\"WebPage\",\"@id\":\"https:\/\/lafuente.mx\/?p=1952\",\"url\":\"https:\/\/lafuente.mx\/?p=1952\",\"name\":\"MAESTR\u00cdA Y DOCTORADO EN SALUD MENTAL P\u00daBLICA\u00a0 -\",\"isPartOf\":{\"@id\":\"https:\/\/lafuente.mx\/#website\"},\"datePublished\":\"2023-12-15T17:54:11+00:00\",\"dateModified\":\"2023-12-19T18:47:10+00:00\",\"author\":{\"@id\":\"https:\/\/lafuente.mx\/#\/schema\/person\/603f3aa8e2f6f7879021ab722d39d6b0\"},\"description\":\"La salud mental es fundamental en el desarrollo equilibrado de la vida, siendo pieza clave en las relaciones interpersonales, la vida familiar y la integraci\u00f3n social. Este factor es de vital importancia para la inclusi\u00f3n social y la participaci\u00f3n plena en la comunidad.\",\"breadcrumb\":{\"@id\":\"https:\/\/lafuente.mx\/?p=1952#breadcrumb\"},\"inLanguage\":\"es-MX\",\"potentialAction\":[{\"@type\":\"ReadAction\",\"target\":[\"https:\/\/lafuente.mx\/?p=1952\"]}]},{\"@type\":\"BreadcrumbList\",\"@id\":\"https:\/\/lafuente.mx\/?p=1952#breadcrumb\",\"itemListElement\":[{\"@type\":\"ListItem\",\"position\":1,\"name\":\"Inicio\",\"item\":\"https:\/\/lafuente.mx\/\"},{\"@type\":\"ListItem\",\"position\":2,\"name\":\"MAESTR\u00cdA Y DOCTORADO EN SALUD MENTAL P\u00daBLICA\u00a0\"}]},{\"@type\":\"Person\",\"@id\":\"https:\/\/lafuente.mx\/#\/schema\/person\/603f3aa8e2f6f7879021ab722d39d6b0\",\"name\":\"Claudia Gallardo\",\"image\":{\"@type\":\"ImageObject\",\"inLanguage\":\"es-MX\",\"@id\":\"https:\/\/lafuente.mx\/#\/schema\/person\/image\/\",\"url\":\"https:\/\/secure.gravatar.com\/avatar\/bfe9c966af1ccfb9d17bcdb9d04e8815?s=96&d=mm&r=g\",\"contentUrl\":\"https:\/\/secure.gravatar.com\/avatar\/bfe9c966af1ccfb9d17bcdb9d04e8815?s=96&d=mm&r=g\",\"caption\":\"Claudia Gallardo\"},\"url\":\"https:\/\/lafuente.mx\/?author=3\"}]}<\/script>\n<!-- \/ Yoast SEO plugin. -->","yoast_head_json":{"title":"MAESTR\u00cdA Y DOCTORADO EN SALUD MENTAL P\u00daBLICA\u00a0 -","description":"La salud mental es fundamental en el desarrollo equilibrado de la vida, siendo pieza clave en las relaciones interpersonales, la vida familiar y la integraci\u00f3n social. Este factor es de vital importancia para la inclusi\u00f3n social y la participaci\u00f3n plena en la comunidad.","robots":{"index":"index","follow":"follow","max-snippet":"max-snippet:-1","max-image-preview":"max-image-preview:large","max-video-preview":"max-video-preview:-1"},"canonical":"https:\/\/lafuente.mx\/?p=1952","og_locale":"es_MX","og_type":"article","og_title":"MAESTR\u00cdA Y DOCTORADO EN SALUD MENTAL P\u00daBLICA","og_description":"La salud mental es fundamental en el desarrollo equilibrado de la vida, siendo pieza clave en las relaciones interpersonales, la vida familiar y la integraci\u00f3n social. Este factor es de vital importancia para la inclusi\u00f3n social y la participaci\u00f3n plena en la comunidad.","og_url":"https:\/\/lafuente.mx\/?p=1952","article_published_time":"2023-12-15T17:54:11+00:00","article_modified_time":"2023-12-19T18:47:10+00:00","og_image":[{"width":2560,"height":1920,"url":"http:\/\/lafuente.mx\/wp-content\/uploads\/2023\/12\/DSC_0054-edited-scaled.jpg","type":"image\/jpeg"}],"author":"Claudia Gallardo","twitter_card":"summary_large_image","twitter_title":"MAESTR\u00cdA Y DOCTORADO EN SALUD MENTAL P\u00daBLICA","twitter_description":"La salud mental es fundamental en el desarrollo equilibrado de la vida, siendo pieza clave en las relaciones interpersonales, la vida familiar y la integraci\u00f3n social. Este factor es de vital importancia para la inclusi\u00f3n social y la participaci\u00f3n plena en la comunidad.","twitter_image":"https:\/\/i0.wp.com\/lafuente.mx\/wp-content\/uploads\/2023\/12\/DSC_0054-edited-scaled.jpg?fit=2560%2C1920&ssl=1","twitter_misc":{"Escrito por":"Claudia Gallardo","Tiempo de lectura":"2 minutos"},"schema":{"@context":"https:\/\/schema.org","@graph":[{"@type":"WebSite","@id":"https:\/\/lafuente.mx\/#website","url":"https:\/\/lafuente.mx\/","name":"","description":"Informaci\u00f3n confiable sobre salud mental","potentialAction":[{"@type":"SearchAction","target":{"@type":"EntryPoint","urlTemplate":"https:\/\/lafuente.mx\/?s={search_term_string}"},"query-input":"required name=search_term_string"}],"inLanguage":"es-MX"},{"@type":"WebPage","@id":"https:\/\/lafuente.mx\/?p=1952","url":"https:\/\/lafuente.mx\/?p=1952","name":"MAESTR\u00cdA Y DOCTORADO EN SALUD MENTAL P\u00daBLICA\u00a0 -","isPartOf":{"@id":"https:\/\/lafuente.mx\/#website"},"datePublished":"2023-12-15T17:54:11+00:00","dateModified":"2023-12-19T18:47:10+00:00","author":{"@id":"https:\/\/lafuente.mx\/#\/schema\/person\/603f3aa8e2f6f7879021ab722d39d6b0"},"description":"La salud mental es fundamental en el desarrollo equilibrado de la vida, siendo pieza clave en las relaciones interpersonales, la vida familiar y la integraci\u00f3n social. Este factor es de vital importancia para la inclusi\u00f3n social y la participaci\u00f3n plena en la comunidad.","breadcrumb":{"@id":"https:\/\/lafuente.mx\/?p=1952#breadcrumb"},"inLanguage":"es-MX","potentialAction":[{"@type":"ReadAction","target":["https:\/\/lafuente.mx\/?p=1952"]}]},{"@type":"BreadcrumbList","@id":"https:\/\/lafuente.mx\/?p=1952#breadcrumb","itemListElement":[{"@type":"ListItem","position":1,"name":"Inicio","item":"https:\/\/lafuente.mx\/"},{"@type":"ListItem","position":2,"name":"MAESTR\u00cdA Y DOCTORADO EN SALUD MENTAL P\u00daBLICA\u00a0"}]},{"@type":"Person","@id":"https:\/\/lafuente.mx\/#\/schema\/person\/603f3aa8e2f6f7879021ab722d39d6b0","name":"Claudia Gallardo","image":{"@type":"ImageObject","inLanguage":"es-MX","@id":"https:\/\/lafuente.mx\/#\/schema\/person\/image\/","url":"https:\/\/secure.gravatar.com\/avatar\/bfe9c966af1ccfb9d17bcdb9d04e8815?s=96&d=mm&r=g","contentUrl":"https:\/\/secure.gravatar.com\/avatar\/bfe9c966af1ccfb9d17bcdb9d04e8815?s=96&d=mm&r=g","caption":"Claudia Gallardo"},"url":"https:\/\/lafuente.mx\/?author=3"}]}},"jetpack_featured_media_url":"https:\/\/i0.wp.com\/lafuente.mx\/wp-content\/uploads\/2023\/12\/DSC_0054-edited-scaled.jpg?fit=2560%2C1920&ssl=1","jetpack-related-posts":[{"id":807,"url":"https:\/\/lafuente.mx\/?p=807","url_meta":{"origin":1952,"position":0},"title":"Convocatoria de Maestr\u00eda y Doctorado en Ciencias de la Salud\u00a0","date":"febrero 9, 2023","format":false,"excerpt":"Foto INPRFM Foto INPRFM Foto INPRFM Campo del Conocimiento: Salud Mental P\u00fablica\u00a0 La salud mental es fundamental en el desarrollo equilibrado de la vida, siendo pieza clave en las relaciones interpersonales, la vida familiar y la integraci\u00f3n social. Este factor es de vital importancia para la inclusi\u00f3n social y la\u2026","rel":"","context":"En &quot;Cursos&quot;","img":{"alt_text":"","src":"https:\/\/i0.wp.com\/lafuente.mx\/wp-content\/uploads\/2023\/02\/DSC_0290-scaled.jpg?fit=1200%2C797&ssl=1&resize=350%2C200","width":350,"height":200},"classes":[]},{"id":1488,"url":"https:\/\/lafuente.mx\/?p=1488","url_meta":{"origin":1952,"position":1},"title":"Los factores de riesgo de la pandemia de COVID-19 para la depresi\u00f3n entre los estudiantes de posgrado en salud\u00a0","date":"julio 21, 2023","format":false,"excerpt":"Fernanda Rocha Anjos de Oliveira Souza, Vagner Ferreira do Nascimento, Mariano Martinez Espinosa, Sandra Cristina Pillon, Chris Wagstaff, Ana Cl\u00e1udia Pereira Ter\u00e7as-Trettel Introducci\u00f3n.\u00a0La pandemia ha generado desaf\u00edos que impactan en la salud mental de la poblaci\u00f3n, incluidos los estudiantes de posgrado en salud.\u00a0\u00a0Objetivo.\u00a0Evaluar los factores asociados a la depresi\u00f3n en\u2026","rel":"","context":"En &quot;Revista Salud Mental&quot;","img":{"alt_text":"","src":"https:\/\/i0.wp.com\/lafuente.mx\/wp-content\/uploads\/2023\/07\/doctor-triste-tiro-medio-mascara-edited-scaled.jpg?fit=1200%2C675&ssl=1&resize=350%2C200","width":350,"height":200},"classes":[]},{"id":2478,"url":"https:\/\/lafuente.mx\/?p=2478","url_meta":{"origin":1952,"position":2},"title":"Mental Health and Human Rights\u00a0","date":"agosto 2, 2024","format":false,"excerpt":"The Challenges of the United Nations Convention on the Rights of Persons with Disabilities to Mental Health Care\u00a0 This book discusses the challenges arising in the application of the United Nations Convention on the Rights of Persons with Disabilities (CRPD) in the provision of mental health care by presenting the\u2026","rel":"","context":"En &quot;Publicaciones&quot;","img":{"alt_text":"","src":"https:\/\/i0.wp.com\/lafuente.mx\/wp-content\/uploads\/2024\/08\/Captura-de-pantalla-2024-08-01-a-las-14.59.30.png?fit=846%2C1200&ssl=1&resize=350%2C200","width":350,"height":200},"classes":[]},{"id":1724,"url":"https:\/\/lafuente.mx\/?p=1724","url_meta":{"origin":1952,"position":3},"title":"\u00a1Es dif\u00edcil ser mujer!: Una gu\u00eda para entender y enfrentar la depresi\u00f3n\u00a0","date":"septiembre 22, 2023","format":false,"excerpt":"Para muchas personas, la depresi\u00f3n es solo una excusa de las mujeres para quedarse en cama, comer mal o llorar sin freno. Nada m\u00e1s alejado de la realidad: la Organizaci\u00f3n Mundial de la Salud ha declarado que padecen m\u00e1s este trastorno que los hombres debido a las exigencias que se\u2026","rel":"","context":"En &quot;Publicaciones&quot;","img":{"alt_text":"","src":"https:\/\/i0.wp.com\/lafuente.mx\/wp-content\/uploads\/2023\/09\/Captura-de-Pantalla-2023-09-21-a-las-11.20.33.png?fit=1200%2C1184&ssl=1&resize=350%2C200","width":350,"height":200},"classes":[]},{"id":2846,"url":"https:\/\/lafuente.mx\/?p=2846","url_meta":{"origin":1952,"position":4},"title":"Resultados de la Encuesta sobre Estigma, Discriminaci\u00f3n y Salud Mental de las Diversidades Sexogen\u00e9ricas (ENDISMED)\u00a0","date":"abril 14, 2025","format":false,"excerpt":"Con el objetivo de examinar la relaci\u00f3n entre la percepci\u00f3n de estigma y la experiencia de actos de discriminaci\u00f3n en el contexto escolar con presentar sintomatolog\u00eda ansiosa, depresiva, consumo de sustancias y conducta suicida en una muestra de la comunidad estudiantil, acad\u00e9mica y administrativa de la Facultad de Medicina que\u2026","rel":"","context":"En &quot;Noticias&quot;","img":{"alt_text":"lesbian, happy, homosexual, nature, proudly, rainbow, bisexual, multicoloured, homosexuality, trans, transsexual, sexuality, lgbtiqa, pride month, pride, celebrate, world pride-7276192.jpg","src":"https:\/\/i0.wp.com\/lafuente.mx\/wp-content\/uploads\/2025\/04\/lesbian-happy-homosexual-nature-proudly-rainbow-bisexual-multicoloured-homosexuality-trans-transsexual-sexuality-lgbtiqa-pride-month-pride-celebrate-world-pride-7276192.jpg?fit=1200%2C848&ssl=1&resize=350%2C200","width":350,"height":200},"classes":[]},{"id":2950,"url":"https:\/\/lafuente.mx\/?p=2950","url_meta":{"origin":1952,"position":5},"title":"Las adicciones y la salud mental en M\u00e9xico\u00a0","date":"junio 9, 2025","format":false,"excerpt":"Junio, 2025\u00a0 \u201cLas adicciones est\u00e1n consideradas como una enfermedad mental y registran una mortalidad excesiva que tambi\u00e9n tenemos que atender y que no necesariamente se incluye cuando se hacen las evaluaciones de cu\u00e1l es la carga de la enfermedad mental\u201d, coment\u00f3 la doctora Mar\u00eda Elena Medina Mora Icaza, responsable del\u2026","rel":"","context":"En &quot;Noticias&quot;","img":{"alt_text":"","src":"https:\/\/i0.wp.com\/lafuente.mx\/wp-content\/uploads\/2025\/06\/Captura-de-pantalla-2025-06-06-a-las-11.57.12.png?fit=874%2C840&ssl=1&resize=350%2C200","width":350,"height":200},"classes":[]}],"jetpack_sharing_enabled":true,"jetpack_shortlink":"https:\/\/wp.me\/pe9WUx-vu","_links":{"self":[{"href":"https:\/\/lafuente.mx\/index.php?rest_route=\/wp\/v2\/posts\/1952"}],"collection":[{"href":"https:\/\/lafuente.mx\/index.php?rest_route=\/wp\/v2\/posts"}],"about":[{"href":"https:\/\/lafuente.mx\/index.php?rest_route=\/wp\/v2\/types\/post"}],"author":[{"embeddable":true,"href":"https:\/\/lafuente.mx\/index.php?rest_route=\/wp\/v2\/users\/3"}],"replies":[{"embeddable":true,"href":"https:\/\/lafuente.mx\/index.php?rest_route=%2Fwp%2Fv2%2Fcomments&post=1952"}],"version-history":[{"count":3,"href":"https:\/\/lafuente.mx\/index.php?rest_route=\/wp\/v2\/posts\/1952\/revisions"}],"predecessor-version":[{"id":1968,"href":"https:\/\/lafuente.mx\/index.php?rest_route=\/wp\/v2\/posts\/1952\/revisions\/1968"}],"wp:featuredmedia":[{"embeddable":true,"href":"https:\/\/lafuente.mx\/index.php?rest_route=\/wp\/v2\/media\/1958"}],"wp:attachment":[{"href":"https:\/\/lafuente.mx\/index.php?rest_route=%2Fwp%2Fv2%2Fmedia&parent=1952"}],"wp:term":[{"taxonomy":"category","embeddable":true,"href":"https:\/\/lafuente.mx\/index.php?rest_route=%2Fwp%2Fv2%2Fcategories&post=1952"},{"taxonomy":"post_tag","embeddable":true,"href":"https:\/\/lafuente.mx\/index.php?rest_route=%2Fwp%2Fv2%2Ftags&post=1952"}],"curies":[{"name":"wp","href":"https:\/\/api.w.org\/{rel}","templated":true}]}}