{"id":1933,"date":"2023-12-08T17:04:34","date_gmt":"2023-12-08T17:04:34","guid":{"rendered":"https:\/\/lafuente.mx\/?p=1933"},"modified":"2023-12-08T17:04:36","modified_gmt":"2023-12-08T17:04:36","slug":"el-contrato-terapeutico-en-salud-mental-reflexiones-en-la-era-de-la-teleconsulta","status":"publish","type":"post","link":"https:\/\/lafuente.mx\/?p=1933","title":{"rendered":"El contrato terap\u00e9utico en salud mental Reflexiones en la era de la teleconsulta"},"content":{"rendered":"\n<hr class=\"wp-block-separator aligncenter has-alpha-channel-opacity is-style-dots\"\/>\n\n\n\n<p class=\"has-medium-font-size\">Ingrid Vargas Huicochea<\/p>\n\n\n\n<p class=\"has-medium-font-size\">Ana Carolina Rodr\u00edguez Machain<\/p>\n\n\n\n<hr class=\"wp-block-separator aligncenter has-alpha-channel-opacity is-style-wide\"\/>\n\n\n<div class=\"wp-block-image\">\n<figure class=\"aligncenter size-large\"><img decoding=\"async\" loading=\"lazy\" width=\"640\" height=\"942\" src=\"https:\/\/i0.wp.com\/lafuente.mx\/wp-content\/uploads\/2023\/12\/Contrato_Mesa-de-trabajo-1.jpg?resize=640%2C942\" alt=\"\" class=\"wp-image-1934\" srcset=\"https:\/\/i0.wp.com\/lafuente.mx\/wp-content\/uploads\/2023\/12\/Contrato_Mesa-de-trabajo-1.jpg?resize=696%2C1024&amp;ssl=1 696w, https:\/\/i0.wp.com\/lafuente.mx\/wp-content\/uploads\/2023\/12\/Contrato_Mesa-de-trabajo-1.jpg?resize=204%2C300&amp;ssl=1 204w, https:\/\/i0.wp.com\/lafuente.mx\/wp-content\/uploads\/2023\/12\/Contrato_Mesa-de-trabajo-1.jpg?resize=768%2C1129&amp;ssl=1 768w, https:\/\/i0.wp.com\/lafuente.mx\/wp-content\/uploads\/2023\/12\/Contrato_Mesa-de-trabajo-1.jpg?resize=1045%2C1536&amp;ssl=1 1045w, https:\/\/i0.wp.com\/lafuente.mx\/wp-content\/uploads\/2023\/12\/Contrato_Mesa-de-trabajo-1.jpg?w=1218&amp;ssl=1 1218w\" sizes=\"(max-width: 640px) 100vw, 640px\" data-recalc-dims=\"1\" \/><\/figure><\/div>\n\n\n<p><strong>El contrato terap\u00e9utico<\/strong> es una pieza primordial en el proceso de atenci\u00f3n en salud. Particularmente para los profesionales de la salud mental, marca el inicio de la relaci\u00f3n m\u00e9dico-paciente y suele ser un paso que se realiza con naturalidad buscando generar el mejor ambiente posible para beneficio del paciente y de la intervenci\u00f3n.&nbsp;<\/p>\n\n\n\n<p>Cuando la atenci\u00f3n pasa a entornos virtuales, quiz\u00e1 instintivamente, se ha buscado aplicar el contrato terap\u00e9utico, pero en la pr\u00e1ctica cotidiana se evidencia la complejidad que implica la ejecuci\u00f3n de la teleconsulta. Es obligado entonces, reflexionar sobre los elementos estructurales del contrato terap\u00e9utico en el ejercicio de esta forma de atenci\u00f3n. Y, de la mano, hay que analizar tambi\u00e9n aspectos que pudieran ser muy espec\u00edficos al implementar la consulta a distancia en las diferentes \u00e1reas de la salud mental.&nbsp;<\/p>\n\n\n\n<p>En esta jornada acad\u00e9mica escucharemos voces de diversos campos disciplinarios, para compartir y debatir sobre los diferentes aspectos de an\u00e1lisis que derivan de estos temas.&nbsp;<\/p>\n\n\n\n<hr class=\"wp-block-separator aligncenter has-alpha-channel-opacity is-style-default\"\/>\n\n\n\n<p>Editorial: Typotaller Ediciones<br>Materia: Ciencias m\u00e9dicas Medicina<br>P\u00fablico objetivo: Profesional \/ acad\u00e9mico<br>Publicado: 2023-09-25&nbsp;<br>N\u00famero de edici\u00f3n: 1&nbsp;<br>N\u00famero de p\u00e1ginas: 272&nbsp;<br>Tama\u00f1o: 16x23cm.&nbsp;<br>Encuadernaci\u00f3n: Tapa blanda o r\u00fastica&nbsp;<br>Soporte: Impreso&nbsp;<br>Idioma: Espa\u00f1ol<\/p>\n\n\n\n<p><strong>ISBN<\/strong> 978-607-8827-48-0&nbsp;<\/p>\n\n\n\n<hr class=\"wp-block-separator aligncenter has-alpha-channel-opacity is-style-wide\"\/>\n\n\n\n<div class=\"wp-block-buttons is-layout-flex wp-block-buttons-is-layout-flex\">\n<div class=\"wp-block-button\"><a class=\"wp-block-button__link has-vivid-cyan-blue-background-color has-background wp-element-button\" href=\"https:\/\/psiquiatrasapm.org.mx\/product\/el-contrato-terapeutico-en-salud-mental-reflexiones-en-la-era-de-la-teleconsulta\/\" target=\"_blank\" rel=\"noreferrer noopener\">M\u00e1s informaci\u00f3n aqu\u00ed<\/a><\/div>\n<\/div>\n\n\n\n<p><\/p>\n\n\n\n<div class=\"wp-block-buttons is-layout-flex wp-block-buttons-is-layout-flex\">\n<div class=\"wp-block-button\"><a class=\"wp-block-button__link has-vivid-red-background-color has-background wp-element-button\" href=\"https:\/\/www.youtube.com\/watch?v=RlllEgnuy7g\" target=\"_blank\" rel=\"noreferrer noopener\">Jornada Acad\u00e9mica: El contrato terap\u00e9utico en Salud Mental&nbsp;<\/a><\/div>\n<\/div>\n","protected":false},"excerpt":{"rendered":"<p>Ingrid Vargas Huicochea Ana Carolina Rodr\u00edguez Machain El contrato terap\u00e9utico es una pieza primordial en el proceso de atenci\u00f3n en salud. Particularmente para los profesionales<\/p>\n","protected":false},"author":5,"featured_media":1940,"comment_status":"closed","ping_status":"closed","sticky":false,"template":"","format":"standard","meta":{"footnotes":"","jetpack_publicize_message":"","jetpack_is_tweetstorm":false,"jetpack_publicize_feature_enabled":true},"categories":[10],"tags":[526,527,523,525,324,32,524],"jetpack_publicize_connections":[],"yoast_head":"<!-- This site is optimized with the Yoast SEO plugin v19.4 - https:\/\/yoast.com\/wordpress\/plugins\/seo\/ -->\n<title>El contrato terap\u00e9utico en salud mental Reflexiones en la era de la teleconsulta -<\/title>\n<meta name=\"description\" content=\"El Contrato Terap\u00e9utico En Salud Mental Reflexiones En La Era De La Teleconsulta\" \/>\n<meta name=\"robots\" content=\"index, follow, max-snippet:-1, max-image-preview:large, max-video-preview:-1\" \/>\n<link rel=\"canonical\" href=\"https:\/\/lafuente.mx\/?p=1933\" \/>\n<meta property=\"og:locale\" content=\"es_MX\" \/>\n<meta property=\"og:type\" content=\"article\" \/>\n<meta property=\"og:title\" content=\"El Contrato Terap\u00e9utico En Salud Mental Reflexiones En La Era De La Teleconsulta\" \/>\n<meta property=\"og:description\" content=\"El Contrato Terap\u00e9utico En Salud Mental Reflexiones En La Era De La Teleconsulta\" \/>\n<meta property=\"og:url\" content=\"https:\/\/lafuente.mx\/?p=1933\" \/>\n<meta property=\"article:published_time\" content=\"2023-12-08T17:04:34+00:00\" \/>\n<meta property=\"article:modified_time\" content=\"2023-12-08T17:04:36+00:00\" \/>\n<meta property=\"og:image\" content=\"http:\/\/lafuente.mx\/wp-content\/uploads\/2023\/12\/Contrato_2.jpg\" \/>\n\t<meta property=\"og:image:width\" content=\"1218\" \/>\n\t<meta property=\"og:image:height\" content=\"910\" \/>\n\t<meta property=\"og:image:type\" content=\"image\/jpeg\" \/>\n<meta name=\"author\" content=\"Dar\u00edo Ram\u00edrez\" \/>\n<meta name=\"twitter:card\" content=\"summary_large_image\" \/>\n<meta name=\"twitter:title\" content=\"El Contrato Terap\u00e9utico En Salud Mental Reflexiones En La Era De La Teleconsulta\" \/>\n<meta name=\"twitter:description\" content=\"El Contrato Terap\u00e9utico En Salud Mental Reflexiones En La Era De La Teleconsulta\" \/>\n<meta name=\"twitter:image\" content=\"https:\/\/i0.wp.com\/lafuente.mx\/wp-content\/uploads\/2023\/12\/Contrato_2.jpg?fit=1218%2C910&ssl=1\" \/>\n<meta name=\"twitter:label1\" content=\"Escrito por\" \/>\n\t<meta name=\"twitter:data1\" content=\"Dar\u00edo Ram\u00edrez\" \/>\n\t<meta name=\"twitter:label2\" content=\"Tiempo de lectura\" \/>\n\t<meta name=\"twitter:data2\" content=\"1 minuto\" \/>\n<script type=\"application\/ld+json\" class=\"yoast-schema-graph\">{\"@context\":\"https:\/\/schema.org\",\"@graph\":[{\"@type\":\"WebSite\",\"@id\":\"https:\/\/lafuente.mx\/#website\",\"url\":\"https:\/\/lafuente.mx\/\",\"name\":\"\",\"description\":\"Informaci\u00f3n confiable sobre salud mental\",\"potentialAction\":[{\"@type\":\"SearchAction\",\"target\":{\"@type\":\"EntryPoint\",\"urlTemplate\":\"https:\/\/lafuente.mx\/?s={search_term_string}\"},\"query-input\":\"required name=search_term_string\"}],\"inLanguage\":\"es-MX\"},{\"@type\":\"WebPage\",\"@id\":\"https:\/\/lafuente.mx\/?p=1933\",\"url\":\"https:\/\/lafuente.mx\/?p=1933\",\"name\":\"El contrato terap\u00e9utico en salud mental Reflexiones en la era de la teleconsulta -\",\"isPartOf\":{\"@id\":\"https:\/\/lafuente.mx\/#website\"},\"datePublished\":\"2023-12-08T17:04:34+00:00\",\"dateModified\":\"2023-12-08T17:04:36+00:00\",\"author\":{\"@id\":\"https:\/\/lafuente.mx\/#\/schema\/person\/b9cc1ac3941245ec61c80638a92abfb6\"},\"description\":\"El Contrato Terap\u00e9utico En Salud Mental Reflexiones En La Era De La Teleconsulta\",\"breadcrumb\":{\"@id\":\"https:\/\/lafuente.mx\/?p=1933#breadcrumb\"},\"inLanguage\":\"es-MX\",\"potentialAction\":[{\"@type\":\"ReadAction\",\"target\":[\"https:\/\/lafuente.mx\/?p=1933\"]}]},{\"@type\":\"BreadcrumbList\",\"@id\":\"https:\/\/lafuente.mx\/?p=1933#breadcrumb\",\"itemListElement\":[{\"@type\":\"ListItem\",\"position\":1,\"name\":\"Inicio\",\"item\":\"https:\/\/lafuente.mx\/\"},{\"@type\":\"ListItem\",\"position\":2,\"name\":\"El contrato terap\u00e9utico en salud mental Reflexiones en la era de la teleconsulta\"}]},{\"@type\":\"Person\",\"@id\":\"https:\/\/lafuente.mx\/#\/schema\/person\/b9cc1ac3941245ec61c80638a92abfb6\",\"name\":\"Dar\u00edo Ram\u00edrez\",\"image\":{\"@type\":\"ImageObject\",\"inLanguage\":\"es-MX\",\"@id\":\"https:\/\/lafuente.mx\/#\/schema\/person\/image\/\",\"url\":\"https:\/\/secure.gravatar.com\/avatar\/bd5441528d8085d08a897e5789079259?s=96&d=mm&r=g\",\"contentUrl\":\"https:\/\/secure.gravatar.com\/avatar\/bd5441528d8085d08a897e5789079259?s=96&d=mm&r=g\",\"caption\":\"Dar\u00edo Ram\u00edrez\"},\"url\":\"https:\/\/lafuente.mx\/?author=5\"}]}<\/script>\n<!-- \/ Yoast SEO plugin. -->","yoast_head_json":{"title":"El contrato terap\u00e9utico en salud mental Reflexiones en la era de la teleconsulta -","description":"El Contrato Terap\u00e9utico En Salud Mental Reflexiones En La Era De La Teleconsulta","robots":{"index":"index","follow":"follow","max-snippet":"max-snippet:-1","max-image-preview":"max-image-preview:large","max-video-preview":"max-video-preview:-1"},"canonical":"https:\/\/lafuente.mx\/?p=1933","og_locale":"es_MX","og_type":"article","og_title":"El Contrato Terap\u00e9utico En Salud Mental Reflexiones En La Era De La Teleconsulta","og_description":"El Contrato Terap\u00e9utico En Salud Mental Reflexiones En La Era De La Teleconsulta","og_url":"https:\/\/lafuente.mx\/?p=1933","article_published_time":"2023-12-08T17:04:34+00:00","article_modified_time":"2023-12-08T17:04:36+00:00","og_image":[{"width":1218,"height":910,"url":"http:\/\/lafuente.mx\/wp-content\/uploads\/2023\/12\/Contrato_2.jpg","type":"image\/jpeg"}],"author":"Dar\u00edo Ram\u00edrez","twitter_card":"summary_large_image","twitter_title":"El Contrato Terap\u00e9utico En Salud Mental Reflexiones En La Era De La Teleconsulta","twitter_description":"El Contrato Terap\u00e9utico En Salud Mental Reflexiones En La Era De La Teleconsulta","twitter_image":"https:\/\/i0.wp.com\/lafuente.mx\/wp-content\/uploads\/2023\/12\/Contrato_2.jpg?fit=1218%2C910&ssl=1","twitter_misc":{"Escrito por":"Dar\u00edo Ram\u00edrez","Tiempo de lectura":"1 minuto"},"schema":{"@context":"https:\/\/schema.org","@graph":[{"@type":"WebSite","@id":"https:\/\/lafuente.mx\/#website","url":"https:\/\/lafuente.mx\/","name":"","description":"Informaci\u00f3n confiable sobre salud mental","potentialAction":[{"@type":"SearchAction","target":{"@type":"EntryPoint","urlTemplate":"https:\/\/lafuente.mx\/?s={search_term_string}"},"query-input":"required name=search_term_string"}],"inLanguage":"es-MX"},{"@type":"WebPage","@id":"https:\/\/lafuente.mx\/?p=1933","url":"https:\/\/lafuente.mx\/?p=1933","name":"El contrato terap\u00e9utico en salud mental Reflexiones en la era de la teleconsulta -","isPartOf":{"@id":"https:\/\/lafuente.mx\/#website"},"datePublished":"2023-12-08T17:04:34+00:00","dateModified":"2023-12-08T17:04:36+00:00","author":{"@id":"https:\/\/lafuente.mx\/#\/schema\/person\/b9cc1ac3941245ec61c80638a92abfb6"},"description":"El Contrato Terap\u00e9utico En Salud Mental Reflexiones En La Era De La Teleconsulta","breadcrumb":{"@id":"https:\/\/lafuente.mx\/?p=1933#breadcrumb"},"inLanguage":"es-MX","potentialAction":[{"@type":"ReadAction","target":["https:\/\/lafuente.mx\/?p=1933"]}]},{"@type":"BreadcrumbList","@id":"https:\/\/lafuente.mx\/?p=1933#breadcrumb","itemListElement":[{"@type":"ListItem","position":1,"name":"Inicio","item":"https:\/\/lafuente.mx\/"},{"@type":"ListItem","position":2,"name":"El contrato terap\u00e9utico en salud mental Reflexiones en la era de la teleconsulta"}]},{"@type":"Person","@id":"https:\/\/lafuente.mx\/#\/schema\/person\/b9cc1ac3941245ec61c80638a92abfb6","name":"Dar\u00edo Ram\u00edrez","image":{"@type":"ImageObject","inLanguage":"es-MX","@id":"https:\/\/lafuente.mx\/#\/schema\/person\/image\/","url":"https:\/\/secure.gravatar.com\/avatar\/bd5441528d8085d08a897e5789079259?s=96&d=mm&r=g","contentUrl":"https:\/\/secure.gravatar.com\/avatar\/bd5441528d8085d08a897e5789079259?s=96&d=mm&r=g","caption":"Dar\u00edo Ram\u00edrez"},"url":"https:\/\/lafuente.mx\/?author=5"}]}},"jetpack_featured_media_url":"https:\/\/i0.wp.com\/lafuente.mx\/wp-content\/uploads\/2023\/12\/Contrato_2.jpg?fit=1218%2C910&ssl=1","jetpack-related-posts":[{"id":77,"url":"https:\/\/lafuente.mx\/?p=77","url_meta":{"origin":1933,"position":0},"title":"Manual de investigaci\u00f3n en salud mental.\u00a0 Una gu\u00eda pr\u00e1ctica\u00a0","date":"julio 29, 2022","format":false,"excerpt":"Rese\u00f1a\u00a0 Se trata de una obra con un enfoque pr\u00e1ctico que busca dar respuesta a las inquietudes de aquel personal sanitario que quiere hacer investigaci\u00f3n en salud mental pero no sabe c\u00f3mo iniciar. En la obra se abordan paso a paso los momentos de una investigaci\u00f3n, desde la generaci\u00f3n del\u2026","rel":"","context":"En &quot;Publicaciones&quot;","img":{"alt_text":"","src":"https:\/\/i0.wp.com\/lafuente.mx\/wp-content\/uploads\/2022\/07\/Captura-de-Pantalla-2022-08-08-a-las-12.38.30.png?fit=1100%2C980&ssl=1&resize=350%2C200","width":350,"height":200},"classes":[]},{"id":3619,"url":"https:\/\/lafuente.mx\/?p=3619","url_meta":{"origin":1933,"position":1},"title":"Hallazgos sobre perfil metab\u00f3lico y psicopatolog\u00eda en adolescentes\u00a0","date":"marzo 30, 2026","format":false,"excerpt":"Feb 26, 2026 |\u00a0Academia\u00a0 \u201cEl perfil metab\u00f3lico nos abre el panorama en torno a la investigaci\u00f3n de nuevos marcadores asociados a la patolog\u00eda psiqui\u00e1trica. Entender la enfermedad mental como un constructo dimensional nos ayuda a tener una visi\u00f3n m\u00e1s integral de la psiquiatr\u00eda\u201d, afirm\u00f3 el doctor Cristian Hern\u00e1ndez Alba, residente\u2026","rel":"","context":"En &quot;Noticias&quot;","img":{"alt_text":"","src":"https:\/\/i0.wp.com\/lafuente.mx\/wp-content\/uploads\/2023\/01\/adolescentes_.png?fit=660%2C444&ssl=1&resize=350%2C200","width":350,"height":200},"classes":[]},{"id":506,"url":"https:\/\/lafuente.mx\/?p=506","url_meta":{"origin":1933,"position":2},"title":"Cuidar y ser madre durante la pandemia del SARS-COV2: caracter\u00edsticas de las m\u00e9dicos-madres durante la COVID-19 y su impacto en la salud mental\u00a0","date":"octubre 28, 2022","format":false,"excerpt":"Ingrid Vargas-Huicochea,1 Shoshana Berenzon, 2 Silvia AracelyTafoya,1 Diana Patricia Gu\u00edzar-S\u00e1nchez,3 NoraKelsall, 4 Ana Carolina Rodr\u00edguez-Machain, 1 Atenea Lanz-Uribe 5\u00a0 1 Departamento de Psiquiatr\u00eda y Salud Mental, Facultad de Medicina, Universidad Nacional Aut\u00f3noma de M\u00e9xico, Ciudad de M\u00e9xico, M\u00e9xico.\u00a0 2 Direcci\u00f3n de Investigaciones Epidemiol\u00f3gicas y Psicosociales, Instituto Nacional de Psiquiatr\u00eda Ram\u00f3n\u2026","rel":"","context":"En &quot;Revista Salud Mental&quot;","img":{"alt_text":"","src":"https:\/\/i0.wp.com\/lafuente.mx\/wp-content\/uploads\/2022\/10\/DSC_0300-edited-scaled.jpg?fit=1200%2C797&ssl=1&resize=350%2C200","width":350,"height":200},"classes":[]},{"id":2027,"url":"https:\/\/lafuente.mx\/?p=2027","url_meta":{"origin":1933,"position":3},"title":"\u00bfHay inter\u00e9s de los adultos mexicanos en estar preparados en caso de desarrollar Alzheimer u otra demencia?\u00a0","date":"enero 23, 2024","format":false,"excerpt":"Ma. Luisa Marv\u00e1n,1 Rosa Lilia Castillo-L\u00f3pez,2 Dennys Onofre-Corredor, 3 Ingrid Vargas-Huicochea,3 Asunci\u00f3n \u00c1lvarez-del-R\u00edo 3\u00a0 Instituto de Investigaciones Psicol\u00f3gicas, Universidad Veracruzana, Veracruz, M\u00e9xico.2 Departamento de Psicolog\u00eda, Centro Estatal de Cancerolog\u00eda Dr. Miguel Dorantes Mesa, Veracruz, M\u00e9xico.3 Departmento de Psiquiatr\u00eda y Salud Mental, Facultad de Medicina, Universidad Nacional Aut\u00f3noma de M\u00e9xico, Ciudad\u2026","rel":"","context":"En &quot;Revista Salud Mental&quot;","img":{"alt_text":"","src":"https:\/\/i0.wp.com\/lafuente.mx\/wp-content\/uploads\/2024\/01\/adulto-mayor.png?fit=1120%2C832&ssl=1&resize=350%2C200","width":350,"height":200},"classes":[]},{"id":3464,"url":"https:\/\/lafuente.mx\/?p=3464","url_meta":{"origin":1933,"position":4},"title":"Batas blancas, cargas invisibles: hablemos de salud mental m\u00e9dica\u00a0","date":"noviembre 24, 2025","format":false,"excerpt":"Nov 3, 2025 | Academia\u00a0 El 28 de octubre se realiz\u00f3 una sesi\u00f3n m\u00e1s del foro Hablemos ClaraMENTE 2025, una iniciativa de la Coordinaci\u00f3n de Investigaci\u00f3n del Departamento de Psiquiatr\u00eda y Salud Mental (DPSM) de la Facultad de Medicina de la UNAM.\u00a0\u00a0 La doctora Ana Fres\u00e1n Orellana, investigadora en Ciencias\u2026","rel":"","context":"En &quot;Noticias&quot;","img":{"alt_text":"","src":"https:\/\/i0.wp.com\/lafuente.mx\/wp-content\/uploads\/2025\/11\/Captura-de-pantalla-2025-11-24-a-las-13.17.48.png?fit=1200%2C606&ssl=1&resize=350%2C200","width":350,"height":200},"classes":[]},{"id":2405,"url":"https:\/\/lafuente.mx\/?p=2405","url_meta":{"origin":1933,"position":5},"title":"Insomnio: intervenciones terap\u00e9uticas para su manejo","date":"junio 28, 2024","format":false,"excerpt":"CURSO EN L\u00cdNEA Inicio: 8 de julio \u00a0 Cierre: 19 de julio \u00a0 Dirigido a: Profesionales de la salud interesados en el abordaje terap\u00e9utico del insomnio \u00a0 Objetivo: Dirigir intervenciones terap\u00e9uticas, sea psicol\u00f3gicas o farmacol\u00f3gicas; mediante la detecci\u00f3n y diagn\u00f3stico del insomnio; basadas en la planeaci\u00f3n, aplicaci\u00f3n y vigilancia correspondiente\u2026","rel":"","context":"En &quot;Cursos en l\u00ednea&quot;","img":{"alt_text":"","src":"https:\/\/i0.wp.com\/lafuente.mx\/wp-content\/uploads\/2024\/06\/f800x450-714498_765944_4833.jpg?fit=800%2C450&ssl=1&resize=350%2C200","width":350,"height":200},"classes":[]}],"jetpack_sharing_enabled":true,"jetpack_shortlink":"https:\/\/wp.me\/pe9WUx-vb","_links":{"self":[{"href":"https:\/\/lafuente.mx\/index.php?rest_route=\/wp\/v2\/posts\/1933"}],"collection":[{"href":"https:\/\/lafuente.mx\/index.php?rest_route=\/wp\/v2\/posts"}],"about":[{"href":"https:\/\/lafuente.mx\/index.php?rest_route=\/wp\/v2\/types\/post"}],"author":[{"embeddable":true,"href":"https:\/\/lafuente.mx\/index.php?rest_route=\/wp\/v2\/users\/5"}],"replies":[{"embeddable":true,"href":"https:\/\/lafuente.mx\/index.php?rest_route=%2Fwp%2Fv2%2Fcomments&post=1933"}],"version-history":[{"count":6,"href":"https:\/\/lafuente.mx\/index.php?rest_route=\/wp\/v2\/posts\/1933\/revisions"}],"predecessor-version":[{"id":1944,"href":"https:\/\/lafuente.mx\/index.php?rest_route=\/wp\/v2\/posts\/1933\/revisions\/1944"}],"wp:featuredmedia":[{"embeddable":true,"href":"https:\/\/lafuente.mx\/index.php?rest_route=\/wp\/v2\/media\/1940"}],"wp:attachment":[{"href":"https:\/\/lafuente.mx\/index.php?rest_route=%2Fwp%2Fv2%2Fmedia&parent=1933"}],"wp:term":[{"taxonomy":"category","embeddable":true,"href":"https:\/\/lafuente.mx\/index.php?rest_route=%2Fwp%2Fv2%2Fcategories&post=1933"},{"taxonomy":"post_tag","embeddable":true,"href":"https:\/\/lafuente.mx\/index.php?rest_route=%2Fwp%2Fv2%2Ftags&post=1933"}],"curies":[{"name":"wp","href":"https:\/\/api.w.org\/{rel}","templated":true}]}}