{"id":1925,"date":"2023-12-07T19:11:42","date_gmt":"2023-12-07T19:11:42","guid":{"rendered":"https:\/\/lafuente.mx\/?p=1925"},"modified":"2023-12-07T20:46:19","modified_gmt":"2023-12-07T20:46:19","slug":"programa-de-atencion-en-salud-mental-para-personal-de-salud-paps","status":"publish","type":"post","link":"https:\/\/lafuente.mx\/?p=1925","title":{"rendered":"Programa de Atenci\u00f3n en Salud Mental para Personal de Salud (PAPS)"},"content":{"rendered":"\n<hr class=\"wp-block-separator aligncenter has-alpha-channel-opacity is-style-wide\"\/>\n\n\n<div class=\"wp-block-image\">\n<figure class=\"aligncenter size-large\"><img decoding=\"async\" loading=\"lazy\" width=\"640\" height=\"361\" src=\"https:\/\/i0.wp.com\/lafuente.mx\/wp-content\/uploads\/2023\/12\/PAPS-2-1024x578.jpg?resize=640%2C361&#038;ssl=1\" alt=\"\" class=\"wp-image-1927\" srcset=\"https:\/\/i0.wp.com\/lafuente.mx\/wp-content\/uploads\/2023\/12\/PAPS-2.jpg?resize=1024%2C578&amp;ssl=1 1024w, https:\/\/i0.wp.com\/lafuente.mx\/wp-content\/uploads\/2023\/12\/PAPS-2.jpg?resize=300%2C169&amp;ssl=1 300w, https:\/\/i0.wp.com\/lafuente.mx\/wp-content\/uploads\/2023\/12\/PAPS-2.jpg?resize=768%2C433&amp;ssl=1 768w, https:\/\/i0.wp.com\/lafuente.mx\/wp-content\/uploads\/2023\/12\/PAPS-2.jpg?w=1280&amp;ssl=1 1280w\" sizes=\"(max-width: 640px) 100vw, 640px\" data-recalc-dims=\"1\" \/><\/figure><\/div>\n\n\n<hr class=\"wp-block-separator aligncenter has-alpha-channel-opacity is-style-wide\"\/>\n\n\n\n<p><\/p>\n\n\n\n<p>\u25a0 Para personal de instituciones p\u00fablicas\u00a0<br>\u25a0 Trabajadores en contacto con pacientes\u00a0<br>\u25a0 Atenci\u00f3n psiqui\u00e1trica y\/o psicol\u00f3gica\u00a0<br>\u25a0 Gratuita\u00a0<br>\u25a0 Virtual o presencial\u00a0<\/p>\n\n\n\n<p><\/p>\n\n\n\n<div class=\"wp-block-buttons is-layout-flex wp-block-buttons-is-layout-flex\">\n<div class=\"wp-block-button\"><a class=\"wp-block-button__link has-background wp-element-button\" href=\"https:\/\/docs.google.com\/forms\/d\/e\/1FAIpQLSdWSN3g3SwRc8hZtSGX5r5BVcuzpFiOncZlMowuowYolE22Yw\/viewform?fbclid=IwAR2Ky8McFsuDJL30CO1FT-AEAVK0L5CLI073Q-9eHl8rMveIm_oEpKsHxQs\" style=\"background-color:#4ca0d1\" target=\"_blank\" rel=\"noreferrer noopener\">Solicita atenci\u00f3n en:<\/a><\/div>\n<\/div>\n","protected":false},"excerpt":{"rendered":"<p>\u25a0 Para personal de instituciones p\u00fablicas\u00a0\u25a0 Trabajadores en contacto con pacientes\u00a0\u25a0 Atenci\u00f3n psiqui\u00e1trica y\/o psicol\u00f3gica\u00a0\u25a0 Gratuita\u00a0\u25a0 Virtual o presencial\u00a0<\/p>\n","protected":false},"author":5,"featured_media":1929,"comment_status":"closed","ping_status":"closed","sticky":false,"template":"","format":"standard","meta":{"footnotes":"","jetpack_publicize_message":"","jetpack_is_tweetstorm":false,"jetpack_publicize_feature_enabled":true},"categories":[14],"tags":[522,521,477,32],"jetpack_publicize_connections":[],"yoast_head":"<!-- This site is optimized with the Yoast SEO plugin v19.4 - https:\/\/yoast.com\/wordpress\/plugins\/seo\/ -->\n<title>Programa de Atenci\u00f3n en Salud Mental para Personal de Salud (PAPS) -<\/title>\n<meta name=\"robots\" content=\"index, follow, max-snippet:-1, max-image-preview:large, max-video-preview:-1\" \/>\n<link rel=\"canonical\" href=\"https:\/\/lafuente.mx\/?p=1925\" \/>\n<meta property=\"og:locale\" content=\"es_MX\" \/>\n<meta property=\"og:type\" content=\"article\" \/>\n<meta property=\"og:title\" content=\"Programa de Atenci\u00f3n en Salud Mental para Personal de Salud (PAPS)\" \/>\n<meta property=\"og:description\" content=\"Programa de Atenci\u00f3n en Salud Mental para Personal de Salud (PAPS)\" \/>\n<meta property=\"og:url\" content=\"https:\/\/lafuente.mx\/?p=1925\" \/>\n<meta property=\"article:published_time\" content=\"2023-12-07T19:11:42+00:00\" \/>\n<meta property=\"article:modified_time\" content=\"2023-12-07T20:46:19+00:00\" \/>\n<meta property=\"og:image\" content=\"http:\/\/lafuente.mx\/wp-content\/uploads\/2023\/12\/PAPS-2.jpg\" \/>\n\t<meta property=\"og:image:width\" content=\"1280\" \/>\n\t<meta property=\"og:image:height\" content=\"722\" \/>\n\t<meta property=\"og:image:type\" content=\"image\/jpeg\" \/>\n<meta name=\"author\" content=\"Dar\u00edo Ram\u00edrez\" \/>\n<meta name=\"twitter:card\" content=\"summary_large_image\" \/>\n<meta name=\"twitter:title\" content=\"Programa de Atenci\u00f3n en Salud Mental para Personal de Salud (PAPS)\" \/>\n<meta name=\"twitter:description\" content=\"Programa de Atenci\u00f3n en Salud Mental para Personal de Salud (PAPS)\" \/>\n<meta name=\"twitter:image\" content=\"https:\/\/i0.wp.com\/lafuente.mx\/wp-content\/uploads\/2023\/12\/PAPS-2.jpg?fit=1280%2C722&ssl=1\" \/>\n<meta name=\"twitter:label1\" content=\"Escrito por\" \/>\n\t<meta name=\"twitter:data1\" content=\"Dar\u00edo Ram\u00edrez\" \/>\n<script type=\"application\/ld+json\" class=\"yoast-schema-graph\">{\"@context\":\"https:\/\/schema.org\",\"@graph\":[{\"@type\":\"WebSite\",\"@id\":\"https:\/\/lafuente.mx\/#website\",\"url\":\"https:\/\/lafuente.mx\/\",\"name\":\"\",\"description\":\"Informaci\u00f3n confiable sobre salud mental\",\"potentialAction\":[{\"@type\":\"SearchAction\",\"target\":{\"@type\":\"EntryPoint\",\"urlTemplate\":\"https:\/\/lafuente.mx\/?s={search_term_string}\"},\"query-input\":\"required name=search_term_string\"}],\"inLanguage\":\"es-MX\"},{\"@type\":\"WebPage\",\"@id\":\"https:\/\/lafuente.mx\/?p=1925\",\"url\":\"https:\/\/lafuente.mx\/?p=1925\",\"name\":\"Programa de Atenci\u00f3n en Salud Mental para Personal de Salud (PAPS) -\",\"isPartOf\":{\"@id\":\"https:\/\/lafuente.mx\/#website\"},\"datePublished\":\"2023-12-07T19:11:42+00:00\",\"dateModified\":\"2023-12-07T20:46:19+00:00\",\"author\":{\"@id\":\"https:\/\/lafuente.mx\/#\/schema\/person\/b9cc1ac3941245ec61c80638a92abfb6\"},\"breadcrumb\":{\"@id\":\"https:\/\/lafuente.mx\/?p=1925#breadcrumb\"},\"inLanguage\":\"es-MX\",\"potentialAction\":[{\"@type\":\"ReadAction\",\"target\":[\"https:\/\/lafuente.mx\/?p=1925\"]}]},{\"@type\":\"BreadcrumbList\",\"@id\":\"https:\/\/lafuente.mx\/?p=1925#breadcrumb\",\"itemListElement\":[{\"@type\":\"ListItem\",\"position\":1,\"name\":\"Inicio\",\"item\":\"https:\/\/lafuente.mx\/\"},{\"@type\":\"ListItem\",\"position\":2,\"name\":\"Programa de Atenci\u00f3n en Salud Mental para Personal de Salud (PAPS)\"}]},{\"@type\":\"Person\",\"@id\":\"https:\/\/lafuente.mx\/#\/schema\/person\/b9cc1ac3941245ec61c80638a92abfb6\",\"name\":\"Dar\u00edo Ram\u00edrez\",\"image\":{\"@type\":\"ImageObject\",\"inLanguage\":\"es-MX\",\"@id\":\"https:\/\/lafuente.mx\/#\/schema\/person\/image\/\",\"url\":\"https:\/\/secure.gravatar.com\/avatar\/bd5441528d8085d08a897e5789079259?s=96&d=mm&r=g\",\"contentUrl\":\"https:\/\/secure.gravatar.com\/avatar\/bd5441528d8085d08a897e5789079259?s=96&d=mm&r=g\",\"caption\":\"Dar\u00edo Ram\u00edrez\"},\"url\":\"https:\/\/lafuente.mx\/?author=5\"}]}<\/script>\n<!-- \/ Yoast SEO plugin. -->","yoast_head_json":{"title":"Programa de Atenci\u00f3n en Salud Mental para Personal de Salud (PAPS) -","robots":{"index":"index","follow":"follow","max-snippet":"max-snippet:-1","max-image-preview":"max-image-preview:large","max-video-preview":"max-video-preview:-1"},"canonical":"https:\/\/lafuente.mx\/?p=1925","og_locale":"es_MX","og_type":"article","og_title":"Programa de Atenci\u00f3n en Salud Mental para Personal de Salud (PAPS)","og_description":"Programa de Atenci\u00f3n en Salud Mental para Personal de Salud (PAPS)","og_url":"https:\/\/lafuente.mx\/?p=1925","article_published_time":"2023-12-07T19:11:42+00:00","article_modified_time":"2023-12-07T20:46:19+00:00","og_image":[{"width":1280,"height":722,"url":"http:\/\/lafuente.mx\/wp-content\/uploads\/2023\/12\/PAPS-2.jpg","type":"image\/jpeg"}],"author":"Dar\u00edo Ram\u00edrez","twitter_card":"summary_large_image","twitter_title":"Programa de Atenci\u00f3n en Salud Mental para Personal de Salud (PAPS)","twitter_description":"Programa de Atenci\u00f3n en Salud Mental para Personal de Salud (PAPS)","twitter_image":"https:\/\/i0.wp.com\/lafuente.mx\/wp-content\/uploads\/2023\/12\/PAPS-2.jpg?fit=1280%2C722&ssl=1","twitter_misc":{"Escrito por":"Dar\u00edo Ram\u00edrez"},"schema":{"@context":"https:\/\/schema.org","@graph":[{"@type":"WebSite","@id":"https:\/\/lafuente.mx\/#website","url":"https:\/\/lafuente.mx\/","name":"","description":"Informaci\u00f3n confiable sobre salud mental","potentialAction":[{"@type":"SearchAction","target":{"@type":"EntryPoint","urlTemplate":"https:\/\/lafuente.mx\/?s={search_term_string}"},"query-input":"required name=search_term_string"}],"inLanguage":"es-MX"},{"@type":"WebPage","@id":"https:\/\/lafuente.mx\/?p=1925","url":"https:\/\/lafuente.mx\/?p=1925","name":"Programa de Atenci\u00f3n en Salud Mental para Personal de Salud (PAPS) -","isPartOf":{"@id":"https:\/\/lafuente.mx\/#website"},"datePublished":"2023-12-07T19:11:42+00:00","dateModified":"2023-12-07T20:46:19+00:00","author":{"@id":"https:\/\/lafuente.mx\/#\/schema\/person\/b9cc1ac3941245ec61c80638a92abfb6"},"breadcrumb":{"@id":"https:\/\/lafuente.mx\/?p=1925#breadcrumb"},"inLanguage":"es-MX","potentialAction":[{"@type":"ReadAction","target":["https:\/\/lafuente.mx\/?p=1925"]}]},{"@type":"BreadcrumbList","@id":"https:\/\/lafuente.mx\/?p=1925#breadcrumb","itemListElement":[{"@type":"ListItem","position":1,"name":"Inicio","item":"https:\/\/lafuente.mx\/"},{"@type":"ListItem","position":2,"name":"Programa de Atenci\u00f3n en Salud Mental para Personal de Salud (PAPS)"}]},{"@type":"Person","@id":"https:\/\/lafuente.mx\/#\/schema\/person\/b9cc1ac3941245ec61c80638a92abfb6","name":"Dar\u00edo Ram\u00edrez","image":{"@type":"ImageObject","inLanguage":"es-MX","@id":"https:\/\/lafuente.mx\/#\/schema\/person\/image\/","url":"https:\/\/secure.gravatar.com\/avatar\/bd5441528d8085d08a897e5789079259?s=96&d=mm&r=g","contentUrl":"https:\/\/secure.gravatar.com\/avatar\/bd5441528d8085d08a897e5789079259?s=96&d=mm&r=g","caption":"Dar\u00edo Ram\u00edrez"},"url":"https:\/\/lafuente.mx\/?author=5"}]}},"jetpack_featured_media_url":"https:\/\/i0.wp.com\/lafuente.mx\/wp-content\/uploads\/2023\/12\/PAPS.jpg?fit=964%2C563&ssl=1","jetpack-related-posts":[{"id":312,"url":"https:\/\/lafuente.mx\/?p=312","url_meta":{"origin":1925,"position":0},"title":"Transforman 340 centros de atenci\u00f3n a adicciones en centros comunitarios de salud mental\u00a0","date":"agosto 30, 2022","format":false,"excerpt":"Por Dalila Sarabia\u00a0\u00a0 1 de junio, 2022\u00a0 Se ha capacitado en atenci\u00f3n a la salud mental y adicciones a 32 mil profesionales de la salud como m\u00e9dicos generales, enfermeras y trabajadores sociales, 8% del personal a capacitar.\u00a0 Como parte del nuevo modelo de atenci\u00f3n a la salud mental, que implica\u2026","rel":"","context":"En &quot;Noticias&quot;","img":{"alt_text":"","src":"https:\/\/i0.wp.com\/lafuente.mx\/wp-content\/uploads\/2022\/08\/Conversatorio_0004_DSC_0429-edited-e1661872224213.jpg?fit=523%2C450&ssl=1&resize=350%2C200","width":350,"height":200},"classes":[]},{"id":72,"url":"https:\/\/lafuente.mx\/?p=72","url_meta":{"origin":1925,"position":1},"title":"Programa de atenci\u00f3n en salud mental","date":"julio 29, 2022","format":false,"excerpt":"Para trabajadoras y trabajadores de Sector Salud, personal m\u00e9dico, enfermer\u00eda, param\u00e9dico, trabajo social, laboratorios, administrativo y dem\u00e1s servidores p\u00fablicos: ponemos a tu disposici\u00f3n espacios confidenciales y gratuitos para compartir y acompa\u00f1arnos.\u00a0\u00a0\u00a0\u00a0Esto puede ser de tu inter\u00e9s\u00a0\u00a0 \u2022 Intervenci\u00f3n en crisis\u2022 Manejo de enfermedades mentales\u00a0\u2022 Valoraci\u00f3n y riesgo de intento suicida\u2022\u2026","rel":"","context":"En &quot;Informaci\u00f3n de inter\u00e9s&quot;","img":{"alt_text":"crop unrecognizable female psychologist and patient discussing mental problems during session","src":"https:\/\/i0.wp.com\/lafuente.mx\/wp-content\/uploads\/2022\/07\/pexels-photo-7176319.jpeg?fit=1200%2C800&ssl=1&resize=350%2C200","width":350,"height":200},"classes":[]},{"id":1744,"url":"https:\/\/lafuente.mx\/?p=1744","url_meta":{"origin":1925,"position":2},"title":"Tema del D\u00eda Mundial de la Salud Mental","date":"octubre 10, 2023","format":false,"excerpt":"'LA SALUD MENTAL ES UN DERECHO HUMANO UNIVERSAL'\u00a0 El 10 de octubre de 2023 celebraremos el D\u00eda Mundial de la Salud Mental con el tema 'La salud mental es un derecho humano universal' elegido mediante una votaci\u00f3n global abierta al p\u00fablico, incluidos los miembros, las partes interesadas y los partidarios\u2026","rel":"","context":"En &quot;Efem\u00e9rides de Salud Mental&quot;","img":{"alt_text":"","src":"https:\/\/i0.wp.com\/lafuente.mx\/wp-content\/uploads\/2023\/09\/salud-mental2.jpeg?fit=1200%2C541&ssl=1&resize=350%2C200","width":350,"height":200},"classes":[]},{"id":3517,"url":"https:\/\/lafuente.mx\/?p=3517","url_meta":{"origin":1925,"position":3},"title":"\u00a1Feliz A\u00f1o Nuevo!","date":"diciembre 30, 2025","format":false,"excerpt":"Al cerrar este a\u00f1o, en el Instituto Nacional de Psiquiatr\u00eda Ram\u00f3n de la Fuente Mu\u00f1iz reafirmamos nuestro compromiso con la investigaci\u00f3n, la atenci\u00f3n y la formaci\u00f3n en salud mental. Gracias a quienes integran esta comunidad por su trabajo, \u00e9tica y vocaci\u00f3n. Al cerrar este a\u00f1o, en el Instituto Nacional de\u2026","rel":"","context":"En &quot;Todo&quot;","img":{"alt_text":"","src":"https:\/\/i0.wp.com\/lafuente.mx\/wp-content\/uploads\/2025\/12\/escudo-INPRFM-nieve.png?fit=1200%2C800&ssl=1&resize=350%2C200","width":350,"height":200},"classes":[]},{"id":2892,"url":"https:\/\/lafuente.mx\/?p=2892","url_meta":{"origin":1925,"position":4},"title":"Adaptaci\u00f3n y validaci\u00f3n de un instrumento para la medici\u00f3n del estigma hacia problemas de salud mental en ni\u00f1os entre profesionales de la salud\u00a0","date":"mayo 12, 2025","format":false,"excerpt":"Jorge Javier Caraveo-AnduagaDirecci\u00f3n de Investigaciones Epidemiol\u00f3gicas y Psicosociales, Instituto Nacional de Psiquiatr\u00eda Ram\u00f3n de la Fuente Mu\u00f1iz, Ciudad de M\u00e9xico, M\u00e9xico.\u00a0 Mart\u00ednez-V\u00e9lez NA.\u00a0Direcci\u00f3n de Investigaciones Epidemiol\u00f3gicas y Psicosociales, Instituto Nacional de Psiquiatr\u00eda Ram\u00f3n de la Fuente Mu\u00f1iz, Ciudad de M\u00e9xico, M\u00e9xico.\u00a0 Miriam Arroyo-BelmonteDirecci\u00f3n de Investigaciones Epidemiol\u00f3gicas y Psicosociales, Instituto Nacional\u2026","rel":"","context":"En &quot;Revista Salud Mental&quot;","img":{"alt_text":"","src":"https:\/\/i0.wp.com\/lafuente.mx\/wp-content\/uploads\/2025\/05\/Adaptacion-y-validacion-de-un-instrumento_Mesa-de-trabajo-1.jpg?fit=1200%2C613&ssl=1&resize=350%2C200","width":350,"height":200},"classes":[]},{"id":1283,"url":"https:\/\/lafuente.mx\/?p=1283","url_meta":{"origin":1925,"position":5},"title":"Se crea Comisi\u00f3n Nacional de Salud Mental y Adicciones por decreto publicado en el DOF\u00a0","date":"junio 9, 2023","format":false,"excerpt":"Fusiona atribuciones de las tres instancias rectoras en la materia\u00a0 Secretar\u00eda de Salud | 29 de mayo de 2023 | Nacional\u00a0 Con el objetivo de promover la salud mental y el bienestar integral de la poblaci\u00f3n, se public\u00f3 en el Diario Oficial de la Federaci\u00f3n (DOF) el decreto por el\u2026","rel":"","context":"En &quot;Noticias&quot;","img":{"alt_text":"","src":"https:\/\/i0.wp.com\/lafuente.mx\/wp-content\/uploads\/2023\/06\/secratrio-Salud.jpeg?fit=1200%2C800&ssl=1&resize=350%2C200","width":350,"height":200},"classes":[]}],"jetpack_sharing_enabled":true,"jetpack_shortlink":"https:\/\/wp.me\/pe9WUx-v3","_links":{"self":[{"href":"https:\/\/lafuente.mx\/index.php?rest_route=\/wp\/v2\/posts\/1925"}],"collection":[{"href":"https:\/\/lafuente.mx\/index.php?rest_route=\/wp\/v2\/posts"}],"about":[{"href":"https:\/\/lafuente.mx\/index.php?rest_route=\/wp\/v2\/types\/post"}],"author":[{"embeddable":true,"href":"https:\/\/lafuente.mx\/index.php?rest_route=\/wp\/v2\/users\/5"}],"replies":[{"embeddable":true,"href":"https:\/\/lafuente.mx\/index.php?rest_route=%2Fwp%2Fv2%2Fcomments&post=1925"}],"version-history":[{"count":4,"href":"https:\/\/lafuente.mx\/index.php?rest_route=\/wp\/v2\/posts\/1925\/revisions"}],"predecessor-version":[{"id":1932,"href":"https:\/\/lafuente.mx\/index.php?rest_route=\/wp\/v2\/posts\/1925\/revisions\/1932"}],"wp:featuredmedia":[{"embeddable":true,"href":"https:\/\/lafuente.mx\/index.php?rest_route=\/wp\/v2\/media\/1929"}],"wp:attachment":[{"href":"https:\/\/lafuente.mx\/index.php?rest_route=%2Fwp%2Fv2%2Fmedia&parent=1925"}],"wp:term":[{"taxonomy":"category","embeddable":true,"href":"https:\/\/lafuente.mx\/index.php?rest_route=%2Fwp%2Fv2%2Fcategories&post=1925"},{"taxonomy":"post_tag","embeddable":true,"href":"https:\/\/lafuente.mx\/index.php?rest_route=%2Fwp%2Fv2%2Ftags&post=1925"}],"curies":[{"name":"wp","href":"https:\/\/api.w.org\/{rel}","templated":true}]}}