{"id":1911,"date":"2023-11-30T20:41:53","date_gmt":"2023-11-30T20:41:53","guid":{"rendered":"https:\/\/lafuente.mx\/?p=1911"},"modified":"2023-11-30T20:41:53","modified_gmt":"2023-11-30T20:41:53","slug":"borrador-automatico-hay-interes-de-los-adultos-mexicanos-en-estar-preparados-en-caso-de-desarrollar-alzheimer-u-otra-demencia","status":"publish","type":"post","link":"https:\/\/lafuente.mx\/?p=1911","title":{"rendered":"\u00bfHay inter\u00e9s de los adultos mexicanos en estar preparados en caso de desarrollar Alzheimer u otra demencia?\u00a0"},"content":{"rendered":"\n<hr class=\"wp-block-separator has-text-color has-vivid-cyan-blue-color has-alpha-channel-opacity has-vivid-cyan-blue-background-color has-background is-style-wide\"\/>\n\n\n\n<p class=\"has-medium-font-size\"><strong>Ma. LuisaMarv\u00e1n,1Rosa LiliaCastillo-L\u00f3pez,2DennysOnofre-Corredor,<\/strong><br><strong>3IngridVargas-Huicochea,3Asunci\u00f3n\u00c1lvarez-del-R\u00edo 3\u00a0<\/strong><\/p>\n\n\n\n<p class=\"has-text-color has-small-font-size\" style=\"color:#394f5b\">1 Instituto de Investigaciones Psicol\u00f3gicas, Universidad Veracruzana, Veracruz, M\u00e9xico.&nbsp;<\/p>\n\n\n\n<p class=\"has-text-color has-small-font-size\" style=\"color:#394f5b\">2 Departamento de Psicolog\u00eda, Centro Estatal de Cancerolog\u00eda Dr. Miguel Dorantes Mesa, Veracruz, M\u00e9xico.&nbsp;<\/p>\n\n\n\n<p class=\"has-text-color has-small-font-size\" style=\"color:#394f5b\">3 Departmento de Psiquiatr\u00eda y Salud Mental, Facultad de Medicina, Universidad Nacional Aut\u00f3noma de M\u00e9xico, Ciudad de M\u00e9xico, M\u00e9xico\u00a0<\/p>\n\n\n\n<hr class=\"wp-block-separator has-text-color has-vivid-cyan-blue-color has-alpha-channel-opacity has-vivid-cyan-blue-background-color has-background\"\/>\n\n\n\n<figure class=\"wp-block-image size-full\"><img decoding=\"async\" loading=\"lazy\" width=\"640\" height=\"506\" src=\"https:\/\/i0.wp.com\/lafuente.mx\/wp-content\/uploads\/2023\/11\/alzheimer.jpeg?resize=640%2C506&#038;ssl=1\" alt=\"\" class=\"wp-image-1912\" srcset=\"https:\/\/i0.wp.com\/lafuente.mx\/wp-content\/uploads\/2023\/11\/alzheimer.jpeg?w=792&amp;ssl=1 792w, https:\/\/i0.wp.com\/lafuente.mx\/wp-content\/uploads\/2023\/11\/alzheimer.jpeg?resize=300%2C237&amp;ssl=1 300w, https:\/\/i0.wp.com\/lafuente.mx\/wp-content\/uploads\/2023\/11\/alzheimer.jpeg?resize=768%2C607&amp;ssl=1 768w\" sizes=\"(max-width: 640px) 100vw, 640px\" data-recalc-dims=\"1\" \/><\/figure>\n\n\n\n<p class=\"has-medium-font-size\"><strong>Introducci\u00f3n. <\/strong>La enfermedad de Alzheimer, as\u00ed como otras demencias, provocan un deterioro progresivo de las funciones cognitivas, impidiendo a los pacientes tomar decisiones y tener control sobre s\u00ed mismos en un estadio avanzado de la enfermedad.\u00a0<br><strong>\u00a0<br>Objetivo.<\/strong> Explorar algunas expectativas, deseos y preferencias en una muestra de adultos maduros en caso de que desarrollen Alzheimer u otra demencia.\u00a0<br><strong>\u00a0<br>M\u00e9todo.<\/strong> Encuestamos a 368 adultos mexicanos maduros sin demencia utilizando una encuesta grande creada por los autores y utilizada en un estudio anterior; Los datos se recolectaron en algunos lugares p\u00fablicos donde se invit\u00f3 a participar a personas maduras. La encuesta se realiz\u00f3 desde julio de 2019 hasta agosto de 2020.\u00a0<br>\u00a0<br><strong>Resultados.<\/strong> Aunque la mayor\u00eda de los participantes hab\u00edan considerado que podr\u00edan sufrir demencia en el futuro, menos de la mitad hab\u00edan comunicado sus deseos a sus familiares sobre futuros tratamientos m\u00e9dicos en caso de que ya no pudieran decidir por s\u00ed mismos; muy pocos hab\u00edan preparado una directiva anticipada por escrito. La mayor\u00eda de los participantes coincidieron en que los pacientes deben conocer su diagn\u00f3stico inicial, principalmente para poder prepararse. El principal motivo esgrimido por quienes preferir\u00edan ocultar el diagn\u00f3stico fue evitar el sufrimiento.\u00a0<br>\u00a0<br><strong>Discusi\u00f3n y conclusi\u00f3n.<\/strong> Nuestros resultados resaltan la necesidad de que los profesionales de la salud promuevan el debate con las personas sobre la posibilidad de sufrir demencia, as\u00ed como la importancia de tomar decisiones con antelaci\u00f3n y comunicarlas a sus familiares.\u00a0<\/p>\n\n\n\n<div class=\"wp-block-buttons is-layout-flex wp-block-buttons-is-layout-flex\">\n<div class=\"wp-block-button\"><a class=\"wp-block-button__link has-vivid-cyan-blue-background-color has-background wp-element-button\" href=\"http:\/\/www.revistasaludmental.mx\/index.php\/salud_mental\/article\/view\/SM.0185-3325.2023.039\/4280\">M\u00e1s informaci\u00f3n<\/a><\/div>\n<\/div>\n","protected":false},"excerpt":{"rendered":"<p>Ma. LuisaMarv\u00e1n,1Rosa LiliaCastillo-L\u00f3pez,2DennysOnofre-Corredor,3IngridVargas-Huicochea,3Asunci\u00f3n\u00c1lvarez-del-R\u00edo 3\u00a0 1 Instituto de Investigaciones Psicol\u00f3gicas, Universidad Veracruzana, Veracruz, M\u00e9xico.&nbsp; 2 Departamento de Psicolog\u00eda, Centro Estatal de Cancerolog\u00eda Dr. Miguel Dorantes Mesa,<\/p>\n","protected":false},"author":3,"featured_media":1912,"comment_status":"open","ping_status":"open","sticky":false,"template":"","format":"standard","meta":{"footnotes":"","jetpack_publicize_message":"","jetpack_is_tweetstorm":false,"jetpack_publicize_feature_enabled":true},"categories":[11],"tags":[445,515,516,500,21,32],"jetpack_publicize_connections":[],"yoast_head":"<!-- This site is optimized with the Yoast SEO plugin v19.4 - https:\/\/yoast.com\/wordpress\/plugins\/seo\/ -->\n<title>\u00bfHay inter\u00e9s de los adultos mexicanos en estar preparados en caso de desarrollar Alzheimer u otra demencia?\u00a0 -<\/title>\n<meta name=\"description\" content=\"La enfermedad de Alzheimer, as\u00ed como otras demencias, provocan un deterioro progresivo de las funciones cognitivas, impidiendo a los pacientes tomar decisiones y tener control sobre s\u00ed mismos en un estadio avanzado de la enfermedad.\u00a0\" \/>\n<meta name=\"robots\" content=\"index, follow, max-snippet:-1, max-image-preview:large, max-video-preview:-1\" \/>\n<link rel=\"canonical\" href=\"https:\/\/lafuente.mx\/?p=1911\" \/>\n<meta property=\"og:locale\" content=\"es_MX\" \/>\n<meta property=\"og:type\" content=\"article\" \/>\n<meta property=\"og:title\" content=\"\u00bfHay inter\u00e9s de los adultos mexicanos en estar preparados en caso de desarrollar Alzheimer u otra demencia?\u00a0\" \/>\n<meta property=\"og:description\" content=\"La enfermedad de Alzheimer, as\u00ed como otras demencias, provocan un deterioro progresivo de las funciones cognitivas, impidiendo a los pacientes tomar decisiones y tener control sobre s\u00ed mismos en un estadio avanzado de la enfermedad.\u00a0\" \/>\n<meta property=\"og:url\" content=\"https:\/\/lafuente.mx\/?p=1911\" \/>\n<meta property=\"article:published_time\" content=\"2023-11-30T20:41:53+00:00\" \/>\n<meta property=\"og:image\" content=\"http:\/\/lafuente.mx\/wp-content\/uploads\/2023\/11\/alzheimer.jpeg\" \/>\n\t<meta property=\"og:image:width\" content=\"792\" \/>\n\t<meta property=\"og:image:height\" content=\"626\" \/>\n\t<meta property=\"og:image:type\" content=\"image\/jpeg\" \/>\n<meta name=\"author\" content=\"Claudia Gallardo\" \/>\n<meta name=\"twitter:card\" content=\"summary_large_image\" \/>\n<meta name=\"twitter:title\" content=\"\u00bfHay inter\u00e9s de los adultos mexicanos en estar preparados en caso de desarrollar Alzheimer u otra demencia?\u00a0\" \/>\n<meta name=\"twitter:description\" content=\"La enfermedad de Alzheimer, as\u00ed como otras demencias, provocan un deterioro progresivo de las funciones cognitivas, impidiendo a los pacientes tomar decisiones y tener control sobre s\u00ed mismos en un estadio avanzado de la enfermedad.\u00a0\" \/>\n<meta name=\"twitter:image\" content=\"https:\/\/i0.wp.com\/lafuente.mx\/wp-content\/uploads\/2023\/11\/alzheimer.jpeg?fit=792%2C626&ssl=1\" \/>\n<meta name=\"twitter:label1\" content=\"Escrito por\" \/>\n\t<meta name=\"twitter:data1\" content=\"Claudia Gallardo\" \/>\n\t<meta name=\"twitter:label2\" content=\"Tiempo de lectura\" \/>\n\t<meta name=\"twitter:data2\" content=\"2 minutos\" \/>\n<script type=\"application\/ld+json\" class=\"yoast-schema-graph\">{\"@context\":\"https:\/\/schema.org\",\"@graph\":[{\"@type\":\"WebSite\",\"@id\":\"https:\/\/lafuente.mx\/#website\",\"url\":\"https:\/\/lafuente.mx\/\",\"name\":\"\",\"description\":\"Informaci\u00f3n confiable sobre salud mental\",\"potentialAction\":[{\"@type\":\"SearchAction\",\"target\":{\"@type\":\"EntryPoint\",\"urlTemplate\":\"https:\/\/lafuente.mx\/?s={search_term_string}\"},\"query-input\":\"required name=search_term_string\"}],\"inLanguage\":\"es-MX\"},{\"@type\":\"WebPage\",\"@id\":\"https:\/\/lafuente.mx\/?p=1911\",\"url\":\"https:\/\/lafuente.mx\/?p=1911\",\"name\":\"\u00bfHay inter\u00e9s de los adultos mexicanos en estar preparados en caso de desarrollar Alzheimer u otra demencia?\u00a0 -\",\"isPartOf\":{\"@id\":\"https:\/\/lafuente.mx\/#website\"},\"datePublished\":\"2023-11-30T20:41:53+00:00\",\"dateModified\":\"2023-11-30T20:41:53+00:00\",\"author\":{\"@id\":\"https:\/\/lafuente.mx\/#\/schema\/person\/603f3aa8e2f6f7879021ab722d39d6b0\"},\"description\":\"La enfermedad de Alzheimer, as\u00ed como otras demencias, provocan un deterioro progresivo de las funciones cognitivas, impidiendo a los pacientes tomar decisiones y tener control sobre s\u00ed mismos en un estadio avanzado de la enfermedad.\u00a0\",\"breadcrumb\":{\"@id\":\"https:\/\/lafuente.mx\/?p=1911#breadcrumb\"},\"inLanguage\":\"es-MX\",\"potentialAction\":[{\"@type\":\"ReadAction\",\"target\":[\"https:\/\/lafuente.mx\/?p=1911\"]}]},{\"@type\":\"BreadcrumbList\",\"@id\":\"https:\/\/lafuente.mx\/?p=1911#breadcrumb\",\"itemListElement\":[{\"@type\":\"ListItem\",\"position\":1,\"name\":\"Inicio\",\"item\":\"https:\/\/lafuente.mx\/\"},{\"@type\":\"ListItem\",\"position\":2,\"name\":\"\u00bfHay inter\u00e9s de los adultos mexicanos en estar preparados en caso de desarrollar Alzheimer u otra demencia?\u00a0\"}]},{\"@type\":\"Person\",\"@id\":\"https:\/\/lafuente.mx\/#\/schema\/person\/603f3aa8e2f6f7879021ab722d39d6b0\",\"name\":\"Claudia Gallardo\",\"image\":{\"@type\":\"ImageObject\",\"inLanguage\":\"es-MX\",\"@id\":\"https:\/\/lafuente.mx\/#\/schema\/person\/image\/\",\"url\":\"https:\/\/secure.gravatar.com\/avatar\/bfe9c966af1ccfb9d17bcdb9d04e8815?s=96&d=mm&r=g\",\"contentUrl\":\"https:\/\/secure.gravatar.com\/avatar\/bfe9c966af1ccfb9d17bcdb9d04e8815?s=96&d=mm&r=g\",\"caption\":\"Claudia Gallardo\"},\"url\":\"https:\/\/lafuente.mx\/?author=3\"}]}<\/script>\n<!-- \/ Yoast SEO plugin. -->","yoast_head_json":{"title":"\u00bfHay inter\u00e9s de los adultos mexicanos en estar preparados en caso de desarrollar Alzheimer u otra demencia?\u00a0 -","description":"La enfermedad de Alzheimer, as\u00ed como otras demencias, provocan un deterioro progresivo de las funciones cognitivas, impidiendo a los pacientes tomar decisiones y tener control sobre s\u00ed mismos en un estadio avanzado de la enfermedad.\u00a0","robots":{"index":"index","follow":"follow","max-snippet":"max-snippet:-1","max-image-preview":"max-image-preview:large","max-video-preview":"max-video-preview:-1"},"canonical":"https:\/\/lafuente.mx\/?p=1911","og_locale":"es_MX","og_type":"article","og_title":"\u00bfHay inter\u00e9s de los adultos mexicanos en estar preparados en caso de desarrollar Alzheimer u otra demencia?\u00a0","og_description":"La enfermedad de Alzheimer, as\u00ed como otras demencias, provocan un deterioro progresivo de las funciones cognitivas, impidiendo a los pacientes tomar decisiones y tener control sobre s\u00ed mismos en un estadio avanzado de la enfermedad.\u00a0","og_url":"https:\/\/lafuente.mx\/?p=1911","article_published_time":"2023-11-30T20:41:53+00:00","og_image":[{"width":792,"height":626,"url":"http:\/\/lafuente.mx\/wp-content\/uploads\/2023\/11\/alzheimer.jpeg","type":"image\/jpeg"}],"author":"Claudia Gallardo","twitter_card":"summary_large_image","twitter_title":"\u00bfHay inter\u00e9s de los adultos mexicanos en estar preparados en caso de desarrollar Alzheimer u otra demencia?\u00a0","twitter_description":"La enfermedad de Alzheimer, as\u00ed como otras demencias, provocan un deterioro progresivo de las funciones cognitivas, impidiendo a los pacientes tomar decisiones y tener control sobre s\u00ed mismos en un estadio avanzado de la enfermedad.\u00a0","twitter_image":"https:\/\/i0.wp.com\/lafuente.mx\/wp-content\/uploads\/2023\/11\/alzheimer.jpeg?fit=792%2C626&ssl=1","twitter_misc":{"Escrito por":"Claudia Gallardo","Tiempo de lectura":"2 minutos"},"schema":{"@context":"https:\/\/schema.org","@graph":[{"@type":"WebSite","@id":"https:\/\/lafuente.mx\/#website","url":"https:\/\/lafuente.mx\/","name":"","description":"Informaci\u00f3n confiable sobre salud mental","potentialAction":[{"@type":"SearchAction","target":{"@type":"EntryPoint","urlTemplate":"https:\/\/lafuente.mx\/?s={search_term_string}"},"query-input":"required name=search_term_string"}],"inLanguage":"es-MX"},{"@type":"WebPage","@id":"https:\/\/lafuente.mx\/?p=1911","url":"https:\/\/lafuente.mx\/?p=1911","name":"\u00bfHay inter\u00e9s de los adultos mexicanos en estar preparados en caso de desarrollar Alzheimer u otra demencia?\u00a0 -","isPartOf":{"@id":"https:\/\/lafuente.mx\/#website"},"datePublished":"2023-11-30T20:41:53+00:00","dateModified":"2023-11-30T20:41:53+00:00","author":{"@id":"https:\/\/lafuente.mx\/#\/schema\/person\/603f3aa8e2f6f7879021ab722d39d6b0"},"description":"La enfermedad de Alzheimer, as\u00ed como otras demencias, provocan un deterioro progresivo de las funciones cognitivas, impidiendo a los pacientes tomar decisiones y tener control sobre s\u00ed mismos en un estadio avanzado de la enfermedad.\u00a0","breadcrumb":{"@id":"https:\/\/lafuente.mx\/?p=1911#breadcrumb"},"inLanguage":"es-MX","potentialAction":[{"@type":"ReadAction","target":["https:\/\/lafuente.mx\/?p=1911"]}]},{"@type":"BreadcrumbList","@id":"https:\/\/lafuente.mx\/?p=1911#breadcrumb","itemListElement":[{"@type":"ListItem","position":1,"name":"Inicio","item":"https:\/\/lafuente.mx\/"},{"@type":"ListItem","position":2,"name":"\u00bfHay inter\u00e9s de los adultos mexicanos en estar preparados en caso de desarrollar Alzheimer u otra demencia?\u00a0"}]},{"@type":"Person","@id":"https:\/\/lafuente.mx\/#\/schema\/person\/603f3aa8e2f6f7879021ab722d39d6b0","name":"Claudia Gallardo","image":{"@type":"ImageObject","inLanguage":"es-MX","@id":"https:\/\/lafuente.mx\/#\/schema\/person\/image\/","url":"https:\/\/secure.gravatar.com\/avatar\/bfe9c966af1ccfb9d17bcdb9d04e8815?s=96&d=mm&r=g","contentUrl":"https:\/\/secure.gravatar.com\/avatar\/bfe9c966af1ccfb9d17bcdb9d04e8815?s=96&d=mm&r=g","caption":"Claudia Gallardo"},"url":"https:\/\/lafuente.mx\/?author=3"}]}},"jetpack_featured_media_url":"https:\/\/i0.wp.com\/lafuente.mx\/wp-content\/uploads\/2023\/11\/alzheimer.jpeg?fit=792%2C626&ssl=1","jetpack-related-posts":[{"id":2027,"url":"https:\/\/lafuente.mx\/?p=2027","url_meta":{"origin":1911,"position":0},"title":"\u00bfHay inter\u00e9s de los adultos mexicanos en estar preparados en caso de desarrollar Alzheimer u otra demencia?\u00a0","date":"enero 23, 2024","format":false,"excerpt":"Ma. Luisa Marv\u00e1n,1 Rosa Lilia Castillo-L\u00f3pez,2 Dennys Onofre-Corredor, 3 Ingrid Vargas-Huicochea,3 Asunci\u00f3n \u00c1lvarez-del-R\u00edo 3\u00a0 Instituto de Investigaciones Psicol\u00f3gicas, Universidad Veracruzana, Veracruz, M\u00e9xico.2 Departamento de Psicolog\u00eda, Centro Estatal de Cancerolog\u00eda Dr. Miguel Dorantes Mesa, Veracruz, M\u00e9xico.3 Departmento de Psiquiatr\u00eda y Salud Mental, Facultad de Medicina, Universidad Nacional Aut\u00f3noma de M\u00e9xico, Ciudad\u2026","rel":"","context":"En &quot;Revista Salud Mental&quot;","img":{"alt_text":"","src":"https:\/\/i0.wp.com\/lafuente.mx\/wp-content\/uploads\/2024\/01\/adulto-mayor.png?fit=1120%2C832&ssl=1&resize=350%2C200","width":350,"height":200},"classes":[]},{"id":1719,"url":"https:\/\/lafuente.mx\/?p=1719","url_meta":{"origin":1911,"position":1},"title":"D\u00eda Mundial del Alzheimer\u00a0\u00a0","date":"septiembre 21, 2023","format":false,"excerpt":"21 de septiembre\u00a0 Nunca demasiado temprano, nunca demasiado tarde: Mes Mundial del Alzheimer 2023\u00a0 El 21 de septiembre se celebra el D\u00eda Mundial del Alzheimer, proclamado por la Organizaci\u00f3n Mundial de la Salud (OMS) y auspiciado por Alzheimer's Disease International (ADI).\u00a0 La campa\u00f1a del Mes Mundial del Alzheimer 2023, 'Nunca\u2026","rel":"","context":"En &quot;Efem\u00e9rides de Salud Mental&quot;","img":{"alt_text":"","src":"https:\/\/i0.wp.com\/lafuente.mx\/wp-content\/uploads\/2023\/09\/Captura-de-Pantalla-2023-09-21-a-las-10.55.47.png?fit=1200%2C682&ssl=1&resize=350%2C200","width":350,"height":200},"classes":[]},{"id":2461,"url":"https:\/\/lafuente.mx\/?p=2461","url_meta":{"origin":1911,"position":2},"title":"D\u00eda Mundial del Cerebro \u00a0","date":"julio 22, 2024","format":false,"excerpt":"22 de julio Tiene como objetivo promover la concienciaci\u00f3n y la educaci\u00f3n sobre los trastornos neurol\u00f3gicos que afectan a personas de todo el mundo.\u00a0\u00a0 El D\u00eda Mundial del Cerebro 2024 (WBD 2024) est\u00e1 dedicado a la salud cerebral y la prevenci\u00f3n. La Federaci\u00f3n Mundial de Neurolog\u00eda (WFN) lidera\u00a0esta iniciativa en\u2026","rel":"","context":"En &quot;Efem\u00e9rides de Salud Mental&quot;","img":{"alt_text":"brain, heart, balance-3017071.jpg","src":"https:\/\/i0.wp.com\/lafuente.mx\/wp-content\/uploads\/2024\/07\/brain-heart-balance-3017071.png?fit=1200%2C1200&ssl=1&resize=350%2C200","width":350,"height":200},"classes":[]},{"id":1686,"url":"https:\/\/lafuente.mx\/?p=1686","url_meta":{"origin":1911,"position":3},"title":"\u00bfQu\u00e9 enfermedades afectan a la poblaci\u00f3n mexicana de edad avanzada?","date":"septiembre 8, 2023","format":false,"excerpt":"Caracter\u00edsticas cl\u00ednicas y sociodemogr\u00e1ficas de los pacientes de la cl\u00ednica psicogeri\u00e1trica del Instituto Nacional de Psiquiatr\u00eda\u00a0 Luis Fernando Collazos Marin, Guillermo Vel\u00e1zquez Lopez, Ismael Aguilar Salas\u00a0 Introducci\u00f3n. La transici\u00f3n demogr\u00e1fica y epidemiol\u00f3gica, as\u00ed como el envejecimiento de la poblaci\u00f3n, han cambiado la forma en que se trata a los adultos\u2026","rel":"","context":"En &quot;Revista Salud Mental&quot;","img":{"alt_text":"","src":"https:\/\/i0.wp.com\/lafuente.mx\/wp-content\/uploads\/2023\/09\/hombre-mayor-casual-casa-medico-edited-scaled.jpg?fit=1200%2C675&ssl=1&resize=350%2C200","width":350,"height":200},"classes":[]},{"id":3548,"url":"https:\/\/lafuente.mx\/?p=3548","url_meta":{"origin":1911,"position":4},"title":"La carga de cuidado entre los cuidadores de adultos mayores con enfermedad de Alzheimer perjudica su calidad de vida: un estudio transversal en Brasil\u00a0","date":"enero 20, 2026","format":false,"excerpt":"Chia\u00a0Chen Lin\u00a0 Departamento de Fisioterapia,\u00a0Universidade\u00a0Cesumar,\u00a0Maring\u00e1, Paran\u00e1, Brasil.\u00a0 Izabela\u00a0Vit\u00f3ria Pereira Marques\u00a0 Departamento de Fisioterapia,\u00a0Universidade\u00a0Cesumar,\u00a0Maring\u00e1, Paran\u00e1, Brasil.\u00a0 Jos\u00e9 Roberto Andrade do Nascimento\u00a0J\u00fanio\u00a0 Departamento de Educaci\u00f3n F\u00edsica,\u00a0Universidade\u00a0Federal do Vale do S\u00e3o Francisco,\u00a0Petrolina, Pernambuco, Brasil.\u00a0 Carolina\u00a0Rodrigues\u00a0Lyra\u00a0 Departamento de Fisioterapia,\u00a0Universidade\u00a0Cesumar,\u00a0Maring\u00e1, Paran\u00e1, Brasil.\u00a0 Eduardo\u00a0Quadros\u00a0da Silva\u00a0 Departamento de Educaci\u00f3n F\u00edsica,\u00a0Universidade\u00a0Federal do Vale do S\u00e3o Francisco,\u00a0Petrolina, Pernambuco, Brasil.\u00a0\u2026","rel":"","context":"En &quot;Revista Salud Mental&quot;","img":{"alt_text":"ai generated, man, masculine, face, beard, person, old, senior, thoughtful, think, grey-haired, charisma, expression, portrait-9416091.jpg","src":"https:\/\/i0.wp.com\/lafuente.mx\/wp-content\/uploads\/2026\/01\/ai-generated-man-masculine-face-beard-person-old-senior-thoughtful-think-grey-haired-charisma-expression-portrait-9416091.jpg?fit=1200%2C796&ssl=1&resize=350%2C200","width":350,"height":200},"classes":[]},{"id":2282,"url":"https:\/\/lafuente.mx\/?p=2282","url_meta":{"origin":1911,"position":5},"title":"\u00bfQu\u00e9 es Fibromialgia?\u00a0","date":"mayo 9, 2024","format":false,"excerpt":"La fibromialgia es un trastorno de dolor cr\u00f3nico (de larga duraci\u00f3n) caracterizado principalmente por dolor neurop\u00e1tico (que se siente como quemaz\u00f3n, ardor o choques el\u00e9ctricos) en cualquier parte del cuerpo y por una gran fatiga que no desaparece a\u00fan con el descanso\u00a0 Un corto sobre fibromialgia\u00a0 https:\/\/youtu.be\/vxixxlkh32Y?si=uRzAVJ_ayGMkuYig Otros s\u00edntomas son:\u00a0\u2026","rel":"","context":"En &quot;Informaci\u00f3n de inter\u00e9s&quot;","img":{"alt_text":"faces, woman, art-6254573.jpg","src":"https:\/\/i0.wp.com\/lafuente.mx\/wp-content\/uploads\/2024\/05\/faces-woman-art-6254573.jpg?fit=1200%2C1200&ssl=1&resize=350%2C200","width":350,"height":200},"classes":[]}],"jetpack_sharing_enabled":true,"jetpack_shortlink":"https:\/\/wp.me\/pe9WUx-uP","_links":{"self":[{"href":"https:\/\/lafuente.mx\/index.php?rest_route=\/wp\/v2\/posts\/1911"}],"collection":[{"href":"https:\/\/lafuente.mx\/index.php?rest_route=\/wp\/v2\/posts"}],"about":[{"href":"https:\/\/lafuente.mx\/index.php?rest_route=\/wp\/v2\/types\/post"}],"author":[{"embeddable":true,"href":"https:\/\/lafuente.mx\/index.php?rest_route=\/wp\/v2\/users\/3"}],"replies":[{"embeddable":true,"href":"https:\/\/lafuente.mx\/index.php?rest_route=%2Fwp%2Fv2%2Fcomments&post=1911"}],"version-history":[{"count":1,"href":"https:\/\/lafuente.mx\/index.php?rest_route=\/wp\/v2\/posts\/1911\/revisions"}],"predecessor-version":[{"id":1913,"href":"https:\/\/lafuente.mx\/index.php?rest_route=\/wp\/v2\/posts\/1911\/revisions\/1913"}],"wp:featuredmedia":[{"embeddable":true,"href":"https:\/\/lafuente.mx\/index.php?rest_route=\/wp\/v2\/media\/1912"}],"wp:attachment":[{"href":"https:\/\/lafuente.mx\/index.php?rest_route=%2Fwp%2Fv2%2Fmedia&parent=1911"}],"wp:term":[{"taxonomy":"category","embeddable":true,"href":"https:\/\/lafuente.mx\/index.php?rest_route=%2Fwp%2Fv2%2Fcategories&post=1911"},{"taxonomy":"post_tag","embeddable":true,"href":"https:\/\/lafuente.mx\/index.php?rest_route=%2Fwp%2Fv2%2Ftags&post=1911"}],"curies":[{"name":"wp","href":"https:\/\/api.w.org\/{rel}","templated":true}]}}