{"id":1903,"date":"2023-11-24T18:51:55","date_gmt":"2023-11-24T18:51:55","guid":{"rendered":"https:\/\/lafuente.mx\/?p=1903"},"modified":"2023-11-27T15:28:27","modified_gmt":"2023-11-27T15:28:27","slug":"compendio-de-guias-en-psiquiatria-ninos-y-adolescentes","status":"publish","type":"post","link":"https:\/\/lafuente.mx\/?p=1903","title":{"rendered":"Compendio de gu\u00edas en psiquiatr\u00eda ni\u00f1os y adolescentes\u00a0"},"content":{"rendered":"\n<p class=\"has-large-font-size\">Coordinador: Francisco R. de la Pe\u00f1a<\/p>\n\n\n\n<hr class=\"wp-block-separator aligncenter has-alpha-channel-opacity is-style-wide\"\/>\n\n\n<div class=\"wp-block-image\">\n<figure class=\"aligncenter size-large\"><img decoding=\"async\" loading=\"lazy\" width=\"640\" height=\"848\" src=\"https:\/\/i0.wp.com\/lafuente.mx\/wp-content\/uploads\/2023\/11\/largepreview-1-773x1024.png?resize=640%2C848&#038;ssl=1\" alt=\"\" class=\"wp-image-1905\" srcset=\"https:\/\/i0.wp.com\/lafuente.mx\/wp-content\/uploads\/2023\/11\/largepreview-1.png?resize=773%2C1024&amp;ssl=1 773w, https:\/\/i0.wp.com\/lafuente.mx\/wp-content\/uploads\/2023\/11\/largepreview-1.png?resize=226%2C300&amp;ssl=1 226w, https:\/\/i0.wp.com\/lafuente.mx\/wp-content\/uploads\/2023\/11\/largepreview-1.png?resize=768%2C1017&amp;ssl=1 768w, https:\/\/i0.wp.com\/lafuente.mx\/wp-content\/uploads\/2023\/11\/largepreview-1.png?w=850&amp;ssl=1 850w\" sizes=\"(max-width: 640px) 100vw, 640px\" data-recalc-dims=\"1\" \/><\/figure><\/div>\n\n\n<p>Los <strong>Compendios de gu\u00edas cl\u00ednicas en psiquiatr\u00eda<\/strong> representan una de las mejores y m\u00e1s actuales- alternativas para el correcto manejo de los trastornos psiqui\u00e1tricos del adulto y de la poblaci\u00f3n infantil. Rigurosos desde su estructura, los autores incluyeron para cada trastorno mental, sus principales caracter\u00edsticas cl\u00ednicas, su nosolog\u00eda y precisa ubicaci\u00f3n taxon\u00f3mica, intervenciones farmacol\u00f3gicas, intervenciones psicosociales, \u00e1rbol de decisiones y, en la mayor\u00eda de los casos, escalas de evaluaci\u00f3n. Este libro fue elaborado por expertos cl\u00ednicos de diversas instituciones de nuestro pa\u00eds que decidieron elaborar la mejor gu\u00eda posible en su \u00e1rea. La premisa fundamental fue integrar los conocimientos desarrollados en los \u00faltimos a\u00f1os, seleccionar las estrategias psicosociales y farmacol\u00f3gicas actuales conforme el m\u00e1s alto nivel de evidencia reportada para cada intervenci\u00f3n, priorizando los estudios metaanal\u00edticos y controlados existentes, de tal manera que las recomen- daciones fueran en su mayor\u00eda nivel A y\/o B, permitiendo a los autores incorporar sus decisiones solo cuando no existiera evidencia. Un par de verdaderas joyas para los cl\u00ednicos, los profesores y los estudiantes de la psiquiatr\u00eda rigurosa basada en la evidencia cient\u00edfica.&nbsp;<\/p>\n\n\n\n<hr class=\"wp-block-separator aligncenter has-text-color has-alpha-channel-opacity has-background is-style-wide\" style=\"background-color:#d5ea15;color:#d5ea15\"\/>\n\n\n\n<p>Publisher: APM Ediciones y Convenciones en Psiquiatria&nbsp;<\/p>\n\n\n\n<p>ISBN: 978-607-85 12-21-8&nbsp;<\/p>\n\n\n\n<hr class=\"wp-block-separator aligncenter has-alpha-channel-opacity is-style-wide\"\/>\n\n\n\n<div class=\"wp-block-buttons is-layout-flex wp-block-buttons-is-layout-flex\">\n<div class=\"wp-block-button\"><a class=\"wp-block-button__link wp-element-button\" href=\"https:\/\/psiquiatrasapm.org.mx\/libros\/\" target=\"_blank\" rel=\"noreferrer noopener\">M\u00e1s informaci\u00f3n aqu\u00ed<\/a><\/div>\n<\/div>\n","protected":false},"excerpt":{"rendered":"<p>Coordinador: Francisco R. de la Pe\u00f1a Los Compendios de gu\u00edas cl\u00ednicas en psiquiatr\u00eda representan una de las mejores y m\u00e1s actuales- alternativas para el correcto<\/p>\n","protected":false},"author":5,"featured_media":1905,"comment_status":"closed","ping_status":"closed","sticky":false,"template":"","format":"standard","meta":{"footnotes":"","jetpack_publicize_message":"","jetpack_is_tweetstorm":false,"jetpack_publicize_feature_enabled":true},"categories":[10],"tags":[66,514,513,21,157,397],"jetpack_publicize_connections":[],"yoast_head":"<!-- This site is optimized with the Yoast SEO plugin v19.4 - https:\/\/yoast.com\/wordpress\/plugins\/seo\/ -->\n<title>Compendio de gu\u00edas en psiquiatr\u00eda ni\u00f1os y adolescentes\u00a0 -<\/title>\n<meta name=\"description\" content=\"Compendio de gu\u00edas en psiquiatr\u00eda ni\u00f1os y adolescentes\" \/>\n<meta name=\"robots\" content=\"index, follow, max-snippet:-1, max-image-preview:large, max-video-preview:-1\" \/>\n<link rel=\"canonical\" href=\"https:\/\/lafuente.mx\/?p=1903\" \/>\n<meta property=\"og:locale\" content=\"es_MX\" \/>\n<meta property=\"og:type\" content=\"article\" \/>\n<meta property=\"og:title\" content=\"Compendio de gu\u00edas en psiquiatr\u00eda ni\u00f1os y adolescentes\" \/>\n<meta property=\"og:description\" content=\"Compendio de gu\u00edas en psiquiatr\u00eda ni\u00f1os y adolescentes\" \/>\n<meta property=\"og:url\" content=\"https:\/\/lafuente.mx\/?p=1903\" \/>\n<meta property=\"article:published_time\" content=\"2023-11-24T18:51:55+00:00\" \/>\n<meta property=\"article:modified_time\" content=\"2023-11-27T15:28:27+00:00\" \/>\n<meta property=\"og:image\" content=\"http:\/\/lafuente.mx\/wp-content\/uploads\/2023\/11\/largepreview-1.png\" \/>\n\t<meta property=\"og:image:width\" content=\"850\" \/>\n\t<meta property=\"og:image:height\" content=\"1126\" \/>\n\t<meta property=\"og:image:type\" content=\"image\/png\" \/>\n<meta name=\"author\" content=\"Dar\u00edo Ram\u00edrez\" \/>\n<meta name=\"twitter:card\" content=\"summary_large_image\" \/>\n<meta name=\"twitter:title\" content=\"Compendio de gu\u00edas en psiquiatr\u00eda ni\u00f1os y adolescentes\" \/>\n<meta name=\"twitter:description\" content=\"Compendio de gu\u00edas en psiquiatr\u00eda ni\u00f1os y adolescentes\" \/>\n<meta name=\"twitter:image\" content=\"https:\/\/i0.wp.com\/lafuente.mx\/wp-content\/uploads\/2023\/11\/largepreview-1.png?fit=850%2C1126&ssl=1\" \/>\n<meta name=\"twitter:label1\" content=\"Escrito por\" \/>\n\t<meta name=\"twitter:data1\" content=\"Dar\u00edo Ram\u00edrez\" \/>\n\t<meta name=\"twitter:label2\" content=\"Tiempo de lectura\" \/>\n\t<meta name=\"twitter:data2\" content=\"1 minuto\" \/>\n<script type=\"application\/ld+json\" class=\"yoast-schema-graph\">{\"@context\":\"https:\/\/schema.org\",\"@graph\":[{\"@type\":\"WebSite\",\"@id\":\"https:\/\/lafuente.mx\/#website\",\"url\":\"https:\/\/lafuente.mx\/\",\"name\":\"\",\"description\":\"Informaci\u00f3n confiable sobre salud mental\",\"potentialAction\":[{\"@type\":\"SearchAction\",\"target\":{\"@type\":\"EntryPoint\",\"urlTemplate\":\"https:\/\/lafuente.mx\/?s={search_term_string}\"},\"query-input\":\"required name=search_term_string\"}],\"inLanguage\":\"es-MX\"},{\"@type\":\"WebPage\",\"@id\":\"https:\/\/lafuente.mx\/?p=1903\",\"url\":\"https:\/\/lafuente.mx\/?p=1903\",\"name\":\"Compendio de gu\u00edas en psiquiatr\u00eda ni\u00f1os y adolescentes\u00a0 -\",\"isPartOf\":{\"@id\":\"https:\/\/lafuente.mx\/#website\"},\"datePublished\":\"2023-11-24T18:51:55+00:00\",\"dateModified\":\"2023-11-27T15:28:27+00:00\",\"author\":{\"@id\":\"https:\/\/lafuente.mx\/#\/schema\/person\/b9cc1ac3941245ec61c80638a92abfb6\"},\"description\":\"Compendio de gu\u00edas en psiquiatr\u00eda ni\u00f1os y adolescentes\",\"breadcrumb\":{\"@id\":\"https:\/\/lafuente.mx\/?p=1903#breadcrumb\"},\"inLanguage\":\"es-MX\",\"potentialAction\":[{\"@type\":\"ReadAction\",\"target\":[\"https:\/\/lafuente.mx\/?p=1903\"]}]},{\"@type\":\"BreadcrumbList\",\"@id\":\"https:\/\/lafuente.mx\/?p=1903#breadcrumb\",\"itemListElement\":[{\"@type\":\"ListItem\",\"position\":1,\"name\":\"Inicio\",\"item\":\"https:\/\/lafuente.mx\/\"},{\"@type\":\"ListItem\",\"position\":2,\"name\":\"Compendio de gu\u00edas en psiquiatr\u00eda ni\u00f1os y adolescentes\u00a0\"}]},{\"@type\":\"Person\",\"@id\":\"https:\/\/lafuente.mx\/#\/schema\/person\/b9cc1ac3941245ec61c80638a92abfb6\",\"name\":\"Dar\u00edo Ram\u00edrez\",\"image\":{\"@type\":\"ImageObject\",\"inLanguage\":\"es-MX\",\"@id\":\"https:\/\/lafuente.mx\/#\/schema\/person\/image\/\",\"url\":\"https:\/\/secure.gravatar.com\/avatar\/bd5441528d8085d08a897e5789079259?s=96&d=mm&r=g\",\"contentUrl\":\"https:\/\/secure.gravatar.com\/avatar\/bd5441528d8085d08a897e5789079259?s=96&d=mm&r=g\",\"caption\":\"Dar\u00edo Ram\u00edrez\"},\"url\":\"https:\/\/lafuente.mx\/?author=5\"}]}<\/script>\n<!-- \/ Yoast SEO plugin. -->","yoast_head_json":{"title":"Compendio de gu\u00edas en psiquiatr\u00eda ni\u00f1os y adolescentes\u00a0 -","description":"Compendio de gu\u00edas en psiquiatr\u00eda ni\u00f1os y adolescentes","robots":{"index":"index","follow":"follow","max-snippet":"max-snippet:-1","max-image-preview":"max-image-preview:large","max-video-preview":"max-video-preview:-1"},"canonical":"https:\/\/lafuente.mx\/?p=1903","og_locale":"es_MX","og_type":"article","og_title":"Compendio de gu\u00edas en psiquiatr\u00eda ni\u00f1os y adolescentes","og_description":"Compendio de gu\u00edas en psiquiatr\u00eda ni\u00f1os y adolescentes","og_url":"https:\/\/lafuente.mx\/?p=1903","article_published_time":"2023-11-24T18:51:55+00:00","article_modified_time":"2023-11-27T15:28:27+00:00","og_image":[{"width":850,"height":1126,"url":"http:\/\/lafuente.mx\/wp-content\/uploads\/2023\/11\/largepreview-1.png","type":"image\/png"}],"author":"Dar\u00edo Ram\u00edrez","twitter_card":"summary_large_image","twitter_title":"Compendio de gu\u00edas en psiquiatr\u00eda ni\u00f1os y adolescentes","twitter_description":"Compendio de gu\u00edas en psiquiatr\u00eda ni\u00f1os y adolescentes","twitter_image":"https:\/\/i0.wp.com\/lafuente.mx\/wp-content\/uploads\/2023\/11\/largepreview-1.png?fit=850%2C1126&ssl=1","twitter_misc":{"Escrito por":"Dar\u00edo Ram\u00edrez","Tiempo de lectura":"1 minuto"},"schema":{"@context":"https:\/\/schema.org","@graph":[{"@type":"WebSite","@id":"https:\/\/lafuente.mx\/#website","url":"https:\/\/lafuente.mx\/","name":"","description":"Informaci\u00f3n confiable sobre salud mental","potentialAction":[{"@type":"SearchAction","target":{"@type":"EntryPoint","urlTemplate":"https:\/\/lafuente.mx\/?s={search_term_string}"},"query-input":"required name=search_term_string"}],"inLanguage":"es-MX"},{"@type":"WebPage","@id":"https:\/\/lafuente.mx\/?p=1903","url":"https:\/\/lafuente.mx\/?p=1903","name":"Compendio de gu\u00edas en psiquiatr\u00eda ni\u00f1os y adolescentes\u00a0 -","isPartOf":{"@id":"https:\/\/lafuente.mx\/#website"},"datePublished":"2023-11-24T18:51:55+00:00","dateModified":"2023-11-27T15:28:27+00:00","author":{"@id":"https:\/\/lafuente.mx\/#\/schema\/person\/b9cc1ac3941245ec61c80638a92abfb6"},"description":"Compendio de gu\u00edas en psiquiatr\u00eda ni\u00f1os y adolescentes","breadcrumb":{"@id":"https:\/\/lafuente.mx\/?p=1903#breadcrumb"},"inLanguage":"es-MX","potentialAction":[{"@type":"ReadAction","target":["https:\/\/lafuente.mx\/?p=1903"]}]},{"@type":"BreadcrumbList","@id":"https:\/\/lafuente.mx\/?p=1903#breadcrumb","itemListElement":[{"@type":"ListItem","position":1,"name":"Inicio","item":"https:\/\/lafuente.mx\/"},{"@type":"ListItem","position":2,"name":"Compendio de gu\u00edas en psiquiatr\u00eda ni\u00f1os y adolescentes\u00a0"}]},{"@type":"Person","@id":"https:\/\/lafuente.mx\/#\/schema\/person\/b9cc1ac3941245ec61c80638a92abfb6","name":"Dar\u00edo Ram\u00edrez","image":{"@type":"ImageObject","inLanguage":"es-MX","@id":"https:\/\/lafuente.mx\/#\/schema\/person\/image\/","url":"https:\/\/secure.gravatar.com\/avatar\/bd5441528d8085d08a897e5789079259?s=96&d=mm&r=g","contentUrl":"https:\/\/secure.gravatar.com\/avatar\/bd5441528d8085d08a897e5789079259?s=96&d=mm&r=g","caption":"Dar\u00edo Ram\u00edrez"},"url":"https:\/\/lafuente.mx\/?author=5"}]}},"jetpack_featured_media_url":"https:\/\/i0.wp.com\/lafuente.mx\/wp-content\/uploads\/2023\/11\/largepreview-1.png?fit=850%2C1126&ssl=1","jetpack-related-posts":[{"id":2365,"url":"https:\/\/lafuente.mx\/?p=2365","url_meta":{"origin":1903,"position":0},"title":"Trastorno Bipolar en Ni\u00f1os y\u00a0 Adolescentes\u00a0","date":"junio 19, 2024","format":false,"excerpt":"GU\u00cdAS CL\u00cdNICAS\u00a0 INTRODUCCI\u00d3N\u00a0 El Trastorno Bipolar, antiguamente conocido como enfermedad maniaco depresiva, es un trastorno del estado del \u00e1nimo, en el que se presentan fases de depresi\u00f3n con otras de euforia. Es una de las psicopatolog\u00edas menos frecuentes en la Infancia, debido en parte a que durante muchos a\u00f1os se\u2026","rel":"","context":"En &quot;Publicaciones&quot;","img":{"alt_text":"","src":"https:\/\/i0.wp.com\/lafuente.mx\/wp-content\/uploads\/2024\/06\/Captura-de-pantalla-2024-06-19-a-las-12.27.32.png?fit=868%2C864&ssl=1&resize=350%2C200","width":350,"height":200},"classes":[]},{"id":770,"url":"https:\/\/lafuente.mx\/?p=770","url_meta":{"origin":1903,"position":1},"title":"Tratamientos coadyuvantes para los trastornos del Neurodesarrollo","date":"febrero 10, 2023","format":false,"excerpt":"Francisco R. de la Pe\u00f1a Olvera Rese\u00f1a. En la actualidad existen diversas opciones de tratamiento e intervenciones para los trastornos\u00a0 del neurodesarrollo (TND), grupo de condiciones cl\u00ednicas y casualmente distintas con d\u00e9ficits y\/o\u00a0 alteraciones en el desarrollo y en el funcionamiento, si bien, en el caso de los trastornos del\u2026","rel":"","context":"En &quot;Publicaciones&quot;","img":{"alt_text":"","src":"https:\/\/i0.wp.com\/lafuente.mx\/wp-content\/uploads\/2023\/02\/Sin-titulo-1_Mesa-de-trabajo-1.png?fit=1200%2C777&ssl=1&resize=350%2C200","width":350,"height":200},"classes":[]},{"id":3619,"url":"https:\/\/lafuente.mx\/?p=3619","url_meta":{"origin":1903,"position":2},"title":"Hallazgos sobre perfil metab\u00f3lico y psicopatolog\u00eda en adolescentes\u00a0","date":"marzo 30, 2026","format":false,"excerpt":"Feb 26, 2026 |\u00a0Academia\u00a0 \u201cEl perfil metab\u00f3lico nos abre el panorama en torno a la investigaci\u00f3n de nuevos marcadores asociados a la patolog\u00eda psiqui\u00e1trica. Entender la enfermedad mental como un constructo dimensional nos ayuda a tener una visi\u00f3n m\u00e1s integral de la psiquiatr\u00eda\u201d, afirm\u00f3 el doctor Cristian Hern\u00e1ndez Alba, residente\u2026","rel":"","context":"En &quot;Noticias&quot;","img":{"alt_text":"","src":"https:\/\/i0.wp.com\/lafuente.mx\/wp-content\/uploads\/2023\/01\/adolescentes_.png?fit=660%2C444&ssl=1&resize=350%2C200","width":350,"height":200},"classes":[]},{"id":1598,"url":"https:\/\/lafuente.mx\/?p=1598","url_meta":{"origin":1903,"position":3},"title":"Especializaci\u00f3n en Psiquiatr\u00eda Infantil y de la Adolescencia","date":"agosto 14, 2023","format":false,"excerpt":"El Instituto Nacional de Psiquiatr\u00eda Ram\u00f3n de la Fuente Mu\u00f1iz ofrece dos\u00a0 plazas para realizar la Especializaci\u00f3n en Psiquiatr\u00eda Infantil y de la Adolescencia\u00a0 Objetivo\u00a0 Formar psiquiatras especialistas en ni\u00f1as, ni\u00f1os y adolescentes que sean capaces de aplicar el conocimiento cient\u00edfico actual para identificar, realizar intervenciones preventivas y brindar atenci\u00f3n\u2026","rel":"","context":"En &quot;Cursos&quot;","img":{"alt_text":"","src":"https:\/\/i0.wp.com\/lafuente.mx\/wp-content\/uploads\/2023\/08\/Captura-de-Pantalla-2023-08-10-a-las-11.43.11.png?fit=642%2C858&ssl=1&resize=350%2C200","width":350,"height":200},"classes":[]},{"id":1964,"url":"https:\/\/lafuente.mx\/?p=1964","url_meta":{"origin":1903,"position":4},"title":"Psiquiatr\u00eda Infantil y de la Adolescencia para Profesionales de la Salud\u00a0","date":"diciembre 19, 2023","format":false,"excerpt":"ISBN\u00a0978-607-8827-43-5\u00a0Autor: Cort\u00e9s Meda, Gabriela Mar\u00eda\u00a0 Cort\u00e9s Morelos, Jaqueline\u00a0, De la Pe\u00f1a Olvera, Francisco Rafael\u00a0 Katz Guss, Gregorio\u00a0, P\u00e9rez Escobedo, Valent\u00edn Rafael\u00a0 Vargas Rizo, Tania Lucila, Navarro Luna, Enrique\u00a0 Nogales Imaca, Alejandrina In\u00e9s\u00a0 Sarmiento Hern\u00e1ndez, Emmanuel Isa\u00edas\u00a0 Guzm\u00e1n Res\u00e9ndiz, Miriam, Novelo Del Valle, Adri\u00e1n Iv\u00e1n\u00a0 Astudillo Garc\u00eda, Claudia I veth\u00a0, Fristsche\u2026","rel":"","context":"En &quot;Publicaciones&quot;","img":{"alt_text":"","src":"https:\/\/i0.wp.com\/lafuente.mx\/wp-content\/uploads\/2023\/12\/Captura-de-Pantalla-2023-12-18-a-las-10.28.21.png?fit=847%2C1200&ssl=1&resize=350%2C200","width":350,"height":200},"classes":[]},{"id":731,"url":"https:\/\/lafuente.mx\/?p=731","url_meta":{"origin":1903,"position":5},"title":"Los estilos de apego predicen los rasgos de personalidad seg\u00fan un estudio piloto de pacientes con trastornos de ansiedad y del estado de \u00e1nimo\u00a0","date":"febrero 2, 2023","format":false,"excerpt":"V\u00edctor Israel Cervera-Sol\u00eds (1), Manuel Alejandro Mu\u00f1oz Su\u00e1rez (2), Jos\u00e9 Francisco Cort\u00e9s Sotres (3), Jos\u00e9 Octavio Hern\u00e1ndez Lagunas (4), Adriana D\u00edaz-Anzald\u00faa (4) Direcci\u00f3n de Servicios Cl\u00ednicos, Instituto Nacional de Psiquiatr\u00eda Ram\u00f3n de la Fuente Mu\u00f1iz, Ciudad de M\u00e9xico, M\u00e9xico.\u00a0 Hospitalizaci\u00f3n y APC, Direcci\u00f3n de Servicios Cl\u00ednicos, Instituto Nacional de Psiquiatr\u00eda\u2026","rel":"","context":"En &quot;Revista Salud Mental&quot;","img":{"alt_text":"mother, son, bubbles-2935723.jpg","src":"https:\/\/i0.wp.com\/lafuente.mx\/wp-content\/uploads\/2023\/02\/mother-son-bubbles-2935723.jpg?fit=1200%2C675&ssl=1&resize=350%2C200","width":350,"height":200},"classes":[]}],"jetpack_sharing_enabled":true,"jetpack_shortlink":"https:\/\/wp.me\/pe9WUx-uH","_links":{"self":[{"href":"https:\/\/lafuente.mx\/index.php?rest_route=\/wp\/v2\/posts\/1903"}],"collection":[{"href":"https:\/\/lafuente.mx\/index.php?rest_route=\/wp\/v2\/posts"}],"about":[{"href":"https:\/\/lafuente.mx\/index.php?rest_route=\/wp\/v2\/types\/post"}],"author":[{"embeddable":true,"href":"https:\/\/lafuente.mx\/index.php?rest_route=\/wp\/v2\/users\/5"}],"replies":[{"embeddable":true,"href":"https:\/\/lafuente.mx\/index.php?rest_route=%2Fwp%2Fv2%2Fcomments&post=1903"}],"version-history":[{"count":3,"href":"https:\/\/lafuente.mx\/index.php?rest_route=\/wp\/v2\/posts\/1903\/revisions"}],"predecessor-version":[{"id":1909,"href":"https:\/\/lafuente.mx\/index.php?rest_route=\/wp\/v2\/posts\/1903\/revisions\/1909"}],"wp:featuredmedia":[{"embeddable":true,"href":"https:\/\/lafuente.mx\/index.php?rest_route=\/wp\/v2\/media\/1905"}],"wp:attachment":[{"href":"https:\/\/lafuente.mx\/index.php?rest_route=%2Fwp%2Fv2%2Fmedia&parent=1903"}],"wp:term":[{"taxonomy":"category","embeddable":true,"href":"https:\/\/lafuente.mx\/index.php?rest_route=%2Fwp%2Fv2%2Fcategories&post=1903"},{"taxonomy":"post_tag","embeddable":true,"href":"https:\/\/lafuente.mx\/index.php?rest_route=%2Fwp%2Fv2%2Ftags&post=1903"}],"curies":[{"name":"wp","href":"https:\/\/api.w.org\/{rel}","templated":true}]}}