{"id":1893,"date":"2023-11-22T18:42:37","date_gmt":"2023-11-22T18:42:37","guid":{"rendered":"https:\/\/lafuente.mx\/?p=1893"},"modified":"2023-11-22T18:42:39","modified_gmt":"2023-11-22T18:42:39","slug":"legislacion-chilena-de-neuroderechos-y-su-relevancia-para-la-salud-mental-criticas-y-perspectivas","status":"publish","type":"post","link":"https:\/\/lafuente.mx\/?p=1893","title":{"rendered":"Legislaci\u00f3n chilena de neuroderechos y su relevancia para la salud mental: cr\u00edticas y perspectivas\u00a0"},"content":{"rendered":"\n<p class=\"has-medium-font-size\"><strong>Isabel Cornejo-Plaza\u00a0<\/strong><\/p>\n\n\n\n<hr class=\"wp-block-separator aligncenter has-alpha-channel-opacity is-style-wide\"\/>\n\n\n<div class=\"wp-block-image\">\n<figure class=\"aligncenter size-large\"><img decoding=\"async\" loading=\"lazy\" width=\"640\" height=\"360\" src=\"https:\/\/i0.wp.com\/lafuente.mx\/wp-content\/uploads\/2023\/11\/primer-plano-mazo-jueces-edited-scaled.jpg?resize=640%2C360&#038;ssl=1\" alt=\"\" class=\"wp-image-1895\" srcset=\"https:\/\/i0.wp.com\/lafuente.mx\/wp-content\/uploads\/2023\/11\/primer-plano-mazo-jueces-edited-scaled.jpg?w=2560&amp;ssl=1 2560w, https:\/\/i0.wp.com\/lafuente.mx\/wp-content\/uploads\/2023\/11\/primer-plano-mazo-jueces-edited-scaled.jpg?resize=300%2C169&amp;ssl=1 300w, https:\/\/i0.wp.com\/lafuente.mx\/wp-content\/uploads\/2023\/11\/primer-plano-mazo-jueces-edited-scaled.jpg?resize=1024%2C576&amp;ssl=1 1024w, https:\/\/i0.wp.com\/lafuente.mx\/wp-content\/uploads\/2023\/11\/primer-plano-mazo-jueces-edited-scaled.jpg?resize=768%2C432&amp;ssl=1 768w, https:\/\/i0.wp.com\/lafuente.mx\/wp-content\/uploads\/2023\/11\/primer-plano-mazo-jueces-edited-scaled.jpg?resize=1536%2C863&amp;ssl=1 1536w, https:\/\/i0.wp.com\/lafuente.mx\/wp-content\/uploads\/2023\/11\/primer-plano-mazo-jueces-edited-scaled.jpg?resize=2048%2C1151&amp;ssl=1 2048w, https:\/\/i0.wp.com\/lafuente.mx\/wp-content\/uploads\/2023\/11\/primer-plano-mazo-jueces-edited-scaled.jpg?w=1280 1280w, https:\/\/i0.wp.com\/lafuente.mx\/wp-content\/uploads\/2023\/11\/primer-plano-mazo-jueces-edited-scaled.jpg?w=1920 1920w\" sizes=\"(max-width: 640px) 100vw, 640px\" data-recalc-dims=\"1\" \/><\/figure><\/div>\n\n\n<hr class=\"wp-block-separator aligncenter has-alpha-channel-opacity is-style-wide\"\/>\n\n\n\n<p><strong>Antecedentes.<\/strong> Recientemente, el mundo acad\u00e9mico ha establecido una serie de reconfiguraciones de derechos humanos emergentes, con el fin de salvaguardar la indemnidad mental de las personas expuestas a las neurotecnolog\u00edas. Las recomendaciones de las diferentes partes interesadas y de una revisi\u00f3n bibliogr\u00e1fica son la regulaci\u00f3n de estas. Existen diferentes ejemplos de regulaci\u00f3n, algunos de derecho blando y otros de derecho objetivo. El tipo de regulaci\u00f3n puede tener repercusiones en la pr\u00e1ctica cl\u00ednica, la investigaci\u00f3n y las pol\u00edticas p\u00fablicas de una comunidad. La consagraci\u00f3n constitucional chilena de los neuroderechos ha sido criticada desde el mundo acad\u00e9mico de la neuro\u00e9tica y tambi\u00e9n desde el derecho argument\u00e1ndose que podr\u00eda ser negativa para la investigaci\u00f3n en salud mental.\u00a0<br>\u00a0<br><strong>Objetivo.<\/strong> Analizar a la luz de la literatura disponible si la constitucionalizaci\u00f3n de los neuroderechos es \u00e9ticamente conflictiva en el campo de la salud mental o m\u00e1s bien la protege frente del uso disruptivo de diversas neurotecnolog\u00edas.\u00a0<br>\u00a0<br><strong>M\u00e9todo.<\/strong> Revisi\u00f3n narrativa de estudios incluidos en las siguientes bases de datos (PsycInfo, Springer, JSTOR, Medline, Scopus, PubMed, CINALH y Web of Science) sin restricciones de idioma o a\u00f1o de publicaci\u00f3n.\u00a0<br>\u00a0<br><strong>Resultados.<\/strong> No se considera que la consagraci\u00f3n de los neuroderechos como hard law sea perjudicial en el \u00e1mbito de la salud mental.\u00a0<br>\u00a0<br><strong>Discusi\u00f3n y conclusi\u00f3n.<\/strong> Se discute si los neuroderechos son una regulaci\u00f3n amenazante en el marco de un ecosistema que utiliza neurotecnolog\u00edas. Se concluye que, a pesar de las cr\u00edticas, no lo es, sino que favorece la protecci\u00f3n de las personas del uso inapropiado de neurotecnolog\u00edas.\u00a0<\/p>\n\n\n\n<hr class=\"wp-block-separator aligncenter has-alpha-channel-opacity is-style-wide\"\/>\n\n\n\n<div class=\"wp-block-buttons is-layout-flex wp-block-buttons-is-layout-flex\">\n<div class=\"wp-block-button\"><a class=\"wp-block-button__link has-background wp-element-button\" href=\"http:\/\/www.revistasaludmental.mx\/index.php\/salud_mental\/article\/view\/SM.0185-3325.2023.034\/4265\" style=\"background-color:#9c1616\" target=\"_blank\" rel=\"noreferrer noopener\">Lee el art\u00edculo completo aqu\u00ed<\/a><\/div>\n<\/div>\n\n\n\n<figure class=\"wp-block-gallery has-nested-images columns-default is-cropped wp-block-gallery-2 is-layout-flex wp-block-gallery-is-layout-flex\"><div class=\"wp-block-image\">\n<figure class=\"aligncenter size-large\"><a href=\"http:\/\/www.revistasaludmental.mx\/index.php\/salud_mental\" target=\"_blank\" rel=\"noreferrer noopener\"><img decoding=\"async\" loading=\"lazy\" width=\"640\" height=\"143\" data-id=\"1896\" src=\"https:\/\/i0.wp.com\/lafuente.mx\/wp-content\/uploads\/2023\/11\/001SM-1024x228.jpg?resize=640%2C143&#038;ssl=1\" alt=\"\" class=\"wp-image-1896\" srcset=\"https:\/\/i0.wp.com\/lafuente.mx\/wp-content\/uploads\/2023\/11\/001SM.jpg?resize=1024%2C228&amp;ssl=1 1024w, https:\/\/i0.wp.com\/lafuente.mx\/wp-content\/uploads\/2023\/11\/001SM.jpg?resize=300%2C67&amp;ssl=1 300w, https:\/\/i0.wp.com\/lafuente.mx\/wp-content\/uploads\/2023\/11\/001SM.jpg?resize=768%2C171&amp;ssl=1 768w, https:\/\/i0.wp.com\/lafuente.mx\/wp-content\/uploads\/2023\/11\/001SM.jpg?w=1120&amp;ssl=1 1120w\" sizes=\"(max-width: 640px) 100vw, 640px\" data-recalc-dims=\"1\" \/><\/a><\/figure><\/div><\/figure>\n","protected":false},"excerpt":{"rendered":"<p>Isabel Cornejo-Plaza\u00a0 Antecedentes. Recientemente, el mundo acad\u00e9mico ha establecido una serie de reconfiguraciones de derechos humanos emergentes, con el fin de salvaguardar la indemnidad mental<\/p>\n","protected":false},"author":5,"featured_media":1895,"comment_status":"closed","ping_status":"closed","sticky":false,"template":"","format":"standard","meta":{"footnotes":"","jetpack_publicize_message":"","jetpack_is_tweetstorm":false,"jetpack_publicize_feature_enabled":true},"categories":[11],"tags":[508,21,507,509,33,32],"jetpack_publicize_connections":[],"yoast_head":"<!-- This site is optimized with the Yoast SEO plugin v19.4 - https:\/\/yoast.com\/wordpress\/plugins\/seo\/ -->\n<title>Legislaci\u00f3n chilena de neuroderechos y su relevancia para la salud mental: cr\u00edticas y perspectivas\u00a0 -<\/title>\n<meta name=\"description\" content=\"Legislaci\u00f3n chilena de neuroderechos y su relevancia para la salud mental: cr\u00edticas y perspectivas\" \/>\n<meta name=\"robots\" content=\"index, follow, max-snippet:-1, max-image-preview:large, max-video-preview:-1\" \/>\n<link rel=\"canonical\" href=\"https:\/\/lafuente.mx\/?p=1893\" \/>\n<meta property=\"og:locale\" content=\"es_MX\" \/>\n<meta property=\"og:type\" content=\"article\" \/>\n<meta property=\"og:title\" content=\"Legislaci\u00f3n chilena de neuroderechos y su relevancia para la salud mental: cr\u00edticas y perspectivas\" \/>\n<meta property=\"og:description\" content=\"Legislaci\u00f3n chilena de neuroderechos y su relevancia para la salud mental: cr\u00edticas y perspectivas\" \/>\n<meta property=\"og:url\" content=\"https:\/\/lafuente.mx\/?p=1893\" \/>\n<meta property=\"article:published_time\" content=\"2023-11-22T18:42:37+00:00\" \/>\n<meta property=\"article:modified_time\" content=\"2023-11-22T18:42:39+00:00\" \/>\n<meta property=\"og:image\" content=\"http:\/\/lafuente.mx\/wp-content\/uploads\/2023\/11\/primer-plano-mazo-jueces-edited-scaled.jpg\" \/>\n\t<meta property=\"og:image:width\" content=\"2560\" \/>\n\t<meta property=\"og:image:height\" content=\"1439\" \/>\n\t<meta property=\"og:image:type\" content=\"image\/jpeg\" \/>\n<meta name=\"author\" content=\"Dar\u00edo Ram\u00edrez\" \/>\n<meta name=\"twitter:card\" content=\"summary_large_image\" \/>\n<meta name=\"twitter:title\" content=\"Legislaci\u00f3n chilena de neuroderechos y su relevancia para la salud mental: cr\u00edticas y perspectivas\" \/>\n<meta name=\"twitter:description\" content=\"Legislaci\u00f3n chilena de neuroderechos y su relevancia para la salud mental: cr\u00edticas y perspectivas\" \/>\n<meta name=\"twitter:image\" content=\"https:\/\/i0.wp.com\/lafuente.mx\/wp-content\/uploads\/2023\/11\/primer-plano-mazo-jueces-edited-scaled.jpg?fit=2560%2C1439&ssl=1\" \/>\n<meta name=\"twitter:label1\" content=\"Escrito por\" \/>\n\t<meta name=\"twitter:data1\" content=\"Dar\u00edo Ram\u00edrez\" \/>\n\t<meta name=\"twitter:label2\" content=\"Tiempo de lectura\" \/>\n\t<meta name=\"twitter:data2\" content=\"1 minuto\" \/>\n<script type=\"application\/ld+json\" class=\"yoast-schema-graph\">{\"@context\":\"https:\/\/schema.org\",\"@graph\":[{\"@type\":\"WebSite\",\"@id\":\"https:\/\/lafuente.mx\/#website\",\"url\":\"https:\/\/lafuente.mx\/\",\"name\":\"\",\"description\":\"Informaci\u00f3n confiable sobre salud mental\",\"potentialAction\":[{\"@type\":\"SearchAction\",\"target\":{\"@type\":\"EntryPoint\",\"urlTemplate\":\"https:\/\/lafuente.mx\/?s={search_term_string}\"},\"query-input\":\"required name=search_term_string\"}],\"inLanguage\":\"es-MX\"},{\"@type\":\"WebPage\",\"@id\":\"https:\/\/lafuente.mx\/?p=1893\",\"url\":\"https:\/\/lafuente.mx\/?p=1893\",\"name\":\"Legislaci\u00f3n chilena de neuroderechos y su relevancia para la salud mental: cr\u00edticas y perspectivas\u00a0 -\",\"isPartOf\":{\"@id\":\"https:\/\/lafuente.mx\/#website\"},\"datePublished\":\"2023-11-22T18:42:37+00:00\",\"dateModified\":\"2023-11-22T18:42:39+00:00\",\"author\":{\"@id\":\"https:\/\/lafuente.mx\/#\/schema\/person\/b9cc1ac3941245ec61c80638a92abfb6\"},\"description\":\"Legislaci\u00f3n chilena de neuroderechos y su relevancia para la salud mental: cr\u00edticas y perspectivas\",\"breadcrumb\":{\"@id\":\"https:\/\/lafuente.mx\/?p=1893#breadcrumb\"},\"inLanguage\":\"es-MX\",\"potentialAction\":[{\"@type\":\"ReadAction\",\"target\":[\"https:\/\/lafuente.mx\/?p=1893\"]}]},{\"@type\":\"BreadcrumbList\",\"@id\":\"https:\/\/lafuente.mx\/?p=1893#breadcrumb\",\"itemListElement\":[{\"@type\":\"ListItem\",\"position\":1,\"name\":\"Inicio\",\"item\":\"https:\/\/lafuente.mx\/\"},{\"@type\":\"ListItem\",\"position\":2,\"name\":\"Legislaci\u00f3n chilena de neuroderechos y su relevancia para la salud mental: cr\u00edticas y perspectivas\u00a0\"}]},{\"@type\":\"Person\",\"@id\":\"https:\/\/lafuente.mx\/#\/schema\/person\/b9cc1ac3941245ec61c80638a92abfb6\",\"name\":\"Dar\u00edo Ram\u00edrez\",\"image\":{\"@type\":\"ImageObject\",\"inLanguage\":\"es-MX\",\"@id\":\"https:\/\/lafuente.mx\/#\/schema\/person\/image\/\",\"url\":\"https:\/\/secure.gravatar.com\/avatar\/bd5441528d8085d08a897e5789079259?s=96&d=mm&r=g\",\"contentUrl\":\"https:\/\/secure.gravatar.com\/avatar\/bd5441528d8085d08a897e5789079259?s=96&d=mm&r=g\",\"caption\":\"Dar\u00edo Ram\u00edrez\"},\"url\":\"https:\/\/lafuente.mx\/?author=5\"}]}<\/script>\n<!-- \/ Yoast SEO plugin. -->","yoast_head_json":{"title":"Legislaci\u00f3n chilena de neuroderechos y su relevancia para la salud mental: cr\u00edticas y perspectivas\u00a0 -","description":"Legislaci\u00f3n chilena de neuroderechos y su relevancia para la salud mental: cr\u00edticas y perspectivas","robots":{"index":"index","follow":"follow","max-snippet":"max-snippet:-1","max-image-preview":"max-image-preview:large","max-video-preview":"max-video-preview:-1"},"canonical":"https:\/\/lafuente.mx\/?p=1893","og_locale":"es_MX","og_type":"article","og_title":"Legislaci\u00f3n chilena de neuroderechos y su relevancia para la salud mental: cr\u00edticas y perspectivas","og_description":"Legislaci\u00f3n chilena de neuroderechos y su relevancia para la salud mental: cr\u00edticas y perspectivas","og_url":"https:\/\/lafuente.mx\/?p=1893","article_published_time":"2023-11-22T18:42:37+00:00","article_modified_time":"2023-11-22T18:42:39+00:00","og_image":[{"width":2560,"height":1439,"url":"http:\/\/lafuente.mx\/wp-content\/uploads\/2023\/11\/primer-plano-mazo-jueces-edited-scaled.jpg","type":"image\/jpeg"}],"author":"Dar\u00edo Ram\u00edrez","twitter_card":"summary_large_image","twitter_title":"Legislaci\u00f3n chilena de neuroderechos y su relevancia para la salud mental: cr\u00edticas y perspectivas","twitter_description":"Legislaci\u00f3n chilena de neuroderechos y su relevancia para la salud mental: cr\u00edticas y perspectivas","twitter_image":"https:\/\/i0.wp.com\/lafuente.mx\/wp-content\/uploads\/2023\/11\/primer-plano-mazo-jueces-edited-scaled.jpg?fit=2560%2C1439&ssl=1","twitter_misc":{"Escrito por":"Dar\u00edo Ram\u00edrez","Tiempo de lectura":"1 minuto"},"schema":{"@context":"https:\/\/schema.org","@graph":[{"@type":"WebSite","@id":"https:\/\/lafuente.mx\/#website","url":"https:\/\/lafuente.mx\/","name":"","description":"Informaci\u00f3n confiable sobre salud mental","potentialAction":[{"@type":"SearchAction","target":{"@type":"EntryPoint","urlTemplate":"https:\/\/lafuente.mx\/?s={search_term_string}"},"query-input":"required name=search_term_string"}],"inLanguage":"es-MX"},{"@type":"WebPage","@id":"https:\/\/lafuente.mx\/?p=1893","url":"https:\/\/lafuente.mx\/?p=1893","name":"Legislaci\u00f3n chilena de neuroderechos y su relevancia para la salud mental: cr\u00edticas y perspectivas\u00a0 -","isPartOf":{"@id":"https:\/\/lafuente.mx\/#website"},"datePublished":"2023-11-22T18:42:37+00:00","dateModified":"2023-11-22T18:42:39+00:00","author":{"@id":"https:\/\/lafuente.mx\/#\/schema\/person\/b9cc1ac3941245ec61c80638a92abfb6"},"description":"Legislaci\u00f3n chilena de neuroderechos y su relevancia para la salud mental: cr\u00edticas y perspectivas","breadcrumb":{"@id":"https:\/\/lafuente.mx\/?p=1893#breadcrumb"},"inLanguage":"es-MX","potentialAction":[{"@type":"ReadAction","target":["https:\/\/lafuente.mx\/?p=1893"]}]},{"@type":"BreadcrumbList","@id":"https:\/\/lafuente.mx\/?p=1893#breadcrumb","itemListElement":[{"@type":"ListItem","position":1,"name":"Inicio","item":"https:\/\/lafuente.mx\/"},{"@type":"ListItem","position":2,"name":"Legislaci\u00f3n chilena de neuroderechos y su relevancia para la salud mental: cr\u00edticas y perspectivas\u00a0"}]},{"@type":"Person","@id":"https:\/\/lafuente.mx\/#\/schema\/person\/b9cc1ac3941245ec61c80638a92abfb6","name":"Dar\u00edo Ram\u00edrez","image":{"@type":"ImageObject","inLanguage":"es-MX","@id":"https:\/\/lafuente.mx\/#\/schema\/person\/image\/","url":"https:\/\/secure.gravatar.com\/avatar\/bd5441528d8085d08a897e5789079259?s=96&d=mm&r=g","contentUrl":"https:\/\/secure.gravatar.com\/avatar\/bd5441528d8085d08a897e5789079259?s=96&d=mm&r=g","caption":"Dar\u00edo Ram\u00edrez"},"url":"https:\/\/lafuente.mx\/?author=5"}]}},"jetpack_featured_media_url":"https:\/\/i0.wp.com\/lafuente.mx\/wp-content\/uploads\/2023\/11\/primer-plano-mazo-jueces-edited-scaled.jpg?fit=2560%2C1439&ssl=1","jetpack-related-posts":[{"id":1108,"url":"https:\/\/lafuente.mx\/?p=1108","url_meta":{"origin":1893,"position":0},"title":"El papel de la educaci\u00f3n de los padres sobre el abuso verbal y su impacto en la salud mental de los adultos j\u00f3venes\u00a0","date":"abril 13, 2023","format":false,"excerpt":"MalidaTsani Fairuzza, Thoyyibatus Sarirah, Drina Intyaswati Resumen:\u00a0 Introducci\u00f3n. El abuso verbal es una de las violencias dom\u00e9sticas que a\u00fan se subestima porque no tiene ning\u00fan efecto f\u00edsico directo; de hecho, tiene un impacto tremendo en la salud mental de los adultos j\u00f3venes.\u00a0\u00a0Objetivo. Este estudio quer\u00eda confirmar el efecto negativo del\u2026","rel":"","context":"En &quot;Revista Salud Mental&quot;","img":{"alt_text":"","src":"https:\/\/i0.wp.com\/lafuente.mx\/wp-content\/uploads\/2023\/04\/image-1-edited.png?fit=1200%2C676&ssl=1&resize=350%2C200","width":350,"height":200},"classes":[]},{"id":1520,"url":"https:\/\/lafuente.mx\/?p=1520","url_meta":{"origin":1893,"position":1},"title":"Biblioteca Digital y Difusi\u00f3n Cient\u00edfica","date":"julio 31, 2023","format":false,"excerpt":"La Biblioteca Digital y Difusi\u00f3n Cient\u00edfica desde 1980, es un \u00e1rea especializada en el suministro de documentaci\u00f3n e informaci\u00f3n cient\u00edfica y t\u00e9cnica en la rama m\u00e9dica de su competencia, la salud mental, cubre campos afines como neurociencias, psicolog\u00eda, entre otros y temas espec\u00edficos como alcoholismo y adicciones. Podr\u00e1s\u00a0encontrar: -\u00a0Libros electr\u00f3nicos\u2026","rel":"","context":"En &quot;Informaci\u00f3n de inter\u00e9s&quot;","img":{"alt_text":"","src":"https:\/\/i0.wp.com\/lafuente.mx\/wp-content\/uploads\/2023\/07\/Captura-de-Pantalla-2023-07-26-a-las-9.32.49.png?fit=1040%2C1200&ssl=1&resize=350%2C200","width":350,"height":200},"classes":[]},{"id":2249,"url":"https:\/\/lafuente.mx\/?p=2249","url_meta":{"origin":1893,"position":2},"title":"Salud mental perinatal: el punto de partida de nuestra salud mental\u00a0","date":"abril 26, 2024","format":false,"excerpt":"M\u00f3nica Flores-Ramos 1 , Philippe Leff-Gelman 2\u00a0 1 Instituto Nacional de Psiquiatr\u00eda Ram\u00f3n de la Fuente Mu\u00f1iz, Ciudad de M\u00e9xico, M\u00e9xico.\u00a0 2 Instituto Nacional de Perinatolog\u00eda Isidro Espinosa de los Reyes, Ciudad de M\u00e9xico, M\u00e9xico.\u00a0 La complejidad de cuidar dos mentes al mismo tiempo ocurre cuando una futura madre est\u00e1,\u2026","rel":"","context":"En &quot;Revista Salud Mental&quot;","img":{"alt_text":"","src":"https:\/\/i0.wp.com\/lafuente.mx\/wp-content\/uploads\/2024\/04\/Octavo-mes-de-embarazo-sintomas.jpg.webp?fit=848%2C565&ssl=1&resize=350%2C200","width":350,"height":200},"classes":[]},{"id":1488,"url":"https:\/\/lafuente.mx\/?p=1488","url_meta":{"origin":1893,"position":3},"title":"Los factores de riesgo de la pandemia de COVID-19 para la depresi\u00f3n entre los estudiantes de posgrado en salud\u00a0","date":"julio 21, 2023","format":false,"excerpt":"Fernanda Rocha Anjos de Oliveira Souza, Vagner Ferreira do Nascimento, Mariano Martinez Espinosa, Sandra Cristina Pillon, Chris Wagstaff, Ana Cl\u00e1udia Pereira Ter\u00e7as-Trettel Introducci\u00f3n.\u00a0La pandemia ha generado desaf\u00edos que impactan en la salud mental de la poblaci\u00f3n, incluidos los estudiantes de posgrado en salud.\u00a0\u00a0Objetivo.\u00a0Evaluar los factores asociados a la depresi\u00f3n en\u2026","rel":"","context":"En &quot;Revista Salud Mental&quot;","img":{"alt_text":"","src":"https:\/\/i0.wp.com\/lafuente.mx\/wp-content\/uploads\/2023\/07\/doctor-triste-tiro-medio-mascara-edited-scaled.jpg?fit=1200%2C675&ssl=1&resize=350%2C200","width":350,"height":200},"classes":[]},{"id":1467,"url":"https:\/\/lafuente.mx\/?p=1467","url_meta":{"origin":1893,"position":4},"title":"El deporte colectivo como factor protector frente a problemas de salud mental e ideaci\u00f3n suicida en adolescentes","date":"julio 17, 2023","format":false,"excerpt":"Luciano Machado-Oliveira, Alison Oliveira da Silva, Breno Quintella Farah, Iber\u00ea Caldas Souza Le\u00e3o, Fabiano Tadeu Costa Souza, F\u00e1tima Larissa Santiago, Leonardo Machado, Paula Rejane Beserra Diniz Introducci\u00f3n.\u00a0Los adolescentes que practican deportes tienen mejores indicadores de salud mental.\u00a0\u00a0Objetivo.\u00a0Analizar la asociaci\u00f3n entre diferentes tipos de actividad f\u00edsica (ejercicio sistematizado, deportes individuales y\u2026","rel":"","context":"En &quot;Revista Salud Mental&quot;","img":{"alt_text":"","src":"https:\/\/i0.wp.com\/lafuente.mx\/wp-content\/uploads\/2023\/07\/grupo-atletas-diversos-sentados-juntos-scaled.jpg?fit=1200%2C529&ssl=1&resize=350%2C200","width":350,"height":200},"classes":[]},{"id":1289,"url":"https:\/\/lafuente.mx\/?p=1289","url_meta":{"origin":1893,"position":5},"title":"Resiliencia, experiencias infantiles adversas y salud mental en estudiantes de Ciencias de la Salud durante la pandemia de COVID-19","date":"junio 12, 2023","format":false,"excerpt":"Felipe Agudelo Hern\u00e1ndez, Mar\u00eda Benavides Bastidas, Fernando Arango G\u00f3mez Resumen: Introducci\u00f3n. Se ha observado un aumento constante de problemas mentales en la poblaci\u00f3n universitaria, particularmente en el \u00e1rea de la salud, relacionados con la pandemia del COVID-19. Los factores de protecci\u00f3n como la resiliencia y los factores de riesgo como\u2026","rel":"","context":"En &quot;Revista Salud Mental&quot;","img":{"alt_text":"","src":"https:\/\/i0.wp.com\/lafuente.mx\/wp-content\/uploads\/2023\/06\/chicas-universitarias-estudiando-juntas-edited-1-scaled.jpg?fit=1200%2C675&ssl=1&resize=350%2C200","width":350,"height":200},"classes":[]}],"jetpack_sharing_enabled":true,"jetpack_shortlink":"https:\/\/wp.me\/pe9WUx-ux","_links":{"self":[{"href":"https:\/\/lafuente.mx\/index.php?rest_route=\/wp\/v2\/posts\/1893"}],"collection":[{"href":"https:\/\/lafuente.mx\/index.php?rest_route=\/wp\/v2\/posts"}],"about":[{"href":"https:\/\/lafuente.mx\/index.php?rest_route=\/wp\/v2\/types\/post"}],"author":[{"embeddable":true,"href":"https:\/\/lafuente.mx\/index.php?rest_route=\/wp\/v2\/users\/5"}],"replies":[{"embeddable":true,"href":"https:\/\/lafuente.mx\/index.php?rest_route=%2Fwp%2Fv2%2Fcomments&post=1893"}],"version-history":[{"count":2,"href":"https:\/\/lafuente.mx\/index.php?rest_route=\/wp\/v2\/posts\/1893\/revisions"}],"predecessor-version":[{"id":1898,"href":"https:\/\/lafuente.mx\/index.php?rest_route=\/wp\/v2\/posts\/1893\/revisions\/1898"}],"wp:featuredmedia":[{"embeddable":true,"href":"https:\/\/lafuente.mx\/index.php?rest_route=\/wp\/v2\/media\/1895"}],"wp:attachment":[{"href":"https:\/\/lafuente.mx\/index.php?rest_route=%2Fwp%2Fv2%2Fmedia&parent=1893"}],"wp:term":[{"taxonomy":"category","embeddable":true,"href":"https:\/\/lafuente.mx\/index.php?rest_route=%2Fwp%2Fv2%2Fcategories&post=1893"},{"taxonomy":"post_tag","embeddable":true,"href":"https:\/\/lafuente.mx\/index.php?rest_route=%2Fwp%2Fv2%2Ftags&post=1893"}],"curies":[{"name":"wp","href":"https:\/\/api.w.org\/{rel}","templated":true}]}}