{"id":1890,"date":"2023-11-23T14:33:06","date_gmt":"2023-11-23T14:33:06","guid":{"rendered":"https:\/\/lafuente.mx\/?p=1890"},"modified":"2023-11-23T14:33:07","modified_gmt":"2023-11-23T14:33:07","slug":"dia-internacional-de-la-eliminacion-de-la-violencia-contra-la-mujer-2","status":"publish","type":"post","link":"https:\/\/lafuente.mx\/?p=1890","title":{"rendered":"D\u00eda Internacional de la Eliminaci\u00f3n de la Violencia contra la Mujer\u00a0"},"content":{"rendered":"\n<hr class=\"wp-block-separator has-text-color has-pale-pink-color has-alpha-channel-opacity has-pale-pink-background-color has-background is-style-wide\"\/>\n\n\n\n<p class=\"has-text-align-center has-larger-font-size\"><strong>25 de noviembre&nbsp;<\/strong><\/p>\n\n\n\n<hr class=\"wp-block-separator has-text-color has-pale-pink-color has-alpha-channel-opacity has-pale-pink-background-color has-background\"\/>\n\n\n\n<p class=\"has-text-align-center has-larger-font-size\"><strong>#NoHayExcusa<\/strong><\/p>\n\n\n\n<figure class=\"wp-block-image size-large\"><img decoding=\"async\" loading=\"lazy\" width=\"640\" height=\"326\" src=\"https:\/\/i0.wp.com\/lafuente.mx\/wp-content\/uploads\/2023\/11\/Captura-de-Pantalla-2023-11-23-a-las-8.20.06-1024x521.png?resize=640%2C326&#038;ssl=1\" alt=\"\" class=\"wp-image-1899\" srcset=\"https:\/\/i0.wp.com\/lafuente.mx\/wp-content\/uploads\/2023\/11\/Captura-de-Pantalla-2023-11-23-a-las-8.20.06.png?resize=1024%2C521&amp;ssl=1 1024w, https:\/\/i0.wp.com\/lafuente.mx\/wp-content\/uploads\/2023\/11\/Captura-de-Pantalla-2023-11-23-a-las-8.20.06.png?resize=300%2C153&amp;ssl=1 300w, https:\/\/i0.wp.com\/lafuente.mx\/wp-content\/uploads\/2023\/11\/Captura-de-Pantalla-2023-11-23-a-las-8.20.06.png?resize=768%2C391&amp;ssl=1 768w, https:\/\/i0.wp.com\/lafuente.mx\/wp-content\/uploads\/2023\/11\/Captura-de-Pantalla-2023-11-23-a-las-8.20.06.png?resize=1536%2C782&amp;ssl=1 1536w, https:\/\/i0.wp.com\/lafuente.mx\/wp-content\/uploads\/2023\/11\/Captura-de-Pantalla-2023-11-23-a-las-8.20.06.png?w=1698&amp;ssl=1 1698w, https:\/\/i0.wp.com\/lafuente.mx\/wp-content\/uploads\/2023\/11\/Captura-de-Pantalla-2023-11-23-a-las-8.20.06.png?w=1280 1280w\" sizes=\"(max-width: 640px) 100vw, 640px\" data-recalc-dims=\"1\" \/><\/figure>\n\n\n\n<p>La violencia contra las mujeres y las ni\u00f1as sigue siendo una de las violaciones de los derechos humanos m\u00e1s extendidas y generalizadas del mundo. Se calcula que, a nivel global, 736 millones de mujeres -casi una de cada tres- han sido v\u00edctimas de violencia f\u00edsica y\/o sexual al menos una vez en su vida.&nbsp;<\/p>\n\n\n\n<p>Se trata de una lacra que se ha intensificado en diferentes entornos, incluidos el lugar de trabajo y los espacios en l\u00ednea, y se ha visto agravada por los efectos pospandemia, los conflictos y el cambio clim\u00e1tico.&nbsp;<\/p>\n\n\n\n<p>La soluci\u00f3n radica en gran parte en respuestas s\u00f3lidas que inviertan en la prevenci\u00f3n.&nbsp;<\/p>\n\n\n\n<p>Sin embargo resulta alarmante la escasa cantidad de recursos econ\u00f3micos que los pa\u00edses est\u00e1n destinando. Tan solo un 5% de la ayuda gubernamental mundial va destinada a la violencia de g\u00e9nero y se invierte menos del 0,2% en su prevenci\u00f3n.&nbsp;<\/p>\n\n\n\n<p>Se precisa m\u00e1s recursos econ\u00f3micos en las organizaciones de mujeres, mejoras en la legislaci\u00f3n y la aplicaci\u00f3n de la justicia, servicios para los supervivientes y capacitaci\u00f3n para agentes del orden p\u00fablico.&nbsp;<\/p>\n\n\n\n<p>La violencia de g\u00e9nero es un coste para todas y todos nosotros.&nbsp;<\/p>\n\n\n\n<p class=\"has-vivid-red-color has-text-color has-large-font-size\"><strong>Participa en nuestros 16 d\u00edas de activismo<\/strong>&nbsp;<\/p>\n\n\n\n<p>Como cada a\u00f1o, el&nbsp;D\u00eda Internacional para Eliminar la&nbsp;Violencia contra la Mujer marca el comienzo de la&nbsp;<a href=\"https:\/\/www.unwomen.org\/es\/what-we-do\/ending-violence-against-women\/unite\" target=\"_blank\" rel=\"noreferrer noopener\"><em>Campa\u00f1a \u00danete<\/em><\/a><em>&nbsp;<\/em>de la ONU,&nbsp;<a href=\"https:\/\/www.unwomen.org\/es\/what-we-do\/ending-violence-against-women\/unite\/16-days-of-activism\" target=\"_blank\" rel=\"noreferrer noopener\">16 d\u00edas de activismo<\/a>&nbsp;(25 nov-10 dic) que concluyen coincidiendo con el&nbsp;<a href=\"https:\/\/www.un.org\/es\/observances\/human-rights-day\" target=\"_blank\" rel=\"noreferrer noopener\">D\u00eda Internacional de los Derechos Humanos<\/a>.&nbsp;<\/p>\n\n\n\n<p>Este a\u00f1o, el lema de los 16 D\u00edas es\u202f<strong>\u201cInvertir para prevenir la violencia contra las mujeres y las ni\u00f1as\u201d,<\/strong> focalizando en la importancia de financiar diferentes estrategias de prevenci\u00f3n para detener la violencia desde su comienzo.&nbsp; &nbsp;<\/p>\n\n\n\n<div class=\"wp-block-buttons is-layout-flex wp-block-buttons-is-layout-flex\">\n<div class=\"wp-block-button\"><a class=\"wp-block-button__link has-luminous-vivid-orange-background-color has-background wp-element-button\">M\u00e1s informaci\u00f3n<\/a><\/div>\n<\/div>\n","protected":false},"excerpt":{"rendered":"<p>25 de noviembre&nbsp; #NoHayExcusa La violencia contra las mujeres y las ni\u00f1as sigue siendo una de las violaciones de los derechos humanos m\u00e1s extendidas y<\/p>\n","protected":false},"author":3,"featured_media":1899,"comment_status":"closed","ping_status":"closed","sticky":false,"template":"","format":"standard","meta":{"footnotes":"","jetpack_publicize_message":"","jetpack_is_tweetstorm":false,"jetpack_publicize_feature_enabled":true},"categories":[13],"tags":[149,510,21,146,511,512,63,32],"jetpack_publicize_connections":[],"yoast_head":"<!-- This site is optimized with the Yoast SEO plugin v19.4 - https:\/\/yoast.com\/wordpress\/plugins\/seo\/ -->\n<title>D\u00eda Internacional de la Eliminaci\u00f3n de la Violencia contra la Mujer\u00a0 -<\/title>\n<meta name=\"robots\" content=\"index, follow, max-snippet:-1, max-image-preview:large, max-video-preview:-1\" \/>\n<link rel=\"canonical\" href=\"https:\/\/lafuente.mx\/?p=1890\" \/>\n<meta property=\"og:locale\" content=\"es_MX\" \/>\n<meta property=\"og:type\" content=\"article\" \/>\n<meta property=\"og:title\" content=\"D\u00eda Internacional de la Eliminaci\u00f3n de la Violencia contra la Mujer\u00a0 -\" \/>\n<meta property=\"og:description\" content=\"25 de noviembre&nbsp; #NoHayExcusa La violencia contra las mujeres y las ni\u00f1as sigue siendo una de las violaciones de los derechos humanos m\u00e1s extendidas y\" \/>\n<meta property=\"og:url\" content=\"https:\/\/lafuente.mx\/?p=1890\" \/>\n<meta property=\"article:published_time\" content=\"2023-11-23T14:33:06+00:00\" \/>\n<meta property=\"article:modified_time\" content=\"2023-11-23T14:33:07+00:00\" \/>\n<meta property=\"og:image\" content=\"http:\/\/lafuente.mx\/wp-content\/uploads\/2023\/11\/Captura-de-Pantalla-2023-11-23-a-las-8.20.06.png\" \/>\n\t<meta property=\"og:image:width\" content=\"1698\" \/>\n\t<meta property=\"og:image:height\" content=\"864\" \/>\n\t<meta property=\"og:image:type\" content=\"image\/png\" \/>\n<meta name=\"author\" content=\"Claudia Gallardo\" \/>\n<meta name=\"twitter:card\" content=\"summary_large_image\" \/>\n<meta name=\"twitter:label1\" content=\"Escrito por\" \/>\n\t<meta name=\"twitter:data1\" content=\"Claudia Gallardo\" \/>\n\t<meta name=\"twitter:label2\" content=\"Tiempo de lectura\" \/>\n\t<meta name=\"twitter:data2\" content=\"2 minutos\" \/>\n<script type=\"application\/ld+json\" class=\"yoast-schema-graph\">{\"@context\":\"https:\/\/schema.org\",\"@graph\":[{\"@type\":\"WebSite\",\"@id\":\"https:\/\/lafuente.mx\/#website\",\"url\":\"https:\/\/lafuente.mx\/\",\"name\":\"\",\"description\":\"Informaci\u00f3n confiable sobre salud mental\",\"potentialAction\":[{\"@type\":\"SearchAction\",\"target\":{\"@type\":\"EntryPoint\",\"urlTemplate\":\"https:\/\/lafuente.mx\/?s={search_term_string}\"},\"query-input\":\"required name=search_term_string\"}],\"inLanguage\":\"es-MX\"},{\"@type\":\"WebPage\",\"@id\":\"https:\/\/lafuente.mx\/?p=1890\",\"url\":\"https:\/\/lafuente.mx\/?p=1890\",\"name\":\"D\u00eda Internacional de la Eliminaci\u00f3n de la Violencia contra la Mujer\u00a0 -\",\"isPartOf\":{\"@id\":\"https:\/\/lafuente.mx\/#website\"},\"datePublished\":\"2023-11-23T14:33:06+00:00\",\"dateModified\":\"2023-11-23T14:33:07+00:00\",\"author\":{\"@id\":\"https:\/\/lafuente.mx\/#\/schema\/person\/603f3aa8e2f6f7879021ab722d39d6b0\"},\"breadcrumb\":{\"@id\":\"https:\/\/lafuente.mx\/?p=1890#breadcrumb\"},\"inLanguage\":\"es-MX\",\"potentialAction\":[{\"@type\":\"ReadAction\",\"target\":[\"https:\/\/lafuente.mx\/?p=1890\"]}]},{\"@type\":\"BreadcrumbList\",\"@id\":\"https:\/\/lafuente.mx\/?p=1890#breadcrumb\",\"itemListElement\":[{\"@type\":\"ListItem\",\"position\":1,\"name\":\"Inicio\",\"item\":\"https:\/\/lafuente.mx\/\"},{\"@type\":\"ListItem\",\"position\":2,\"name\":\"D\u00eda Internacional de la Eliminaci\u00f3n de la Violencia contra la Mujer\u00a0\"}]},{\"@type\":\"Person\",\"@id\":\"https:\/\/lafuente.mx\/#\/schema\/person\/603f3aa8e2f6f7879021ab722d39d6b0\",\"name\":\"Claudia Gallardo\",\"image\":{\"@type\":\"ImageObject\",\"inLanguage\":\"es-MX\",\"@id\":\"https:\/\/lafuente.mx\/#\/schema\/person\/image\/\",\"url\":\"https:\/\/secure.gravatar.com\/avatar\/bfe9c966af1ccfb9d17bcdb9d04e8815?s=96&d=mm&r=g\",\"contentUrl\":\"https:\/\/secure.gravatar.com\/avatar\/bfe9c966af1ccfb9d17bcdb9d04e8815?s=96&d=mm&r=g\",\"caption\":\"Claudia Gallardo\"},\"url\":\"https:\/\/lafuente.mx\/?author=3\"}]}<\/script>\n<!-- \/ Yoast SEO plugin. -->","yoast_head_json":{"title":"D\u00eda Internacional de la Eliminaci\u00f3n de la Violencia contra la Mujer\u00a0 -","robots":{"index":"index","follow":"follow","max-snippet":"max-snippet:-1","max-image-preview":"max-image-preview:large","max-video-preview":"max-video-preview:-1"},"canonical":"https:\/\/lafuente.mx\/?p=1890","og_locale":"es_MX","og_type":"article","og_title":"D\u00eda Internacional de la Eliminaci\u00f3n de la Violencia contra la Mujer\u00a0 -","og_description":"25 de noviembre&nbsp; #NoHayExcusa La violencia contra las mujeres y las ni\u00f1as sigue siendo una de las violaciones de los derechos humanos m\u00e1s extendidas y","og_url":"https:\/\/lafuente.mx\/?p=1890","article_published_time":"2023-11-23T14:33:06+00:00","article_modified_time":"2023-11-23T14:33:07+00:00","og_image":[{"width":1698,"height":864,"url":"http:\/\/lafuente.mx\/wp-content\/uploads\/2023\/11\/Captura-de-Pantalla-2023-11-23-a-las-8.20.06.png","type":"image\/png"}],"author":"Claudia Gallardo","twitter_card":"summary_large_image","twitter_misc":{"Escrito por":"Claudia Gallardo","Tiempo de lectura":"2 minutos"},"schema":{"@context":"https:\/\/schema.org","@graph":[{"@type":"WebSite","@id":"https:\/\/lafuente.mx\/#website","url":"https:\/\/lafuente.mx\/","name":"","description":"Informaci\u00f3n confiable sobre salud mental","potentialAction":[{"@type":"SearchAction","target":{"@type":"EntryPoint","urlTemplate":"https:\/\/lafuente.mx\/?s={search_term_string}"},"query-input":"required name=search_term_string"}],"inLanguage":"es-MX"},{"@type":"WebPage","@id":"https:\/\/lafuente.mx\/?p=1890","url":"https:\/\/lafuente.mx\/?p=1890","name":"D\u00eda Internacional de la Eliminaci\u00f3n de la Violencia contra la Mujer\u00a0 -","isPartOf":{"@id":"https:\/\/lafuente.mx\/#website"},"datePublished":"2023-11-23T14:33:06+00:00","dateModified":"2023-11-23T14:33:07+00:00","author":{"@id":"https:\/\/lafuente.mx\/#\/schema\/person\/603f3aa8e2f6f7879021ab722d39d6b0"},"breadcrumb":{"@id":"https:\/\/lafuente.mx\/?p=1890#breadcrumb"},"inLanguage":"es-MX","potentialAction":[{"@type":"ReadAction","target":["https:\/\/lafuente.mx\/?p=1890"]}]},{"@type":"BreadcrumbList","@id":"https:\/\/lafuente.mx\/?p=1890#breadcrumb","itemListElement":[{"@type":"ListItem","position":1,"name":"Inicio","item":"https:\/\/lafuente.mx\/"},{"@type":"ListItem","position":2,"name":"D\u00eda Internacional de la Eliminaci\u00f3n de la Violencia contra la Mujer\u00a0"}]},{"@type":"Person","@id":"https:\/\/lafuente.mx\/#\/schema\/person\/603f3aa8e2f6f7879021ab722d39d6b0","name":"Claudia Gallardo","image":{"@type":"ImageObject","inLanguage":"es-MX","@id":"https:\/\/lafuente.mx\/#\/schema\/person\/image\/","url":"https:\/\/secure.gravatar.com\/avatar\/bfe9c966af1ccfb9d17bcdb9d04e8815?s=96&d=mm&r=g","contentUrl":"https:\/\/secure.gravatar.com\/avatar\/bfe9c966af1ccfb9d17bcdb9d04e8815?s=96&d=mm&r=g","caption":"Claudia Gallardo"},"url":"https:\/\/lafuente.mx\/?author=3"}]}},"jetpack_featured_media_url":"https:\/\/i0.wp.com\/lafuente.mx\/wp-content\/uploads\/2023\/11\/Captura-de-Pantalla-2023-11-23-a-las-8.20.06.png?fit=1698%2C864&ssl=1","jetpack-related-posts":[{"id":2662,"url":"https:\/\/lafuente.mx\/?p=2662","url_meta":{"origin":1890,"position":0},"title":"D\u00eda Internacional de la Eliminaci\u00f3n de la Violencia contra la Mujer\u00a0 \u00a0","date":"noviembre 25, 2024","format":false,"excerpt":"25 de noviembre Como cada a\u00f1o, el\u00a0D\u00eda Internacional para Eliminar la\u00a0Violencia contra la Mujer marca el comienzo de la\u00a0Campa\u00f1a \u00danete\u00a0de la ONU,\u00a016 d\u00edas de activismo\u00a0(25 nov-10 dic) que concluyen coincidiendo con el\u00a0D\u00eda Internacional de los Derechos Humanos.\u00a0 Este a\u00f1o, el tema 2024 es\u00a0\"Cada 10 minutos se asesina a una mujer.\u2026","rel":"","context":"En &quot;Efem\u00e9rides de Salud Mental&quot;","img":{"alt_text":"woman, domestic violence, oppression-7662937.jpg","src":"https:\/\/i0.wp.com\/lafuente.mx\/wp-content\/uploads\/2024\/11\/woman-domestic-violence-oppression-7662937.png?fit=1200%2C1200&ssl=1&resize=350%2C200","width":350,"height":200},"classes":[]},{"id":2683,"url":"https:\/\/lafuente.mx\/?p=2683","url_meta":{"origin":1890,"position":1},"title":"Por la eliminaci\u00f3n de la violencia contra las mujeres y las ni\u00f1as en la formaci\u00f3n y la pr\u00e1ctica m\u00e9dica\u00a0","date":"diciembre 3, 2024","format":false,"excerpt":"Nov 28, 2024\u00a0|\u00a0Academia\u00a0 Como parte de las actividades que realiza la Facultad de Medicina de la UNAM en el marco de la conmemoraci\u00f3n del D\u00eda Internacional de la Eliminaci\u00f3n de la Violencia contra las Mujeres y las Ni\u00f1as,\u00a0se realiz\u00f3 el conversatorio \u201cPor la Eliminaci\u00f3n de la Violencia contra las Mujeres\u2026","rel":"","context":"En &quot;Noticias&quot;","img":{"alt_text":"","src":"https:\/\/i0.wp.com\/lafuente.mx\/wp-content\/uploads\/2024\/12\/Captura-de-pantalla-2024-12-03-a-las-9.34.47.png?fit=1200%2C816&ssl=1&resize=350%2C200","width":350,"height":200},"classes":[]},{"id":1612,"url":"https:\/\/lafuente.mx\/?p=1612","url_meta":{"origin":1890,"position":2},"title":"Simposio Salud mental y violencia colectiva\u00a0","date":"agosto 16, 2023","format":false,"excerpt":"\u00a0 Veranika Rokashevich, Pinky , 2022 Coordinador: Dr. Juan Ram\u00f3n de la Fuente\u00a0\u00a0 Mi\u00e9rcoles 16 de agosto\u00a0\u00a0 17:00 horas Sede: Auditorio de la Academia Nacional de Medicina\u00a0\u00a0 Programa\u00a0\u00a0 Crisis humanitaria: El papel de los organismos internacionales.\u00a0\u00a0 Dr. Juan Ram\u00f3n de la Fuente\u00a0 Un modelo de atenci\u00f3n en zonas de alto\u2026","rel":"","context":"En &quot;Eventos externos&quot;","img":{"alt_text":"","src":"https:\/\/i0.wp.com\/lafuente.mx\/wp-content\/uploads\/2023\/08\/Captura-de-Pantalla-2023-08-15-a-las-13.59.00-edited.png?fit=1200%2C553&ssl=1&resize=350%2C200","width":350,"height":200},"classes":[]},{"id":3441,"url":"https:\/\/lafuente.mx\/?p=3441","url_meta":{"origin":1890,"position":3},"title":"Eficacia de la terapia cognitivo conductual centrada en el trauma en mujeres v\u00edctimas de violencia sexual: una revisi\u00f3n sistem\u00e1tica\u00a0","date":"octubre 30, 2025","format":false,"excerpt":"Volume 48, Issue 4, July-August 2025\u00a0 Dulce D\u00edaz\u00a0 Laboratorio de Psicolog\u00eda e Innovaci\u00f3n tecnol\u00f3gica, Facultad de Estudios Superiores Iztacala, Universidad Nacional Aut\u00f3noma de M\u00e9xico, Tlalnepantla, Edomex, M\u00e9xico; Divisi\u00f3n de Ciencias Biol\u00f3gicas y Salud, Universidad Aut\u00f3noma Metropolita, Unidad Lerma, Lerma, Edomex, M\u00e9xico.\u00a0 Anabel De la Rosa G\u00f3mez\u00a0 Laboratorio de Psicolog\u00eda e\u2026","rel":"","context":"En &quot;Revista Salud Mental&quot;","img":{"alt_text":"","src":"https:\/\/i0.wp.com\/lafuente.mx\/wp-content\/uploads\/2025\/10\/mujeres.jpg?fit=1046%2C921&ssl=1&resize=350%2C200","width":350,"height":200},"classes":[]},{"id":2625,"url":"https:\/\/lafuente.mx\/?p=2625","url_meta":{"origin":1890,"position":4},"title":"\u00bfTe gustar\u00eda participar en un estudio en l\u00ednea, sobre experiencias de violencia y salud mental?\u00a0","date":"noviembre 4, 2024","format":false,"excerpt":"Objetivo: \u00a0 Analizar el impacto de las experiencias de violencia a lo largo de la vida sobre la salud mental de las personas \u00a0 Requisitos: \u00a0 \u2022 Tener entre 18 y 40 a\u00f1os \u00a0 \u2022 Contar con un dispositivo electr\u00f3nico con acceso a Internet\u00a0 Tu participaci\u00f3n consiste en responder de\u2026","rel":"","context":"En &quot;Informaci\u00f3n de inter\u00e9s&quot;","img":{"alt_text":"","src":"https:\/\/i0.wp.com\/lafuente.mx\/wp-content\/uploads\/2024\/11\/Captura-de-pantalla-2024-10-30-a-las-8.36.50.png?fit=1172%2C1200&ssl=1&resize=350%2C200","width":350,"height":200},"classes":[]},{"id":957,"url":"https:\/\/lafuente.mx\/?p=957","url_meta":{"origin":1890,"position":5},"title":"Pronunciamiento en contra del Acoso y Hostigamiento Sexual en los Institutos Nacionales de Salud, Hospitales Regionales de Alta Especialidad\u00a0","date":"marzo 23, 2023","format":false,"excerpt":"Instituto Nacional de las Mujeres | 07 de marzo de 2023\u00a0| Nacional\u00a0 De forma enunciativa, m\u00e1s no limitativa, en los Institutos Nacionales de Salud y Hospitales de Alta Especialidad, est\u00e1n prohibidas las siguientes conductas:\u00a0 PRONUNCIAMIENTO\u00a0 DIRECTORAS Y DIRECTORES GENERALES DE LOS INSTITUTOS NACIONALES DE SALUD Y HOSPITALES DE ALTA ESPECIALIDAD\u2026","rel":"","context":"En &quot;Noticias&quot;","img":{"alt_text":"","src":"https:\/\/i0.wp.com\/lafuente.mx\/wp-content\/uploads\/2023\/03\/Sexual-harassment-1.jpeg?fit=1200%2C798&ssl=1&resize=350%2C200","width":350,"height":200},"classes":[]}],"jetpack_sharing_enabled":true,"jetpack_shortlink":"https:\/\/wp.me\/pe9WUx-uu","_links":{"self":[{"href":"https:\/\/lafuente.mx\/index.php?rest_route=\/wp\/v2\/posts\/1890"}],"collection":[{"href":"https:\/\/lafuente.mx\/index.php?rest_route=\/wp\/v2\/posts"}],"about":[{"href":"https:\/\/lafuente.mx\/index.php?rest_route=\/wp\/v2\/types\/post"}],"author":[{"embeddable":true,"href":"https:\/\/lafuente.mx\/index.php?rest_route=\/wp\/v2\/users\/3"}],"replies":[{"embeddable":true,"href":"https:\/\/lafuente.mx\/index.php?rest_route=%2Fwp%2Fv2%2Fcomments&post=1890"}],"version-history":[{"count":3,"href":"https:\/\/lafuente.mx\/index.php?rest_route=\/wp\/v2\/posts\/1890\/revisions"}],"predecessor-version":[{"id":1901,"href":"https:\/\/lafuente.mx\/index.php?rest_route=\/wp\/v2\/posts\/1890\/revisions\/1901"}],"wp:featuredmedia":[{"embeddable":true,"href":"https:\/\/lafuente.mx\/index.php?rest_route=\/wp\/v2\/media\/1899"}],"wp:attachment":[{"href":"https:\/\/lafuente.mx\/index.php?rest_route=%2Fwp%2Fv2%2Fmedia&parent=1890"}],"wp:term":[{"taxonomy":"category","embeddable":true,"href":"https:\/\/lafuente.mx\/index.php?rest_route=%2Fwp%2Fv2%2Fcategories&post=1890"},{"taxonomy":"post_tag","embeddable":true,"href":"https:\/\/lafuente.mx\/index.php?rest_route=%2Fwp%2Fv2%2Ftags&post=1890"}],"curies":[{"name":"wp","href":"https:\/\/api.w.org\/{rel}","templated":true}]}}