{"id":1870,"date":"2023-11-14T15:45:14","date_gmt":"2023-11-14T15:45:14","guid":{"rendered":"https:\/\/lafuente.mx\/?p=1870"},"modified":"2023-11-14T16:41:10","modified_gmt":"2023-11-14T16:41:10","slug":"borrador-automatico-viii-foro-de-enfermedades-neurologicas-y-psiquiatricas","status":"publish","type":"post","link":"https:\/\/lafuente.mx\/?p=1870","title":{"rendered":"VIII FORO DE ENFERMEDADES NEUROL\u00d3GICAS Y PSIQUI\u00c1TRICAS \u00a0"},"content":{"rendered":"\n<hr class=\"wp-block-separator has-text-color has-vivid-red-color has-alpha-channel-opacity has-vivid-red-background-color has-background is-style-wide\"\/>\n\n\n\n<hr class=\"wp-block-separator has-text-color has-vivid-red-color has-alpha-channel-opacity has-vivid-red-background-color has-background\"\/>\n\n\n\n<p class=\"has-large-font-size\"><strong>Experiencias de Trabajo Social en el campo de la investigaci\u00f3n e intervenci\u00f3n colaborativa&nbsp;<\/strong><\/p>\n\n\n\n<p class=\"has-medium-font-size\"><strong>OBJETIVO: <\/strong>Reflexionar en torno a las construcciones te\u00f3ricasmetodol\u00f3gicas del Trabajo Social, y disciplinas afines, con relaci\u00f3n a la pr\u00e1ctica profesional inter y multidisciplinar de investigaci\u00f3n e intervenci\u00f3n en la atenci\u00f3n de las enfermedades neurol\u00f3gicas y los trastornos psiqui\u00e1tricos.&nbsp;<\/p>\n\n\n\n<figure class=\"wp-block-image size-large\"><img decoding=\"async\" loading=\"lazy\" width=\"640\" height=\"405\" src=\"https:\/\/i0.wp.com\/lafuente.mx\/wp-content\/uploads\/2023\/11\/Captura-de-Pantalla-2023-11-14-a-las-9.41.38-1024x648.png?resize=640%2C405&#038;ssl=1\" alt=\"\" class=\"wp-image-1871\" srcset=\"https:\/\/i0.wp.com\/lafuente.mx\/wp-content\/uploads\/2023\/11\/Captura-de-Pantalla-2023-11-14-a-las-9.41.38.png?resize=1024%2C648&amp;ssl=1 1024w, https:\/\/i0.wp.com\/lafuente.mx\/wp-content\/uploads\/2023\/11\/Captura-de-Pantalla-2023-11-14-a-las-9.41.38.png?resize=300%2C190&amp;ssl=1 300w, https:\/\/i0.wp.com\/lafuente.mx\/wp-content\/uploads\/2023\/11\/Captura-de-Pantalla-2023-11-14-a-las-9.41.38.png?resize=768%2C486&amp;ssl=1 768w, https:\/\/i0.wp.com\/lafuente.mx\/wp-content\/uploads\/2023\/11\/Captura-de-Pantalla-2023-11-14-a-las-9.41.38.png?w=1186&amp;ssl=1 1186w\" sizes=\"(max-width: 640px) 100vw, 640px\" data-recalc-dims=\"1\" \/><\/figure>\n\n\n\n<p class=\"has-text-align-center has-vivid-red-color has-text-color has-large-font-size\"><strong>NOVIEMBRE, 2023 &nbsp;<\/strong><\/p>\n\n\n\n<p class=\"has-text-align-center has-vivid-red-color has-text-color has-large-font-size\"><strong>MI\u00c9RCOLES 15 &nbsp;<\/strong><\/p>\n\n\n\n<p class=\"has-medium-font-size\"><strong>INSTITUTO NACIONAL DE PSIQUIATR\u00cdA RAM\u00d3N DE LA FUENTE &nbsp;<\/strong><\/p>\n\n\n\n<p class=\"has-medium-font-size\"><strong>AUDITORIO <\/strong><\/p>\n\n\n\n<p class=\"has-medium-font-size\"><strong>Coordina:<\/strong> Mtra. Cintya Giovvana Andia Garvizu &nbsp;<\/p>\n\n\n\n<p class=\"has-medium-font-size\">Jefa del Departamento de Trabajo Social INPRFM &nbsp;<\/p>\n\n\n\n<p class=\"has-text-align-center has-vivid-red-color has-text-color has-large-font-size\"><strong>JUEVES 16 &nbsp;<\/strong><\/p>\n\n\n\n<p class=\"has-medium-font-size\"><strong>INSTITUTO NACIONAL DE NEUROLOG\u00cdA Y NEUROCIRUG\u00cdA MANUEL VELASCO SU\u00c1REZ CENTRO EDUCATIVO DEL INNNMVS &nbsp;<\/strong><\/p>\n\n\n\n<p class=\"has-medium-font-size\"><strong>Coordina:<\/strong> Lic. Bertha Aurelia Calder\u00f3n G\u00f3mez &nbsp;<\/p>\n\n\n\n<p class=\"has-medium-font-size\">Jefa del Departamento de Trabajo Social INNN &nbsp;<\/p>\n\n\n\n<p class=\"has-text-align-center has-vivid-red-color has-text-color has-large-font-size\"><strong>VIERNES 17 &nbsp;<\/strong><\/p>\n\n\n\n<p class=\"has-medium-font-size\"><strong>ESCUELA NACIONAL DE TRABAJO SOCIAL &nbsp;<\/strong><\/p>\n\n\n\n<p class=\"has-medium-font-size\"><strong>AUDITORIO DR. MANUEL S\u00c1NCHEZ ROSADO<\/strong> &nbsp;<\/p>\n\n\n\n<p class=\"has-medium-font-size\"><strong>Coordina:<\/strong> Dra. Berenice P\u00e9rez Ram\u00edrez &nbsp;<\/p>\n\n\n\n<p class=\"has-medium-font-size\">Coordinadora del CIEDyS&nbsp;<\/p>\n\n\n\n<div class=\"wp-block-buttons is-layout-flex wp-block-buttons-is-layout-flex\">\n<div class=\"wp-block-button\"><a class=\"wp-block-button__link wp-element-button\" href=\"https:\/\/bit.ly\/468Fm5W\">Programa<\/a><\/div>\n<\/div>\n","protected":false},"excerpt":{"rendered":"<p>Experiencias de Trabajo Social en el campo de la investigaci\u00f3n e intervenci\u00f3n colaborativa&nbsp; OBJETIVO: Reflexionar en torno a las construcciones te\u00f3ricasmetodol\u00f3gicas del Trabajo Social, y<\/p>\n","protected":false},"author":3,"featured_media":1871,"comment_status":"closed","ping_status":"closed","sticky":false,"template":"","format":"standard","meta":{"footnotes":"","jetpack_publicize_message":"","jetpack_is_tweetstorm":false,"jetpack_publicize_feature_enabled":true},"categories":[9],"tags":[21,501,163,503,502,32,16],"jetpack_publicize_connections":[],"yoast_head":"<!-- This site is optimized with the Yoast SEO plugin v19.4 - https:\/\/yoast.com\/wordpress\/plugins\/seo\/ -->\n<title>VIII FORO DE ENFERMEDADES NEUROL\u00d3GICAS Y PSIQUI\u00c1TRICAS \u00a0 -<\/title>\n<meta name=\"description\" content=\"Reflexionar en torno a las construcciones te\u00f3ricasmetodol\u00f3gicas del Trabajo Social, y disciplinas afines\" \/>\n<meta name=\"robots\" content=\"index, follow, max-snippet:-1, max-image-preview:large, max-video-preview:-1\" \/>\n<link rel=\"canonical\" href=\"https:\/\/lafuente.mx\/?p=1870\" \/>\n<meta property=\"og:locale\" content=\"es_MX\" \/>\n<meta property=\"og:type\" content=\"article\" \/>\n<meta property=\"og:title\" content=\"VIII FORO DE ENFERMEDADES NEUROL\u00d3GICAS Y PSIQUI\u00c1TRICAS \u00a0\" \/>\n<meta property=\"og:description\" content=\"Reflexionar en torno a las construcciones te\u00f3ricasmetodol\u00f3gicas del Trabajo Social, y disciplinas afines\" \/>\n<meta property=\"og:url\" content=\"https:\/\/lafuente.mx\/?p=1870\" \/>\n<meta property=\"article:published_time\" content=\"2023-11-14T15:45:14+00:00\" \/>\n<meta property=\"article:modified_time\" content=\"2023-11-14T16:41:10+00:00\" \/>\n<meta property=\"og:image\" content=\"http:\/\/lafuente.mx\/wp-content\/uploads\/2023\/11\/Captura-de-Pantalla-2023-11-14-a-las-9.41.38.png\" \/>\n\t<meta property=\"og:image:width\" content=\"1186\" \/>\n\t<meta property=\"og:image:height\" content=\"750\" \/>\n\t<meta property=\"og:image:type\" content=\"image\/png\" \/>\n<meta name=\"author\" content=\"Claudia Gallardo\" \/>\n<meta name=\"twitter:card\" content=\"summary_large_image\" \/>\n<meta name=\"twitter:title\" content=\"VIII FORO DE ENFERMEDADES NEUROL\u00d3GICAS Y PSIQUI\u00c1TRICAS \u00a0\" \/>\n<meta name=\"twitter:description\" content=\"Reflexionar en torno a las construcciones te\u00f3ricasmetodol\u00f3gicas del Trabajo Social, y disciplinas afines\" \/>\n<meta name=\"twitter:image\" content=\"https:\/\/i0.wp.com\/lafuente.mx\/wp-content\/uploads\/2023\/11\/Captura-de-Pantalla-2023-11-14-a-las-9.41.38.png?fit=1186%2C750&ssl=1\" \/>\n<meta name=\"twitter:label1\" content=\"Escrito por\" \/>\n\t<meta name=\"twitter:data1\" content=\"Claudia Gallardo\" \/>\n\t<meta name=\"twitter:label2\" content=\"Tiempo de lectura\" \/>\n\t<meta name=\"twitter:data2\" content=\"1 minuto\" \/>\n<script type=\"application\/ld+json\" class=\"yoast-schema-graph\">{\"@context\":\"https:\/\/schema.org\",\"@graph\":[{\"@type\":\"WebSite\",\"@id\":\"https:\/\/lafuente.mx\/#website\",\"url\":\"https:\/\/lafuente.mx\/\",\"name\":\"\",\"description\":\"Informaci\u00f3n confiable sobre salud mental\",\"potentialAction\":[{\"@type\":\"SearchAction\",\"target\":{\"@type\":\"EntryPoint\",\"urlTemplate\":\"https:\/\/lafuente.mx\/?s={search_term_string}\"},\"query-input\":\"required name=search_term_string\"}],\"inLanguage\":\"es-MX\"},{\"@type\":\"WebPage\",\"@id\":\"https:\/\/lafuente.mx\/?p=1870\",\"url\":\"https:\/\/lafuente.mx\/?p=1870\",\"name\":\"VIII FORO DE ENFERMEDADES NEUROL\u00d3GICAS Y PSIQUI\u00c1TRICAS \u00a0 -\",\"isPartOf\":{\"@id\":\"https:\/\/lafuente.mx\/#website\"},\"datePublished\":\"2023-11-14T15:45:14+00:00\",\"dateModified\":\"2023-11-14T16:41:10+00:00\",\"author\":{\"@id\":\"https:\/\/lafuente.mx\/#\/schema\/person\/603f3aa8e2f6f7879021ab722d39d6b0\"},\"description\":\"Reflexionar en torno a las construcciones te\u00f3ricasmetodol\u00f3gicas del Trabajo Social, y disciplinas afines\",\"breadcrumb\":{\"@id\":\"https:\/\/lafuente.mx\/?p=1870#breadcrumb\"},\"inLanguage\":\"es-MX\",\"potentialAction\":[{\"@type\":\"ReadAction\",\"target\":[\"https:\/\/lafuente.mx\/?p=1870\"]}]},{\"@type\":\"BreadcrumbList\",\"@id\":\"https:\/\/lafuente.mx\/?p=1870#breadcrumb\",\"itemListElement\":[{\"@type\":\"ListItem\",\"position\":1,\"name\":\"Inicio\",\"item\":\"https:\/\/lafuente.mx\/\"},{\"@type\":\"ListItem\",\"position\":2,\"name\":\"VIII FORO DE ENFERMEDADES NEUROL\u00d3GICAS Y PSIQUI\u00c1TRICAS \u00a0\"}]},{\"@type\":\"Person\",\"@id\":\"https:\/\/lafuente.mx\/#\/schema\/person\/603f3aa8e2f6f7879021ab722d39d6b0\",\"name\":\"Claudia Gallardo\",\"image\":{\"@type\":\"ImageObject\",\"inLanguage\":\"es-MX\",\"@id\":\"https:\/\/lafuente.mx\/#\/schema\/person\/image\/\",\"url\":\"https:\/\/secure.gravatar.com\/avatar\/bfe9c966af1ccfb9d17bcdb9d04e8815?s=96&d=mm&r=g\",\"contentUrl\":\"https:\/\/secure.gravatar.com\/avatar\/bfe9c966af1ccfb9d17bcdb9d04e8815?s=96&d=mm&r=g\",\"caption\":\"Claudia Gallardo\"},\"url\":\"https:\/\/lafuente.mx\/?author=3\"}]}<\/script>\n<!-- \/ Yoast SEO plugin. -->","yoast_head_json":{"title":"VIII FORO DE ENFERMEDADES NEUROL\u00d3GICAS Y PSIQUI\u00c1TRICAS \u00a0 -","description":"Reflexionar en torno a las construcciones te\u00f3ricasmetodol\u00f3gicas del Trabajo Social, y disciplinas afines","robots":{"index":"index","follow":"follow","max-snippet":"max-snippet:-1","max-image-preview":"max-image-preview:large","max-video-preview":"max-video-preview:-1"},"canonical":"https:\/\/lafuente.mx\/?p=1870","og_locale":"es_MX","og_type":"article","og_title":"VIII FORO DE ENFERMEDADES NEUROL\u00d3GICAS Y PSIQUI\u00c1TRICAS \u00a0","og_description":"Reflexionar en torno a las construcciones te\u00f3ricasmetodol\u00f3gicas del Trabajo Social, y disciplinas afines","og_url":"https:\/\/lafuente.mx\/?p=1870","article_published_time":"2023-11-14T15:45:14+00:00","article_modified_time":"2023-11-14T16:41:10+00:00","og_image":[{"width":1186,"height":750,"url":"http:\/\/lafuente.mx\/wp-content\/uploads\/2023\/11\/Captura-de-Pantalla-2023-11-14-a-las-9.41.38.png","type":"image\/png"}],"author":"Claudia Gallardo","twitter_card":"summary_large_image","twitter_title":"VIII FORO DE ENFERMEDADES NEUROL\u00d3GICAS Y PSIQUI\u00c1TRICAS \u00a0","twitter_description":"Reflexionar en torno a las construcciones te\u00f3ricasmetodol\u00f3gicas del Trabajo Social, y disciplinas afines","twitter_image":"https:\/\/i0.wp.com\/lafuente.mx\/wp-content\/uploads\/2023\/11\/Captura-de-Pantalla-2023-11-14-a-las-9.41.38.png?fit=1186%2C750&ssl=1","twitter_misc":{"Escrito por":"Claudia Gallardo","Tiempo de lectura":"1 minuto"},"schema":{"@context":"https:\/\/schema.org","@graph":[{"@type":"WebSite","@id":"https:\/\/lafuente.mx\/#website","url":"https:\/\/lafuente.mx\/","name":"","description":"Informaci\u00f3n confiable sobre salud mental","potentialAction":[{"@type":"SearchAction","target":{"@type":"EntryPoint","urlTemplate":"https:\/\/lafuente.mx\/?s={search_term_string}"},"query-input":"required name=search_term_string"}],"inLanguage":"es-MX"},{"@type":"WebPage","@id":"https:\/\/lafuente.mx\/?p=1870","url":"https:\/\/lafuente.mx\/?p=1870","name":"VIII FORO DE ENFERMEDADES NEUROL\u00d3GICAS Y PSIQUI\u00c1TRICAS \u00a0 -","isPartOf":{"@id":"https:\/\/lafuente.mx\/#website"},"datePublished":"2023-11-14T15:45:14+00:00","dateModified":"2023-11-14T16:41:10+00:00","author":{"@id":"https:\/\/lafuente.mx\/#\/schema\/person\/603f3aa8e2f6f7879021ab722d39d6b0"},"description":"Reflexionar en torno a las construcciones te\u00f3ricasmetodol\u00f3gicas del Trabajo Social, y disciplinas afines","breadcrumb":{"@id":"https:\/\/lafuente.mx\/?p=1870#breadcrumb"},"inLanguage":"es-MX","potentialAction":[{"@type":"ReadAction","target":["https:\/\/lafuente.mx\/?p=1870"]}]},{"@type":"BreadcrumbList","@id":"https:\/\/lafuente.mx\/?p=1870#breadcrumb","itemListElement":[{"@type":"ListItem","position":1,"name":"Inicio","item":"https:\/\/lafuente.mx\/"},{"@type":"ListItem","position":2,"name":"VIII FORO DE ENFERMEDADES NEUROL\u00d3GICAS Y PSIQUI\u00c1TRICAS \u00a0"}]},{"@type":"Person","@id":"https:\/\/lafuente.mx\/#\/schema\/person\/603f3aa8e2f6f7879021ab722d39d6b0","name":"Claudia Gallardo","image":{"@type":"ImageObject","inLanguage":"es-MX","@id":"https:\/\/lafuente.mx\/#\/schema\/person\/image\/","url":"https:\/\/secure.gravatar.com\/avatar\/bfe9c966af1ccfb9d17bcdb9d04e8815?s=96&d=mm&r=g","contentUrl":"https:\/\/secure.gravatar.com\/avatar\/bfe9c966af1ccfb9d17bcdb9d04e8815?s=96&d=mm&r=g","caption":"Claudia Gallardo"},"url":"https:\/\/lafuente.mx\/?author=3"}]}},"jetpack_featured_media_url":"https:\/\/i0.wp.com\/lafuente.mx\/wp-content\/uploads\/2023\/11\/Captura-de-Pantalla-2023-11-14-a-las-9.41.38.png?fit=1186%2C750&ssl=1","jetpack-related-posts":[{"id":2543,"url":"https:\/\/lafuente.mx\/?p=2543","url_meta":{"origin":1870,"position":0},"title":"Enfermedades neurol\u00f3gicas y psiqui\u00e1tricas: Experiencias de Trabajo Social en el campo de la investigaci\u00f3n e intervenci\u00f3n colaborativa\u00a0","date":"septiembre 11, 2024","format":false,"excerpt":"El presente libro es resultado del Tercer Foro \"Enfermedades neurol\u00f3gicas y psiqui\u00e1tricas: experiencias de Trabajo Social en el campo de la investigaci\u00f3n e intervenci\u00f3n colaborativa\". Evento acad\u00e9mico de gran colaboraci\u00f3n interinstitucional, promovido por la Escuela Nacional de Trabajo Social (ENTS); el Instituto Nacional de Psiquiatr\u00eda Ram\u00f3n de la Fuente Mu\u00f1iz\u2026","rel":"","context":"En &quot;Publicaciones&quot;","img":{"alt_text":"","src":"https:\/\/i0.wp.com\/lafuente.mx\/wp-content\/uploads\/2024\/09\/Captura-de-pantalla-2024-09-10-a-las-12.52.51.png?fit=874%2C1200&ssl=1&resize=350%2C200","width":350,"height":200},"classes":[]},{"id":521,"url":"https:\/\/lafuente.mx\/?p=521","url_meta":{"origin":1870,"position":1},"title":"VII FORO ENFERMEDADES NEUROL\u00d3GICAS Y PSIQUI\u00c1TRICAS\u00a0","date":"octubre 31, 2022","format":false,"excerpt":"Experiencias de trabajo social en el campo de la investigaci\u00f3n e intervenci\u00f3n colaborativa\u00a0\u00a0 16, 17 y 18 de noviembre\u00a0\u00a0 Coordinan:\u00a0\u00a0 Instituto Nacional de Neurolog\u00eda,\u00a0\u00a0 Instituto Nacional de de Psiquiatr\u00eda,\u00a0 Escuela Nacional de Trabajo Social, UNAM\u00a0\u00a0 Evento gratuito, Constancia con valor curricular.\u00a0 Horario8:30 a 15:00 h.\u00a0 ObjetivoReflexionar en torno a las\u2026","rel":"","context":"En &quot;Eventos externos&quot;","img":{"alt_text":"","src":"https:\/\/i0.wp.com\/lafuente.mx\/wp-content\/uploads\/2022\/10\/Captura-de-Pantalla-2022-10-31-a-las-13.11.32.png?fit=1200%2C1144&ssl=1&resize=350%2C200","width":350,"height":200},"classes":[]},{"id":2966,"url":"https:\/\/lafuente.mx\/?p=2966","url_meta":{"origin":1870,"position":2},"title":"4\u00aa\u00a0Encuentro Binacional de Neurociencias y Salud Mental","date":"julio 2, 2025","format":false,"excerpt":"Durante los d\u00edas\u00a011 y 12 de abril de este a\u00f1o 2025, se llev\u00f3 a cabo en el auditorio de nuestro Instituto\u00a0Nacional de Psiquiatr\u00eda Ram\u00f3n de la Fuente Mu\u00f1iz\u00a0el\u00a04\u00aa\u00a0Encuentro Binacional de Neurociencias y Salud Mental, con la participaci\u00f3n de destacados profesores-investigadores de la Universidad del Rosario, la Universidad Externado de Colombia,\u2026","rel":"","context":"En &quot;Eventos Acad\u00e9micos del INPRFM&quot;","img":{"alt_text":"","src":"https:\/\/i0.wp.com\/lafuente.mx\/wp-content\/uploads\/2025\/06\/IMG_4138-scaled.jpg?resize=350%2C200&ssl=1","width":350,"height":200},"classes":[]},{"id":3619,"url":"https:\/\/lafuente.mx\/?p=3619","url_meta":{"origin":1870,"position":3},"title":"Hallazgos sobre perfil metab\u00f3lico y psicopatolog\u00eda en adolescentes\u00a0","date":"marzo 30, 2026","format":false,"excerpt":"Feb 26, 2026 |\u00a0Academia\u00a0 \u201cEl perfil metab\u00f3lico nos abre el panorama en torno a la investigaci\u00f3n de nuevos marcadores asociados a la patolog\u00eda psiqui\u00e1trica. Entender la enfermedad mental como un constructo dimensional nos ayuda a tener una visi\u00f3n m\u00e1s integral de la psiquiatr\u00eda\u201d, afirm\u00f3 el doctor Cristian Hern\u00e1ndez Alba, residente\u2026","rel":"","context":"En &quot;Noticias&quot;","img":{"alt_text":"","src":"https:\/\/i0.wp.com\/lafuente.mx\/wp-content\/uploads\/2023\/01\/adolescentes_.png?fit=660%2C444&ssl=1&resize=350%2C200","width":350,"height":200},"classes":[]},{"id":1582,"url":"https:\/\/lafuente.mx\/?p=1582","url_meta":{"origin":1870,"position":4},"title":"Pr\u00e1cticas de estilo de vida saludable y estado de nutrici\u00f3n y salud","date":"agosto 9, 2023","format":false,"excerpt":"El Instituto Nacional de Psiquiatr\u00eda Ram\u00f3n de la Fuente Mu\u00f1iz y el Instituto Nacional de Salud P\u00fablica te invitan a realizar actividades de investigaci\u00f3n en el proyecto: \u00a0 Intervenci\u00f3n multidimensional para mejorar pr\u00e1cticas de estilo de vida saludable y estado de nutrici\u00f3n y salud en escolares mexicanos\u00a0 Fotograf\u00eda: UNICEF\/ECU\/Escobar Durante\u2026","rel":"","context":"En &quot;Informaci\u00f3n de inter\u00e9s&quot;","img":{"alt_text":"","src":"https:\/\/i0.wp.com\/lafuente.mx\/wp-content\/uploads\/2023\/08\/Captura-de-Pantalla-2023-08-09-a-las-13.30.12.png?fit=1200%2C823&ssl=1&resize=350%2C200","width":350,"height":200},"classes":[]},{"id":2602,"url":"https:\/\/lafuente.mx\/?p=2602","url_meta":{"origin":1870,"position":5},"title":"An\u00e1lisis comparativo de la microbiota fecal entre adolescentes con psicosis de inicio temprano y adultos con esquizofrenia\u00a0","date":"octubre 23, 2024","format":false,"excerpt":"por\u00a0Lucero Nuncio Mora1,2, Humberto Nicolini2,3, Nuria Lanzagorta3, Cynthia Garc\u00eda-Jaimes3, Fernanda Sosa Hern\u00e1ndez3, Vanessa Gonz\u00e1lez-Covarrubias4, H\u00e9ctor Cabello Rangel5, Emmanuel Sarmiento6, David C. Glahn7,8,9 y Alma Genis-Mendoza2,10,*\u00a0 Abstracto\u00a0 Los estudios sobre la composici\u00f3n del microbioma intestinal han demostrado de manera consistente que los trastornos psiqui\u00e1tricos como la esquizofrenia est\u00e1n asociados con la\u2026","rel":"","context":"En &quot;Publicaciones&quot;","img":{"alt_text":"","src":"https:\/\/i0.wp.com\/lafuente.mx\/wp-content\/uploads\/2024\/10\/Captura-de-pantalla-2024-10-22-a-las-9.50.56-1-e1729620725809.png?fit=842%2C701&ssl=1&resize=350%2C200","width":350,"height":200},"classes":[]}],"jetpack_sharing_enabled":true,"jetpack_shortlink":"https:\/\/wp.me\/pe9WUx-ua","_links":{"self":[{"href":"https:\/\/lafuente.mx\/index.php?rest_route=\/wp\/v2\/posts\/1870"}],"collection":[{"href":"https:\/\/lafuente.mx\/index.php?rest_route=\/wp\/v2\/posts"}],"about":[{"href":"https:\/\/lafuente.mx\/index.php?rest_route=\/wp\/v2\/types\/post"}],"author":[{"embeddable":true,"href":"https:\/\/lafuente.mx\/index.php?rest_route=\/wp\/v2\/users\/3"}],"replies":[{"embeddable":true,"href":"https:\/\/lafuente.mx\/index.php?rest_route=%2Fwp%2Fv2%2Fcomments&post=1870"}],"version-history":[{"count":2,"href":"https:\/\/lafuente.mx\/index.php?rest_route=\/wp\/v2\/posts\/1870\/revisions"}],"predecessor-version":[{"id":1873,"href":"https:\/\/lafuente.mx\/index.php?rest_route=\/wp\/v2\/posts\/1870\/revisions\/1873"}],"wp:featuredmedia":[{"embeddable":true,"href":"https:\/\/lafuente.mx\/index.php?rest_route=\/wp\/v2\/media\/1871"}],"wp:attachment":[{"href":"https:\/\/lafuente.mx\/index.php?rest_route=%2Fwp%2Fv2%2Fmedia&parent=1870"}],"wp:term":[{"taxonomy":"category","embeddable":true,"href":"https:\/\/lafuente.mx\/index.php?rest_route=%2Fwp%2Fv2%2Fcategories&post=1870"},{"taxonomy":"post_tag","embeddable":true,"href":"https:\/\/lafuente.mx\/index.php?rest_route=%2Fwp%2Fv2%2Ftags&post=1870"}],"curies":[{"name":"wp","href":"https:\/\/api.w.org\/{rel}","templated":true}]}}