{"id":1867,"date":"2023-11-15T08:05:00","date_gmt":"2023-11-15T08:05:00","guid":{"rendered":"https:\/\/lafuente.mx\/?p=1867"},"modified":"2023-11-23T15:05:29","modified_gmt":"2023-11-23T15:05:29","slug":"borrador-automatico-dia-internacional-del-hombre","status":"publish","type":"post","link":"https:\/\/lafuente.mx\/?p=1867","title":{"rendered":"D\u00eda Internacional del Hombre"},"content":{"rendered":"\n<hr class=\"wp-block-separator has-text-color has-vivid-cyan-blue-color has-alpha-channel-opacity has-vivid-cyan-blue-background-color has-background is-style-wide\"\/>\n\n\n\n<p class=\"has-text-color has-medium-font-size\" style=\"color:#0e3c57\">El 19 de noviembre, D\u00eda Internacional del Hombre, celebra en todo el mundo el valor positivo que los hombres aportan al mundo, a sus familias y comunidades.&nbsp;Destacamos modelos positivos y creamos conciencia sobre el bienestar de los hombres.&nbsp;<\/p>\n\n\n\n<p class=\"has-text-color has-medium-font-size\" style=\"color:#0e3c57\"><strong>Nuestro tema para 2023 es \u201cCero suicidio masculino\u201d.&nbsp;<\/strong><\/p>\n\n\n\n<p class=\"has-text-color has-medium-font-size\" style=\"color:#0e3c57\"><strong>Juntos podemos detener el suicidio masculino.&nbsp;<\/strong><\/p>\n\n\n<div class=\"wp-block-image\">\n<figure class=\"aligncenter size-full is-resized\"><img decoding=\"async\" loading=\"lazy\" width=\"640\" height=\"427\" src=\"https:\/\/i0.wp.com\/lafuente.mx\/wp-content\/uploads\/2023\/11\/hombres.jpeg?resize=640%2C427&#038;ssl=1\" alt=\"\" class=\"wp-image-1868\" style=\"aspect-ratio:1.4992503748125936;width:801px;height:auto\" srcset=\"https:\/\/i0.wp.com\/lafuente.mx\/wp-content\/uploads\/2023\/11\/hombres.jpeg?w=1000&amp;ssl=1 1000w, https:\/\/i0.wp.com\/lafuente.mx\/wp-content\/uploads\/2023\/11\/hombres.jpeg?resize=300%2C200&amp;ssl=1 300w, https:\/\/i0.wp.com\/lafuente.mx\/wp-content\/uploads\/2023\/11\/hombres.jpeg?resize=768%2C512&amp;ssl=1 768w\" sizes=\"(max-width: 640px) 100vw, 640px\" data-recalc-dims=\"1\" \/><\/figure><\/div>\n\n\n<p class=\"has-text-color has-medium-font-size\" style=\"color:#0e3c57\">Fue establecido en 1992 en Estados Unidos por Thomas Oaster, director del Centro de Estudios Masculinos en la Universidad de Misuri-Kansas y popularizado desde el a\u00f1o 1999, cuando comenz\u00f3 a conmemorarse internacionalmente &nbsp;con el objetivo de abordar temas como la salud masculina, resaltar el papel positivo y las contribuciones que realizan los hombres en su comunidad y en la sociedad, promover la igualdad de g\u00e9nero, la paz, la no violencia, la equidad, la tolerancia y el entendimiento.&nbsp;<\/p>\n\n\n\n<hr class=\"wp-block-separator has-text-color has-alpha-channel-opacity has-background\" style=\"background-color:#16608a;color:#16608a\"\/>\n\n\n\n<div class=\"wp-block-buttons is-layout-flex wp-block-buttons-is-layout-flex\">\n<div class=\"wp-block-button\"><a class=\"wp-block-button__link has-background wp-element-button\" href=\"https:\/\/internationalmensday.com\/\" style=\"background-color:#144968\">M\u00e1s informaci\u00f3n<\/a><\/div>\n<\/div>\n","protected":false},"excerpt":{"rendered":"<p>El 19 de noviembre, D\u00eda Internacional del Hombre, celebra en todo el mundo el valor positivo que los hombres aportan al mundo, a sus familias<\/p>\n","protected":false},"author":3,"featured_media":1868,"comment_status":"closed","ping_status":"closed","sticky":false,"template":"","format":"standard","meta":{"footnotes":"","jetpack_publicize_message":"","jetpack_is_tweetstorm":false,"jetpack_publicize_feature_enabled":true},"categories":[13],"tags":[286,98,500,498,21,499,63,32,353],"jetpack_publicize_connections":[],"yoast_head":"<!-- This site is optimized with the Yoast SEO plugin v19.4 - https:\/\/yoast.com\/wordpress\/plugins\/seo\/ -->\n<title>D\u00eda Internacional del Hombre -<\/title>\n<meta name=\"description\" content=\"Destacamos modelos positivos y creamos conciencia sobre el bienestar de los hombres.\u00a0\" \/>\n<meta name=\"robots\" content=\"index, follow, max-snippet:-1, max-image-preview:large, max-video-preview:-1\" \/>\n<link rel=\"canonical\" href=\"https:\/\/lafuente.mx\/?p=1867\" \/>\n<meta property=\"og:locale\" content=\"es_MX\" \/>\n<meta property=\"og:type\" content=\"article\" \/>\n<meta property=\"og:title\" content=\"D\u00eda Internacional del Hombre\" \/>\n<meta property=\"og:description\" content=\"Destacamos modelos positivos y creamos conciencia sobre el bienestar de los hombres.\u00a0\" \/>\n<meta property=\"og:url\" content=\"https:\/\/lafuente.mx\/?p=1867\" \/>\n<meta property=\"article:published_time\" content=\"2023-11-15T08:05:00+00:00\" \/>\n<meta property=\"article:modified_time\" content=\"2023-11-23T15:05:29+00:00\" \/>\n<meta property=\"og:image\" content=\"http:\/\/lafuente.mx\/wp-content\/uploads\/2023\/11\/hombres.jpeg\" \/>\n\t<meta property=\"og:image:width\" content=\"1000\" \/>\n\t<meta property=\"og:image:height\" content=\"667\" \/>\n\t<meta property=\"og:image:type\" content=\"image\/jpeg\" \/>\n<meta name=\"author\" content=\"Claudia Gallardo\" \/>\n<meta name=\"twitter:card\" content=\"summary_large_image\" \/>\n<meta name=\"twitter:title\" content=\"D\u00eda Internacional del Hombre\" \/>\n<meta name=\"twitter:description\" content=\"Destacamos modelos positivos y creamos conciencia sobre el bienestar de los hombres.\u00a0\" \/>\n<meta name=\"twitter:image\" content=\"https:\/\/i0.wp.com\/lafuente.mx\/wp-content\/uploads\/2023\/11\/hombres.jpeg?fit=1000%2C667&ssl=1\" \/>\n<meta name=\"twitter:label1\" content=\"Escrito por\" \/>\n\t<meta name=\"twitter:data1\" content=\"Claudia Gallardo\" \/>\n\t<meta name=\"twitter:label2\" content=\"Tiempo de lectura\" \/>\n\t<meta name=\"twitter:data2\" content=\"1 minuto\" \/>\n<script type=\"application\/ld+json\" class=\"yoast-schema-graph\">{\"@context\":\"https:\/\/schema.org\",\"@graph\":[{\"@type\":\"WebSite\",\"@id\":\"https:\/\/lafuente.mx\/#website\",\"url\":\"https:\/\/lafuente.mx\/\",\"name\":\"\",\"description\":\"Informaci\u00f3n confiable sobre salud mental\",\"potentialAction\":[{\"@type\":\"SearchAction\",\"target\":{\"@type\":\"EntryPoint\",\"urlTemplate\":\"https:\/\/lafuente.mx\/?s={search_term_string}\"},\"query-input\":\"required name=search_term_string\"}],\"inLanguage\":\"es-MX\"},{\"@type\":\"WebPage\",\"@id\":\"https:\/\/lafuente.mx\/?p=1867\",\"url\":\"https:\/\/lafuente.mx\/?p=1867\",\"name\":\"D\u00eda Internacional del Hombre -\",\"isPartOf\":{\"@id\":\"https:\/\/lafuente.mx\/#website\"},\"datePublished\":\"2023-11-15T08:05:00+00:00\",\"dateModified\":\"2023-11-23T15:05:29+00:00\",\"author\":{\"@id\":\"https:\/\/lafuente.mx\/#\/schema\/person\/603f3aa8e2f6f7879021ab722d39d6b0\"},\"description\":\"Destacamos modelos positivos y creamos conciencia sobre el bienestar de los hombres.\u00a0\",\"breadcrumb\":{\"@id\":\"https:\/\/lafuente.mx\/?p=1867#breadcrumb\"},\"inLanguage\":\"es-MX\",\"potentialAction\":[{\"@type\":\"ReadAction\",\"target\":[\"https:\/\/lafuente.mx\/?p=1867\"]}]},{\"@type\":\"BreadcrumbList\",\"@id\":\"https:\/\/lafuente.mx\/?p=1867#breadcrumb\",\"itemListElement\":[{\"@type\":\"ListItem\",\"position\":1,\"name\":\"Inicio\",\"item\":\"https:\/\/lafuente.mx\/\"},{\"@type\":\"ListItem\",\"position\":2,\"name\":\"D\u00eda Internacional del Hombre\"}]},{\"@type\":\"Person\",\"@id\":\"https:\/\/lafuente.mx\/#\/schema\/person\/603f3aa8e2f6f7879021ab722d39d6b0\",\"name\":\"Claudia Gallardo\",\"image\":{\"@type\":\"ImageObject\",\"inLanguage\":\"es-MX\",\"@id\":\"https:\/\/lafuente.mx\/#\/schema\/person\/image\/\",\"url\":\"https:\/\/secure.gravatar.com\/avatar\/bfe9c966af1ccfb9d17bcdb9d04e8815?s=96&d=mm&r=g\",\"contentUrl\":\"https:\/\/secure.gravatar.com\/avatar\/bfe9c966af1ccfb9d17bcdb9d04e8815?s=96&d=mm&r=g\",\"caption\":\"Claudia Gallardo\"},\"url\":\"https:\/\/lafuente.mx\/?author=3\"}]}<\/script>\n<!-- \/ Yoast SEO plugin. -->","yoast_head_json":{"title":"D\u00eda Internacional del Hombre -","description":"Destacamos modelos positivos y creamos conciencia sobre el bienestar de los hombres.\u00a0","robots":{"index":"index","follow":"follow","max-snippet":"max-snippet:-1","max-image-preview":"max-image-preview:large","max-video-preview":"max-video-preview:-1"},"canonical":"https:\/\/lafuente.mx\/?p=1867","og_locale":"es_MX","og_type":"article","og_title":"D\u00eda Internacional del Hombre","og_description":"Destacamos modelos positivos y creamos conciencia sobre el bienestar de los hombres.\u00a0","og_url":"https:\/\/lafuente.mx\/?p=1867","article_published_time":"2023-11-15T08:05:00+00:00","article_modified_time":"2023-11-23T15:05:29+00:00","og_image":[{"width":1000,"height":667,"url":"http:\/\/lafuente.mx\/wp-content\/uploads\/2023\/11\/hombres.jpeg","type":"image\/jpeg"}],"author":"Claudia Gallardo","twitter_card":"summary_large_image","twitter_title":"D\u00eda Internacional del Hombre","twitter_description":"Destacamos modelos positivos y creamos conciencia sobre el bienestar de los hombres.\u00a0","twitter_image":"https:\/\/i0.wp.com\/lafuente.mx\/wp-content\/uploads\/2023\/11\/hombres.jpeg?fit=1000%2C667&ssl=1","twitter_misc":{"Escrito por":"Claudia Gallardo","Tiempo de lectura":"1 minuto"},"schema":{"@context":"https:\/\/schema.org","@graph":[{"@type":"WebSite","@id":"https:\/\/lafuente.mx\/#website","url":"https:\/\/lafuente.mx\/","name":"","description":"Informaci\u00f3n confiable sobre salud mental","potentialAction":[{"@type":"SearchAction","target":{"@type":"EntryPoint","urlTemplate":"https:\/\/lafuente.mx\/?s={search_term_string}"},"query-input":"required name=search_term_string"}],"inLanguage":"es-MX"},{"@type":"WebPage","@id":"https:\/\/lafuente.mx\/?p=1867","url":"https:\/\/lafuente.mx\/?p=1867","name":"D\u00eda Internacional del Hombre -","isPartOf":{"@id":"https:\/\/lafuente.mx\/#website"},"datePublished":"2023-11-15T08:05:00+00:00","dateModified":"2023-11-23T15:05:29+00:00","author":{"@id":"https:\/\/lafuente.mx\/#\/schema\/person\/603f3aa8e2f6f7879021ab722d39d6b0"},"description":"Destacamos modelos positivos y creamos conciencia sobre el bienestar de los hombres.\u00a0","breadcrumb":{"@id":"https:\/\/lafuente.mx\/?p=1867#breadcrumb"},"inLanguage":"es-MX","potentialAction":[{"@type":"ReadAction","target":["https:\/\/lafuente.mx\/?p=1867"]}]},{"@type":"BreadcrumbList","@id":"https:\/\/lafuente.mx\/?p=1867#breadcrumb","itemListElement":[{"@type":"ListItem","position":1,"name":"Inicio","item":"https:\/\/lafuente.mx\/"},{"@type":"ListItem","position":2,"name":"D\u00eda Internacional del Hombre"}]},{"@type":"Person","@id":"https:\/\/lafuente.mx\/#\/schema\/person\/603f3aa8e2f6f7879021ab722d39d6b0","name":"Claudia Gallardo","image":{"@type":"ImageObject","inLanguage":"es-MX","@id":"https:\/\/lafuente.mx\/#\/schema\/person\/image\/","url":"https:\/\/secure.gravatar.com\/avatar\/bfe9c966af1ccfb9d17bcdb9d04e8815?s=96&d=mm&r=g","contentUrl":"https:\/\/secure.gravatar.com\/avatar\/bfe9c966af1ccfb9d17bcdb9d04e8815?s=96&d=mm&r=g","caption":"Claudia Gallardo"},"url":"https:\/\/lafuente.mx\/?author=3"}]}},"jetpack_featured_media_url":"https:\/\/i0.wp.com\/lafuente.mx\/wp-content\/uploads\/2023\/11\/hombres.jpeg?fit=1000%2C667&ssl=1","jetpack-related-posts":[{"id":3437,"url":"https:\/\/lafuente.mx\/?p=3437","url_meta":{"origin":1867,"position":0},"title":"D\u00eda Internacional del Hombre\u00a0","date":"noviembre 18, 2025","format":false,"excerpt":"19 de noviembre\u00a0 Foto INPRFM Esta fecha se conmemora desde 1992 con el prop\u00f3sito de reconocer el papel positivo de los hombres en la sociedad y promover su salud f\u00edsica y emocional.\u00a0El D\u00eda Internacional del Hombre busca tambi\u00e9n fomentar la igualdad de g\u00e9nero, la paz, la no violencia, la equidad,\u2026","rel":"","context":"En &quot;Efem\u00e9rides de Salud Mental&quot;","img":{"alt_text":"","src":"https:\/\/i0.wp.com\/lafuente.mx\/wp-content\/uploads\/2025\/10\/Fco-enriquez-scaled.jpg?fit=1200%2C1143&ssl=1&resize=350%2C200","width":350,"height":200},"classes":[]},{"id":1679,"url":"https:\/\/lafuente.mx\/?p=1679","url_meta":{"origin":1867,"position":1},"title":"D\u00eda Mundial para la Prevenci\u00f3n del Suicidio 2023","date":"septiembre 8, 2023","format":false,"excerpt":"\u00abCreando esperanza a trav\u00e9s de la acci\u00f3n\u00bb\u00a0 El D\u00eda Mundial para la Prevenci\u00f3n del Suicidio fue establecido en 2003 por la Asociaci\u00f3n Internacional para la Prevenci\u00f3n del Suicidio junto con la Organizaci\u00f3n Mundial de la Salud (OMS). La jornada, que se celebra el 10 de septiembre de cada a\u00f1o, tiene\u2026","rel":"","context":"En &quot;Efem\u00e9rides de Salud Mental&quot;","img":{"alt_text":"","src":"https:\/\/i0.wp.com\/lafuente.mx\/wp-content\/uploads\/2023\/09\/mono-ama.jpeg?fit=850%2C590&ssl=1&resize=350%2C200","width":350,"height":200},"classes":[]},{"id":2523,"url":"https:\/\/lafuente.mx\/?p=2523","url_meta":{"origin":1867,"position":2},"title":"D\u00eda Mundial para la Prevenci\u00f3n del Suicidio 2024\u00a0","date":"septiembre 10, 2024","format":false,"excerpt":"El D\u00eda Mundial para la Prevenci\u00f3n del Suicidio,\u00a0que se conmemora anualmente el 10 de septiembre, est\u00e1 organizado por la Asociaci\u00f3n Internacional para la Prevenci\u00f3n del Suicidio (IASP) y avalado por la Organizaci\u00f3n Mundial de la Salud (OMS). La conmemoraci\u00f3n centra la atenci\u00f3n en el tema, reduce el estigma y crea\u2026","rel":"","context":"En &quot;Efem\u00e9rides de Salud Mental&quot;","img":{"alt_text":"stop adult suicide, candle in child hands, left alone-3801118.jpg","src":"https:\/\/i0.wp.com\/lafuente.mx\/wp-content\/uploads\/2024\/09\/stop-adult-suicide-candle-in-child-hands-left-alone-3801118.jpg?fit=1200%2C857&ssl=1&resize=350%2C200","width":350,"height":200},"classes":[]},{"id":3234,"url":"https:\/\/lafuente.mx\/?p=3234","url_meta":{"origin":1867,"position":3},"title":"D\u00eda Mundial para la Prevenci\u00f3n del Suicidio","date":"septiembre 10, 2025","format":false,"excerpt":"10 de septiembre El D\u00eda Mundial para la Prevenci\u00f3n del Suicidio, que se celebra cada 10 de septiembre, es una iniciativa global liderada por la Asociaci\u00f3n Internacional para la Prevenci\u00f3n del Suicidio (IASP) con el apoyo de la Organizaci\u00f3n Mundial de la Salud (OMS). Su objetivo es concienciar, reducir el\u2026","rel":"","context":"En &quot;Efem\u00e9rides de Salud Mental&quot;","img":{"alt_text":"red rose near rail, remembering all victims, of suicide on rail, condolence, humble, loving memory, you are not forgotten, outdoor, humble, humble, humble, humble, humble-3663515.jpg","src":"https:\/\/i0.wp.com\/lafuente.mx\/wp-content\/uploads\/2025\/09\/red-rose-near-rail-remembering-all-victims-of-suicide-on-rail-condolence-humble-loving-memory-you-are-not-forgotten-outdoor-humble-humble-humble-humble-humble-3663515.jpg?fit=1200%2C800&ssl=1&resize=350%2C200","width":350,"height":200},"classes":[]},{"id":530,"url":"https:\/\/lafuente.mx\/?p=530","url_meta":{"origin":1867,"position":4},"title":"D\u00eda Internacional del Hombre","date":"noviembre 4, 2022","format":false,"excerpt":"19 de noviembre Foto: INPRFM El D\u00eda Internacional del Hombre celebra el 19 de noviembre, en todo el mundo el valor positivo que los hombres aportan al mundo, a sus familias y comunidades. Se destacan modelos a seguir positivos y creamos conciencia sobre el bienestar de los hombres. Nuestro tema\u2026","rel":"","context":"En &quot;Efem\u00e9rides de Salud Mental&quot;","img":{"alt_text":"","src":"https:\/\/i0.wp.com\/lafuente.mx\/wp-content\/uploads\/2022\/11\/DSC_0485-1-scaled-e1667584404148.jpg?fit=860%2C571&ssl=1&resize=350%2C200","width":350,"height":200},"classes":[]},{"id":3051,"url":"https:\/\/lafuente.mx\/?p=3051","url_meta":{"origin":1867,"position":5},"title":"Tema del mes: Depresi\u00f3n","date":"julio 9, 2025","format":false,"excerpt":"ENERO 2025 De acuerdo con datos de la Organizaci\u00f3n Mundial de la Salud (OMS), la depresi\u00f3n es un trastorno mental que afecta a m\u00e1s de 300 millones de personas en el mundo. El objetivo de la conmemoraci\u00f3n de este d\u00eda es la de sensibilizar, orientar y prevenir a la poblaci\u00f3n\u2026","rel":"","context":"En &quot;T\u00f3picos de salud mental&quot;","img":{"alt_text":"","src":"https:\/\/i0.wp.com\/lafuente.mx\/wp-content\/uploads\/2025\/07\/Captura-de-pantalla-2025-07-09-a-las-12.08.59.png?fit=1200%2C560&ssl=1&resize=350%2C200","width":350,"height":200},"classes":[]}],"jetpack_sharing_enabled":true,"jetpack_shortlink":"https:\/\/wp.me\/pe9WUx-u7","_links":{"self":[{"href":"https:\/\/lafuente.mx\/index.php?rest_route=\/wp\/v2\/posts\/1867"}],"collection":[{"href":"https:\/\/lafuente.mx\/index.php?rest_route=\/wp\/v2\/posts"}],"about":[{"href":"https:\/\/lafuente.mx\/index.php?rest_route=\/wp\/v2\/types\/post"}],"author":[{"embeddable":true,"href":"https:\/\/lafuente.mx\/index.php?rest_route=\/wp\/v2\/users\/3"}],"replies":[{"embeddable":true,"href":"https:\/\/lafuente.mx\/index.php?rest_route=%2Fwp%2Fv2%2Fcomments&post=1867"}],"version-history":[{"count":2,"href":"https:\/\/lafuente.mx\/index.php?rest_route=\/wp\/v2\/posts\/1867\/revisions"}],"predecessor-version":[{"id":1902,"href":"https:\/\/lafuente.mx\/index.php?rest_route=\/wp\/v2\/posts\/1867\/revisions\/1902"}],"wp:featuredmedia":[{"embeddable":true,"href":"https:\/\/lafuente.mx\/index.php?rest_route=\/wp\/v2\/media\/1868"}],"wp:attachment":[{"href":"https:\/\/lafuente.mx\/index.php?rest_route=%2Fwp%2Fv2%2Fmedia&parent=1867"}],"wp:term":[{"taxonomy":"category","embeddable":true,"href":"https:\/\/lafuente.mx\/index.php?rest_route=%2Fwp%2Fv2%2Fcategories&post=1867"},{"taxonomy":"post_tag","embeddable":true,"href":"https:\/\/lafuente.mx\/index.php?rest_route=%2Fwp%2Fv2%2Ftags&post=1867"}],"curies":[{"name":"wp","href":"https:\/\/api.w.org\/{rel}","templated":true}]}}