{"id":1864,"date":"2023-11-13T08:08:00","date_gmt":"2023-11-13T08:08:00","guid":{"rendered":"https:\/\/lafuente.mx\/?p=1864"},"modified":"2023-11-10T19:29:52","modified_gmt":"2023-11-10T19:29:52","slug":"borrador-automatico-salud-mental-y-psiquiatria-distinciones-vinculos-y-perspectivas-eticas-bioeticas","status":"publish","type":"post","link":"https:\/\/lafuente.mx\/?p=1864","title":{"rendered":"Salud mental y psiquiatr\u00eda: distinciones, v\u00ednculos y perspectivas \u00e9ticas\/bio\u00e9ticas\u00a0"},"content":{"rendered":"\n<hr class=\"wp-block-separator has-alpha-channel-opacity is-style-wide\"\/>\n\n\n\n<p class=\"has-large-font-size\">AlbertoPerales,1,2 Renato D.Alarc\u00f3n,3,4 PatrickWagner-Grau5,6&nbsp;<\/p>\n\n\n\n<p class=\"has-text-color has-small-font-size\" style=\"color:#2b3237\">1 Escuela de Medicina, Universidad Nacional Mayor de San Marcos, Lima, Per\u00fa.&nbsp;<\/p>\n\n\n\n<p class=\"has-text-color has-small-font-size\" style=\"color:#2b3237\">2 Instituto de \u00c9tica en Salud, Escuela de Medicina, Universidad Nacional Mayor de San Marcos, Lima, Per\u00fa.&nbsp;<\/p>\n\n\n\n<p class=\"has-text-color has-small-font-size\" style=\"color:#2b3237\">3 Honorio Delgado Chair, Universidad Peruana Cayetano Heredia, Lima, Per\u00fa.&nbsp;<\/p>\n\n\n\n<p class=\"has-text-color has-small-font-size\" style=\"color:#2b3237\">4 Department of Psychiatry and Psychology, School of Medicine, Mayo Clinic, Rochester, Minnesota, USA.&nbsp;<\/p>\n\n\n\n<p class=\"has-text-color has-small-font-size\" style=\"color:#2b3237\">5 Academia Nacional de Medicina, Per\u00fa.&nbsp;<\/p>\n\n\n\n<p class=\"has-text-color has-small-font-size\" style=\"color:#2b3237\">6 Red Peruana de Bio\u00e9tica Personalista, Lima, Per\u00fa<\/p>\n\n\n\n<hr class=\"wp-block-separator has-alpha-channel-opacity is-style-wide\"\/>\n\n\n\n<figure class=\"wp-block-image size-large is-resized\"><img decoding=\"async\" loading=\"lazy\" width=\"640\" height=\"425\" src=\"https:\/\/i0.wp.com\/lafuente.mx\/wp-content\/uploads\/2023\/11\/04-Valentina-Bayona-1024x680.jpg?resize=640%2C425&#038;ssl=1\" alt=\"\" class=\"wp-image-1865\" style=\"aspect-ratio:1.5058823529411764;width:843px;height:auto\" srcset=\"https:\/\/i0.wp.com\/lafuente.mx\/wp-content\/uploads\/2023\/11\/04-Valentina-Bayona-scaled.jpg?resize=1024%2C680&amp;ssl=1 1024w, https:\/\/i0.wp.com\/lafuente.mx\/wp-content\/uploads\/2023\/11\/04-Valentina-Bayona-scaled.jpg?resize=300%2C199&amp;ssl=1 300w, https:\/\/i0.wp.com\/lafuente.mx\/wp-content\/uploads\/2023\/11\/04-Valentina-Bayona-scaled.jpg?resize=768%2C510&amp;ssl=1 768w, https:\/\/i0.wp.com\/lafuente.mx\/wp-content\/uploads\/2023\/11\/04-Valentina-Bayona-scaled.jpg?resize=1536%2C1020&amp;ssl=1 1536w, https:\/\/i0.wp.com\/lafuente.mx\/wp-content\/uploads\/2023\/11\/04-Valentina-Bayona-scaled.jpg?resize=2048%2C1360&amp;ssl=1 2048w, https:\/\/i0.wp.com\/lafuente.mx\/wp-content\/uploads\/2023\/11\/04-Valentina-Bayona-scaled.jpg?w=1280 1280w, https:\/\/i0.wp.com\/lafuente.mx\/wp-content\/uploads\/2023\/11\/04-Valentina-Bayona-scaled.jpg?w=1920 1920w\" sizes=\"(max-width: 640px) 100vw, 640px\" data-recalc-dims=\"1\" \/><\/figure>\n\n\n\n<p class=\"has-large-font-size\"><strong>\u00a0<br>Resumen\u00a0<\/strong><\/p>\n\n\n\n<hr class=\"wp-block-separator has-text-color has-vivid-purple-color has-alpha-channel-opacity has-vivid-purple-background-color has-background is-style-wide\"\/>\n\n\n\n<p><strong>Introducci\u00f3n.<\/strong>\u00a0Salud Mental y Psiquiatr\u00eda han sido t\u00e9rminos de uso intenso y complejo por casi una centuria y, en el momento actual pueden haber llegado a un nivel cr\u00edtico de sinonimia ambigua e imprecisa que dificulta su delineaci\u00f3n y vigencia.\u00a0<br>\u00a0<br><strong>Objetivo.<\/strong>\u00a0Estudiar en profundidad los conceptos mencionados, estableciendo distinciones precisas, v\u00ednculos ontol\u00f3gicos y alcances instrumentales reforzados por nociones \u00e9ticas y bio\u00e9ticas definidas.\u00a0<br>\u00a0<br><strong>M\u00e9todo.<\/strong>\u00a0Revisi\u00f3n narrativa de la literatura, consulta pertinente con fuentes de diversa \u00edndole m\u00e9dico-cient\u00edfica, hist\u00f3rica, filos\u00f3fica y literaria y an\u00e1lisis de contenidos \u00e9ticos y bio\u00e9ticos pertinentes.\u00a0<br>\u00a0<br><strong>Resultados.<\/strong>\u00a0Se plantean concepciones amplias y comprensivas de Salud Mental como campo de implicaciones socioculturales, pol\u00edticas y demogr\u00e1ficas, y de Psiquiatr\u00eda como especialidad m\u00e9dica. Aparte de claras distinciones y de su impacto espec\u00edfico en diversos sectores, se precisan varios niveles de vinculaci\u00f3n conceptual, acci\u00f3n socio-pol\u00edtica y contenido \u00e9tico-bio\u00e9tico en ambos campos y en procesos de manejo administrativo, pedag\u00f3gico y de investigaci\u00f3n.\u00a0<br>\u00a0<br><strong>Discusi\u00f3n y Conclusi\u00f3n.<\/strong>\u00a0Existen factores que apuntalan o debilitan los alcances de Salud Mental y Psiquiatr\u00eda, as\u00ed como sus caracter\u00edsticas \u00e9tico-bio\u00e9ticas. Su vigencia requiere una reafirmaci\u00f3n de objetivos y un reforzamiento de voluntades individuales e institucionales, as\u00ed como la b\u00fasqueda de vinculaciones aut\u00e9nticas y una proyecci\u00f3n social objetiva, \u00edntegra y justiciera.\u00a0<\/p>\n\n\n\n<div class=\"wp-block-buttons is-layout-flex wp-block-buttons-is-layout-flex\">\n<div class=\"wp-block-button\"><a class=\"wp-block-button__link has-vivid-purple-background-color has-background wp-element-button\" href=\"http:\/\/revistasaludmental.mx\/index.php\/salud_mental\/article\/view\/SM.0185-3325.2023.029\/4250\">M\u00e1s informaci\u00f3n<\/a><\/div>\n<\/div>\n","protected":false},"excerpt":{"rendered":"<p>AlbertoPerales,1,2 Renato D.Alarc\u00f3n,3,4 PatrickWagner-Grau5,6&nbsp; 1 Escuela de Medicina, Universidad Nacional Mayor de San Marcos, Lima, Per\u00fa.&nbsp; 2 Instituto de \u00c9tica en Salud, Escuela de Medicina,<\/p>\n","protected":false},"author":3,"featured_media":1865,"comment_status":"closed","ping_status":"closed","sticky":false,"template":"","format":"standard","meta":{"footnotes":"","jetpack_publicize_message":"","jetpack_is_tweetstorm":false,"jetpack_publicize_feature_enabled":true},"categories":[11],"tags":[496,497,21,324,397,33,32],"jetpack_publicize_connections":[],"yoast_head":"<!-- This site is optimized with the Yoast SEO plugin v19.4 - https:\/\/yoast.com\/wordpress\/plugins\/seo\/ -->\n<title>Salud mental y psiquiatr\u00eda: distinciones, v\u00ednculos y perspectivas \u00e9ticas\/bio\u00e9ticas\u00a0 -<\/title>\n<meta name=\"description\" content=\"Existen factores que apuntalan o debilitan los alcances de Salud Mental y Psiquiatr\u00eda, as\u00ed como sus caracter\u00edsticas \u00e9tico-bio\u00e9ticas.\" \/>\n<meta name=\"robots\" content=\"index, follow, max-snippet:-1, max-image-preview:large, max-video-preview:-1\" \/>\n<link rel=\"canonical\" href=\"https:\/\/lafuente.mx\/?p=1864\" \/>\n<meta property=\"og:locale\" content=\"es_MX\" \/>\n<meta property=\"og:type\" content=\"article\" \/>\n<meta property=\"og:title\" content=\"Salud mental y psiquiatr\u00eda: distinciones, v\u00ednculos y perspectivas \u00e9ticas\/bio\u00e9ticas\u00a0\" \/>\n<meta property=\"og:description\" content=\"Existen factores que apuntalan o debilitan los alcances de Salud Mental y Psiquiatr\u00eda, as\u00ed como sus caracter\u00edsticas \u00e9tico-bio\u00e9ticas.\" \/>\n<meta property=\"og:url\" content=\"https:\/\/lafuente.mx\/?p=1864\" \/>\n<meta property=\"article:published_time\" content=\"2023-11-13T08:08:00+00:00\" \/>\n<meta property=\"article:modified_time\" content=\"2023-11-10T19:29:52+00:00\" \/>\n<meta property=\"og:image\" content=\"https:\/\/i0.wp.com\/lafuente.mx\/wp-content\/uploads\/2023\/11\/04-Valentina-Bayona-scaled.jpg?fit=2560%2C1699&ssl=1\" \/>\n\t<meta property=\"og:image:width\" content=\"2560\" \/>\n\t<meta property=\"og:image:height\" content=\"1699\" \/>\n\t<meta property=\"og:image:type\" content=\"image\/jpeg\" \/>\n<meta name=\"author\" content=\"Claudia Gallardo\" \/>\n<meta name=\"twitter:card\" content=\"summary_large_image\" \/>\n<meta name=\"twitter:title\" content=\"Salud mental y psiquiatr\u00eda: distinciones, v\u00ednculos y perspectivas \u00e9ticas\/bio\u00e9ticas\u00a0\" \/>\n<meta name=\"twitter:description\" content=\"Existen factores que apuntalan o debilitan los alcances de Salud Mental y Psiquiatr\u00eda, as\u00ed como sus caracter\u00edsticas \u00e9tico-bio\u00e9ticas.\" \/>\n<meta name=\"twitter:image\" content=\"https:\/\/i0.wp.com\/lafuente.mx\/wp-content\/uploads\/2023\/11\/04-Valentina-Bayona-scaled.jpg?fit=2560%2C1699&ssl=1\" \/>\n<meta name=\"twitter:label1\" content=\"Escrito por\" \/>\n\t<meta name=\"twitter:data1\" content=\"Claudia Gallardo\" \/>\n\t<meta name=\"twitter:label2\" content=\"Tiempo de lectura\" \/>\n\t<meta name=\"twitter:data2\" content=\"2 minutos\" \/>\n<script type=\"application\/ld+json\" class=\"yoast-schema-graph\">{\"@context\":\"https:\/\/schema.org\",\"@graph\":[{\"@type\":\"WebSite\",\"@id\":\"https:\/\/lafuente.mx\/#website\",\"url\":\"https:\/\/lafuente.mx\/\",\"name\":\"\",\"description\":\"Informaci\u00f3n confiable sobre salud mental\",\"potentialAction\":[{\"@type\":\"SearchAction\",\"target\":{\"@type\":\"EntryPoint\",\"urlTemplate\":\"https:\/\/lafuente.mx\/?s={search_term_string}\"},\"query-input\":\"required name=search_term_string\"}],\"inLanguage\":\"es-MX\"},{\"@type\":\"WebPage\",\"@id\":\"https:\/\/lafuente.mx\/?p=1864\",\"url\":\"https:\/\/lafuente.mx\/?p=1864\",\"name\":\"Salud mental y psiquiatr\u00eda: distinciones, v\u00ednculos y perspectivas \u00e9ticas\/bio\u00e9ticas\u00a0 -\",\"isPartOf\":{\"@id\":\"https:\/\/lafuente.mx\/#website\"},\"datePublished\":\"2023-11-13T08:08:00+00:00\",\"dateModified\":\"2023-11-10T19:29:52+00:00\",\"author\":{\"@id\":\"https:\/\/lafuente.mx\/#\/schema\/person\/603f3aa8e2f6f7879021ab722d39d6b0\"},\"description\":\"Existen factores que apuntalan o debilitan los alcances de Salud Mental y Psiquiatr\u00eda, as\u00ed como sus caracter\u00edsticas \u00e9tico-bio\u00e9ticas.\",\"breadcrumb\":{\"@id\":\"https:\/\/lafuente.mx\/?p=1864#breadcrumb\"},\"inLanguage\":\"es-MX\",\"potentialAction\":[{\"@type\":\"ReadAction\",\"target\":[\"https:\/\/lafuente.mx\/?p=1864\"]}]},{\"@type\":\"BreadcrumbList\",\"@id\":\"https:\/\/lafuente.mx\/?p=1864#breadcrumb\",\"itemListElement\":[{\"@type\":\"ListItem\",\"position\":1,\"name\":\"Inicio\",\"item\":\"https:\/\/lafuente.mx\/\"},{\"@type\":\"ListItem\",\"position\":2,\"name\":\"Salud mental y psiquiatr\u00eda: distinciones, v\u00ednculos y perspectivas \u00e9ticas\/bio\u00e9ticas\u00a0\"}]},{\"@type\":\"Person\",\"@id\":\"https:\/\/lafuente.mx\/#\/schema\/person\/603f3aa8e2f6f7879021ab722d39d6b0\",\"name\":\"Claudia Gallardo\",\"image\":{\"@type\":\"ImageObject\",\"inLanguage\":\"es-MX\",\"@id\":\"https:\/\/lafuente.mx\/#\/schema\/person\/image\/\",\"url\":\"https:\/\/secure.gravatar.com\/avatar\/bfe9c966af1ccfb9d17bcdb9d04e8815?s=96&d=mm&r=g\",\"contentUrl\":\"https:\/\/secure.gravatar.com\/avatar\/bfe9c966af1ccfb9d17bcdb9d04e8815?s=96&d=mm&r=g\",\"caption\":\"Claudia Gallardo\"},\"url\":\"https:\/\/lafuente.mx\/?author=3\"}]}<\/script>\n<!-- \/ Yoast SEO plugin. -->","yoast_head_json":{"title":"Salud mental y psiquiatr\u00eda: distinciones, v\u00ednculos y perspectivas \u00e9ticas\/bio\u00e9ticas\u00a0 -","description":"Existen factores que apuntalan o debilitan los alcances de Salud Mental y Psiquiatr\u00eda, as\u00ed como sus caracter\u00edsticas \u00e9tico-bio\u00e9ticas.","robots":{"index":"index","follow":"follow","max-snippet":"max-snippet:-1","max-image-preview":"max-image-preview:large","max-video-preview":"max-video-preview:-1"},"canonical":"https:\/\/lafuente.mx\/?p=1864","og_locale":"es_MX","og_type":"article","og_title":"Salud mental y psiquiatr\u00eda: distinciones, v\u00ednculos y perspectivas \u00e9ticas\/bio\u00e9ticas\u00a0","og_description":"Existen factores que apuntalan o debilitan los alcances de Salud Mental y Psiquiatr\u00eda, as\u00ed como sus caracter\u00edsticas \u00e9tico-bio\u00e9ticas.","og_url":"https:\/\/lafuente.mx\/?p=1864","article_published_time":"2023-11-13T08:08:00+00:00","article_modified_time":"2023-11-10T19:29:52+00:00","og_image":[{"width":2560,"height":1699,"url":"https:\/\/i0.wp.com\/lafuente.mx\/wp-content\/uploads\/2023\/11\/04-Valentina-Bayona-scaled.jpg?fit=2560%2C1699&ssl=1","type":"image\/jpeg"}],"author":"Claudia Gallardo","twitter_card":"summary_large_image","twitter_title":"Salud mental y psiquiatr\u00eda: distinciones, v\u00ednculos y perspectivas \u00e9ticas\/bio\u00e9ticas\u00a0","twitter_description":"Existen factores que apuntalan o debilitan los alcances de Salud Mental y Psiquiatr\u00eda, as\u00ed como sus caracter\u00edsticas \u00e9tico-bio\u00e9ticas.","twitter_image":"https:\/\/i0.wp.com\/lafuente.mx\/wp-content\/uploads\/2023\/11\/04-Valentina-Bayona-scaled.jpg?fit=2560%2C1699&ssl=1","twitter_misc":{"Escrito por":"Claudia Gallardo","Tiempo de lectura":"2 minutos"},"schema":{"@context":"https:\/\/schema.org","@graph":[{"@type":"WebSite","@id":"https:\/\/lafuente.mx\/#website","url":"https:\/\/lafuente.mx\/","name":"","description":"Informaci\u00f3n confiable sobre salud mental","potentialAction":[{"@type":"SearchAction","target":{"@type":"EntryPoint","urlTemplate":"https:\/\/lafuente.mx\/?s={search_term_string}"},"query-input":"required name=search_term_string"}],"inLanguage":"es-MX"},{"@type":"WebPage","@id":"https:\/\/lafuente.mx\/?p=1864","url":"https:\/\/lafuente.mx\/?p=1864","name":"Salud mental y psiquiatr\u00eda: distinciones, v\u00ednculos y perspectivas \u00e9ticas\/bio\u00e9ticas\u00a0 -","isPartOf":{"@id":"https:\/\/lafuente.mx\/#website"},"datePublished":"2023-11-13T08:08:00+00:00","dateModified":"2023-11-10T19:29:52+00:00","author":{"@id":"https:\/\/lafuente.mx\/#\/schema\/person\/603f3aa8e2f6f7879021ab722d39d6b0"},"description":"Existen factores que apuntalan o debilitan los alcances de Salud Mental y Psiquiatr\u00eda, as\u00ed como sus caracter\u00edsticas \u00e9tico-bio\u00e9ticas.","breadcrumb":{"@id":"https:\/\/lafuente.mx\/?p=1864#breadcrumb"},"inLanguage":"es-MX","potentialAction":[{"@type":"ReadAction","target":["https:\/\/lafuente.mx\/?p=1864"]}]},{"@type":"BreadcrumbList","@id":"https:\/\/lafuente.mx\/?p=1864#breadcrumb","itemListElement":[{"@type":"ListItem","position":1,"name":"Inicio","item":"https:\/\/lafuente.mx\/"},{"@type":"ListItem","position":2,"name":"Salud mental y psiquiatr\u00eda: distinciones, v\u00ednculos y perspectivas \u00e9ticas\/bio\u00e9ticas\u00a0"}]},{"@type":"Person","@id":"https:\/\/lafuente.mx\/#\/schema\/person\/603f3aa8e2f6f7879021ab722d39d6b0","name":"Claudia Gallardo","image":{"@type":"ImageObject","inLanguage":"es-MX","@id":"https:\/\/lafuente.mx\/#\/schema\/person\/image\/","url":"https:\/\/secure.gravatar.com\/avatar\/bfe9c966af1ccfb9d17bcdb9d04e8815?s=96&d=mm&r=g","contentUrl":"https:\/\/secure.gravatar.com\/avatar\/bfe9c966af1ccfb9d17bcdb9d04e8815?s=96&d=mm&r=g","caption":"Claudia Gallardo"},"url":"https:\/\/lafuente.mx\/?author=3"}]}},"jetpack_featured_media_url":"https:\/\/i0.wp.com\/lafuente.mx\/wp-content\/uploads\/2023\/11\/04-Valentina-Bayona-scaled.jpg?fit=2560%2C1699&ssl=1","jetpack-related-posts":[{"id":2884,"url":"https:\/\/lafuente.mx\/?p=2884","url_meta":{"origin":1864,"position":0},"title":"Jornada de Salud Mental, Autismo y Bio\u00e9tica","date":"mayo 9, 2025","format":false,"excerpt":"En el marco del D\u00eda Mundial de Concienciaci\u00f3n sobre el Autismo, el Programa Institucional de \u00c9tica y Bio\u00e9tica de la Facultad de Medicina y el Departamento de Psiquiatr\u00eda y Salud Mental (DPSM) organizaron la Jornada de Salud Mental, Autismo y Bio\u00e9tica, con el prop\u00f3sito de tener un espacio de reflexi\u00f3n\u2026","rel":"","context":"En &quot;Eventos externos&quot;","img":{"alt_text":"","src":"https:\/\/i0.wp.com\/lafuente.mx\/wp-content\/uploads\/2025\/05\/Autismo.jpg?fit=1200%2C613&ssl=1&resize=350%2C200","width":350,"height":200},"classes":[]},{"id":943,"url":"https:\/\/lafuente.mx\/?p=943","url_meta":{"origin":1864,"position":1},"title":"Asociaci\u00f3n entre el estado nutricional y los s\u00edntomas depresivos en una poblaci\u00f3n adulta peruana: un estudio poblacional en Per\u00fa\u00a0","date":"marzo 15, 2023","format":false,"excerpt":"Daniel Escalante-Ram\u00edrez1 , Karen Bonilla1 , Jorge L. Magui\u00f1a2\u00a0 1 Escuela de Nutrici\u00f3n y Diet\u00e9tica, Facultad de Ciencias de la Salud, Universidad Peruana de Ciencias Aplicadas, Lima, Per\u00fa.\u00a0 2 Escuela de Medicina Humana, Facultad de Ciencias de la Salud, Universidad Peruana de Ciencias Aplicadas, Lima, Per\u00fa.\u00a0 Correspondence: Jorge L. Magui\u00f1a\u2026","rel":"","context":"En &quot;Revista Salud Mental&quot;","img":{"alt_text":"","src":"https:\/\/i0.wp.com\/lafuente.mx\/wp-content\/uploads\/2023\/03\/mujer-comiendo-donuts.webp?fit=1200%2C800&ssl=1&resize=350%2C200","width":350,"height":200},"classes":[]},{"id":862,"url":"https:\/\/lafuente.mx\/?p=862","url_meta":{"origin":1864,"position":2},"title":"Por la reducci\u00f3n del estigma y la discriminaci\u00f3n en la salud mental","date":"marzo 6, 2023","format":false,"excerpt":"4 de marzo 2023 En el marco del D\u00eda Internacional de la Cero Discriminaci\u00f3n se llev\u00f3 a cabo, los d\u00edas 2 y 3 de marzo del 2023, el Seminario-Taller \u201c\"Complejo Estigma-Discriminaci\u00f3n (CED) e implicaciones \u00e9ticas del lenguaje utilizado en la investigaci\u00f3n sobre los trastornos mentales: Oportunidades y Desaf\u00edos\"\u00a0en las instalaciones\u2026","rel":"","context":"En &quot;Noticias&quot;","img":{"alt_text":"","src":"https:\/\/i0.wp.com\/lafuente.mx\/wp-content\/uploads\/2023\/03\/Seminario-taller-Estigma_0003_DSC_0039.jpg?fit=1181%2C784&ssl=1&resize=350%2C200","width":350,"height":200},"classes":[]},{"id":2548,"url":"https:\/\/lafuente.mx\/?p=2548","url_meta":{"origin":1864,"position":3},"title":"Salud mental de los pacientes y duraci\u00f3n de la estancia en servicios de urgencias en M\u00e9xico\u00a0","date":"septiembre 12, 2024","format":false,"excerpt":"Edgar Landa-Ram\u00edrez\u00a01\u00a0,\u00a02\u00a0, Lesly Pamela D\u00edaz-V\u00e1squez\u00a03\u00a0,\u00a01\u00a0, Myriam Eunice Hern\u00e1ndez-Nu\u00f1ez\u00a02\u00a0,\u00a01\u00a0, Juan Castillo-Cruz\u00a04\u00a0, Guadalupe Ximena Ortega-Ram\u00edrez\u00a02\u00a0,\u00a01\u00a0, Alma Haide Guerrero-Mart\u00ednez\u00a02\u00a0,\u00a01\u00a0, Nadia Alejandra Dom\u00ednguez-Vieyra\u00a02\u00a0,\u00a01\u00a0, Antonio L\u00f3pez-G\u00f3mez\u00a05\u00a0 1\u00a0Programa de Psicolog\u00eda Urgencias, Hospital General Dr. Manuel Gea Gonz\u00e1lez, Ciudad de M\u00e9xico, M\u00e9xico.\u00a0 2\u00a0Facultad de Psicolog\u00eda, Universidad Nacional Aut\u00f3noma de M\u00e9xico, Ciudad de M\u00e9xico, M\u00e9xico.\u00a0 3\u00a0Facultad de Psicolog\u00eda,\u2026","rel":"","context":"En &quot;Revista Salud Mental&quot;","img":{"alt_text":"","src":"https:\/\/i0.wp.com\/lafuente.mx\/wp-content\/uploads\/2024\/09\/DSC_0300-edited-scaled.jpg?fit=1200%2C797&ssl=1&resize=350%2C200","width":350,"height":200},"classes":[]},{"id":1784,"url":"https:\/\/lafuente.mx\/?p=1784","url_meta":{"origin":1864,"position":4},"title":"Bio\u00e9tica y voluntades anticipadas en psiquiatr\u00eda en el contexto hospitalario\u00a0","date":"octubre 17, 2023","format":false,"excerpt":"Liliana Mondrag\u00f3n-Barrios, Fernando Lolas Stepke Introducci\u00f3n.\u00a0Los servicios de salud mental han sido foco de atenci\u00f3n de los defensores de los derechos humanos y de las recientes reformas legales en algunos pa\u00edses de Am\u00e9rica Latina, que han pedido un cambio del paradigma de la hospitalizaci\u00f3n a uno de acompa\u00f1amiento y apoyo\u2026","rel":"","context":"En &quot;Revista Salud Mental&quot;","img":{"alt_text":"","src":"https:\/\/i0.wp.com\/lafuente.mx\/wp-content\/uploads\/2023\/10\/3430925-1.jpg?fit=1200%2C800&ssl=1&resize=350%2C200","width":350,"height":200},"classes":[]},{"id":506,"url":"https:\/\/lafuente.mx\/?p=506","url_meta":{"origin":1864,"position":5},"title":"Cuidar y ser madre durante la pandemia del SARS-COV2: caracter\u00edsticas de las m\u00e9dicos-madres durante la COVID-19 y su impacto en la salud mental\u00a0","date":"octubre 28, 2022","format":false,"excerpt":"Ingrid Vargas-Huicochea,1 Shoshana Berenzon, 2 Silvia AracelyTafoya,1 Diana Patricia Gu\u00edzar-S\u00e1nchez,3 NoraKelsall, 4 Ana Carolina Rodr\u00edguez-Machain, 1 Atenea Lanz-Uribe 5\u00a0 1 Departamento de Psiquiatr\u00eda y Salud Mental, Facultad de Medicina, Universidad Nacional Aut\u00f3noma de M\u00e9xico, Ciudad de M\u00e9xico, M\u00e9xico.\u00a0 2 Direcci\u00f3n de Investigaciones Epidemiol\u00f3gicas y Psicosociales, Instituto Nacional de Psiquiatr\u00eda Ram\u00f3n\u2026","rel":"","context":"En &quot;Revista Salud Mental&quot;","img":{"alt_text":"","src":"https:\/\/i0.wp.com\/lafuente.mx\/wp-content\/uploads\/2022\/10\/DSC_0300-edited-scaled.jpg?fit=1200%2C797&ssl=1&resize=350%2C200","width":350,"height":200},"classes":[]}],"jetpack_sharing_enabled":true,"jetpack_shortlink":"https:\/\/wp.me\/pe9WUx-u4","_links":{"self":[{"href":"https:\/\/lafuente.mx\/index.php?rest_route=\/wp\/v2\/posts\/1864"}],"collection":[{"href":"https:\/\/lafuente.mx\/index.php?rest_route=\/wp\/v2\/posts"}],"about":[{"href":"https:\/\/lafuente.mx\/index.php?rest_route=\/wp\/v2\/types\/post"}],"author":[{"embeddable":true,"href":"https:\/\/lafuente.mx\/index.php?rest_route=\/wp\/v2\/users\/3"}],"replies":[{"embeddable":true,"href":"https:\/\/lafuente.mx\/index.php?rest_route=%2Fwp%2Fv2%2Fcomments&post=1864"}],"version-history":[{"count":1,"href":"https:\/\/lafuente.mx\/index.php?rest_route=\/wp\/v2\/posts\/1864\/revisions"}],"predecessor-version":[{"id":1866,"href":"https:\/\/lafuente.mx\/index.php?rest_route=\/wp\/v2\/posts\/1864\/revisions\/1866"}],"wp:featuredmedia":[{"embeddable":true,"href":"https:\/\/lafuente.mx\/index.php?rest_route=\/wp\/v2\/media\/1865"}],"wp:attachment":[{"href":"https:\/\/lafuente.mx\/index.php?rest_route=%2Fwp%2Fv2%2Fmedia&parent=1864"}],"wp:term":[{"taxonomy":"category","embeddable":true,"href":"https:\/\/lafuente.mx\/index.php?rest_route=%2Fwp%2Fv2%2Fcategories&post=1864"},{"taxonomy":"post_tag","embeddable":true,"href":"https:\/\/lafuente.mx\/index.php?rest_route=%2Fwp%2Fv2%2Ftags&post=1864"}],"curies":[{"name":"wp","href":"https:\/\/api.w.org\/{rel}","templated":true}]}}