{"id":1860,"date":"2023-11-10T18:31:33","date_gmt":"2023-11-10T18:31:33","guid":{"rendered":"https:\/\/lafuente.mx\/?p=1860"},"modified":"2023-11-10T18:31:34","modified_gmt":"2023-11-10T18:31:34","slug":"borrador-automatico-que-tanto-influye-la-obesidad-en-la-salud-mental","status":"publish","type":"post","link":"https:\/\/lafuente.mx\/?p=1860","title":{"rendered":"\u00bfQu\u00e9 tanto influye la obesidad en la salud mental?\u00a0"},"content":{"rendered":"\n<hr class=\"wp-block-separator has-text-color has-luminous-vivid-orange-color has-alpha-channel-opacity has-luminous-vivid-orange-background-color has-background is-style-wide\"\/>\n\n\n\n<hr class=\"wp-block-separator has-text-color has-luminous-vivid-orange-color has-alpha-channel-opacity has-luminous-vivid-orange-background-color has-background is-style-wide\"\/>\n\n\n\n<p class=\"has-text-color has-large-font-size\" style=\"color:#2f3234\">Entre el 30 y el 60% de las personas con obesidad experimentan condiciones de salud mental, como depresi\u00f3n, ansiedad, baja autoestima o alteraciones en su comportamiento alimentario.&nbsp;<\/p>\n\n\n\n<p class=\"has-text-color has-medium-font-size\" style=\"color:#1b3c4f\">Por\u00a0Redacci\u00f3n\/GH\u00a0  11 de Octubre de 2023\u00a0  Ciudad de M\u00e9xico<\/p>\n\n\n<div class=\"wp-block-image\">\n<figure class=\"aligncenter size-full is-resized\"><img decoding=\"async\" loading=\"lazy\" width=\"600\" height=\"400\" src=\"https:\/\/i0.wp.com\/lafuente.mx\/wp-content\/uploads\/2023\/11\/600x400_hambre-emocional-dreamstime.jpeg?resize=600%2C400&#038;ssl=1\" alt=\"\" class=\"wp-image-1861\" style=\"aspect-ratio:1.5;width:846px;height:auto\" srcset=\"https:\/\/i0.wp.com\/lafuente.mx\/wp-content\/uploads\/2023\/11\/600x400_hambre-emocional-dreamstime.jpeg?w=600&amp;ssl=1 600w, https:\/\/i0.wp.com\/lafuente.mx\/wp-content\/uploads\/2023\/11\/600x400_hambre-emocional-dreamstime.jpeg?resize=300%2C200&amp;ssl=1 300w\" sizes=\"(max-width: 600px) 100vw, 600px\" data-recalc-dims=\"1\" \/><\/figure><\/div>\n\n\n<hr class=\"wp-block-separator has-text-color has-luminous-vivid-orange-color has-alpha-channel-opacity has-luminous-vivid-orange-background-color has-background\"\/>\n\n\n\n<p class=\"has-text-color has-medium-font-size\" style=\"color:#292e32\">Expertos alertan sobre la conexi\u00f3n entre<strong>\u00a0la obesidad y la salud mental,<\/strong>\u00a0una preocupaci\u00f3n cada vez m\u00e1s extendida a nivel mundial.\u00a0<\/p>\n\n\n\n<p class=\"has-text-color has-medium-font-size\" style=\"color:#292e32\">Seg\u00fan el Dr. H\u00e9ctor Esquivias, jefe del Departamento de Educaci\u00f3n Continua en el\u00a0<strong>Instituto Nacional de Psiquiatr\u00eda Ram\u00f3n de la Fuente Mu\u00f1iz<\/strong> entre el 30 y el 60% de las personas con obesidad experimentan condiciones de salud mental, como depresi\u00f3n, ansiedad, baja autoestima o alteraciones en su comportamiento alimentario.\u00a0<\/p>\n\n\n\n<p class=\"has-text-color has-medium-font-size\" style=\"color:#292e32\">Esta conexi\u00f3n se ve agravada por el fen\u00f3meno del<strong>&nbsp;&#8220;hambre emocional&#8221;,<\/strong>&nbsp;en el que las emociones desencadenan un<strong>&nbsp;exceso de ingesta de alimentos.<\/strong>&nbsp;<\/p>\n\n\n\n<p class=\"has-text-color has-large-font-size\" style=\"color:#292e32\"><strong>Obesidad, epidemia global\u00a0<\/strong><\/p>\n\n\n\n<p class=\"has-text-color has-medium-font-size\" style=\"color:#292e32\"><strong><a href=\"https:\/\/www.elimparcial.com\/tijuana\/tijuana\/Rango-de-atencion-de-poblacion-con-obesidad-en-BC-es-de-16-a-60-anos-20231008-0014.html\" target=\"_blank\" rel=\"noreferrer noopener\">La obesidad se ha convertido en una epidemia global<\/a>\u00a0<\/strong>que impacta tanto en la salud f\u00edsica como en la salud mental de millones de personas. Esto es particularmente relevante en M\u00e9xico, donde la\u00a0<strong>Encuesta Nacional de Salud y Nutrici\u00f3n (Ensanut 2022)\u00a0<\/strong>revela que el 75.2% de los adultos mayores de 20 a\u00f1os en el pa\u00eds sufren de obesidad, con un 76.8% en mujeres y un 73.5% en hombres.\u00a0<\/p>\n\n\n\n<div class=\"wp-block-buttons is-layout-flex wp-block-buttons-is-layout-flex\">\n<div class=\"wp-block-button\"><a class=\"wp-block-button__link wp-element-button\" href=\"https:\/\/www.elimparcial.com\/estilos\/Que-tanto-influye-la-obesidad-en-la-salud-mental-20231011-0046.html\">M\u00e1s informaci\u00f3n<\/a><\/div>\n<\/div>\n","protected":false},"excerpt":{"rendered":"<p>Entre el 30 y el 60% de las personas con obesidad experimentan condiciones de salud mental, como depresi\u00f3n, ansiedad, baja autoestima o alteraciones en su<\/p>\n","protected":false},"author":3,"featured_media":1861,"comment_status":"closed","ping_status":"closed","sticky":false,"template":"","format":"standard","meta":{"footnotes":"","jetpack_publicize_message":"","jetpack_is_tweetstorm":false,"jetpack_publicize_feature_enabled":true},"categories":[3],"tags":[88,34,495,87,479,21,242,63,32,51,68],"jetpack_publicize_connections":[],"yoast_head":"<!-- This site is optimized with the Yoast SEO plugin v19.4 - https:\/\/yoast.com\/wordpress\/plugins\/seo\/ -->\n<title>\u00bfQu\u00e9 tanto influye la obesidad en la salud mental?\u00a0 -<\/title>\n<meta name=\"description\" content=\"Entre el 30 y el 60% de las personas con obesidad experimentan condiciones de salud mental, como depresi\u00f3n, ansiedad, baja autoestima o alteraciones en su comportamiento alimentario\" \/>\n<meta name=\"robots\" content=\"index, follow, max-snippet:-1, max-image-preview:large, max-video-preview:-1\" \/>\n<link rel=\"canonical\" href=\"https:\/\/lafuente.mx\/?p=1860\" \/>\n<meta property=\"og:locale\" content=\"es_MX\" \/>\n<meta property=\"og:type\" content=\"article\" \/>\n<meta property=\"og:title\" content=\"\u00bfQu\u00e9 tanto influye la obesidad en la salud mental?\u00a0\" \/>\n<meta property=\"og:description\" content=\"Entre el 30 y el 60% de las personas con obesidad experimentan condiciones de salud mental, como depresi\u00f3n, ansiedad, baja autoestima o alteraciones en su comportamiento alimentario\" \/>\n<meta property=\"og:url\" content=\"https:\/\/lafuente.mx\/?p=1860\" \/>\n<meta property=\"article:published_time\" content=\"2023-11-10T18:31:33+00:00\" \/>\n<meta property=\"article:modified_time\" content=\"2023-11-10T18:31:34+00:00\" \/>\n<meta property=\"og:image\" content=\"http:\/\/lafuente.mx\/wp-content\/uploads\/2023\/11\/600x400_hambre-emocional-dreamstime.jpeg\" \/>\n\t<meta property=\"og:image:width\" content=\"600\" \/>\n\t<meta property=\"og:image:height\" content=\"400\" \/>\n\t<meta property=\"og:image:type\" content=\"image\/jpeg\" \/>\n<meta name=\"author\" content=\"Claudia Gallardo\" \/>\n<meta name=\"twitter:card\" content=\"summary_large_image\" \/>\n<meta name=\"twitter:title\" content=\"\u00bfQu\u00e9 tanto influye la obesidad en la salud mental?\u00a0\" \/>\n<meta name=\"twitter:description\" content=\"Entre el 30 y el 60% de las personas con obesidad experimentan condiciones de salud mental, como depresi\u00f3n, ansiedad, baja autoestima o alteraciones en su comportamiento alimentario\" \/>\n<meta name=\"twitter:image\" content=\"https:\/\/i0.wp.com\/lafuente.mx\/wp-content\/uploads\/2023\/11\/600x400_hambre-emocional-dreamstime.jpeg?fit=600%2C400&ssl=1\" \/>\n<meta name=\"twitter:label1\" content=\"Escrito por\" \/>\n\t<meta name=\"twitter:data1\" content=\"Claudia Gallardo\" \/>\n\t<meta name=\"twitter:label2\" content=\"Tiempo de lectura\" \/>\n\t<meta name=\"twitter:data2\" content=\"1 minuto\" \/>\n<script type=\"application\/ld+json\" class=\"yoast-schema-graph\">{\"@context\":\"https:\/\/schema.org\",\"@graph\":[{\"@type\":\"WebSite\",\"@id\":\"https:\/\/lafuente.mx\/#website\",\"url\":\"https:\/\/lafuente.mx\/\",\"name\":\"\",\"description\":\"Informaci\u00f3n confiable sobre salud mental\",\"potentialAction\":[{\"@type\":\"SearchAction\",\"target\":{\"@type\":\"EntryPoint\",\"urlTemplate\":\"https:\/\/lafuente.mx\/?s={search_term_string}\"},\"query-input\":\"required name=search_term_string\"}],\"inLanguage\":\"es-MX\"},{\"@type\":\"WebPage\",\"@id\":\"https:\/\/lafuente.mx\/?p=1860\",\"url\":\"https:\/\/lafuente.mx\/?p=1860\",\"name\":\"\u00bfQu\u00e9 tanto influye la obesidad en la salud mental?\u00a0 -\",\"isPartOf\":{\"@id\":\"https:\/\/lafuente.mx\/#website\"},\"datePublished\":\"2023-11-10T18:31:33+00:00\",\"dateModified\":\"2023-11-10T18:31:34+00:00\",\"author\":{\"@id\":\"https:\/\/lafuente.mx\/#\/schema\/person\/603f3aa8e2f6f7879021ab722d39d6b0\"},\"description\":\"Entre el 30 y el 60% de las personas con obesidad experimentan condiciones de salud mental, como depresi\u00f3n, ansiedad, baja autoestima o alteraciones en su comportamiento alimentario\",\"breadcrumb\":{\"@id\":\"https:\/\/lafuente.mx\/?p=1860#breadcrumb\"},\"inLanguage\":\"es-MX\",\"potentialAction\":[{\"@type\":\"ReadAction\",\"target\":[\"https:\/\/lafuente.mx\/?p=1860\"]}]},{\"@type\":\"BreadcrumbList\",\"@id\":\"https:\/\/lafuente.mx\/?p=1860#breadcrumb\",\"itemListElement\":[{\"@type\":\"ListItem\",\"position\":1,\"name\":\"Inicio\",\"item\":\"https:\/\/lafuente.mx\/\"},{\"@type\":\"ListItem\",\"position\":2,\"name\":\"\u00bfQu\u00e9 tanto influye la obesidad en la salud mental?\u00a0\"}]},{\"@type\":\"Person\",\"@id\":\"https:\/\/lafuente.mx\/#\/schema\/person\/603f3aa8e2f6f7879021ab722d39d6b0\",\"name\":\"Claudia Gallardo\",\"image\":{\"@type\":\"ImageObject\",\"inLanguage\":\"es-MX\",\"@id\":\"https:\/\/lafuente.mx\/#\/schema\/person\/image\/\",\"url\":\"https:\/\/secure.gravatar.com\/avatar\/bfe9c966af1ccfb9d17bcdb9d04e8815?s=96&d=mm&r=g\",\"contentUrl\":\"https:\/\/secure.gravatar.com\/avatar\/bfe9c966af1ccfb9d17bcdb9d04e8815?s=96&d=mm&r=g\",\"caption\":\"Claudia Gallardo\"},\"url\":\"https:\/\/lafuente.mx\/?author=3\"}]}<\/script>\n<!-- \/ Yoast SEO plugin. -->","yoast_head_json":{"title":"\u00bfQu\u00e9 tanto influye la obesidad en la salud mental?\u00a0 -","description":"Entre el 30 y el 60% de las personas con obesidad experimentan condiciones de salud mental, como depresi\u00f3n, ansiedad, baja autoestima o alteraciones en su comportamiento alimentario","robots":{"index":"index","follow":"follow","max-snippet":"max-snippet:-1","max-image-preview":"max-image-preview:large","max-video-preview":"max-video-preview:-1"},"canonical":"https:\/\/lafuente.mx\/?p=1860","og_locale":"es_MX","og_type":"article","og_title":"\u00bfQu\u00e9 tanto influye la obesidad en la salud mental?\u00a0","og_description":"Entre el 30 y el 60% de las personas con obesidad experimentan condiciones de salud mental, como depresi\u00f3n, ansiedad, baja autoestima o alteraciones en su comportamiento alimentario","og_url":"https:\/\/lafuente.mx\/?p=1860","article_published_time":"2023-11-10T18:31:33+00:00","article_modified_time":"2023-11-10T18:31:34+00:00","og_image":[{"width":600,"height":400,"url":"http:\/\/lafuente.mx\/wp-content\/uploads\/2023\/11\/600x400_hambre-emocional-dreamstime.jpeg","type":"image\/jpeg"}],"author":"Claudia Gallardo","twitter_card":"summary_large_image","twitter_title":"\u00bfQu\u00e9 tanto influye la obesidad en la salud mental?\u00a0","twitter_description":"Entre el 30 y el 60% de las personas con obesidad experimentan condiciones de salud mental, como depresi\u00f3n, ansiedad, baja autoestima o alteraciones en su comportamiento alimentario","twitter_image":"https:\/\/i0.wp.com\/lafuente.mx\/wp-content\/uploads\/2023\/11\/600x400_hambre-emocional-dreamstime.jpeg?fit=600%2C400&ssl=1","twitter_misc":{"Escrito por":"Claudia Gallardo","Tiempo de lectura":"1 minuto"},"schema":{"@context":"https:\/\/schema.org","@graph":[{"@type":"WebSite","@id":"https:\/\/lafuente.mx\/#website","url":"https:\/\/lafuente.mx\/","name":"","description":"Informaci\u00f3n confiable sobre salud mental","potentialAction":[{"@type":"SearchAction","target":{"@type":"EntryPoint","urlTemplate":"https:\/\/lafuente.mx\/?s={search_term_string}"},"query-input":"required name=search_term_string"}],"inLanguage":"es-MX"},{"@type":"WebPage","@id":"https:\/\/lafuente.mx\/?p=1860","url":"https:\/\/lafuente.mx\/?p=1860","name":"\u00bfQu\u00e9 tanto influye la obesidad en la salud mental?\u00a0 -","isPartOf":{"@id":"https:\/\/lafuente.mx\/#website"},"datePublished":"2023-11-10T18:31:33+00:00","dateModified":"2023-11-10T18:31:34+00:00","author":{"@id":"https:\/\/lafuente.mx\/#\/schema\/person\/603f3aa8e2f6f7879021ab722d39d6b0"},"description":"Entre el 30 y el 60% de las personas con obesidad experimentan condiciones de salud mental, como depresi\u00f3n, ansiedad, baja autoestima o alteraciones en su comportamiento alimentario","breadcrumb":{"@id":"https:\/\/lafuente.mx\/?p=1860#breadcrumb"},"inLanguage":"es-MX","potentialAction":[{"@type":"ReadAction","target":["https:\/\/lafuente.mx\/?p=1860"]}]},{"@type":"BreadcrumbList","@id":"https:\/\/lafuente.mx\/?p=1860#breadcrumb","itemListElement":[{"@type":"ListItem","position":1,"name":"Inicio","item":"https:\/\/lafuente.mx\/"},{"@type":"ListItem","position":2,"name":"\u00bfQu\u00e9 tanto influye la obesidad en la salud mental?\u00a0"}]},{"@type":"Person","@id":"https:\/\/lafuente.mx\/#\/schema\/person\/603f3aa8e2f6f7879021ab722d39d6b0","name":"Claudia Gallardo","image":{"@type":"ImageObject","inLanguage":"es-MX","@id":"https:\/\/lafuente.mx\/#\/schema\/person\/image\/","url":"https:\/\/secure.gravatar.com\/avatar\/bfe9c966af1ccfb9d17bcdb9d04e8815?s=96&d=mm&r=g","contentUrl":"https:\/\/secure.gravatar.com\/avatar\/bfe9c966af1ccfb9d17bcdb9d04e8815?s=96&d=mm&r=g","caption":"Claudia Gallardo"},"url":"https:\/\/lafuente.mx\/?author=3"}]}},"jetpack_featured_media_url":"https:\/\/i0.wp.com\/lafuente.mx\/wp-content\/uploads\/2023\/11\/600x400_hambre-emocional-dreamstime.jpeg?fit=600%2C400&ssl=1","jetpack-related-posts":[{"id":2637,"url":"https:\/\/lafuente.mx\/?p=2637","url_meta":{"origin":1860,"position":0},"title":"Opciones terap\u00e9uticas para el manejo integral de los trastornos del sue\u00f1o\u00a0","date":"noviembre 6, 2024","format":false,"excerpt":"29 octubre, 2024\u00a0 En la actividad transmitida por\u00a0YouTube,\u00a0el doctor Alejandro Jim\u00e9nez-Genchi, Coordinador de la Cl\u00ednica del Sue\u00f1o del Instituto Nacional de Psiquiatr\u00eda Ram\u00f3n de la Fuente Mu\u00f1iz,\u00a0explic\u00f3 la importancia de identificar correctamente los trastornos del sue\u00f1o, que pueden ir desde el insomnio hasta la apnea del sue\u00f1o, el s\u00edndrome de\u2026","rel":"","context":"En &quot;Noticias&quot;","img":{"alt_text":"hours of sleep, healthy sleep, sleep pattern-857957.jpg","src":"https:\/\/i0.wp.com\/lafuente.mx\/wp-content\/uploads\/2024\/11\/hours-of-sleep-healthy-sleep-sleep-pattern-857957.jpg?fit=1200%2C797&ssl=1&resize=350%2C200","width":350,"height":200},"classes":[]},{"id":943,"url":"https:\/\/lafuente.mx\/?p=943","url_meta":{"origin":1860,"position":1},"title":"Asociaci\u00f3n entre el estado nutricional y los s\u00edntomas depresivos en una poblaci\u00f3n adulta peruana: un estudio poblacional en Per\u00fa\u00a0","date":"marzo 15, 2023","format":false,"excerpt":"Daniel Escalante-Ram\u00edrez1 , Karen Bonilla1 , Jorge L. Magui\u00f1a2\u00a0 1 Escuela de Nutrici\u00f3n y Diet\u00e9tica, Facultad de Ciencias de la Salud, Universidad Peruana de Ciencias Aplicadas, Lima, Per\u00fa.\u00a0 2 Escuela de Medicina Humana, Facultad de Ciencias de la Salud, Universidad Peruana de Ciencias Aplicadas, Lima, Per\u00fa.\u00a0 Correspondence: Jorge L. Magui\u00f1a\u2026","rel":"","context":"En &quot;Revista Salud Mental&quot;","img":{"alt_text":"","src":"https:\/\/i0.wp.com\/lafuente.mx\/wp-content\/uploads\/2023\/03\/mujer-comiendo-donuts.webp?fit=1200%2C800&ssl=1&resize=350%2C200","width":350,"height":200},"classes":[]},{"id":2110,"url":"https:\/\/lafuente.mx\/?p=2110","url_meta":{"origin":1860,"position":2},"title":"Abordaje interdisciplinario en el acompa\u00f1amiento para la p\u00e9rdida de peso: una visi\u00f3n desde la salud mental","date":"febrero 28, 2024","format":false,"excerpt":"Del 4 al 15 de marzo de 2024\u00a0Acceso ilimitado 24 horas en Google Classroom + sesiones interactivas en tiempo real\u00a0 Coordinan:\u00a0 Dra. Mar\u00eda Magdalena Ocampo Regla\u00a0 Dr. H\u00e9ctor V. Esquivias Zavala\u00a0 Dirigido a:\u00a0 Profesionales de la salud de las siguientes disciplinas: medicina, psicolog\u00eda, nutrici\u00f3n, activaci\u00f3n f\u00edsica, trabajo social y enfermer\u00eda\u00a0\u2026","rel":"","context":"En &quot;Cursos&quot;","img":{"alt_text":"","src":"https:\/\/i0.wp.com\/lafuente.mx\/wp-content\/uploads\/2024\/02\/240228-edited.jpg?fit=1200%2C675&ssl=1&resize=350%2C200","width":350,"height":200},"classes":[]},{"id":2174,"url":"https:\/\/lafuente.mx\/?p=2174","url_meta":{"origin":1860,"position":3},"title":"D\u00eda Mundial del Trastorno Bipolar \u00a0","date":"marzo 30, 2024","format":false,"excerpt":"30 de marzo El trastorno bipolar es una enfermedad mental que afecta a los mecanismos que regulan el estado de \u00e1nimo (animostato). Se suele caracterizar por la alternancia de episodios man\u00edacos (altos emocionales) y depresivos (bajos emocionales) separados por per\u00edodos de estado de \u00e1nimo normal. No obstante, la enfermedad tambi\u00e9n\u2026","rel":"","context":"En &quot;Efem\u00e9rides de Salud Mental&quot;","img":{"alt_text":"","src":"https:\/\/i0.wp.com\/lafuente.mx\/wp-content\/uploads\/2024\/04\/Captura-de-pantalla-2024-04-02-a-las-10.09.21.png?fit=1200%2C678&ssl=1&resize=350%2C200","width":350,"height":200},"classes":[]},{"id":2033,"url":"https:\/\/lafuente.mx\/?p=2033","url_meta":{"origin":1860,"position":4},"title":"D\u00eda del Profesional en Nutrici\u00f3n","date":"enero 25, 2024","format":false,"excerpt":"27 de enero\u00a0 Las y los nutri\u00f3logos brindan herramientas a la poblaci\u00f3n para que tengan un peso adecuado, a trav\u00e9s de una alimentaci\u00f3n saludable y, de esta manera, evitar la desnutrici\u00f3n, o bien, la obesidad y el sobrepeso.\u00a0 En M\u00e9xico, el D\u00eda del Profesional en Nutrici\u00f3n se conmemora cada 27\u2026","rel":"","context":"En &quot;Efem\u00e9rides de Salud Mental&quot;","img":{"alt_text":"","src":"https:\/\/i0.wp.com\/lafuente.mx\/wp-content\/uploads\/2024\/01\/Captura-de-Pantalla-2024-01-24-a-las-12.12.15.png?fit=1200%2C566&ssl=1&resize=350%2C200","width":350,"height":200},"classes":[]},{"id":2039,"url":"https:\/\/lafuente.mx\/?p=2039","url_meta":{"origin":1860,"position":5},"title":"Consumo de productos ultraprocesados se asocia con cuadros de depresi\u00f3n y ansiedad\u00a0","date":"enero 24, 2024","format":false,"excerpt":"Activan un neurotransmisor llamado dopamina, que proporciona sensaci\u00f3n de placer; esto genera la necesidad de seguirlos consumiendo\u00a0 Secretar\u00eda de Salud | 16 de enero de 2024 | Nacional\u00a0 Es recomendable tomar como base de la alimentaci\u00f3n diaria el Plato del Bien Comer o las gu\u00edas alimentarias https:\/\/bit.ly\/3RYEHz2\u00a0 Ana Rosa Garc\u00eda,\u2026","rel":"","context":"En &quot;Noticias&quot;","img":{"alt_text":"","src":"https:\/\/i0.wp.com\/lafuente.mx\/wp-content\/uploads\/2024\/01\/platoBuen-comer.webp?fit=800%2C600&ssl=1&resize=350%2C200","width":350,"height":200},"classes":[]}],"jetpack_sharing_enabled":true,"jetpack_shortlink":"https:\/\/wp.me\/pe9WUx-u0","_links":{"self":[{"href":"https:\/\/lafuente.mx\/index.php?rest_route=\/wp\/v2\/posts\/1860"}],"collection":[{"href":"https:\/\/lafuente.mx\/index.php?rest_route=\/wp\/v2\/posts"}],"about":[{"href":"https:\/\/lafuente.mx\/index.php?rest_route=\/wp\/v2\/types\/post"}],"author":[{"embeddable":true,"href":"https:\/\/lafuente.mx\/index.php?rest_route=\/wp\/v2\/users\/3"}],"replies":[{"embeddable":true,"href":"https:\/\/lafuente.mx\/index.php?rest_route=%2Fwp%2Fv2%2Fcomments&post=1860"}],"version-history":[{"count":1,"href":"https:\/\/lafuente.mx\/index.php?rest_route=\/wp\/v2\/posts\/1860\/revisions"}],"predecessor-version":[{"id":1862,"href":"https:\/\/lafuente.mx\/index.php?rest_route=\/wp\/v2\/posts\/1860\/revisions\/1862"}],"wp:featuredmedia":[{"embeddable":true,"href":"https:\/\/lafuente.mx\/index.php?rest_route=\/wp\/v2\/media\/1861"}],"wp:attachment":[{"href":"https:\/\/lafuente.mx\/index.php?rest_route=%2Fwp%2Fv2%2Fmedia&parent=1860"}],"wp:term":[{"taxonomy":"category","embeddable":true,"href":"https:\/\/lafuente.mx\/index.php?rest_route=%2Fwp%2Fv2%2Fcategories&post=1860"},{"taxonomy":"post_tag","embeddable":true,"href":"https:\/\/lafuente.mx\/index.php?rest_route=%2Fwp%2Fv2%2Ftags&post=1860"}],"curies":[{"name":"wp","href":"https:\/\/api.w.org\/{rel}","templated":true}]}}