{"id":1841,"date":"2023-10-31T16:22:33","date_gmt":"2023-10-31T16:22:33","guid":{"rendered":"https:\/\/lafuente.mx\/?p=1841"},"modified":"2023-11-10T19:31:11","modified_gmt":"2023-11-10T19:31:11","slug":"borrador-automatico-mi-hij-evita-ciertos-alimentos-podria-ser-un-trastorno-de-la-alimentacion","status":"publish","type":"post","link":"https:\/\/lafuente.mx\/?p=1841","title":{"rendered":"Mi hij@ evita ciertos alimentos, \u00bfpodr\u00eda ser un trastorno de la alimentaci\u00f3n?"},"content":{"rendered":"\n<p class=\"has-text-align-center has-vivid-red-color has-text-color has-larger-font-size\"><strong>CONFERENCIA<\/strong><\/p>\n\n\n\n<figure class=\"wp-block-image size-large\"><img decoding=\"async\" loading=\"lazy\" width=\"640\" height=\"479\" src=\"https:\/\/i0.wp.com\/lafuente.mx\/wp-content\/uploads\/2023\/10\/WhatsApp-Image-2023-10-31-at-9.42.48-AM-1024x767.jpeg?resize=640%2C479&#038;ssl=1\" alt=\"\" class=\"wp-image-1842\" srcset=\"https:\/\/i0.wp.com\/lafuente.mx\/wp-content\/uploads\/2023\/10\/WhatsApp-Image-2023-10-31-at-9.42.48-AM.jpeg?resize=1024%2C767&amp;ssl=1 1024w, https:\/\/i0.wp.com\/lafuente.mx\/wp-content\/uploads\/2023\/10\/WhatsApp-Image-2023-10-31-at-9.42.48-AM.jpeg?resize=300%2C225&amp;ssl=1 300w, https:\/\/i0.wp.com\/lafuente.mx\/wp-content\/uploads\/2023\/10\/WhatsApp-Image-2023-10-31-at-9.42.48-AM.jpeg?resize=768%2C576&amp;ssl=1 768w, https:\/\/i0.wp.com\/lafuente.mx\/wp-content\/uploads\/2023\/10\/WhatsApp-Image-2023-10-31-at-9.42.48-AM.jpeg?resize=1536%2C1151&amp;ssl=1 1536w, https:\/\/i0.wp.com\/lafuente.mx\/wp-content\/uploads\/2023\/10\/WhatsApp-Image-2023-10-31-at-9.42.48-AM.jpeg?resize=800%2C600&amp;ssl=1 800w, https:\/\/i0.wp.com\/lafuente.mx\/wp-content\/uploads\/2023\/10\/WhatsApp-Image-2023-10-31-at-9.42.48-AM.jpeg?w=1600&amp;ssl=1 1600w, https:\/\/i0.wp.com\/lafuente.mx\/wp-content\/uploads\/2023\/10\/WhatsApp-Image-2023-10-31-at-9.42.48-AM.jpeg?w=1280 1280w\" sizes=\"(max-width: 640px) 100vw, 640px\" data-recalc-dims=\"1\" \/><\/figure>\n\n\n\n<p class=\"has-text-align-center has-vivid-purple-color has-text-color has-large-font-size\"><strong>10 de noviembre<\/strong><\/p>\n\n\n\n<p class=\"has-text-align-center has-vivid-purple-color has-text-color has-large-font-size\"><strong>12:00 horas<\/strong><\/p>\n\n\n\n<hr class=\"wp-block-separator has-alpha-channel-opacity\"\/>\n\n\n\n<p class=\"has-medium-font-size\"><strong>Hablemos de salud mental<\/strong><\/p>\n\n\n\n<p class=\"has-medium-font-size\">10 DE CADA MES<\/p>\n\n\n\n<hr class=\"wp-block-separator has-alpha-channel-opacity\"\/>\n\n\n\n<p class=\"has-large-font-size\"><strong>Ponentes<\/strong>:<br>Blanca G\u00f3mez Tello<br>Nelly C. Capetillo Ventura<\/p>\n","protected":false},"excerpt":{"rendered":"<p>CONFERENCIA 10 de noviembre 12:00 horas Hablemos de salud mental 10 DE CADA MES Ponentes:Blanca G\u00f3mez TelloNelly C. Capetillo Ventura<\/p>\n","protected":false},"author":3,"featured_media":1842,"comment_status":"closed","ping_status":"closed","sticky":false,"template":"","format":"standard","meta":{"footnotes":"","jetpack_publicize_message":"","jetpack_is_tweetstorm":false,"jetpack_publicize_feature_enabled":true},"categories":[8],"tags":[88,490,489,21,75,32,51],"jetpack_publicize_connections":[],"yoast_head":"<!-- This site is optimized with the Yoast SEO plugin v19.4 - https:\/\/yoast.com\/wordpress\/plugins\/seo\/ -->\n<title>Mi hij@ evita ciertos alimentos, \u00bfpodr\u00eda ser un trastorno de la alimentaci\u00f3n? -<\/title>\n<meta name=\"description\" content=\"Hablemos de salud mental 10 de cada mes\" \/>\n<meta name=\"robots\" content=\"index, follow, max-snippet:-1, max-image-preview:large, max-video-preview:-1\" \/>\n<link rel=\"canonical\" href=\"https:\/\/lafuente.mx\/?p=1841\" \/>\n<meta property=\"og:locale\" content=\"es_MX\" \/>\n<meta property=\"og:type\" content=\"article\" \/>\n<meta property=\"og:title\" content=\"Mi hij@ evita ciertos alimentos, \u00bfpodr\u00eda ser un trastorno de la alimentaci\u00f3n?\" \/>\n<meta property=\"og:description\" content=\"Hablemos de salud mental 10 de cada mes\" \/>\n<meta property=\"og:url\" content=\"https:\/\/lafuente.mx\/?p=1841\" \/>\n<meta property=\"article:published_time\" content=\"2023-10-31T16:22:33+00:00\" \/>\n<meta property=\"article:modified_time\" content=\"2023-11-10T19:31:11+00:00\" \/>\n<meta property=\"og:image\" content=\"http:\/\/lafuente.mx\/wp-content\/uploads\/2023\/10\/WhatsApp-Image-2023-10-31-at-9.42.48-AM.jpeg\" \/>\n\t<meta property=\"og:image:width\" content=\"1600\" \/>\n\t<meta property=\"og:image:height\" content=\"1199\" \/>\n\t<meta property=\"og:image:type\" content=\"image\/jpeg\" \/>\n<meta name=\"author\" content=\"Claudia Gallardo\" \/>\n<meta name=\"twitter:card\" content=\"summary_large_image\" \/>\n<meta name=\"twitter:title\" content=\"Mi hij@ evita ciertos alimentos, \u00bfpodr\u00eda ser un trastorno de la alimentaci\u00f3n?\" \/>\n<meta name=\"twitter:description\" content=\"Hablemos de salud mental 10 de cada mes\" \/>\n<meta name=\"twitter:image\" content=\"https:\/\/i0.wp.com\/lafuente.mx\/wp-content\/uploads\/2023\/10\/WhatsApp-Image-2023-10-31-at-9.42.48-AM.jpeg?fit=1600%2C1199&ssl=1\" \/>\n<meta name=\"twitter:label1\" content=\"Escrito por\" \/>\n\t<meta name=\"twitter:data1\" content=\"Claudia Gallardo\" \/>\n<script type=\"application\/ld+json\" class=\"yoast-schema-graph\">{\"@context\":\"https:\/\/schema.org\",\"@graph\":[{\"@type\":\"WebSite\",\"@id\":\"https:\/\/lafuente.mx\/#website\",\"url\":\"https:\/\/lafuente.mx\/\",\"name\":\"\",\"description\":\"Informaci\u00f3n confiable sobre salud mental\",\"potentialAction\":[{\"@type\":\"SearchAction\",\"target\":{\"@type\":\"EntryPoint\",\"urlTemplate\":\"https:\/\/lafuente.mx\/?s={search_term_string}\"},\"query-input\":\"required name=search_term_string\"}],\"inLanguage\":\"es-MX\"},{\"@type\":\"WebPage\",\"@id\":\"https:\/\/lafuente.mx\/?p=1841\",\"url\":\"https:\/\/lafuente.mx\/?p=1841\",\"name\":\"Mi hij@ evita ciertos alimentos, \u00bfpodr\u00eda ser un trastorno de la alimentaci\u00f3n? -\",\"isPartOf\":{\"@id\":\"https:\/\/lafuente.mx\/#website\"},\"datePublished\":\"2023-10-31T16:22:33+00:00\",\"dateModified\":\"2023-11-10T19:31:11+00:00\",\"author\":{\"@id\":\"https:\/\/lafuente.mx\/#\/schema\/person\/603f3aa8e2f6f7879021ab722d39d6b0\"},\"description\":\"Hablemos de salud mental 10 de cada mes\",\"breadcrumb\":{\"@id\":\"https:\/\/lafuente.mx\/?p=1841#breadcrumb\"},\"inLanguage\":\"es-MX\",\"potentialAction\":[{\"@type\":\"ReadAction\",\"target\":[\"https:\/\/lafuente.mx\/?p=1841\"]}]},{\"@type\":\"BreadcrumbList\",\"@id\":\"https:\/\/lafuente.mx\/?p=1841#breadcrumb\",\"itemListElement\":[{\"@type\":\"ListItem\",\"position\":1,\"name\":\"Inicio\",\"item\":\"https:\/\/lafuente.mx\/\"},{\"@type\":\"ListItem\",\"position\":2,\"name\":\"Mi hij@ evita ciertos alimentos, \u00bfpodr\u00eda ser un trastorno de la alimentaci\u00f3n?\"}]},{\"@type\":\"Person\",\"@id\":\"https:\/\/lafuente.mx\/#\/schema\/person\/603f3aa8e2f6f7879021ab722d39d6b0\",\"name\":\"Claudia Gallardo\",\"image\":{\"@type\":\"ImageObject\",\"inLanguage\":\"es-MX\",\"@id\":\"https:\/\/lafuente.mx\/#\/schema\/person\/image\/\",\"url\":\"https:\/\/secure.gravatar.com\/avatar\/bfe9c966af1ccfb9d17bcdb9d04e8815?s=96&d=mm&r=g\",\"contentUrl\":\"https:\/\/secure.gravatar.com\/avatar\/bfe9c966af1ccfb9d17bcdb9d04e8815?s=96&d=mm&r=g\",\"caption\":\"Claudia Gallardo\"},\"url\":\"https:\/\/lafuente.mx\/?author=3\"}]}<\/script>\n<!-- \/ Yoast SEO plugin. -->","yoast_head_json":{"title":"Mi hij@ evita ciertos alimentos, \u00bfpodr\u00eda ser un trastorno de la alimentaci\u00f3n? -","description":"Hablemos de salud mental 10 de cada mes","robots":{"index":"index","follow":"follow","max-snippet":"max-snippet:-1","max-image-preview":"max-image-preview:large","max-video-preview":"max-video-preview:-1"},"canonical":"https:\/\/lafuente.mx\/?p=1841","og_locale":"es_MX","og_type":"article","og_title":"Mi hij@ evita ciertos alimentos, \u00bfpodr\u00eda ser un trastorno de la alimentaci\u00f3n?","og_description":"Hablemos de salud mental 10 de cada mes","og_url":"https:\/\/lafuente.mx\/?p=1841","article_published_time":"2023-10-31T16:22:33+00:00","article_modified_time":"2023-11-10T19:31:11+00:00","og_image":[{"width":1600,"height":1199,"url":"http:\/\/lafuente.mx\/wp-content\/uploads\/2023\/10\/WhatsApp-Image-2023-10-31-at-9.42.48-AM.jpeg","type":"image\/jpeg"}],"author":"Claudia Gallardo","twitter_card":"summary_large_image","twitter_title":"Mi hij@ evita ciertos alimentos, \u00bfpodr\u00eda ser un trastorno de la alimentaci\u00f3n?","twitter_description":"Hablemos de salud mental 10 de cada mes","twitter_image":"https:\/\/i0.wp.com\/lafuente.mx\/wp-content\/uploads\/2023\/10\/WhatsApp-Image-2023-10-31-at-9.42.48-AM.jpeg?fit=1600%2C1199&ssl=1","twitter_misc":{"Escrito por":"Claudia Gallardo"},"schema":{"@context":"https:\/\/schema.org","@graph":[{"@type":"WebSite","@id":"https:\/\/lafuente.mx\/#website","url":"https:\/\/lafuente.mx\/","name":"","description":"Informaci\u00f3n confiable sobre salud mental","potentialAction":[{"@type":"SearchAction","target":{"@type":"EntryPoint","urlTemplate":"https:\/\/lafuente.mx\/?s={search_term_string}"},"query-input":"required name=search_term_string"}],"inLanguage":"es-MX"},{"@type":"WebPage","@id":"https:\/\/lafuente.mx\/?p=1841","url":"https:\/\/lafuente.mx\/?p=1841","name":"Mi hij@ evita ciertos alimentos, \u00bfpodr\u00eda ser un trastorno de la alimentaci\u00f3n? -","isPartOf":{"@id":"https:\/\/lafuente.mx\/#website"},"datePublished":"2023-10-31T16:22:33+00:00","dateModified":"2023-11-10T19:31:11+00:00","author":{"@id":"https:\/\/lafuente.mx\/#\/schema\/person\/603f3aa8e2f6f7879021ab722d39d6b0"},"description":"Hablemos de salud mental 10 de cada mes","breadcrumb":{"@id":"https:\/\/lafuente.mx\/?p=1841#breadcrumb"},"inLanguage":"es-MX","potentialAction":[{"@type":"ReadAction","target":["https:\/\/lafuente.mx\/?p=1841"]}]},{"@type":"BreadcrumbList","@id":"https:\/\/lafuente.mx\/?p=1841#breadcrumb","itemListElement":[{"@type":"ListItem","position":1,"name":"Inicio","item":"https:\/\/lafuente.mx\/"},{"@type":"ListItem","position":2,"name":"Mi hij@ evita ciertos alimentos, \u00bfpodr\u00eda ser un trastorno de la alimentaci\u00f3n?"}]},{"@type":"Person","@id":"https:\/\/lafuente.mx\/#\/schema\/person\/603f3aa8e2f6f7879021ab722d39d6b0","name":"Claudia Gallardo","image":{"@type":"ImageObject","inLanguage":"es-MX","@id":"https:\/\/lafuente.mx\/#\/schema\/person\/image\/","url":"https:\/\/secure.gravatar.com\/avatar\/bfe9c966af1ccfb9d17bcdb9d04e8815?s=96&d=mm&r=g","contentUrl":"https:\/\/secure.gravatar.com\/avatar\/bfe9c966af1ccfb9d17bcdb9d04e8815?s=96&d=mm&r=g","caption":"Claudia Gallardo"},"url":"https:\/\/lafuente.mx\/?author=3"}]}},"jetpack_featured_media_url":"https:\/\/i0.wp.com\/lafuente.mx\/wp-content\/uploads\/2023\/10\/WhatsApp-Image-2023-10-31-at-9.42.48-AM.jpeg?fit=1600%2C1199&ssl=1","jetpack-related-posts":[{"id":1876,"url":"https:\/\/lafuente.mx\/?p=1876","url_meta":{"origin":1841,"position":0},"title":"Temas selectos en los trastornos de la conducta alimentaria: su afrontamiento cl\u00ednico en el entorno actual\u00a0","date":"noviembre 21, 2023","format":false,"excerpt":"Del 27 de noviembre al 8 de diciembre de 2023\u00a0 Coordinador:\u00a0 Dr. Alejandro de J. Caballero Romo\u00a0 Dirigido a:\u00a0 Profesionales de la salud: medicina, psicolog\u00eda, nutrici\u00f3n, trabajo social, enfermer\u00eda y profesiones afines\u00a0 Objetivo general: Reflexionar acerca de la naturaleza cl\u00ednica de los trastornos de la conducta alimentaria y su presentaci\u00f3n\u2026","rel":"","context":"En &quot;Cursos en l\u00ednea&quot;","img":{"alt_text":"","src":"https:\/\/i0.wp.com\/lafuente.mx\/wp-content\/uploads\/2023\/11\/tca-pyrt2wocimkeydzeapckas8bvswdfu96y3gichtpb2.jpg?fit=1200%2C675&ssl=1&resize=350%2C200","width":350,"height":200},"classes":[]},{"id":2371,"url":"https:\/\/lafuente.mx\/?p=2371","url_meta":{"origin":1841,"position":1},"title":"Trastornos alimentarios ponen en riesgo la vida\u00a0","date":"junio 20, 2024","format":false,"excerpt":"Los m\u00e1s comunes son el atrac\u00f3n, la anorexia nervosa y la bulimia nervosa Secretar\u00eda de Salud | 14 de junio de 2024\u00a0| Nacional\u00a0 Est\u00e1n asociados con trastornos mentales como depresi\u00f3n, ansiedad, trastorno l\u00edmite de personalidad y obsesivo-compulsivo; atenci\u00f3n oportuna permite el control total.\u00a0 El atrac\u00f3n, la anorexia y la bulimia\u2026","rel":"","context":"En &quot;Noticias&quot;","img":{"alt_text":"vegetable skewer, paprika, tomato-3317060.jpg","src":"https:\/\/i0.wp.com\/lafuente.mx\/wp-content\/uploads\/2024\/06\/vegetable-skewer-paprika-tomato-3317060.jpg?fit=1200%2C768&ssl=1&resize=350%2C200","width":350,"height":200},"classes":[]},{"id":1860,"url":"https:\/\/lafuente.mx\/?p=1860","url_meta":{"origin":1841,"position":2},"title":"\u00bfQu\u00e9 tanto influye la obesidad en la salud mental?\u00a0","date":"noviembre 10, 2023","format":false,"excerpt":"Entre el 30 y el 60% de las personas con obesidad experimentan condiciones de salud mental, como depresi\u00f3n, ansiedad, baja autoestima o alteraciones en su comportamiento alimentario.\u00a0 Por\u00a0Redacci\u00f3n\/GH\u00a0 11 de Octubre de 2023\u00a0 Ciudad de M\u00e9xico Expertos alertan sobre la conexi\u00f3n entre\u00a0la obesidad y la salud mental,\u00a0una preocupaci\u00f3n cada vez\u2026","rel":"","context":"En &quot;Noticias&quot;","img":{"alt_text":"","src":"https:\/\/i0.wp.com\/lafuente.mx\/wp-content\/uploads\/2023\/11\/600x400_hambre-emocional-dreamstime.jpeg?fit=600%2C400&ssl=1&resize=350%2C200","width":350,"height":200},"classes":[]},{"id":2039,"url":"https:\/\/lafuente.mx\/?p=2039","url_meta":{"origin":1841,"position":3},"title":"Consumo de productos ultraprocesados se asocia con cuadros de depresi\u00f3n y ansiedad\u00a0","date":"enero 24, 2024","format":false,"excerpt":"Activan un neurotransmisor llamado dopamina, que proporciona sensaci\u00f3n de placer; esto genera la necesidad de seguirlos consumiendo\u00a0 Secretar\u00eda de Salud | 16 de enero de 2024 | Nacional\u00a0 Es recomendable tomar como base de la alimentaci\u00f3n diaria el Plato del Bien Comer o las gu\u00edas alimentarias https:\/\/bit.ly\/3RYEHz2\u00a0 Ana Rosa Garc\u00eda,\u2026","rel":"","context":"En &quot;Noticias&quot;","img":{"alt_text":"","src":"https:\/\/i0.wp.com\/lafuente.mx\/wp-content\/uploads\/2024\/01\/platoBuen-comer.webp?fit=800%2C600&ssl=1&resize=350%2C200","width":350,"height":200},"classes":[]},{"id":935,"url":"https:\/\/lafuente.mx\/?p=935","url_meta":{"origin":1841,"position":4},"title":"Trastornos relacionados con el estr\u00e9s y trauma en la infancia","date":"marzo 7, 2023","format":false,"excerpt":"Imagen INPRFM CONFERENCIA 10 de marzo12:00 horas Hablemos de salud mental10 DE CADA MES Ponentes: Dra. Carolina Santill\u00e1n Torres TorijaDra. Gabriela M. Cort\u00e9s Meda @inprfm @ampi_ac FB live M\u00e1s informaci\u00f3n","rel":"","context":"En &quot;Eventos Acad\u00e9micos del INPRFM&quot;","img":{"alt_text":"","src":"https:\/\/i0.wp.com\/lafuente.mx\/wp-content\/uploads\/2023\/03\/WhatsApp-Image-2023-03-06-at-9.29.06-AM.jpeg?fit=1108%2C940&ssl=1&resize=350%2C200","width":350,"height":200},"classes":[]},{"id":1365,"url":"https:\/\/lafuente.mx\/?p=1365","url_meta":{"origin":1841,"position":5},"title":"D\u00eda Internacional del Trastorno por D\u00e9ficit de Atenci\u00f3n e Hiperactividad","date":"julio 10, 2023","format":false,"excerpt":"Imagen INPRFM 13 de julio\u00a0 Cada 13 de julio conmemoramos uno de los trastornos m\u00e1s comunes de la infancia, que afecta a nivel mundial a 1 de cada 10 ni\u00f1os o j\u00f3venes en edad escolar. Se celebra el D\u00eda Internacional del Trastorno por D\u00e9ficit de Atenci\u00f3n e Hiperactividad.\u00a0 Con esta\u2026","rel":"","context":"En &quot;Efem\u00e9rides de Salud Mental&quot;","img":{"alt_text":"","src":"https:\/\/i0.wp.com\/lafuente.mx\/wp-content\/uploads\/2023\/07\/WhatsApp-Image-2023-07-11-at-12.48.17-PM.jpeg?fit=1200%2C679&ssl=1&resize=350%2C200","width":350,"height":200},"classes":[]}],"jetpack_sharing_enabled":true,"jetpack_shortlink":"https:\/\/wp.me\/pe9WUx-tH","_links":{"self":[{"href":"https:\/\/lafuente.mx\/index.php?rest_route=\/wp\/v2\/posts\/1841"}],"collection":[{"href":"https:\/\/lafuente.mx\/index.php?rest_route=\/wp\/v2\/posts"}],"about":[{"href":"https:\/\/lafuente.mx\/index.php?rest_route=\/wp\/v2\/types\/post"}],"author":[{"embeddable":true,"href":"https:\/\/lafuente.mx\/index.php?rest_route=\/wp\/v2\/users\/3"}],"replies":[{"embeddable":true,"href":"https:\/\/lafuente.mx\/index.php?rest_route=%2Fwp%2Fv2%2Fcomments&post=1841"}],"version-history":[{"count":2,"href":"https:\/\/lafuente.mx\/index.php?rest_route=\/wp\/v2\/posts\/1841\/revisions"}],"predecessor-version":[{"id":1848,"href":"https:\/\/lafuente.mx\/index.php?rest_route=\/wp\/v2\/posts\/1841\/revisions\/1848"}],"wp:featuredmedia":[{"embeddable":true,"href":"https:\/\/lafuente.mx\/index.php?rest_route=\/wp\/v2\/media\/1842"}],"wp:attachment":[{"href":"https:\/\/lafuente.mx\/index.php?rest_route=%2Fwp%2Fv2%2Fmedia&parent=1841"}],"wp:term":[{"taxonomy":"category","embeddable":true,"href":"https:\/\/lafuente.mx\/index.php?rest_route=%2Fwp%2Fv2%2Fcategories&post=1841"},{"taxonomy":"post_tag","embeddable":true,"href":"https:\/\/lafuente.mx\/index.php?rest_route=%2Fwp%2Fv2%2Ftags&post=1841"}],"curies":[{"name":"wp","href":"https:\/\/api.w.org\/{rel}","templated":true}]}}