{"id":1814,"date":"2023-10-27T17:25:25","date_gmt":"2023-10-27T17:25:25","guid":{"rendered":"https:\/\/lafuente.mx\/?p=1814"},"modified":"2023-10-27T17:27:34","modified_gmt":"2023-10-27T17:27:34","slug":"programa-nacional-de-prevencion-del-suicidio-codigo-100","status":"publish","type":"post","link":"https:\/\/lafuente.mx\/?p=1814","title":{"rendered":"Programa Nacional de Prevenci\u00f3n del Suicidio: C\u00f3digo 100\u00a0"},"content":{"rendered":"\n<hr class=\"wp-block-separator aligncenter has-alpha-channel-opacity is-style-wide\"\/>\n\n\n\n<p class=\"has-medium-font-size\"><strong>Presentaci\u00f3n acerca de las diferentes acciones que implica codificar el comportamiento suicida.\u00a0<\/strong><\/p>\n\n\n\n<p>El C\u00f3digo 100 es una un sistema de apoyo a la toma de decisiones cl\u00ednicas en\u00a0el comportamiento suicida en hospitales generales o centros de atenci\u00f3n\u00a0dentro de las redes integradas del sistema de salud (RISS).\u00a0<\/p>\n\n\n\n<p>Permite equiparar la atenci\u00f3n de un usuario de los servicios de salud mental\u00a0con un usuario de los servicios de salud p\u00fablica, minimizando el estigma y en\u00a0el marco de los 4 ejes transversales, de equidad\u00a0de g\u00e9nero, interculturalidad,\u00a0ciclo vital y derechos humanos.\u00a0<\/p>\n\n\n\n<figure class=\"wp-block-embed is-type-video is-provider-youtube wp-block-embed-youtube wp-embed-aspect-16-9 wp-has-aspect-ratio\"><div class=\"wp-block-embed__wrapper\">\n<iframe loading=\"lazy\" title=\"C\u00f3digo 100 (PNPS)\" width=\"640\" height=\"360\" src=\"https:\/\/www.youtube.com\/embed\/z_iAQGp75L4?feature=oembed\" frameborder=\"0\" allow=\"accelerometer; autoplay; clipboard-write; encrypted-media; gyroscope; picture-in-picture; web-share\" allowfullscreen><\/iframe>\n<\/div><\/figure>\n\n\n\n<p><strong>Consulta las herramientas del C\u00f3digo 100<\/strong>&nbsp;<\/p>\n\n\n\n<ul>\n<li><a href=\"https:\/\/www.gob.mx\/salud\/documentos\/manual-de-procedimientos-codigo-100\" target=\"_blank\" rel=\"noreferrer noopener\">Manual de procedimientos C\u00f3digo 100<\/a>&nbsp;<\/li>\n\n\n\n<li><a href=\"https:\/\/www.gob.mx\/salud\/documentos\/plan-de-seguridad-para-el-comportamiento-suicida\" target=\"_blank\" rel=\"noreferrer noopener\">Plan de seguridad<\/a>&nbsp;<\/li>\n\n\n\n<li><a href=\"https:\/\/www.gob.mx\/salud\/documentos\/intentos-de-suicidio-de-alta-letalidad-o-con-comorbilidades-medicas-o-psiquiatricas\" target=\"_blank\" rel=\"noreferrer noopener\">Gu\u00eda para tratar intentos de suicidio de alta letalidad o con comorbilidades medicas o psiqui\u00e1tricas<\/a>&nbsp;<\/li>\n\n\n\n<li><a href=\"https:\/\/www.gob.mx\/salud\/documentos\/tratamiento-farmacologico-del-comportamiento-suicida-y-sus-comorbilidades\" target=\"_blank\" rel=\"noreferrer noopener\">Tratamiento farmacol\u00f3gico del comportamiento suicida y sus comorbilidades<\/a>&nbsp;<\/li>\n<\/ul>\n\n\n\n<hr class=\"wp-block-separator aligncenter has-alpha-channel-opacity is-style-wide\"\/>\n\n\n\n<div class=\"wp-block-buttons is-layout-flex wp-block-buttons-is-layout-flex\">\n<div class=\"wp-block-button\"><a class=\"wp-block-button__link has-background wp-element-button\" href=\"https:\/\/www.gob.mx\/salud\/documentos\/introduccion-al-codigo-100\" style=\"background-color:#064d33\">M\u00e1s informaci\u00f3n<\/a><\/div>\n<\/div>\n","protected":false},"excerpt":{"rendered":"<p>Presentaci\u00f3n acerca de las diferentes acciones que implica codificar el comportamiento suicida.\u00a0 El C\u00f3digo 100 es una un sistema de apoyo a la toma de<\/p>\n","protected":false},"author":5,"featured_media":1817,"comment_status":"closed","ping_status":"closed","sticky":false,"template":"","format":"standard","meta":{"footnotes":"","jetpack_publicize_message":"","jetpack_is_tweetstorm":false,"jetpack_publicize_feature_enabled":true},"categories":[14],"tags":[476,475,21,63,477,478,58,353],"jetpack_publicize_connections":[],"yoast_head":"<!-- This site is optimized with the Yoast SEO plugin v19.4 - https:\/\/yoast.com\/wordpress\/plugins\/seo\/ -->\n<title>Programa Nacional de Prevenci\u00f3n del Suicidio: C\u00f3digo 100\u00a0 -<\/title>\n<meta name=\"robots\" content=\"index, follow, max-snippet:-1, max-image-preview:large, max-video-preview:-1\" \/>\n<link rel=\"canonical\" href=\"https:\/\/lafuente.mx\/?p=1814\" \/>\n<meta property=\"og:locale\" content=\"es_MX\" \/>\n<meta property=\"og:type\" content=\"article\" \/>\n<meta property=\"og:title\" content=\"Programa Nacional de Prevenci\u00f3n del Suicidio: C\u00f3digo 100\u00a0\" \/>\n<meta property=\"og:description\" content=\"Programa Nacional de Prevenci\u00f3n del Suicidio: C\u00f3digo 100\u00a0\" \/>\n<meta property=\"og:url\" content=\"https:\/\/lafuente.mx\/?p=1814\" \/>\n<meta property=\"article:published_time\" content=\"2023-10-27T17:25:25+00:00\" \/>\n<meta property=\"article:modified_time\" content=\"2023-10-27T17:27:34+00:00\" \/>\n<meta property=\"og:image\" content=\"http:\/\/lafuente.mx\/wp-content\/uploads\/2023\/10\/cita-psicologo2-scaled.jpg\" \/>\n\t<meta property=\"og:image:width\" content=\"2560\" \/>\n\t<meta property=\"og:image:height\" content=\"1594\" \/>\n\t<meta property=\"og:image:type\" content=\"image\/jpeg\" \/>\n<meta name=\"author\" content=\"Dar\u00edo Ram\u00edrez\" \/>\n<meta name=\"twitter:card\" content=\"summary_large_image\" \/>\n<meta name=\"twitter:title\" content=\"Programa Nacional de Prevenci\u00f3n del Suicidio: C\u00f3digo 100\u00a0\" \/>\n<meta name=\"twitter:description\" content=\"Programa Nacional de Prevenci\u00f3n del Suicidio: C\u00f3digo 100\u00a0\" \/>\n<meta name=\"twitter:image\" content=\"https:\/\/i0.wp.com\/lafuente.mx\/wp-content\/uploads\/2023\/10\/cita-psicologo2-scaled.jpg?fit=2560%2C1594&ssl=1\" \/>\n<meta name=\"twitter:label1\" content=\"Escrito por\" \/>\n\t<meta name=\"twitter:data1\" content=\"Dar\u00edo Ram\u00edrez\" \/>\n\t<meta name=\"twitter:label2\" content=\"Tiempo de lectura\" \/>\n\t<meta name=\"twitter:data2\" content=\"1 minuto\" \/>\n<script type=\"application\/ld+json\" class=\"yoast-schema-graph\">{\"@context\":\"https:\/\/schema.org\",\"@graph\":[{\"@type\":\"WebSite\",\"@id\":\"https:\/\/lafuente.mx\/#website\",\"url\":\"https:\/\/lafuente.mx\/\",\"name\":\"\",\"description\":\"Informaci\u00f3n confiable sobre salud mental\",\"potentialAction\":[{\"@type\":\"SearchAction\",\"target\":{\"@type\":\"EntryPoint\",\"urlTemplate\":\"https:\/\/lafuente.mx\/?s={search_term_string}\"},\"query-input\":\"required name=search_term_string\"}],\"inLanguage\":\"es-MX\"},{\"@type\":\"WebPage\",\"@id\":\"https:\/\/lafuente.mx\/?p=1814\",\"url\":\"https:\/\/lafuente.mx\/?p=1814\",\"name\":\"Programa Nacional de Prevenci\u00f3n del Suicidio: C\u00f3digo 100\u00a0 -\",\"isPartOf\":{\"@id\":\"https:\/\/lafuente.mx\/#website\"},\"datePublished\":\"2023-10-27T17:25:25+00:00\",\"dateModified\":\"2023-10-27T17:27:34+00:00\",\"author\":{\"@id\":\"https:\/\/lafuente.mx\/#\/schema\/person\/b9cc1ac3941245ec61c80638a92abfb6\"},\"breadcrumb\":{\"@id\":\"https:\/\/lafuente.mx\/?p=1814#breadcrumb\"},\"inLanguage\":\"es-MX\",\"potentialAction\":[{\"@type\":\"ReadAction\",\"target\":[\"https:\/\/lafuente.mx\/?p=1814\"]}]},{\"@type\":\"BreadcrumbList\",\"@id\":\"https:\/\/lafuente.mx\/?p=1814#breadcrumb\",\"itemListElement\":[{\"@type\":\"ListItem\",\"position\":1,\"name\":\"Inicio\",\"item\":\"https:\/\/lafuente.mx\/\"},{\"@type\":\"ListItem\",\"position\":2,\"name\":\"Programa Nacional de Prevenci\u00f3n del Suicidio: C\u00f3digo 100\u00a0\"}]},{\"@type\":\"Person\",\"@id\":\"https:\/\/lafuente.mx\/#\/schema\/person\/b9cc1ac3941245ec61c80638a92abfb6\",\"name\":\"Dar\u00edo Ram\u00edrez\",\"image\":{\"@type\":\"ImageObject\",\"inLanguage\":\"es-MX\",\"@id\":\"https:\/\/lafuente.mx\/#\/schema\/person\/image\/\",\"url\":\"https:\/\/secure.gravatar.com\/avatar\/bd5441528d8085d08a897e5789079259?s=96&d=mm&r=g\",\"contentUrl\":\"https:\/\/secure.gravatar.com\/avatar\/bd5441528d8085d08a897e5789079259?s=96&d=mm&r=g\",\"caption\":\"Dar\u00edo Ram\u00edrez\"},\"url\":\"https:\/\/lafuente.mx\/?author=5\"}]}<\/script>\n<!-- \/ Yoast SEO plugin. -->","yoast_head_json":{"title":"Programa Nacional de Prevenci\u00f3n del Suicidio: C\u00f3digo 100\u00a0 -","robots":{"index":"index","follow":"follow","max-snippet":"max-snippet:-1","max-image-preview":"max-image-preview:large","max-video-preview":"max-video-preview:-1"},"canonical":"https:\/\/lafuente.mx\/?p=1814","og_locale":"es_MX","og_type":"article","og_title":"Programa Nacional de Prevenci\u00f3n del Suicidio: C\u00f3digo 100\u00a0","og_description":"Programa Nacional de Prevenci\u00f3n del Suicidio: C\u00f3digo 100\u00a0","og_url":"https:\/\/lafuente.mx\/?p=1814","article_published_time":"2023-10-27T17:25:25+00:00","article_modified_time":"2023-10-27T17:27:34+00:00","og_image":[{"width":2560,"height":1594,"url":"http:\/\/lafuente.mx\/wp-content\/uploads\/2023\/10\/cita-psicologo2-scaled.jpg","type":"image\/jpeg"}],"author":"Dar\u00edo Ram\u00edrez","twitter_card":"summary_large_image","twitter_title":"Programa Nacional de Prevenci\u00f3n del Suicidio: C\u00f3digo 100\u00a0","twitter_description":"Programa Nacional de Prevenci\u00f3n del Suicidio: C\u00f3digo 100\u00a0","twitter_image":"https:\/\/i0.wp.com\/lafuente.mx\/wp-content\/uploads\/2023\/10\/cita-psicologo2-scaled.jpg?fit=2560%2C1594&ssl=1","twitter_misc":{"Escrito por":"Dar\u00edo Ram\u00edrez","Tiempo de lectura":"1 minuto"},"schema":{"@context":"https:\/\/schema.org","@graph":[{"@type":"WebSite","@id":"https:\/\/lafuente.mx\/#website","url":"https:\/\/lafuente.mx\/","name":"","description":"Informaci\u00f3n confiable sobre salud mental","potentialAction":[{"@type":"SearchAction","target":{"@type":"EntryPoint","urlTemplate":"https:\/\/lafuente.mx\/?s={search_term_string}"},"query-input":"required name=search_term_string"}],"inLanguage":"es-MX"},{"@type":"WebPage","@id":"https:\/\/lafuente.mx\/?p=1814","url":"https:\/\/lafuente.mx\/?p=1814","name":"Programa Nacional de Prevenci\u00f3n del Suicidio: C\u00f3digo 100\u00a0 -","isPartOf":{"@id":"https:\/\/lafuente.mx\/#website"},"datePublished":"2023-10-27T17:25:25+00:00","dateModified":"2023-10-27T17:27:34+00:00","author":{"@id":"https:\/\/lafuente.mx\/#\/schema\/person\/b9cc1ac3941245ec61c80638a92abfb6"},"breadcrumb":{"@id":"https:\/\/lafuente.mx\/?p=1814#breadcrumb"},"inLanguage":"es-MX","potentialAction":[{"@type":"ReadAction","target":["https:\/\/lafuente.mx\/?p=1814"]}]},{"@type":"BreadcrumbList","@id":"https:\/\/lafuente.mx\/?p=1814#breadcrumb","itemListElement":[{"@type":"ListItem","position":1,"name":"Inicio","item":"https:\/\/lafuente.mx\/"},{"@type":"ListItem","position":2,"name":"Programa Nacional de Prevenci\u00f3n del Suicidio: C\u00f3digo 100\u00a0"}]},{"@type":"Person","@id":"https:\/\/lafuente.mx\/#\/schema\/person\/b9cc1ac3941245ec61c80638a92abfb6","name":"Dar\u00edo Ram\u00edrez","image":{"@type":"ImageObject","inLanguage":"es-MX","@id":"https:\/\/lafuente.mx\/#\/schema\/person\/image\/","url":"https:\/\/secure.gravatar.com\/avatar\/bd5441528d8085d08a897e5789079259?s=96&d=mm&r=g","contentUrl":"https:\/\/secure.gravatar.com\/avatar\/bd5441528d8085d08a897e5789079259?s=96&d=mm&r=g","caption":"Dar\u00edo Ram\u00edrez"},"url":"https:\/\/lafuente.mx\/?author=5"}]}},"jetpack_featured_media_url":"https:\/\/i0.wp.com\/lafuente.mx\/wp-content\/uploads\/2023\/10\/cita-psicologo2-scaled.jpg?fit=2560%2C1594&ssl=1","jetpack-related-posts":[{"id":1691,"url":"https:\/\/lafuente.mx\/?p=1691","url_meta":{"origin":1814,"position":0},"title":"Cuadernillo b\u00e1sico para la prevenci\u00f3n del suicidio\u00a0","date":"septiembre 10, 2023","format":false,"excerpt":"El presente cuadernillo tiene como prop\u00f3sito ofrecer conocimientos y habilidades b\u00e1sicos para la prevenci\u00f3n del suicidio en la poblaci\u00f3n general. Si bien es fundamental reconocer que el suicidio, como problema de salud p\u00fablica, requiere la intervenci\u00f3n de profesionales de la salud mental a trav\u00e9s de un enfoque cl\u00ednico-terap\u00e9utico, la participaci\u00f3n\u2026","rel":"","context":"En &quot;Publicaciones&quot;","img":{"alt_text":"","src":"https:\/\/i0.wp.com\/lafuente.mx\/wp-content\/uploads\/2023\/09\/Captura-de-Pantalla-2023-09-08-a-las-14.33.59.png?fit=936%2C1200&ssl=1&resize=350%2C200","width":350,"height":200},"classes":[]},{"id":2518,"url":"https:\/\/lafuente.mx\/?p=2518","url_meta":{"origin":1814,"position":1},"title":"Prevenci\u00f3n de suicidio en poblaci\u00f3n LGBTI+","date":"septiembre 2, 2024","format":false,"excerpt":"CONFERENCIA 10 de cada mes Septiembre 12:00 horas Hablemos de Salud Mental PonentesEmmanuel Sarmiento Hern\u00e1ndezHamid Vega Ram\u00edrez MENTALIZARTE es el proyecto de difusi\u00f3n en temas de salud mental del Instituto Nacional de Psiquiatr\u00eda Ram\u00f3n de la Fuente Mu\u00f1iz (INPRFM). Por Facebook","rel":"","context":"En &quot;Eventos Acad\u00e9micos del INPRFM&quot;","img":{"alt_text":"","src":"https:\/\/i0.wp.com\/lafuente.mx\/wp-content\/uploads\/2024\/09\/WhatsApp-Image-2024-09-02-at-11.48.42-AM.jpeg?fit=1200%2C900&ssl=1&resize=350%2C200","width":350,"height":200},"classes":[]},{"id":2322,"url":"https:\/\/lafuente.mx\/?p=2322","url_meta":{"origin":1814,"position":2},"title":"Factores predictivos de conductas suicidas en estudiantes universitarios de la regi\u00f3n centro-norte de M\u00e9xico\u00a0","date":"mayo 28, 2024","format":false,"excerpt":"Yolanda Ba\u00f1uelos Barrera,1\u00a0Nancy GriseldaP\u00e9rez Briones,2\u00a0Perla Mar\u00edaTrejo Ortiz,3\u00a0Braulio Josu\u00e9Lara Reyes,2\u00a0Elo\u00ednaRuiz S\u00e1nchez,1\u00a0Emiliano JavierArg\u00fcello,4\u00a0\u00a0 1 Facultad de Enfermer\u00eda y Obstetricia, Universidad Ju\u00e1rez del Estado de Durango, Durango, M\u00e9xico.\u00a0 2 Facultad de Enfermer\u00eda \u201cDr. Santiago Vald\u00e9s Galindo\u201d, Universidad Aut\u00f3noma de Coahuila, Saltillo, M\u00e9xico.\u00a0 3 Unidad Acad\u00e9mica de Enfermer\u00eda, Universidad Aut\u00f3noma de Zacate-cas, Zacatecas, M\u00e9xico.\u00a0\u2026","rel":"","context":"En &quot;Revista Salud Mental&quot;","img":{"alt_text":"","src":"https:\/\/i0.wp.com\/lafuente.mx\/wp-content\/uploads\/2024\/05\/composition-depression-mental-disorder-1-scaled.jpg?fit=1200%2C796&ssl=1&resize=350%2C200","width":350,"height":200},"classes":[]},{"id":3234,"url":"https:\/\/lafuente.mx\/?p=3234","url_meta":{"origin":1814,"position":3},"title":"D\u00eda Mundial para la Prevenci\u00f3n del Suicidio","date":"septiembre 10, 2025","format":false,"excerpt":"10 de septiembre El D\u00eda Mundial para la Prevenci\u00f3n del Suicidio, que se celebra cada 10 de septiembre, es una iniciativa global liderada por la Asociaci\u00f3n Internacional para la Prevenci\u00f3n del Suicidio (IASP) con el apoyo de la Organizaci\u00f3n Mundial de la Salud (OMS). Su objetivo es concienciar, reducir el\u2026","rel":"","context":"En &quot;Efem\u00e9rides de Salud Mental&quot;","img":{"alt_text":"red rose near rail, remembering all victims, of suicide on rail, condolence, humble, loving memory, you are not forgotten, outdoor, humble, humble, humble, humble, humble-3663515.jpg","src":"https:\/\/i0.wp.com\/lafuente.mx\/wp-content\/uploads\/2025\/09\/red-rose-near-rail-remembering-all-victims-of-suicide-on-rail-condolence-humble-loving-memory-you-are-not-forgotten-outdoor-humble-humble-humble-humble-humble-3663515.jpg?fit=1200%2C800&ssl=1&resize=350%2C200","width":350,"height":200},"classes":[]},{"id":1708,"url":"https:\/\/lafuente.mx\/?p=1708","url_meta":{"origin":1814,"position":4},"title":"Intervenciones Educativas para la Prevenci\u00f3n del Comportamiento Suicida en Adolescentes en M\u00e9xico\u00a0","date":"septiembre 12, 2023","format":false,"excerpt":"El objetivo general es dise\u00f1ar, implementar y evaluar tres intervenciones para la detecci\u00f3n y atenci\u00f3n de adolescentes de secundaria con riesgo de conducta suicida y consumo de sustancias en cinco estados de M\u00e9xico.\u00a0 Intervenciones educativas\u00a0 Intervenci\u00f3n para Prevenci\u00f3n de Adicciones en J\u00f3venes\u00a0 Patricia Fuentes de Iturbe\u00a0\u00a0 Guardianes\u00a0 Carolina Santill\u00e1n Torres\u2026","rel":"","context":"En &quot;Informaci\u00f3n de inter\u00e9s&quot;","img":{"alt_text":"","src":"https:\/\/i0.wp.com\/lafuente.mx\/wp-content\/uploads\/2023\/09\/abrazo.jpeg?fit=1000%2C1000&ssl=1&resize=350%2C200","width":350,"height":200},"classes":[]},{"id":1445,"url":"https:\/\/lafuente.mx\/?p=1445","url_meta":{"origin":1814,"position":5},"title":"PANGEOS","date":"julio 14, 2023","format":false,"excerpt":"PANGEOSEs una Plataforma de An\u00e1lisis Geoestad\u00edstico en Salud Mental la cual re\u00fane en un solo sitio informaci\u00f3n hist\u00f3rica relacionada con recursos humanos, mortalidad, morbilidad y servicios de salud para personas con trastornos mentales, uso de sustancias y lesiones entre los a\u00f1os 2000 y 2021.\u00a0 ANTECEDENTESEn M\u00e9xico los trastornos mentales, neurol\u00f3gicos,\u2026","rel":"","context":"En &quot;Informaci\u00f3n de inter\u00e9s&quot;","img":{"alt_text":"","src":"https:\/\/i0.wp.com\/lafuente.mx\/wp-content\/uploads\/2023\/07\/senora-negocios-marketing-camisa-rayas-oficina-computadora-apuntando-graficos-tablas-scaled.jpg?fit=1200%2C800&ssl=1&resize=350%2C200","width":350,"height":200},"classes":[]}],"jetpack_sharing_enabled":true,"jetpack_shortlink":"https:\/\/wp.me\/pe9WUx-tg","_links":{"self":[{"href":"https:\/\/lafuente.mx\/index.php?rest_route=\/wp\/v2\/posts\/1814"}],"collection":[{"href":"https:\/\/lafuente.mx\/index.php?rest_route=\/wp\/v2\/posts"}],"about":[{"href":"https:\/\/lafuente.mx\/index.php?rest_route=\/wp\/v2\/types\/post"}],"author":[{"embeddable":true,"href":"https:\/\/lafuente.mx\/index.php?rest_route=\/wp\/v2\/users\/5"}],"replies":[{"embeddable":true,"href":"https:\/\/lafuente.mx\/index.php?rest_route=%2Fwp%2Fv2%2Fcomments&post=1814"}],"version-history":[{"count":5,"href":"https:\/\/lafuente.mx\/index.php?rest_route=\/wp\/v2\/posts\/1814\/revisions"}],"predecessor-version":[{"id":1820,"href":"https:\/\/lafuente.mx\/index.php?rest_route=\/wp\/v2\/posts\/1814\/revisions\/1820"}],"wp:featuredmedia":[{"embeddable":true,"href":"https:\/\/lafuente.mx\/index.php?rest_route=\/wp\/v2\/media\/1817"}],"wp:attachment":[{"href":"https:\/\/lafuente.mx\/index.php?rest_route=%2Fwp%2Fv2%2Fmedia&parent=1814"}],"wp:term":[{"taxonomy":"category","embeddable":true,"href":"https:\/\/lafuente.mx\/index.php?rest_route=%2Fwp%2Fv2%2Fcategories&post=1814"},{"taxonomy":"post_tag","embeddable":true,"href":"https:\/\/lafuente.mx\/index.php?rest_route=%2Fwp%2Fv2%2Ftags&post=1814"}],"curies":[{"name":"wp","href":"https:\/\/api.w.org\/{rel}","templated":true}]}}