{"id":1766,"date":"2023-10-16T14:45:58","date_gmt":"2023-10-16T14:45:58","guid":{"rendered":"https:\/\/lafuente.mx\/?p=1766"},"modified":"2023-10-23T15:35:11","modified_gmt":"2023-10-23T15:35:11","slug":"fundamentos-en-tanatologia-curso-en-linea","status":"publish","type":"post","link":"https:\/\/lafuente.mx\/?p=1766","title":{"rendered":"Fundamentos en tanatolog\u00eda"},"content":{"rendered":"\n<p><strong>Curso en l\u00ednea<\/strong> (CUPO LLENO, siendo las 9:20 h)<\/p>\n\n\n\n<hr class=\"wp-block-separator has-text-color has-vivid-red-color has-alpha-channel-opacity has-vivid-red-background-color has-background is-style-wide\"\/>\n\n\n\n<p class=\"has-text-color has-medium-font-size\" style=\"color:#572b2b\">Los invitamos a estar atentos a la inscripci\u00f3n de nuestros cursos que se abrir\u00e1 una semana previa de su inicio a las 9:00 horas en nuestras redes sociales @INPRFM; es importante mencionarles que tiene cupo limitado, por lo que llega a cubrirse en cuesti\u00f3n de minutos despu\u00e9s de su publicaci\u00f3n, por lo que les recomendamos tener a la mano su t\u00edtulo y\/o c\u00e9dula porque se lo solicitar\u00e1n en el registro.&nbsp;&nbsp;&nbsp;&nbsp;&nbsp;&nbsp;<\/p>\n\n\n\n<figure class=\"wp-block-image size-large\"><img decoding=\"async\" loading=\"lazy\" width=\"640\" height=\"494\" src=\"https:\/\/i0.wp.com\/lafuente.mx\/wp-content\/uploads\/2023\/10\/WhatsApp-Image-2023-10-16-at-9.11.27-AM.jpeg?resize=640%2C494\" alt=\"\" class=\"wp-image-1779\" srcset=\"https:\/\/i0.wp.com\/lafuente.mx\/wp-content\/uploads\/2023\/10\/WhatsApp-Image-2023-10-16-at-9.11.27-AM.jpeg?resize=1024%2C791&amp;ssl=1 1024w, https:\/\/i0.wp.com\/lafuente.mx\/wp-content\/uploads\/2023\/10\/WhatsApp-Image-2023-10-16-at-9.11.27-AM.jpeg?resize=300%2C232&amp;ssl=1 300w, https:\/\/i0.wp.com\/lafuente.mx\/wp-content\/uploads\/2023\/10\/WhatsApp-Image-2023-10-16-at-9.11.27-AM.jpeg?resize=768%2C593&amp;ssl=1 768w, https:\/\/i0.wp.com\/lafuente.mx\/wp-content\/uploads\/2023\/10\/WhatsApp-Image-2023-10-16-at-9.11.27-AM.jpeg?resize=1536%2C1187&amp;ssl=1 1536w, https:\/\/i0.wp.com\/lafuente.mx\/wp-content\/uploads\/2023\/10\/WhatsApp-Image-2023-10-16-at-9.11.27-AM.jpeg?w=1600&amp;ssl=1 1600w, https:\/\/i0.wp.com\/lafuente.mx\/wp-content\/uploads\/2023\/10\/WhatsApp-Image-2023-10-16-at-9.11.27-AM.jpeg?w=1280 1280w\" sizes=\"(max-width: 640px) 100vw, 640px\" data-recalc-dims=\"1\" \/><\/figure>\n\n\n\n<p><strong>Coordinadora:<br><\/strong>Mtra. Martha Patricia Vargas Pineda<\/p>\n\n\n\n<p class=\"has-text-align-center has-large-font-size\">Del 23 de octubre al 3 de noviembre de 2023<\/p>\n\n\n\n<p>Acceso ilimitado 24 horas en Google Classroom + sesiones interactivas en tiempo real.<\/p>\n\n\n\n<p><strong>Dirigido a:<\/strong><br>Profesionales de la salud: medicina, psicolog\u00eda, trabajo social, enfermer\u00eda y profesiones afines<\/p>\n\n\n\n<p><strong>Objetivo general:<\/strong><br>Reflexionar sobre la importancia de la tanatolog\u00eda para los profesionales de la salud a fin de identificar las p\u00e9rdidas y acompa\u00f1ar a los dolientes durante el proceso de duelo<\/p>\n\n\n\n<p><strong>Tem\u00e1tica <\/strong><\/p>\n\n\n\n<p>Introducci\u00f3n a la tanatolog\u00eda<br>Modelos de intervenci\u00f3n<br>Niveles de intervenci\u00f3n<br>Estrategias te\u00f3rico-pr\u00e1cticas<\/p>\n\n\n\n<p>Sin costo, cupo limitado<br>20 h (aval INPRFM)<\/p>\n\n\n\n<div class=\"wp-block-buttons is-layout-flex wp-block-buttons-is-layout-flex\">\n<div class=\"wp-block-button\"><a class=\"wp-block-button__link wp-element-button\" href=\"https:\/\/bit.ly\/45GgbHO\">M\u00e1s informaci\u00f3n <\/a><\/div>\n<\/div>\n","protected":false},"excerpt":{"rendered":"<p>Curso en l\u00ednea (CUPO LLENO, siendo las 9:20 h) Los invitamos a estar atentos a la inscripci\u00f3n de nuestros cursos que se abrir\u00e1 una semana<\/p>\n","protected":false},"author":4,"featured_media":1779,"comment_status":"closed","ping_status":"closed","sticky":false,"template":"","format":"standard","meta":{"footnotes":"[]","jetpack_publicize_message":"","jetpack_is_tweetstorm":false,"jetpack_publicize_feature_enabled":true},"categories":[6],"tags":[467,21,466,32,465],"jetpack_publicize_connections":[],"yoast_head":"<!-- This site is optimized with the Yoast SEO plugin v19.4 - https:\/\/yoast.com\/wordpress\/plugins\/seo\/ -->\n<title>Fundamentos en tanatolog\u00eda -<\/title>\n<meta name=\"description\" content=\"Reflexionar sobre la importancia de la tanatolog\u00eda para los profesionales de la salud a fin de identificar las p\u00e9rdidas y acompa\u00f1ar a los dolientes durante el proceso de duelo\" \/>\n<meta name=\"robots\" content=\"index, follow, max-snippet:-1, max-image-preview:large, max-video-preview:-1\" \/>\n<link rel=\"canonical\" href=\"https:\/\/lafuente.mx\/?p=1766\" \/>\n<meta property=\"og:locale\" content=\"es_MX\" \/>\n<meta property=\"og:type\" content=\"article\" \/>\n<meta property=\"og:title\" content=\"Fundamentos en tanatolog\u00eda\" \/>\n<meta property=\"og:description\" content=\"Reflexionar sobre la importancia de la tanatolog\u00eda para los profesionales de la salud a fin de identificar las p\u00e9rdidas y acompa\u00f1ar a los dolientes durante el proceso de duelo\" \/>\n<meta property=\"og:url\" content=\"https:\/\/lafuente.mx\/?p=1766\" \/>\n<meta property=\"article:published_time\" content=\"2023-10-16T14:45:58+00:00\" \/>\n<meta property=\"article:modified_time\" content=\"2023-10-23T15:35:11+00:00\" \/>\n<meta property=\"og:image\" content=\"http:\/\/lafuente.mx\/wp-content\/uploads\/2023\/10\/WhatsApp-Image-2023-10-16-at-9.11.27-AM.jpeg\" \/>\n\t<meta property=\"og:image:width\" content=\"1600\" \/>\n\t<meta property=\"og:image:height\" content=\"1236\" \/>\n\t<meta property=\"og:image:type\" content=\"image\/jpeg\" \/>\n<meta name=\"author\" content=\"Dulce Mej\u00eda\" \/>\n<meta name=\"twitter:card\" content=\"summary_large_image\" \/>\n<meta name=\"twitter:title\" content=\"Fundamentos en tanatolog\u00eda\" \/>\n<meta name=\"twitter:description\" content=\"Reflexionar sobre la importancia de la tanatolog\u00eda para los profesionales de la salud a fin de identificar las p\u00e9rdidas y acompa\u00f1ar a los dolientes durante el proceso de duelo\" \/>\n<meta name=\"twitter:image\" content=\"https:\/\/i0.wp.com\/lafuente.mx\/wp-content\/uploads\/2023\/10\/WhatsApp-Image-2023-10-16-at-9.11.27-AM.jpeg?fit=1600%2C1236&ssl=1\" \/>\n<meta name=\"twitter:label1\" content=\"Escrito por\" \/>\n\t<meta name=\"twitter:data1\" content=\"Dulce Mej\u00eda\" \/>\n\t<meta name=\"twitter:label2\" content=\"Tiempo de lectura\" \/>\n\t<meta name=\"twitter:data2\" content=\"1 minuto\" \/>\n<script type=\"application\/ld+json\" class=\"yoast-schema-graph\">{\"@context\":\"https:\/\/schema.org\",\"@graph\":[{\"@type\":\"WebSite\",\"@id\":\"https:\/\/lafuente.mx\/#website\",\"url\":\"https:\/\/lafuente.mx\/\",\"name\":\"\",\"description\":\"Informaci\u00f3n confiable sobre salud mental\",\"potentialAction\":[{\"@type\":\"SearchAction\",\"target\":{\"@type\":\"EntryPoint\",\"urlTemplate\":\"https:\/\/lafuente.mx\/?s={search_term_string}\"},\"query-input\":\"required name=search_term_string\"}],\"inLanguage\":\"es-MX\"},{\"@type\":\"WebPage\",\"@id\":\"https:\/\/lafuente.mx\/?p=1766\",\"url\":\"https:\/\/lafuente.mx\/?p=1766\",\"name\":\"Fundamentos en tanatolog\u00eda -\",\"isPartOf\":{\"@id\":\"https:\/\/lafuente.mx\/#website\"},\"datePublished\":\"2023-10-16T14:45:58+00:00\",\"dateModified\":\"2023-10-23T15:35:11+00:00\",\"author\":{\"@id\":\"https:\/\/lafuente.mx\/#\/schema\/person\/3d955fc59bdde69c58c472f876eff3d0\"},\"description\":\"Reflexionar sobre la importancia de la tanatolog\u00eda para los profesionales de la salud a fin de identificar las p\u00e9rdidas y acompa\u00f1ar a los dolientes durante el proceso de duelo\",\"breadcrumb\":{\"@id\":\"https:\/\/lafuente.mx\/?p=1766#breadcrumb\"},\"inLanguage\":\"es-MX\",\"potentialAction\":[{\"@type\":\"ReadAction\",\"target\":[\"https:\/\/lafuente.mx\/?p=1766\"]}]},{\"@type\":\"BreadcrumbList\",\"@id\":\"https:\/\/lafuente.mx\/?p=1766#breadcrumb\",\"itemListElement\":[{\"@type\":\"ListItem\",\"position\":1,\"name\":\"Inicio\",\"item\":\"https:\/\/lafuente.mx\/\"},{\"@type\":\"ListItem\",\"position\":2,\"name\":\"Fundamentos en tanatolog\u00eda\"}]},{\"@type\":\"Person\",\"@id\":\"https:\/\/lafuente.mx\/#\/schema\/person\/3d955fc59bdde69c58c472f876eff3d0\",\"name\":\"Dulce Mej\u00eda\",\"image\":{\"@type\":\"ImageObject\",\"inLanguage\":\"es-MX\",\"@id\":\"https:\/\/lafuente.mx\/#\/schema\/person\/image\/\",\"url\":\"https:\/\/secure.gravatar.com\/avatar\/ac18ba66bc268059d08604edcad3c82b?s=96&d=mm&r=g\",\"contentUrl\":\"https:\/\/secure.gravatar.com\/avatar\/ac18ba66bc268059d08604edcad3c82b?s=96&d=mm&r=g\",\"caption\":\"Dulce Mej\u00eda\"},\"url\":\"https:\/\/lafuente.mx\/?author=4\"}]}<\/script>\n<!-- \/ Yoast SEO plugin. -->","yoast_head_json":{"title":"Fundamentos en tanatolog\u00eda -","description":"Reflexionar sobre la importancia de la tanatolog\u00eda para los profesionales de la salud a fin de identificar las p\u00e9rdidas y acompa\u00f1ar a los dolientes durante el proceso de duelo","robots":{"index":"index","follow":"follow","max-snippet":"max-snippet:-1","max-image-preview":"max-image-preview:large","max-video-preview":"max-video-preview:-1"},"canonical":"https:\/\/lafuente.mx\/?p=1766","og_locale":"es_MX","og_type":"article","og_title":"Fundamentos en tanatolog\u00eda","og_description":"Reflexionar sobre la importancia de la tanatolog\u00eda para los profesionales de la salud a fin de identificar las p\u00e9rdidas y acompa\u00f1ar a los dolientes durante el proceso de duelo","og_url":"https:\/\/lafuente.mx\/?p=1766","article_published_time":"2023-10-16T14:45:58+00:00","article_modified_time":"2023-10-23T15:35:11+00:00","og_image":[{"width":1600,"height":1236,"url":"http:\/\/lafuente.mx\/wp-content\/uploads\/2023\/10\/WhatsApp-Image-2023-10-16-at-9.11.27-AM.jpeg","type":"image\/jpeg"}],"author":"Dulce Mej\u00eda","twitter_card":"summary_large_image","twitter_title":"Fundamentos en tanatolog\u00eda","twitter_description":"Reflexionar sobre la importancia de la tanatolog\u00eda para los profesionales de la salud a fin de identificar las p\u00e9rdidas y acompa\u00f1ar a los dolientes durante el proceso de duelo","twitter_image":"https:\/\/i0.wp.com\/lafuente.mx\/wp-content\/uploads\/2023\/10\/WhatsApp-Image-2023-10-16-at-9.11.27-AM.jpeg?fit=1600%2C1236&ssl=1","twitter_misc":{"Escrito por":"Dulce Mej\u00eda","Tiempo de lectura":"1 minuto"},"schema":{"@context":"https:\/\/schema.org","@graph":[{"@type":"WebSite","@id":"https:\/\/lafuente.mx\/#website","url":"https:\/\/lafuente.mx\/","name":"","description":"Informaci\u00f3n confiable sobre salud mental","potentialAction":[{"@type":"SearchAction","target":{"@type":"EntryPoint","urlTemplate":"https:\/\/lafuente.mx\/?s={search_term_string}"},"query-input":"required name=search_term_string"}],"inLanguage":"es-MX"},{"@type":"WebPage","@id":"https:\/\/lafuente.mx\/?p=1766","url":"https:\/\/lafuente.mx\/?p=1766","name":"Fundamentos en tanatolog\u00eda -","isPartOf":{"@id":"https:\/\/lafuente.mx\/#website"},"datePublished":"2023-10-16T14:45:58+00:00","dateModified":"2023-10-23T15:35:11+00:00","author":{"@id":"https:\/\/lafuente.mx\/#\/schema\/person\/3d955fc59bdde69c58c472f876eff3d0"},"description":"Reflexionar sobre la importancia de la tanatolog\u00eda para los profesionales de la salud a fin de identificar las p\u00e9rdidas y acompa\u00f1ar a los dolientes durante el proceso de duelo","breadcrumb":{"@id":"https:\/\/lafuente.mx\/?p=1766#breadcrumb"},"inLanguage":"es-MX","potentialAction":[{"@type":"ReadAction","target":["https:\/\/lafuente.mx\/?p=1766"]}]},{"@type":"BreadcrumbList","@id":"https:\/\/lafuente.mx\/?p=1766#breadcrumb","itemListElement":[{"@type":"ListItem","position":1,"name":"Inicio","item":"https:\/\/lafuente.mx\/"},{"@type":"ListItem","position":2,"name":"Fundamentos en tanatolog\u00eda"}]},{"@type":"Person","@id":"https:\/\/lafuente.mx\/#\/schema\/person\/3d955fc59bdde69c58c472f876eff3d0","name":"Dulce Mej\u00eda","image":{"@type":"ImageObject","inLanguage":"es-MX","@id":"https:\/\/lafuente.mx\/#\/schema\/person\/image\/","url":"https:\/\/secure.gravatar.com\/avatar\/ac18ba66bc268059d08604edcad3c82b?s=96&d=mm&r=g","contentUrl":"https:\/\/secure.gravatar.com\/avatar\/ac18ba66bc268059d08604edcad3c82b?s=96&d=mm&r=g","caption":"Dulce Mej\u00eda"},"url":"https:\/\/lafuente.mx\/?author=4"}]}},"jetpack_featured_media_url":"https:\/\/i0.wp.com\/lafuente.mx\/wp-content\/uploads\/2023\/10\/WhatsApp-Image-2023-10-16-at-9.11.27-AM.jpeg?fit=1600%2C1236&ssl=1","jetpack-related-posts":[{"id":2301,"url":"https:\/\/lafuente.mx\/?p=2301","url_meta":{"origin":1766,"position":0},"title":"Temas selectos de MEDICINA INTERNA para psiquiatras","date":"mayo 17, 2024","format":false,"excerpt":"Del 27 de mayo al 7 de junio de 2024 Curso en l\u00ednea. CUPO limitado TEM\u00c1TICA: Cardiopat\u00edas S\u00edndrome metab\u00f3lico Distiroidismo Enfermedad cerebrovascular Dirigido a: Personal del \u00e1rea de la salud: especialistas en psiquiatr\u00eda y residentes en formaci\u00f3n Objetivo general Analizar los avances en el diagn\u00f3stico y tratamiento de los problemas\u2026","rel":"","context":"En &quot;Cursos&quot;","img":{"alt_text":"","src":"https:\/\/i0.wp.com\/lafuente.mx\/wp-content\/uploads\/2024\/05\/basculaElectro.png?fit=1200%2C744&ssl=1&resize=350%2C200","width":350,"height":200},"classes":[]},{"id":1515,"url":"https:\/\/lafuente.mx\/?p=1515","url_meta":{"origin":1766,"position":1},"title":"Gen-ambiente y su relevancia en la psiquiatr\u00eda actual\u00a0","date":"julio 26, 2023","format":false,"excerpt":"Imagen INPRFM Cursos en l\u00ednea\u00a0 Del 14 al 25 de agosto de 2023\u00a0\u00a0 Coordinan:\u00a0 Dr. Juan Jorge Palacios Casados\u00a0 Dra. Luc\u00eda M\u00fcnch Anguiano\u00a0 Dirigido a: Profesionales de la salud y personal m\u00e9dico en formaci\u00f3n pertenecientes a las siguientes disciplinas y especialidades: medicina, psiquiatr\u00eda, biolog\u00eda con especialidad en biolog\u00eda molecular y\u2026","rel":"","context":"En &quot;Cursos en l\u00ednea&quot;","img":{"alt_text":"","src":"https:\/\/i0.wp.com\/lafuente.mx\/wp-content\/uploads\/2023\/07\/INPRFM-Celada-2.jpg?fit=1181%2C784&ssl=1&resize=350%2C200","width":350,"height":200},"classes":[]},{"id":1824,"url":"https:\/\/lafuente.mx\/?p=1824","url_meta":{"origin":1766,"position":2},"title":"Curso en l\u00ednea. Fentanilo y otros opioides: Desde el receptor hasta el abordaje cl\u00ednico \u00a0","date":"octubre 27, 2023","format":false,"excerpt":"Del 6 al 17 de noviembre de 2023\u00a0 Coordinan:\u00a0 Dra. Sara Infante Murillo\u00a0 Dra. Natalia Morales Carrasco\u00a0 Acceso ilimitado 24 horas en Google Classroom + sesiones interactivas en tiempo real Inscripci\u00f3n\u00a0 Dirigido a:\u00a0 Personal de salud del \u00e1rea m\u00e9dica, psicolog\u00eda, psiquiatr\u00eda y enfermer\u00eda\u00a0 Objetivo general:\u00a0 Reconocer el contexto social del\u2026","rel":"","context":"En &quot;Cursos&quot;","img":{"alt_text":"","src":"https:\/\/i0.wp.com\/lafuente.mx\/wp-content\/uploads\/2023\/10\/examen-medico-scaled.jpg?fit=1200%2C801&ssl=1&resize=350%2C200","width":350,"height":200},"classes":[]},{"id":1178,"url":"https:\/\/lafuente.mx\/?p=1178","url_meta":{"origin":1766,"position":3},"title":"Farmacolog\u00eda de las sustancias de abuso\u00a0","date":"abril 28, 2023","format":false,"excerpt":"Del 15 al 26 de mayo de 2023\u00a0\u00a0 Coordinadora\u00a0 Dra. Diana P\u00e9rez Molina\u00a0 + sesiones interactivas en streaming\u00a0 Acceso ilimitado 24 horas en Google Classroom\u00a0 Costo\u00a0 Sin costo, cupo limitado\u00a0 20 h (aval INPRFM)\u00a0 Dirigido a\u00a0 Profesionales de medicina y especialistas en psiquiatr\u00eda\u00a0 Objetivo general\u00a0 Revisar la neurobiolog\u00eda de las\u2026","rel":"","context":"En &quot;Cursos&quot;","img":{"alt_text":"","src":"https:\/\/i0.wp.com\/lafuente.mx\/wp-content\/uploads\/2023\/04\/nuevas-drogas-apprevenir.jpeg?fit=960%2C640&ssl=1&resize=350%2C200","width":350,"height":200},"classes":[]},{"id":2068,"url":"https:\/\/lafuente.mx\/?p=2068","url_meta":{"origin":1766,"position":4},"title":"Educaci\u00f3n Continua","date":"febrero 9, 2024","format":false,"excerpt":"Las actividades de Educaci\u00f3n Continua de la Direcci\u00f3n de Ense\u00f1anza son parte de la estrategia integral del Instituto Nacional de Psiquiatr\u00eda Ram\u00f3n de la Fuente Mu\u00f1iz (INPRFM) para mejorar la formaci\u00f3n y profesionalizaci\u00f3n del personal de salud en psiquiatr\u00eda y salud mental. Acceso ilimitado 24 horas en Google Classroom. Sesiones\u2026","rel":"","context":"En &quot;Cursos&quot;","img":{"alt_text":"","src":"https:\/\/i0.wp.com\/lafuente.mx\/wp-content\/uploads\/2024\/02\/ropa-casual-joven-empresaria-independiente-usando-computadora-portatil-que-trabaja-sala-estar-casa-scaled.jpg?fit=1200%2C480&ssl=1&resize=350%2C200","width":350,"height":200},"classes":[]},{"id":3667,"url":"https:\/\/lafuente.mx\/?p=3667","url_meta":{"origin":1766,"position":5},"title":"Relevancia de la respuesta inflamatoria en los trastornos psiqui\u00e1tricos\u00a0\u00a0\u00a0","date":"abril 16, 2026","format":false,"excerpt":"REQUISITOS PARA LA INSCRIPCI\u00d3N A CURSOS DEL PROGRAMA ANUAL DE EDUCACI\u00d3N CONTINUA Curso en l\u00ednea\u00a0\u00a0 Del 27 de abril al 8 de mayo de 2026\u00a0 Cuarta emisi\u00f3n Dr. Lenin Pav\u00f3n Romero\u00a0\u00a0 Coordinador titular\u00a0 Dr. Gilberto P\u00e9rez S\u00e1nchez\u00a0\u00a0 Coordinador adjunto\u00a0 Dirigido a Profesionales en salud mental y especialidades m\u00e9dicas.\u00a0\u00a0 Objetivo general\u2026","rel":"","context":"En &quot;Cursos&quot;","img":{"alt_text":"","src":"https:\/\/i0.wp.com\/lafuente.mx\/wp-content\/uploads\/2026\/04\/imagen-cartel-Rinflamatoria-2026.jpeg?fit=1200%2C668&ssl=1&resize=350%2C200","width":350,"height":200},"classes":[]}],"jetpack_sharing_enabled":true,"jetpack_shortlink":"https:\/\/wp.me\/pe9WUx-su","_links":{"self":[{"href":"https:\/\/lafuente.mx\/index.php?rest_route=\/wp\/v2\/posts\/1766"}],"collection":[{"href":"https:\/\/lafuente.mx\/index.php?rest_route=\/wp\/v2\/posts"}],"about":[{"href":"https:\/\/lafuente.mx\/index.php?rest_route=\/wp\/v2\/types\/post"}],"author":[{"embeddable":true,"href":"https:\/\/lafuente.mx\/index.php?rest_route=\/wp\/v2\/users\/4"}],"replies":[{"embeddable":true,"href":"https:\/\/lafuente.mx\/index.php?rest_route=%2Fwp%2Fv2%2Fcomments&post=1766"}],"version-history":[{"count":6,"href":"https:\/\/lafuente.mx\/index.php?rest_route=\/wp\/v2\/posts\/1766\/revisions"}],"predecessor-version":[{"id":1781,"href":"https:\/\/lafuente.mx\/index.php?rest_route=\/wp\/v2\/posts\/1766\/revisions\/1781"}],"wp:featuredmedia":[{"embeddable":true,"href":"https:\/\/lafuente.mx\/index.php?rest_route=\/wp\/v2\/media\/1779"}],"wp:attachment":[{"href":"https:\/\/lafuente.mx\/index.php?rest_route=%2Fwp%2Fv2%2Fmedia&parent=1766"}],"wp:term":[{"taxonomy":"category","embeddable":true,"href":"https:\/\/lafuente.mx\/index.php?rest_route=%2Fwp%2Fv2%2Fcategories&post=1766"},{"taxonomy":"post_tag","embeddable":true,"href":"https:\/\/lafuente.mx\/index.php?rest_route=%2Fwp%2Fv2%2Ftags&post=1766"}],"curies":[{"name":"wp","href":"https:\/\/api.w.org\/{rel}","templated":true}]}}