{"id":1757,"date":"2023-10-10T14:16:05","date_gmt":"2023-10-10T14:16:05","guid":{"rendered":"https:\/\/lafuente.mx\/?p=1757"},"modified":"2024-04-11T18:24:51","modified_gmt":"2024-04-11T18:24:51","slug":"borrador-automatico-te-de-mente-3","status":"publish","type":"post","link":"https:\/\/lafuente.mx\/?p=1757","title":{"rendered":"T\u00e9 de mente"},"content":{"rendered":"\n<p class=\"has-luminous-vivid-orange-color has-text-color has-medium-font-size\">Acomp\u00e1\u00f1anos a disfrutar de un T\u00e9 de mente con mucho sabor. En nuestro&nbsp;<strong>episodio 4<\/strong><\/p>\n\n\n\n<p class=\"has-luminous-vivid-orange-color has-text-color has-medium-font-size\">T\u00e9 de mente, el podcast donde las neurociencias y la nutrici\u00f3n se mezclan y se fusionan, resultando en una combinaci\u00f3n ganadora.<\/p>\n\n\n<div class=\"wp-block-image\">\n<figure class=\"aligncenter size-full\"><img decoding=\"async\" loading=\"lazy\" width=\"640\" height=\"360\" src=\"https:\/\/i0.wp.com\/lafuente.mx\/wp-content\/uploads\/2023\/10\/Te-Mente.jpeg?resize=640%2C360&#038;ssl=1\" alt=\"\" class=\"wp-image-1758\" srcset=\"https:\/\/i0.wp.com\/lafuente.mx\/wp-content\/uploads\/2023\/10\/Te-Mente.jpeg?w=640&amp;ssl=1 640w, https:\/\/i0.wp.com\/lafuente.mx\/wp-content\/uploads\/2023\/10\/Te-Mente.jpeg?resize=300%2C169&amp;ssl=1 300w\" sizes=\"(max-width: 640px) 100vw, 640px\" data-recalc-dims=\"1\" \/><\/figure><\/div>\n\n\n<hr class=\"wp-block-separator has-text-color has-luminous-vivid-orange-color has-alpha-channel-opacity has-luminous-vivid-orange-background-color has-background\"\/>\n\n\n\n<p><strong>4..- Tipos de Dieta y Salud Mental<\/strong><strong><\/strong><\/p>\n\n\n\n<p>Ac\u00e9rquense su tecito para platicar sobre c\u00f3mo algunos tipos de dieta, como la occidental, mediterr\u00e1nea y la de tipo cafeter\u00eda, influyen en nuestra salud mental, particularmente sobre la ansiedad y la depresi\u00f3n.<\/p>\n\n\n\n<figure class=\"wp-block-audio\"><audio controls src=\"https:\/\/lafuente.mx\/wp-content\/uploads\/2023\/10\/Episodio-4-Tipos-de-dietas-y-salud-mental.mp3\"><\/audio><\/figure>\n","protected":false},"excerpt":{"rendered":"<p>Acomp\u00e1\u00f1anos a disfrutar de un T\u00e9 de mente con mucho sabor. En nuestro&nbsp;episodio 4 T\u00e9 de mente, el podcast donde las neurociencias y la nutrici\u00f3n<\/p>\n","protected":false},"author":3,"featured_media":1758,"comment_status":"closed","ping_status":"closed","sticky":false,"template":"","format":"standard","meta":{"footnotes":"","jetpack_publicize_message":"","jetpack_is_tweetstorm":false,"jetpack_publicize_feature_enabled":true},"categories":[426,627],"tags":[88,34,87,21,463,414,32,443,464],"jetpack_publicize_connections":[],"yoast_head":"<!-- This site is optimized with the Yoast SEO plugin v19.4 - https:\/\/yoast.com\/wordpress\/plugins\/seo\/ -->\n<title>T\u00e9 de mente -<\/title>\n<meta name=\"description\" content=\"Tipos de Dieta y Salud Mental Ac\u00e9rquense su tecito para platicar sobre c\u00f3mo algunos tipos de dieta, como la occidental, mediterr\u00e1nea y la de tipo cafeter\u00eda, influyen en nuestra salud mental, particularmente sobre la ansiedad y la depresi\u00f3n.\" \/>\n<meta name=\"robots\" content=\"index, follow, max-snippet:-1, max-image-preview:large, max-video-preview:-1\" \/>\n<link rel=\"canonical\" href=\"https:\/\/lafuente.mx\/?p=1757\" \/>\n<meta property=\"og:locale\" content=\"es_MX\" \/>\n<meta property=\"og:type\" content=\"article\" \/>\n<meta property=\"og:title\" content=\"T\u00e9 de mente\" \/>\n<meta property=\"og:description\" content=\"Tipos de Dieta y Salud Mental Ac\u00e9rquense su tecito para platicar sobre c\u00f3mo algunos tipos de dieta, como la occidental, mediterr\u00e1nea y la de tipo cafeter\u00eda, influyen en nuestra salud mental, particularmente sobre la ansiedad y la depresi\u00f3n\" \/>\n<meta property=\"og:url\" content=\"https:\/\/lafuente.mx\/?p=1757\" \/>\n<meta property=\"article:published_time\" content=\"2023-10-10T14:16:05+00:00\" \/>\n<meta property=\"article:modified_time\" content=\"2024-04-11T18:24:51+00:00\" \/>\n<meta property=\"og:image\" content=\"http:\/\/lafuente.mx\/wp-content\/uploads\/2023\/10\/Te-Mente.jpeg\" \/>\n\t<meta property=\"og:image:width\" content=\"640\" \/>\n\t<meta property=\"og:image:height\" content=\"360\" \/>\n\t<meta property=\"og:image:type\" content=\"image\/jpeg\" \/>\n<meta name=\"author\" content=\"Claudia Gallardo\" \/>\n<meta name=\"twitter:card\" content=\"summary_large_image\" \/>\n<meta name=\"twitter:title\" content=\"T\u00e9 de mente\" \/>\n<meta name=\"twitter:description\" content=\"Tipos de Dieta y Salud Mental Ac\u00e9rquense su tecito para platicar sobre c\u00f3mo algunos tipos de dieta, como la occidental, mediterr\u00e1nea y la de tipo cafeter\u00eda, influyen en nuestra salud mental, particularmente sobre la ansiedad y la depresi\u00f3n.\" \/>\n<meta name=\"twitter:image\" content=\"https:\/\/i0.wp.com\/lafuente.mx\/wp-content\/uploads\/2023\/10\/Te-Mente.jpeg?fit=640%2C360&ssl=1\" \/>\n<meta name=\"twitter:label1\" content=\"Escrito por\" \/>\n\t<meta name=\"twitter:data1\" content=\"Claudia Gallardo\" \/>\n<script type=\"application\/ld+json\" class=\"yoast-schema-graph\">{\"@context\":\"https:\/\/schema.org\",\"@graph\":[{\"@type\":\"WebSite\",\"@id\":\"https:\/\/lafuente.mx\/#website\",\"url\":\"https:\/\/lafuente.mx\/\",\"name\":\"\",\"description\":\"Informaci\u00f3n confiable sobre salud mental\",\"potentialAction\":[{\"@type\":\"SearchAction\",\"target\":{\"@type\":\"EntryPoint\",\"urlTemplate\":\"https:\/\/lafuente.mx\/?s={search_term_string}\"},\"query-input\":\"required name=search_term_string\"}],\"inLanguage\":\"es-MX\"},{\"@type\":\"WebPage\",\"@id\":\"https:\/\/lafuente.mx\/?p=1757\",\"url\":\"https:\/\/lafuente.mx\/?p=1757\",\"name\":\"T\u00e9 de mente -\",\"isPartOf\":{\"@id\":\"https:\/\/lafuente.mx\/#website\"},\"datePublished\":\"2023-10-10T14:16:05+00:00\",\"dateModified\":\"2024-04-11T18:24:51+00:00\",\"author\":{\"@id\":\"https:\/\/lafuente.mx\/#\/schema\/person\/603f3aa8e2f6f7879021ab722d39d6b0\"},\"description\":\"Tipos de Dieta y Salud Mental Ac\u00e9rquense su tecito para platicar sobre c\u00f3mo algunos tipos de dieta, como la occidental, mediterr\u00e1nea y la de tipo cafeter\u00eda, influyen en nuestra salud mental, particularmente sobre la ansiedad y la depresi\u00f3n.\",\"breadcrumb\":{\"@id\":\"https:\/\/lafuente.mx\/?p=1757#breadcrumb\"},\"inLanguage\":\"es-MX\",\"potentialAction\":[{\"@type\":\"ReadAction\",\"target\":[\"https:\/\/lafuente.mx\/?p=1757\"]}]},{\"@type\":\"BreadcrumbList\",\"@id\":\"https:\/\/lafuente.mx\/?p=1757#breadcrumb\",\"itemListElement\":[{\"@type\":\"ListItem\",\"position\":1,\"name\":\"Inicio\",\"item\":\"https:\/\/lafuente.mx\/\"},{\"@type\":\"ListItem\",\"position\":2,\"name\":\"T\u00e9 de mente\"}]},{\"@type\":\"Person\",\"@id\":\"https:\/\/lafuente.mx\/#\/schema\/person\/603f3aa8e2f6f7879021ab722d39d6b0\",\"name\":\"Claudia Gallardo\",\"image\":{\"@type\":\"ImageObject\",\"inLanguage\":\"es-MX\",\"@id\":\"https:\/\/lafuente.mx\/#\/schema\/person\/image\/\",\"url\":\"https:\/\/secure.gravatar.com\/avatar\/bfe9c966af1ccfb9d17bcdb9d04e8815?s=96&d=mm&r=g\",\"contentUrl\":\"https:\/\/secure.gravatar.com\/avatar\/bfe9c966af1ccfb9d17bcdb9d04e8815?s=96&d=mm&r=g\",\"caption\":\"Claudia Gallardo\"},\"url\":\"https:\/\/lafuente.mx\/?author=3\"}]}<\/script>\n<!-- \/ Yoast SEO plugin. -->","yoast_head_json":{"title":"T\u00e9 de mente -","description":"Tipos de Dieta y Salud Mental Ac\u00e9rquense su tecito para platicar sobre c\u00f3mo algunos tipos de dieta, como la occidental, mediterr\u00e1nea y la de tipo cafeter\u00eda, influyen en nuestra salud mental, particularmente sobre la ansiedad y la depresi\u00f3n.","robots":{"index":"index","follow":"follow","max-snippet":"max-snippet:-1","max-image-preview":"max-image-preview:large","max-video-preview":"max-video-preview:-1"},"canonical":"https:\/\/lafuente.mx\/?p=1757","og_locale":"es_MX","og_type":"article","og_title":"T\u00e9 de mente","og_description":"Tipos de Dieta y Salud Mental Ac\u00e9rquense su tecito para platicar sobre c\u00f3mo algunos tipos de dieta, como la occidental, mediterr\u00e1nea y la de tipo cafeter\u00eda, influyen en nuestra salud mental, particularmente sobre la ansiedad y la depresi\u00f3n","og_url":"https:\/\/lafuente.mx\/?p=1757","article_published_time":"2023-10-10T14:16:05+00:00","article_modified_time":"2024-04-11T18:24:51+00:00","og_image":[{"width":640,"height":360,"url":"http:\/\/lafuente.mx\/wp-content\/uploads\/2023\/10\/Te-Mente.jpeg","type":"image\/jpeg"}],"author":"Claudia Gallardo","twitter_card":"summary_large_image","twitter_title":"T\u00e9 de mente","twitter_description":"Tipos de Dieta y Salud Mental Ac\u00e9rquense su tecito para platicar sobre c\u00f3mo algunos tipos de dieta, como la occidental, mediterr\u00e1nea y la de tipo cafeter\u00eda, influyen en nuestra salud mental, particularmente sobre la ansiedad y la depresi\u00f3n.","twitter_image":"https:\/\/i0.wp.com\/lafuente.mx\/wp-content\/uploads\/2023\/10\/Te-Mente.jpeg?fit=640%2C360&ssl=1","twitter_misc":{"Escrito por":"Claudia Gallardo"},"schema":{"@context":"https:\/\/schema.org","@graph":[{"@type":"WebSite","@id":"https:\/\/lafuente.mx\/#website","url":"https:\/\/lafuente.mx\/","name":"","description":"Informaci\u00f3n confiable sobre salud mental","potentialAction":[{"@type":"SearchAction","target":{"@type":"EntryPoint","urlTemplate":"https:\/\/lafuente.mx\/?s={search_term_string}"},"query-input":"required name=search_term_string"}],"inLanguage":"es-MX"},{"@type":"WebPage","@id":"https:\/\/lafuente.mx\/?p=1757","url":"https:\/\/lafuente.mx\/?p=1757","name":"T\u00e9 de mente -","isPartOf":{"@id":"https:\/\/lafuente.mx\/#website"},"datePublished":"2023-10-10T14:16:05+00:00","dateModified":"2024-04-11T18:24:51+00:00","author":{"@id":"https:\/\/lafuente.mx\/#\/schema\/person\/603f3aa8e2f6f7879021ab722d39d6b0"},"description":"Tipos de Dieta y Salud Mental Ac\u00e9rquense su tecito para platicar sobre c\u00f3mo algunos tipos de dieta, como la occidental, mediterr\u00e1nea y la de tipo cafeter\u00eda, influyen en nuestra salud mental, particularmente sobre la ansiedad y la depresi\u00f3n.","breadcrumb":{"@id":"https:\/\/lafuente.mx\/?p=1757#breadcrumb"},"inLanguage":"es-MX","potentialAction":[{"@type":"ReadAction","target":["https:\/\/lafuente.mx\/?p=1757"]}]},{"@type":"BreadcrumbList","@id":"https:\/\/lafuente.mx\/?p=1757#breadcrumb","itemListElement":[{"@type":"ListItem","position":1,"name":"Inicio","item":"https:\/\/lafuente.mx\/"},{"@type":"ListItem","position":2,"name":"T\u00e9 de mente"}]},{"@type":"Person","@id":"https:\/\/lafuente.mx\/#\/schema\/person\/603f3aa8e2f6f7879021ab722d39d6b0","name":"Claudia Gallardo","image":{"@type":"ImageObject","inLanguage":"es-MX","@id":"https:\/\/lafuente.mx\/#\/schema\/person\/image\/","url":"https:\/\/secure.gravatar.com\/avatar\/bfe9c966af1ccfb9d17bcdb9d04e8815?s=96&d=mm&r=g","contentUrl":"https:\/\/secure.gravatar.com\/avatar\/bfe9c966af1ccfb9d17bcdb9d04e8815?s=96&d=mm&r=g","caption":"Claudia Gallardo"},"url":"https:\/\/lafuente.mx\/?author=3"}]}},"jetpack_featured_media_url":"https:\/\/i0.wp.com\/lafuente.mx\/wp-content\/uploads\/2023\/10\/Te-Mente.jpeg?fit=640%2C360&ssl=1","jetpack-related-posts":[{"id":1729,"url":"https:\/\/lafuente.mx\/?p=1729","url_meta":{"origin":1757,"position":0},"title":"T\u00e9 de mente","date":"septiembre 26, 2023","format":false,"excerpt":"Aompa\u00f1anos a disfrutar de un T\u00e9 de mente con mucho sabor. En nuestro episodio 3 T\u00e9 de mente, el podcast donde las neurociencias y la nutrici\u00f3n se mezclan y se fusionan, resultando en una combinaci\u00f3n ganadora. Acompa\u00f1a a Dannia Islas del Instituto Nacional de Psiquiatr\u00eda y Aurora Avila de la\u2026","rel":"","context":"En &quot;Podcasts&quot;","img":{"alt_text":"","src":"https:\/\/i0.wp.com\/lafuente.mx\/wp-content\/uploads\/2023\/09\/Logo-TE-D-Mente-fondo.jpg?fit=1200%2C1140&ssl=1&resize=350%2C200","width":350,"height":200},"classes":[]},{"id":1705,"url":"https:\/\/lafuente.mx\/?p=1705","url_meta":{"origin":1757,"position":1},"title":"T\u00e9 de mente","date":"septiembre 11, 2023","format":false,"excerpt":"Te de mente, el podcast donde las neurociencias y la nutrici\u00f3n se mezclan y se fusionan, resultando en una combinaci\u00f3n ganadora. Acompa\u00f1a a Dannia Islas del Instituto Nacional de Psiquiatr\u00eda y Aurora Avila de la carrera de nutriolog\u00eda de la UNAM a descubrir c\u00f3mo tu salud mental y tu alimentaci\u00f3n\u2026","rel":"","context":"En &quot;Podcasts&quot;","img":{"alt_text":"","src":"https:\/\/i0.wp.com\/lafuente.mx\/wp-content\/uploads\/2023\/09\/Logo-TE-D-Mente-fondo.jpg?fit=1200%2C1140&ssl=1&resize=350%2C200","width":350,"height":200},"classes":[]},{"id":1806,"url":"https:\/\/lafuente.mx\/?p=1806","url_meta":{"origin":1757,"position":2},"title":"T\u00e9 de mente","date":"octubre 23, 2023","format":false,"excerpt":"Acomp\u00e1\u00f1anos a disfrutar de un T\u00e9 de mente con mucho sabor. En nuestro\u00a0episodio 5 T\u00e9 de mente, el podcast donde las neurociencias y la nutrici\u00f3n se mezclan y se fusionan, resultando en una combinaci\u00f3n ganadora. 5.- Mujeres: Depresi\u00f3n y Alimentaci\u00f3n Ac\u00e9rquense su tecito para platicar sobre algunos factores medioambientales que\u2026","rel":"","context":"En &quot;Podcasts&quot;","img":{"alt_text":"","src":"https:\/\/i0.wp.com\/lafuente.mx\/wp-content\/uploads\/2023\/10\/the.jpeg?fit=800%2C550&ssl=1&resize=350%2C200","width":350,"height":200},"classes":[]},{"id":1644,"url":"https:\/\/lafuente.mx\/?p=1644","url_meta":{"origin":1757,"position":3},"title":"T\u00e9 de mente","date":"septiembre 4, 2023","format":false,"excerpt":"El podcast donde las neurociencias y la nutrici\u00f3n se mezclan y se fusionan, resultando en una combinaci\u00f3n ganadora. Acompa\u00f1a a Dannia Islas del Instituto Nacional de Psiquiatr\u00eda y Aurora Avila de la carrera de nutriolog\u00eda de la UNAM a descubrir c\u00f3mo tu salud mental y tu alimentaci\u00f3n est\u00e1n m\u00e1s conectadas\u2026","rel":"","context":"En &quot;Podcasts&quot;","img":{"alt_text":"","src":"https:\/\/i0.wp.com\/lafuente.mx\/wp-content\/uploads\/2023\/09\/Logo-TE-D-Mente-fondo.jpg?fit=1200%2C1140&ssl=1&resize=350%2C200","width":350,"height":200},"classes":[]},{"id":2117,"url":"https:\/\/lafuente.mx\/?p=2117","url_meta":{"origin":1757,"position":4},"title":"T\u00e9 de mente","date":"marzo 4, 2024","format":false,"excerpt":"Segunda temporada T\u00e9 de Mente regresa con una segunda temporada a mostrar que las neurociencias y la nutrici\u00f3n son una combinaci\u00f3n ganadora. Acomp\u00e1\u00f1anos en este viaje a trav\u00e9s de las etapas en la vida de la mujer, donde descubriremos esos detalles que hacen de la salud mental y la alimentaci\u00f3n,\u2026","rel":"","context":"En &quot;Podcasts&quot;","img":{"alt_text":"girl, child, teenager-5087960.jpg","src":"https:\/\/i0.wp.com\/lafuente.mx\/wp-content\/uploads\/2024\/03\/girl-child-teenager-5087960.jpg?fit=1200%2C800&ssl=1&resize=350%2C200","width":350,"height":200},"classes":[]},{"id":1792,"url":"https:\/\/lafuente.mx\/?p=1792","url_meta":{"origin":1757,"position":5},"title":"Mente y Cultura","date":"octubre 18, 2023","format":false,"excerpt":"Mente y Cultura\u00a0es una revista pluridisciplinaria abierta a la publicaci\u00f3n de manuscritos provenientes de \u00e1reas esenciales de la Psiquiatr\u00eda que, por su naturaleza, no cumplen de manera rigurosa con una metodolog\u00eda cient\u00edfica como aquellos provenientes del campo de las neurociencias y la psiquiatr\u00eda biol\u00f3gica.\u00a0 Existe un vasto campo del saber\u2026","rel":"","context":"En &quot;Publicaciones&quot;","img":{"alt_text":"","src":"https:\/\/i0.wp.com\/lafuente.mx\/wp-content\/uploads\/2023\/10\/MyCjpg.jpg?fit=732%2C482&ssl=1&resize=350%2C200","width":350,"height":200},"classes":[]}],"jetpack_sharing_enabled":true,"jetpack_shortlink":"https:\/\/wp.me\/pe9WUx-sl","_links":{"self":[{"href":"https:\/\/lafuente.mx\/index.php?rest_route=\/wp\/v2\/posts\/1757"}],"collection":[{"href":"https:\/\/lafuente.mx\/index.php?rest_route=\/wp\/v2\/posts"}],"about":[{"href":"https:\/\/lafuente.mx\/index.php?rest_route=\/wp\/v2\/types\/post"}],"author":[{"embeddable":true,"href":"https:\/\/lafuente.mx\/index.php?rest_route=\/wp\/v2\/users\/3"}],"replies":[{"embeddable":true,"href":"https:\/\/lafuente.mx\/index.php?rest_route=%2Fwp%2Fv2%2Fcomments&post=1757"}],"version-history":[{"count":2,"href":"https:\/\/lafuente.mx\/index.php?rest_route=\/wp\/v2\/posts\/1757\/revisions"}],"predecessor-version":[{"id":1763,"href":"https:\/\/lafuente.mx\/index.php?rest_route=\/wp\/v2\/posts\/1757\/revisions\/1763"}],"wp:featuredmedia":[{"embeddable":true,"href":"https:\/\/lafuente.mx\/index.php?rest_route=\/wp\/v2\/media\/1758"}],"wp:attachment":[{"href":"https:\/\/lafuente.mx\/index.php?rest_route=%2Fwp%2Fv2%2Fmedia&parent=1757"}],"wp:term":[{"taxonomy":"category","embeddable":true,"href":"https:\/\/lafuente.mx\/index.php?rest_route=%2Fwp%2Fv2%2Fcategories&post=1757"},{"taxonomy":"post_tag","embeddable":true,"href":"https:\/\/lafuente.mx\/index.php?rest_route=%2Fwp%2Fv2%2Ftags&post=1757"}],"curies":[{"name":"wp","href":"https:\/\/api.w.org\/{rel}","templated":true}]}}