{"id":175,"date":"2022-08-15T18:13:34","date_gmt":"2022-08-15T18:13:34","guid":{"rendered":"https:\/\/lafuente.mx\/?p=175"},"modified":"2022-08-16T16:42:53","modified_gmt":"2022-08-16T16:42:53","slug":"prevencion-del-suicidio-en-el-primer-nivel-de-atencion","status":"publish","type":"post","link":"https:\/\/lafuente.mx\/?p=175","title":{"rendered":"Prevenci\u00f3n del suicidio en el primer nivel de atenci\u00f3n"},"content":{"rendered":"\n<p class=\"has-text-color has-large-font-size\" style=\"color:#042882\">Del 29 de agosto al 9 de septiembre de 2022<\/p>\n\n\n\n<hr class=\"wp-block-separator has-alpha-channel-opacity\"\/>\n\n\n\n<figure class=\"wp-block-image size-large is-resized\"><img decoding=\"async\" loading=\"lazy\" src=\"https:\/\/i0.wp.com\/lafuente.mx\/wp-content\/uploads\/2022\/08\/WhatsApp-Image-2022-08-11-at-10.48.31-AM-1024x576.jpeg?resize=640%2C360&#038;ssl=1\" alt=\"\" class=\"wp-image-219\" width=\"640\" height=\"360\" srcset=\"https:\/\/i0.wp.com\/lafuente.mx\/wp-content\/uploads\/2022\/08\/WhatsApp-Image-2022-08-11-at-10.48.31-AM.jpeg?resize=1024%2C576&amp;ssl=1 1024w, https:\/\/i0.wp.com\/lafuente.mx\/wp-content\/uploads\/2022\/08\/WhatsApp-Image-2022-08-11-at-10.48.31-AM.jpeg?resize=300%2C169&amp;ssl=1 300w, https:\/\/i0.wp.com\/lafuente.mx\/wp-content\/uploads\/2022\/08\/WhatsApp-Image-2022-08-11-at-10.48.31-AM.jpeg?resize=768%2C432&amp;ssl=1 768w, https:\/\/i0.wp.com\/lafuente.mx\/wp-content\/uploads\/2022\/08\/WhatsApp-Image-2022-08-11-at-10.48.31-AM.jpeg?w=1280&amp;ssl=1 1280w\" sizes=\"(max-width: 640px) 100vw, 640px\" data-recalc-dims=\"1\" \/><\/figure>\n\n\n\n<hr class=\"wp-block-separator has-text-color has-alpha-channel-opacity has-background\" style=\"background-color:#031cab;color:#031cab\"\/>\n\n\n\n<p class=\"has-text-color\" style=\"color:#7c7c7c\">Coordinan: <br><strong>Dra. Brisa Gissel Monroy Cort\u00e9s <\/strong><br><strong>Dr. Erick Maya Gonz\u00e1lez<\/strong><\/p>\n\n\n\n<p class=\"has-text-color\" style=\"color:#7c7c7c\"><strong>Dirigido a: <\/strong><br><span style=\"text-decoration: underline;\">Profesionales de la salud: <\/span>medicina, enfermer\u00eda, psicolog\u00eda, trabajo social<br><span style=\"text-decoration: underline;\">Profesionales de la educaci\u00f3n:<\/span> directivos y docentes.<\/p>\n\n\n\n<p class=\"has-text-color\" style=\"color:#7c7c7c\"><strong>Objetivo: <\/strong><br>Distinguir los factores de riesgo y factores protectores asociados al suicidio en poblaci\u00f3n general para aplicar estrategias de intervenci\u00f3n inmediata en la prevenci\u00f3n del suicidio.<\/p>\n\n\n\n<hr class=\"wp-block-separator has-text-color has-alpha-channel-opacity has-background is-style-dots\" style=\"background-color:#0720e3;color:#0720e3\"\/>\n\n\n\n<p class=\"has-text-color has-small-font-size\" style=\"color:#828282\"><strong>Recuerda<\/strong>: las inscripciones ser\u00e1n una semana antes en nuestras redes sociales a partir de las 9:00 a.m.<\/p>\n\n\n\n<div class=\"wp-block-buttons is-layout-flex wp-block-buttons-is-layout-flex\">\n<div class=\"wp-block-button is-style-fill\"><a class=\"wp-block-button__link has-background\" href=\"https:\/\/docs.google.com\/forms\/d\/e\/1FAIpQLSff8cEimM3sdUwFzpuaiFicxxFiB2YVlBIGhrd7MM2q85tZlA\/closedform\" style=\"background-color:#02049c\" target=\"_blank\" rel=\"noreferrer noopener\">M\u00e1s informaci\u00f3n<\/a><\/div>\n<\/div>\n","protected":false},"excerpt":{"rendered":"<p>Del 29 de agosto al 9 de septiembre de 2022 Coordinan: Dra. Brisa Gissel Monroy Cort\u00e9s Dr. Erick Maya Gonz\u00e1lez Dirigido a: Profesionales de la<\/p>\n","protected":false},"author":3,"featured_media":219,"comment_status":"closed","ping_status":"closed","sticky":false,"template":"","format":"standard","meta":{"footnotes":"","jetpack_publicize_message":"","jetpack_is_tweetstorm":false,"jetpack_publicize_feature_enabled":true},"categories":[6],"tags":[],"jetpack_publicize_connections":[],"yoast_head":"<!-- This site is optimized with the Yoast SEO plugin v19.4 - https:\/\/yoast.com\/wordpress\/plugins\/seo\/ -->\n<title>Prevenci\u00f3n del suicidio en el primer nivel de atenci\u00f3n -<\/title>\n<meta name=\"description\" content=\"Plan de seguridad para la prevenci\u00f3n del suicidio en el primer nivel de atenci\u00f3n\" \/>\n<meta name=\"robots\" content=\"index, follow, max-snippet:-1, max-image-preview:large, max-video-preview:-1\" \/>\n<link rel=\"canonical\" href=\"https:\/\/lafuente.mx\/?p=175\" \/>\n<meta property=\"og:locale\" content=\"es_MX\" \/>\n<meta property=\"og:type\" content=\"article\" \/>\n<meta property=\"og:title\" content=\"CURSO\" \/>\n<meta property=\"og:description\" content=\"Prevenci\u00f3n del suicidio en el primer nivel de atenci\u00f3n\" \/>\n<meta property=\"og:url\" content=\"https:\/\/lafuente.mx\/?p=175\" \/>\n<meta property=\"article:published_time\" content=\"2022-08-15T18:13:34+00:00\" \/>\n<meta property=\"article:modified_time\" content=\"2022-08-16T16:42:53+00:00\" \/>\n<meta property=\"og:image\" content=\"http:\/\/lafuente.mx\/wp-content\/uploads\/2022\/08\/WhatsApp-Image-2022-08-11-at-10.48.31-AM.jpeg\" \/>\n\t<meta property=\"og:image:width\" content=\"1280\" \/>\n\t<meta property=\"og:image:height\" content=\"720\" \/>\n\t<meta property=\"og:image:type\" content=\"image\/jpeg\" \/>\n<meta name=\"author\" content=\"Claudia Gallardo\" \/>\n<meta name=\"twitter:card\" content=\"summary_large_image\" \/>\n<meta name=\"twitter:title\" content=\"CURSO\" \/>\n<meta name=\"twitter:description\" content=\"Prevenci\u00f3n del suicidio en el primer nivel de atenci\u00f3n\" \/>\n<meta name=\"twitter:image\" content=\"https:\/\/i0.wp.com\/lafuente.mx\/wp-content\/uploads\/2022\/08\/WhatsApp-Image-2022-08-11-at-10.48.31-AM.jpeg?fit=1280%2C720&ssl=1\" \/>\n<meta name=\"twitter:label1\" content=\"Escrito por\" \/>\n\t<meta name=\"twitter:data1\" content=\"Claudia Gallardo\" \/>\n\t<meta name=\"twitter:label2\" content=\"Tiempo de lectura\" \/>\n\t<meta name=\"twitter:data2\" content=\"1 minuto\" \/>\n<script type=\"application\/ld+json\" class=\"yoast-schema-graph\">{\"@context\":\"https:\/\/schema.org\",\"@graph\":[{\"@type\":\"WebSite\",\"@id\":\"https:\/\/lafuente.mx\/#website\",\"url\":\"https:\/\/lafuente.mx\/\",\"name\":\"\",\"description\":\"Informaci\u00f3n confiable sobre salud mental\",\"potentialAction\":[{\"@type\":\"SearchAction\",\"target\":{\"@type\":\"EntryPoint\",\"urlTemplate\":\"https:\/\/lafuente.mx\/?s={search_term_string}\"},\"query-input\":\"required name=search_term_string\"}],\"inLanguage\":\"es-MX\"},{\"@type\":\"WebPage\",\"@id\":\"https:\/\/lafuente.mx\/?p=175\",\"url\":\"https:\/\/lafuente.mx\/?p=175\",\"name\":\"Prevenci\u00f3n del suicidio en el primer nivel de atenci\u00f3n -\",\"isPartOf\":{\"@id\":\"https:\/\/lafuente.mx\/#website\"},\"datePublished\":\"2022-08-15T18:13:34+00:00\",\"dateModified\":\"2022-08-16T16:42:53+00:00\",\"author\":{\"@id\":\"https:\/\/lafuente.mx\/#\/schema\/person\/603f3aa8e2f6f7879021ab722d39d6b0\"},\"description\":\"Plan de seguridad para la prevenci\u00f3n del suicidio en el primer nivel de atenci\u00f3n\",\"breadcrumb\":{\"@id\":\"https:\/\/lafuente.mx\/?p=175#breadcrumb\"},\"inLanguage\":\"es-MX\",\"potentialAction\":[{\"@type\":\"ReadAction\",\"target\":[\"https:\/\/lafuente.mx\/?p=175\"]}]},{\"@type\":\"BreadcrumbList\",\"@id\":\"https:\/\/lafuente.mx\/?p=175#breadcrumb\",\"itemListElement\":[{\"@type\":\"ListItem\",\"position\":1,\"name\":\"Inicio\",\"item\":\"https:\/\/lafuente.mx\/\"},{\"@type\":\"ListItem\",\"position\":2,\"name\":\"Prevenci\u00f3n del suicidio en el primer nivel de atenci\u00f3n\"}]},{\"@type\":\"Person\",\"@id\":\"https:\/\/lafuente.mx\/#\/schema\/person\/603f3aa8e2f6f7879021ab722d39d6b0\",\"name\":\"Claudia Gallardo\",\"image\":{\"@type\":\"ImageObject\",\"inLanguage\":\"es-MX\",\"@id\":\"https:\/\/lafuente.mx\/#\/schema\/person\/image\/\",\"url\":\"https:\/\/secure.gravatar.com\/avatar\/bfe9c966af1ccfb9d17bcdb9d04e8815?s=96&d=mm&r=g\",\"contentUrl\":\"https:\/\/secure.gravatar.com\/avatar\/bfe9c966af1ccfb9d17bcdb9d04e8815?s=96&d=mm&r=g\",\"caption\":\"Claudia Gallardo\"},\"url\":\"https:\/\/lafuente.mx\/?author=3\"}]}<\/script>\n<!-- \/ Yoast SEO plugin. -->","yoast_head_json":{"title":"Prevenci\u00f3n del suicidio en el primer nivel de atenci\u00f3n -","description":"Plan de seguridad para la prevenci\u00f3n del suicidio en el primer nivel de atenci\u00f3n","robots":{"index":"index","follow":"follow","max-snippet":"max-snippet:-1","max-image-preview":"max-image-preview:large","max-video-preview":"max-video-preview:-1"},"canonical":"https:\/\/lafuente.mx\/?p=175","og_locale":"es_MX","og_type":"article","og_title":"CURSO","og_description":"Prevenci\u00f3n del suicidio en el primer nivel de atenci\u00f3n","og_url":"https:\/\/lafuente.mx\/?p=175","article_published_time":"2022-08-15T18:13:34+00:00","article_modified_time":"2022-08-16T16:42:53+00:00","og_image":[{"width":1280,"height":720,"url":"http:\/\/lafuente.mx\/wp-content\/uploads\/2022\/08\/WhatsApp-Image-2022-08-11-at-10.48.31-AM.jpeg","type":"image\/jpeg"}],"author":"Claudia Gallardo","twitter_card":"summary_large_image","twitter_title":"CURSO","twitter_description":"Prevenci\u00f3n del suicidio en el primer nivel de atenci\u00f3n","twitter_image":"https:\/\/i0.wp.com\/lafuente.mx\/wp-content\/uploads\/2022\/08\/WhatsApp-Image-2022-08-11-at-10.48.31-AM.jpeg?fit=1280%2C720&ssl=1","twitter_misc":{"Escrito por":"Claudia Gallardo","Tiempo de lectura":"1 minuto"},"schema":{"@context":"https:\/\/schema.org","@graph":[{"@type":"WebSite","@id":"https:\/\/lafuente.mx\/#website","url":"https:\/\/lafuente.mx\/","name":"","description":"Informaci\u00f3n confiable sobre salud mental","potentialAction":[{"@type":"SearchAction","target":{"@type":"EntryPoint","urlTemplate":"https:\/\/lafuente.mx\/?s={search_term_string}"},"query-input":"required name=search_term_string"}],"inLanguage":"es-MX"},{"@type":"WebPage","@id":"https:\/\/lafuente.mx\/?p=175","url":"https:\/\/lafuente.mx\/?p=175","name":"Prevenci\u00f3n del suicidio en el primer nivel de atenci\u00f3n -","isPartOf":{"@id":"https:\/\/lafuente.mx\/#website"},"datePublished":"2022-08-15T18:13:34+00:00","dateModified":"2022-08-16T16:42:53+00:00","author":{"@id":"https:\/\/lafuente.mx\/#\/schema\/person\/603f3aa8e2f6f7879021ab722d39d6b0"},"description":"Plan de seguridad para la prevenci\u00f3n del suicidio en el primer nivel de atenci\u00f3n","breadcrumb":{"@id":"https:\/\/lafuente.mx\/?p=175#breadcrumb"},"inLanguage":"es-MX","potentialAction":[{"@type":"ReadAction","target":["https:\/\/lafuente.mx\/?p=175"]}]},{"@type":"BreadcrumbList","@id":"https:\/\/lafuente.mx\/?p=175#breadcrumb","itemListElement":[{"@type":"ListItem","position":1,"name":"Inicio","item":"https:\/\/lafuente.mx\/"},{"@type":"ListItem","position":2,"name":"Prevenci\u00f3n del suicidio en el primer nivel de atenci\u00f3n"}]},{"@type":"Person","@id":"https:\/\/lafuente.mx\/#\/schema\/person\/603f3aa8e2f6f7879021ab722d39d6b0","name":"Claudia Gallardo","image":{"@type":"ImageObject","inLanguage":"es-MX","@id":"https:\/\/lafuente.mx\/#\/schema\/person\/image\/","url":"https:\/\/secure.gravatar.com\/avatar\/bfe9c966af1ccfb9d17bcdb9d04e8815?s=96&d=mm&r=g","contentUrl":"https:\/\/secure.gravatar.com\/avatar\/bfe9c966af1ccfb9d17bcdb9d04e8815?s=96&d=mm&r=g","caption":"Claudia Gallardo"},"url":"https:\/\/lafuente.mx\/?author=3"}]}},"jetpack_featured_media_url":"https:\/\/i0.wp.com\/lafuente.mx\/wp-content\/uploads\/2022\/08\/WhatsApp-Image-2022-08-11-at-10.48.31-AM.jpeg?fit=1280%2C720&ssl=1","jetpack-related-posts":[],"jetpack_sharing_enabled":true,"jetpack_shortlink":"https:\/\/wp.me\/pe9WUx-2P","_links":{"self":[{"href":"https:\/\/lafuente.mx\/index.php?rest_route=\/wp\/v2\/posts\/175"}],"collection":[{"href":"https:\/\/lafuente.mx\/index.php?rest_route=\/wp\/v2\/posts"}],"about":[{"href":"https:\/\/lafuente.mx\/index.php?rest_route=\/wp\/v2\/types\/post"}],"author":[{"embeddable":true,"href":"https:\/\/lafuente.mx\/index.php?rest_route=\/wp\/v2\/users\/3"}],"replies":[{"embeddable":true,"href":"https:\/\/lafuente.mx\/index.php?rest_route=%2Fwp%2Fv2%2Fcomments&post=175"}],"version-history":[{"count":5,"href":"https:\/\/lafuente.mx\/index.php?rest_route=\/wp\/v2\/posts\/175\/revisions"}],"predecessor-version":[{"id":225,"href":"https:\/\/lafuente.mx\/index.php?rest_route=\/wp\/v2\/posts\/175\/revisions\/225"}],"wp:featuredmedia":[{"embeddable":true,"href":"https:\/\/lafuente.mx\/index.php?rest_route=\/wp\/v2\/media\/219"}],"wp:attachment":[{"href":"https:\/\/lafuente.mx\/index.php?rest_route=%2Fwp%2Fv2%2Fmedia&parent=175"}],"wp:term":[{"taxonomy":"category","embeddable":true,"href":"https:\/\/lafuente.mx\/index.php?rest_route=%2Fwp%2Fv2%2Fcategories&post=175"},{"taxonomy":"post_tag","embeddable":true,"href":"https:\/\/lafuente.mx\/index.php?rest_route=%2Fwp%2Fv2%2Ftags&post=175"}],"curies":[{"name":"wp","href":"https:\/\/api.w.org\/{rel}","templated":true}]}}